{"id":90046,"date":"2021-09-25T12:04:08","date_gmt":"2021-09-25T15:04:08","guid":{"rendered":"https:\/\/folhapopular.info\/?p=90046"},"modified":"2021-09-25T12:04:51","modified_gmt":"2021-09-25T15:04:51","slug":"trem-dos-vales-inicia-venda-de-bilhetes-pelo-site","status":"publish","type":"post","link":"https:\/\/folhapopular.info\/index.php\/2021\/09\/25\/trem-dos-vales-inicia-venda-de-bilhetes-pelo-site\/","title":{"rendered":"Trem dos Vales inicia venda de bilhetes pelo site"},"content":{"rendered":"\n<p>A compra de bilhetes para os passeios do Trem dos Vales j\u00e1 pode ser feita pelo site. Esta edi\u00e7\u00e3o ter\u00e1 52 viagens pela Ferrovia do Trigo, entre Mu\u00e7um e Guapor\u00e9, nos meses de novembro, dezembro e janeiro. A venda dos ingressos iniciou-se no m\u00eas de julho somente por ag\u00eancias de turismo. Agora, tamb\u00e9m podem ser comprados pelo www.tremdosvales.com.br. O valor de cada ingresso \u00e9 R$ 139,00.<\/p>\n\n\n\n<p>As viagens saem das esta\u00e7\u00f5es de Mu\u00e7um e Guapor\u00e9, passando pela Ferrovia do Trigo. O trajeto de 46 quil\u00f4metros, que dura cerca de 2h30, apresenta aos turistas 21 t\u00faneis e 17 viadutos, entre eles, o V-13 (considerado o maior da Am\u00e9rica do Sul), em Vespasiano Corr\u00eaa. Tamb\u00e9m os viadutos Pesseguinho e Mula Preta, em Dois Lajeados.<\/p>\n\n\n\n<p>Essa ser\u00e1 a terceira edi\u00e7\u00e3o dos passeios do Trem dos Vales pela Ferrovia do Trigo. O projeto \u00e9 uma iniciativa da Associa\u00e7\u00e3o Brasileira de Preserva\u00e7\u00e3o Ferrovi\u00e1ria (ABPF), em parceria com a Associa\u00e7\u00e3o dos Munic\u00edpios de Turismo da Regi\u00e3o dos Vales (Amturvales), e conta com o apoio e coopera\u00e7\u00e3o da Rumo Log\u00edstica.<\/p>\n\n\n\n<p><strong>TREM DOS VALES<\/strong><\/p>\n\n\n\n<p>Prepare-se para passear de trem.<\/p>\n\n\n\n<p><strong>Datas:<\/strong><\/p>\n\n\n\n<p>Novembro\/2021 &#8211; dias 6, 7, 13, 14, 15, 19, 20, 21, 27 e 28<\/p>\n\n\n\n<p>Dezembro\/2021 &#8211; 4, 5, 11, 12, 17, 18, 19, 22, 26, 28, 29 e 30<\/p>\n\n\n\n<p>Janeiro \/2022 &#8211; 2, 7, 8 e 9<\/p>\n\n\n\n<p><strong>Hor\u00e1rios:<\/strong><\/p>\n\n\n\n<p>Sa\u00edda de Guapor\u00e9: 9h<\/p>\n\n\n\n<p>Sa\u00edda de Mu\u00e7um: 14h<\/p>\n\n\n\n<p><strong>Venda de bilhetes:<\/strong><\/p>\n\n\n\n<p>Os bilhetes podem ser comprados pelo site www.tremdosvales.com.br. Cada bilhete custa R$ 139,00.<\/p>\n","protected":false},"excerpt":{"rendered":"<p>A compra de bilhetes para os passeios do Trem dos Vales j\u00e1 pode ser feita pelo site. Esta edi\u00e7\u00e3o ter\u00e1 52 viagens pela Ferrovia do Trigo, entre Mu\u00e7um e Guapor\u00e9, nos meses de novembro, dezembro e janeiro. A venda dos ingressos iniciou-se no m\u00eas de julho somente por ag\u00eancias de turismo. Agora, tamb\u00e9m podem ser [&hellip;]<\/p>\n","protected":false},"author":8,"featured_media":90047,"comment_status":"open","ping_status":"open","sticky":false,"template":"","format":"standard","meta":{"pmpro_default_level":"","_jetpack_memberships_contains_paid_content":false,"footnotes":""},"categories":[2,3],"tags":[315,6392,4672,7002],"class_list":{"0":"post-90046","1":"post","2":"type-post","3":"status-publish","4":"format-standard","5":"has-post-thumbnail","7":"category-featured","8":"category-geral","9":"tag-regiao","10":"tag-site","11":"tag-trem-dos-vales","12":"tag-venda-de-bilhetes","13":"pmpro-has-access"},"yoast_head":"<!-- This site is optimized with the Yoast SEO plugin v27.5 - https:\/\/yoast.com\/product\/yoast-seo-wordpress\/ -->\n<title>Trem dos Vales inicia venda de bilhetes pelo site - Folha Popular<\/title>\n<meta name=\"robots\" content=\"index, follow, max-snippet:-1, max-image-preview:large, max-video-preview:-1\" \/>\n<link rel=\"canonical\" href=\"https:\/\/folhapopular.info\/index.php\/2021\/09\/25\/trem-dos-vales-inicia-venda-de-bilhetes-pelo-site\/\" \/>\n<meta property=\"og:locale\" content=\"pt_BR\" \/>\n<meta property=\"og:type\" content=\"article\" \/>\n<meta property=\"og:title\" content=\"Trem dos Vales inicia venda de bilhetes pelo site - Folha Popular\" \/>\n<meta property=\"og:description\" content=\"A compra de bilhetes para os passeios do Trem dos Vales j\u00e1 pode ser feita pelo site. Esta edi\u00e7\u00e3o ter\u00e1 52 viagens pela Ferrovia do Trigo, entre Mu\u00e7um e Guapor\u00e9, nos meses de novembro, dezembro e janeiro. A venda dos ingressos iniciou-se no m\u00eas de julho somente por ag\u00eancias de turismo. Agora, tamb\u00e9m podem ser [&hellip;]\" \/>\n<meta property=\"og:url\" content=\"https:\/\/folhapopular.info\/index.php\/2021\/09\/25\/trem-dos-vales-inicia-venda-de-bilhetes-pelo-site\/\" \/>\n<meta property=\"og:site_name\" content=\"Folha Popular\" \/>\n<meta property=\"article:published_time\" content=\"2021-09-25T15:04:08+00:00\" \/>\n<meta property=\"article:modified_time\" content=\"2021-09-25T15:04:51+00:00\" \/>\n<meta property=\"og:image\" content=\"https:\/\/folhapopular.info\/wp-content\/uploads\/2021\/09\/Trem-2019-Plural-Comunicacao-Integrada-e1632582195128.jpg\" \/>\n\t<meta property=\"og:image:width\" content=\"600\" \/>\n\t<meta property=\"og:image:height\" content=\"800\" \/>\n\t<meta property=\"og:image:type\" content=\"image\/jpeg\" \/>\n<meta name=\"author\" content=\"Reda\u00e7\u00e3o Folha Popular\" \/>\n<meta name=\"twitter:card\" content=\"summary_large_image\" \/>\n<meta name=\"twitter:label1\" content=\"Escrito por\" \/>\n\t<meta name=\"twitter:data1\" content=\"Reda\u00e7\u00e3o Folha Popular\" \/>\n\t<meta name=\"twitter:label2\" content=\"Est. tempo de leitura\" \/>\n\t<meta name=\"twitter:data2\" content=\"2 minutos\" \/>\n<script type=\"application\/ld+json\" class=\"yoast-schema-graph\">{\"@context\":\"https:\\\/\\\/schema.org\",\"@graph\":[{\"@type\":\"Article\",\"@id\":\"https:\\\/\\\/folhapopular.info\\\/index.php\\\/2021\\\/09\\\/25\\\/trem-dos-vales-inicia-venda-de-bilhetes-pelo-site\\\/#article\",\"isPartOf\":{\"@id\":\"https:\\\/\\\/folhapopular.info\\\/index.php\\\/2021\\\/09\\\/25\\\/trem-dos-vales-inicia-venda-de-bilhetes-pelo-site\\\/\"},\"author\":{\"name\":\"Reda\u00e7\u00e3o Folha Popular\",\"@id\":\"https:\\\/\\\/folhapopular.info\\\/#\\\/schema\\\/person\\\/2814e8a0df7643585a9ca38bc6eb9d4b\"},\"headline\":\"Trem dos Vales inicia venda de bilhetes pelo site\",\"datePublished\":\"2021-09-25T15:04:08+00:00\",\"dateModified\":\"2021-09-25T15:04:51+00:00\",\"mainEntityOfPage\":{\"@id\":\"https:\\\/\\\/folhapopular.info\\\/index.php\\\/2021\\\/09\\\/25\\\/trem-dos-vales-inicia-venda-de-bilhetes-pelo-site\\\/\"},\"wordCount\":249,\"commentCount\":0,\"image\":{\"@id\":\"https:\\\/\\\/folhapopular.info\\\/index.php\\\/2021\\\/09\\\/25\\\/trem-dos-vales-inicia-venda-de-bilhetes-pelo-site\\\/#primaryimage\"},\"thumbnailUrl\":\"https:\\\/\\\/folhapopular.info\\\/wp-content\\\/uploads\\\/2021\\\/09\\\/Trem-2019-Plural-Comunicacao-Integrada-e1632582195128.jpg\",\"keywords\":[\"Regi\u00e3o\",\"Site\",\"Trem dos Vales\",\"Venda de bilhetes\"],\"articleSection\":[\"Destaques\",\"Geral\"],\"inLanguage\":\"pt-BR\",\"potentialAction\":[{\"@type\":\"CommentAction\",\"name\":\"Comment\",\"target\":[\"https:\\\/\\\/folhapopular.info\\\/index.php\\\/2021\\\/09\\\/25\\\/trem-dos-vales-inicia-venda-de-bilhetes-pelo-site\\\/#respond\"]}]},{\"@type\":\"WebPage\",\"@id\":\"https:\\\/\\\/folhapopular.info\\\/index.php\\\/2021\\\/09\\\/25\\\/trem-dos-vales-inicia-venda-de-bilhetes-pelo-site\\\/\",\"url\":\"https:\\\/\\\/folhapopular.info\\\/index.php\\\/2021\\\/09\\\/25\\\/trem-dos-vales-inicia-venda-de-bilhetes-pelo-site\\\/\",\"name\":\"Trem dos Vales inicia venda de bilhetes pelo site - Folha Popular\",\"isPartOf\":{\"@id\":\"https:\\\/\\\/folhapopular.info\\\/#website\"},\"primaryImageOfPage\":{\"@id\":\"https:\\\/\\\/folhapopular.info\\\/index.php\\\/2021\\\/09\\\/25\\\/trem-dos-vales-inicia-venda-de-bilhetes-pelo-site\\\/#primaryimage\"},\"image\":{\"@id\":\"https:\\\/\\\/folhapopular.info\\\/index.php\\\/2021\\\/09\\\/25\\\/trem-dos-vales-inicia-venda-de-bilhetes-pelo-site\\\/#primaryimage\"},\"thumbnailUrl\":\"https:\\\/\\\/folhapopular.info\\\/wp-content\\\/uploads\\\/2021\\\/09\\\/Trem-2019-Plural-Comunicacao-Integrada-e1632582195128.jpg\",\"datePublished\":\"2021-09-25T15:04:08+00:00\",\"dateModified\":\"2021-09-25T15:04:51+00:00\",\"author\":{\"@id\":\"https:\\\/\\\/folhapopular.info\\\/#\\\/schema\\\/person\\\/2814e8a0df7643585a9ca38bc6eb9d4b\"},\"breadcrumb\":{\"@id\":\"https:\\\/\\\/folhapopular.info\\\/index.php\\\/2021\\\/09\\\/25\\\/trem-dos-vales-inicia-venda-de-bilhetes-pelo-site\\\/#breadcrumb\"},\"inLanguage\":\"pt-BR\",\"potentialAction\":[{\"@type\":\"ReadAction\",\"target\":[\"https:\\\/\\\/folhapopular.info\\\/index.php\\\/2021\\\/09\\\/25\\\/trem-dos-vales-inicia-venda-de-bilhetes-pelo-site\\\/\"]}]},{\"@type\":\"ImageObject\",\"inLanguage\":\"pt-BR\",\"@id\":\"https:\\\/\\\/folhapopular.info\\\/index.php\\\/2021\\\/09\\\/25\\\/trem-dos-vales-inicia-venda-de-bilhetes-pelo-site\\\/#primaryimage\",\"url\":\"https:\\\/\\\/folhapopular.info\\\/wp-content\\\/uploads\\\/2021\\\/09\\\/Trem-2019-Plural-Comunicacao-Integrada-e1632582195128.jpg\",\"contentUrl\":\"https:\\\/\\\/folhapopular.info\\\/wp-content\\\/uploads\\\/2021\\\/09\\\/Trem-2019-Plural-Comunicacao-Integrada-e1632582195128.jpg\",\"width\":600,\"height\":800,\"caption\":\"Passeios pela Ferrovia do Trigo ser\u00e3o nos meses de novembro, dezembro e janeiro \\\/ Cr\u00e9dito: Plural Comunica\u00e7\u00e3o \\\/ Divulga\u00e7\u00e3o\"},{\"@type\":\"BreadcrumbList\",\"@id\":\"https:\\\/\\\/folhapopular.info\\\/index.php\\\/2021\\\/09\\\/25\\\/trem-dos-vales-inicia-venda-de-bilhetes-pelo-site\\\/#breadcrumb\",\"itemListElement\":[{\"@type\":\"ListItem\",\"position\":1,\"name\":\"In\u00edcio\",\"item\":\"https:\\\/\\\/folhapopular.info\\\/\"},{\"@type\":\"ListItem\",\"position\":2,\"name\":\"Trem dos Vales inicia venda de bilhetes pelo site\"}]},{\"@type\":\"WebSite\",\"@id\":\"https:\\\/\\\/folhapopular.info\\\/#website\",\"url\":\"https:\\\/\\\/folhapopular.info\\\/\",\"name\":\"Folha Popular\",\"description\":\"Onde voc\u00ea tem vez e voz\",\"potentialAction\":[{\"@type\":\"SearchAction\",\"target\":{\"@type\":\"EntryPoint\",\"urlTemplate\":\"https:\\\/\\\/folhapopular.info\\\/?s={search_term_string}\"},\"query-input\":{\"@type\":\"PropertyValueSpecification\",\"valueRequired\":true,\"valueName\":\"search_term_string\"}}],\"inLanguage\":\"pt-BR\"},{\"@type\":\"Person\",\"@id\":\"https:\\\/\\\/folhapopular.info\\\/#\\\/schema\\\/person\\\/2814e8a0df7643585a9ca38bc6eb9d4b\",\"name\":\"Reda\u00e7\u00e3o Folha Popular\",\"image\":{\"@type\":\"ImageObject\",\"inLanguage\":\"pt-BR\",\"@id\":\"https:\\\/\\\/folhapopular.info\\\/wp-content\\\/uploads\\\/2026\\\/04\\\/Folha-1.webp\",\"url\":\"https:\\\/\\\/folhapopular.info\\\/wp-content\\\/uploads\\\/2026\\\/04\\\/Folha-1.webp\",\"contentUrl\":\"https:\\\/\\\/folhapopular.info\\\/wp-content\\\/uploads\\\/2026\\\/04\\\/Folha-1.webp\",\"caption\":\"Reda\u00e7\u00e3o Folha Popular\"},\"url\":\"https:\\\/\\\/folhapopular.info\\\/index.php\\\/author\\\/redacao\\\/\"}]}<\/script>\n<!-- \/ Yoast SEO plugin. -->","yoast_head_json":{"title":"Trem dos Vales inicia venda de bilhetes pelo site - Folha Popular","robots":{"index":"index","follow":"follow","max-snippet":"max-snippet:-1","max-image-preview":"max-image-preview:large","max-video-preview":"max-video-preview:-1"},"canonical":"https:\/\/folhapopular.info\/index.php\/2021\/09\/25\/trem-dos-vales-inicia-venda-de-bilhetes-pelo-site\/","og_locale":"pt_BR","og_type":"article","og_title":"Trem dos Vales inicia venda de bilhetes pelo site - Folha Popular","og_description":"A compra de bilhetes para os passeios do Trem dos Vales j\u00e1 pode ser feita pelo site. Esta edi\u00e7\u00e3o ter\u00e1 52 viagens pela Ferrovia do Trigo, entre Mu\u00e7um e Guapor\u00e9, nos meses de novembro, dezembro e janeiro. A venda dos ingressos iniciou-se no m\u00eas de julho somente por ag\u00eancias de turismo. Agora, tamb\u00e9m podem ser [&hellip;]","og_url":"https:\/\/folhapopular.info\/index.php\/2021\/09\/25\/trem-dos-vales-inicia-venda-de-bilhetes-pelo-site\/","og_site_name":"Folha Popular","article_published_time":"2021-09-25T15:04:08+00:00","article_modified_time":"2021-09-25T15:04:51+00:00","og_image":[{"width":600,"height":800,"url":"https:\/\/folhapopular.info\/wp-content\/uploads\/2021\/09\/Trem-2019-Plural-Comunicacao-Integrada-e1632582195128.jpg","type":"image\/jpeg"}],"author":"Reda\u00e7\u00e3o Folha Popular","twitter_card":"summary_large_image","twitter_misc":{"Escrito por":"Reda\u00e7\u00e3o Folha Popular","Est. tempo de leitura":"2 minutos"},"schema":{"@context":"https:\/\/schema.org","@graph":[{"@type":"Article","@id":"https:\/\/folhapopular.info\/index.php\/2021\/09\/25\/trem-dos-vales-inicia-venda-de-bilhetes-pelo-site\/#article","isPartOf":{"@id":"https:\/\/folhapopular.info\/index.php\/2021\/09\/25\/trem-dos-vales-inicia-venda-de-bilhetes-pelo-site\/"},"author":{"name":"Reda\u00e7\u00e3o Folha Popular","@id":"https:\/\/folhapopular.info\/#\/schema\/person\/2814e8a0df7643585a9ca38bc6eb9d4b"},"headline":"Trem dos Vales inicia venda de bilhetes pelo site","datePublished":"2021-09-25T15:04:08+00:00","dateModified":"2021-09-25T15:04:51+00:00","mainEntityOfPage":{"@id":"https:\/\/folhapopular.info\/index.php\/2021\/09\/25\/trem-dos-vales-inicia-venda-de-bilhetes-pelo-site\/"},"wordCount":249,"commentCount":0,"image":{"@id":"https:\/\/folhapopular.info\/index.php\/2021\/09\/25\/trem-dos-vales-inicia-venda-de-bilhetes-pelo-site\/#primaryimage"},"thumbnailUrl":"https:\/\/folhapopular.info\/wp-content\/uploads\/2021\/09\/Trem-2019-Plural-Comunicacao-Integrada-e1632582195128.jpg","keywords":["Regi\u00e3o","Site","Trem dos Vales","Venda de bilhetes"],"articleSection":["Destaques","Geral"],"inLanguage":"pt-BR","potentialAction":[{"@type":"CommentAction","name":"Comment","target":["https:\/\/folhapopular.info\/index.php\/2021\/09\/25\/trem-dos-vales-inicia-venda-de-bilhetes-pelo-site\/#respond"]}]},{"@type":"WebPage","@id":"https:\/\/folhapopular.info\/index.php\/2021\/09\/25\/trem-dos-vales-inicia-venda-de-bilhetes-pelo-site\/","url":"https:\/\/folhapopular.info\/index.php\/2021\/09\/25\/trem-dos-vales-inicia-venda-de-bilhetes-pelo-site\/","name":"Trem dos Vales inicia venda de bilhetes pelo site - Folha Popular","isPartOf":{"@id":"https:\/\/folhapopular.info\/#website"},"primaryImageOfPage":{"@id":"https:\/\/folhapopular.info\/index.php\/2021\/09\/25\/trem-dos-vales-inicia-venda-de-bilhetes-pelo-site\/#primaryimage"},"image":{"@id":"https:\/\/folhapopular.info\/index.php\/2021\/09\/25\/trem-dos-vales-inicia-venda-de-bilhetes-pelo-site\/#primaryimage"},"thumbnailUrl":"https:\/\/folhapopular.info\/wp-content\/uploads\/2021\/09\/Trem-2019-Plural-Comunicacao-Integrada-e1632582195128.jpg","datePublished":"2021-09-25T15:04:08+00:00","dateModified":"2021-09-25T15:04:51+00:00","author":{"@id":"https:\/\/folhapopular.info\/#\/schema\/person\/2814e8a0df7643585a9ca38bc6eb9d4b"},"breadcrumb":{"@id":"https:\/\/folhapopular.info\/index.php\/2021\/09\/25\/trem-dos-vales-inicia-venda-de-bilhetes-pelo-site\/#breadcrumb"},"inLanguage":"pt-BR","potentialAction":[{"@type":"ReadAction","target":["https:\/\/folhapopular.info\/index.php\/2021\/09\/25\/trem-dos-vales-inicia-venda-de-bilhetes-pelo-site\/"]}]},{"@type":"ImageObject","inLanguage":"pt-BR","@id":"https:\/\/folhapopular.info\/index.php\/2021\/09\/25\/trem-dos-vales-inicia-venda-de-bilhetes-pelo-site\/#primaryimage","url":"https:\/\/folhapopular.info\/wp-content\/uploads\/2021\/09\/Trem-2019-Plural-Comunicacao-Integrada-e1632582195128.jpg","contentUrl":"https:\/\/folhapopular.info\/wp-content\/uploads\/2021\/09\/Trem-2019-Plural-Comunicacao-Integrada-e1632582195128.jpg","width":600,"height":800,"caption":"Passeios pela Ferrovia do Trigo ser\u00e3o nos meses de novembro, dezembro e janeiro \/ Cr\u00e9dito: Plural Comunica\u00e7\u00e3o \/ Divulga\u00e7\u00e3o"},{"@type":"BreadcrumbList","@id":"https:\/\/folhapopular.info\/index.php\/2021\/09\/25\/trem-dos-vales-inicia-venda-de-bilhetes-pelo-site\/#breadcrumb","itemListElement":[{"@type":"ListItem","position":1,"name":"In\u00edcio","item":"https:\/\/folhapopular.info\/"},{"@type":"ListItem","position":2,"name":"Trem dos Vales inicia venda de bilhetes pelo site"}]},{"@type":"WebSite","@id":"https:\/\/folhapopular.info\/#website","url":"https:\/\/folhapopular.info\/","name":"Folha Popular","description":"Onde voc\u00ea tem vez e voz","potentialAction":[{"@type":"SearchAction","target":{"@type":"EntryPoint","urlTemplate":"https:\/\/folhapopular.info\/?s={search_term_string}"},"query-input":{"@type":"PropertyValueSpecification","valueRequired":true,"valueName":"search_term_string"}}],"inLanguage":"pt-BR"},{"@type":"Person","@id":"https:\/\/folhapopular.info\/#\/schema\/person\/2814e8a0df7643585a9ca38bc6eb9d4b","name":"Reda\u00e7\u00e3o Folha Popular","image":{"@type":"ImageObject","inLanguage":"pt-BR","@id":"https:\/\/folhapopular.info\/wp-content\/uploads\/2026\/04\/Folha-1.webp","url":"https:\/\/folhapopular.info\/wp-content\/uploads\/2026\/04\/Folha-1.webp","contentUrl":"https:\/\/folhapopular.info\/wp-content\/uploads\/2026\/04\/Folha-1.webp","caption":"Reda\u00e7\u00e3o Folha Popular"},"url":"https:\/\/folhapopular.info\/index.php\/author\/redacao\/"}]}},"jetpack_featured_media_url":"https:\/\/folhapopular.info\/wp-content\/uploads\/2021\/09\/Trem-2019-Plural-Comunicacao-Integrada-e1632582195128.jpg","jetpack_sharing_enabled":true,"amp_enabled":true,"_links":{"self":[{"href":"https:\/\/folhapopular.info\/index.php\/wp-json\/wp\/v2\/posts\/90046","targetHints":{"allow":["GET"]}}],"collection":[{"href":"https:\/\/folhapopular.info\/index.php\/wp-json\/wp\/v2\/posts"}],"about":[{"href":"https:\/\/folhapopular.info\/index.php\/wp-json\/wp\/v2\/types\/post"}],"author":[{"embeddable":true,"href":"https:\/\/folhapopular.info\/index.php\/wp-json\/wp\/v2\/users\/8"}],"replies":[{"embeddable":true,"href":"https:\/\/folhapopular.info\/index.php\/wp-json\/wp\/v2\/comments?post=90046"}],"version-history":[{"count":0,"href":"https:\/\/folhapopular.info\/index.php\/wp-json\/wp\/v2\/posts\/90046\/revisions"}],"wp:featuredmedia":[{"embeddable":true,"href":"https:\/\/folhapopular.info\/index.php\/wp-json\/wp\/v2\/media\/90047"}],"wp:attachment":[{"href":"https:\/\/folhapopular.info\/index.php\/wp-json\/wp\/v2\/media?parent=90046"}],"wp:term":[{"taxonomy":"category","embeddable":true,"href":"https:\/\/folhapopular.info\/index.php\/wp-json\/wp\/v2\/categories?post=90046"},{"taxonomy":"post_tag","embeddable":true,"href":"https:\/\/folhapopular.info\/index.php\/wp-json\/wp\/v2\/tags?post=90046"}],"curies":[{"name":"wp","href":"https:\/\/api.w.org\/{rel}","templated":true}]}}