{"id":90127,"date":"2021-09-27T14:40:46","date_gmt":"2021-09-27T17:40:46","guid":{"rendered":"https:\/\/folhapopular.info\/?p=90127"},"modified":"2021-09-27T14:40:50","modified_gmt":"2021-09-27T17:40:50","slug":"jovens-com-16-anos-podem-se-vacinar-contra-a-covid-19-em-teutonia","status":"publish","type":"post","link":"https:\/\/folhapopular.info\/index.php\/2021\/09\/27\/jovens-com-16-anos-podem-se-vacinar-contra-a-covid-19-em-teutonia\/","title":{"rendered":"Jovens com 16 anos podem se vacinar contra a Covid-19 em Teut\u00f4nia"},"content":{"rendered":"\n<p>A Secretaria de Sa\u00fade informa que a partir desta segunda-feira (27\/9), o munic\u00edpio dar\u00e1 in\u00edcio \u00e0 vacina\u00e7\u00e3o de pessoas com 16 anos ou mais, sem comorbidades, em todos os postos de sa\u00fade, mediante agendamento pr\u00e9vio, com a vacina Pfizer.<\/p>\n\n\n\n<p><strong>Vacina\u00e7\u00e3o aos s\u00e1bados<\/strong><strong><\/strong><\/p>\n\n\n\n<p>Neste s\u00e1bado (2\/9), ser\u00e1 realizada uma a\u00e7\u00e3o de vacina\u00e7\u00e3o nos postos de sa\u00fade, das 8h \u00e0s 11h, sem a necessidade de agendamento pr\u00e9vio, para aplica\u00e7\u00e3o de 1\u00aa e 2\u00aa doses, para pessoas com 17 anos ou mais. As a\u00e7\u00f5es de vacina\u00e7\u00e3o aos s\u00e1bados tamb\u00e9m ocorrer\u00e3o nos dias 16 de outubro, 06 e 20 de novembro.<\/p>\n\n\n\n<p><strong>Dose de refor\u00e7o<\/strong><strong><\/strong><\/p>\n\n\n\n<p>O munic\u00edpio tamb\u00e9m j\u00e1 est\u00e1 aplicando a dose de refor\u00e7o contra a Covid-19, a qual seguir\u00e1 o mesmo cronograma de vacina\u00e7\u00e3o de 1\u00aa e 2\u00aa doses. Portanto, a equipe iniciar\u00e1 a aplica\u00e7\u00e3o nos idosos residentes das Institui\u00e7\u00f5es de longa perman\u00eancia (ILPI), sendo que os profissionais se deslocar\u00e3o at\u00e9 o local para vacina\u00e7\u00e3o.<\/p>\n\n\n\n<p><strong>Postos de Sa\u00fade<\/strong><strong><\/strong><\/p>\n\n\n\n<p>Em caso de d\u00favidas ou necessidade de mais informa\u00e7\u00f5es, entre em contato com o posto de sa\u00fade de seu bairro:<\/p>\n\n\n\n<p>Posto de Sa\u00fade \u2013 Bairro Alesgut<\/p>\n\n\n\n<p>(51) 3762-1109<\/p>\n\n\n\n<p>Posto de Sa\u00fade \u2013 Bairro Boa Vista<\/p>\n\n\n\n<p>(51) 3762-2370<\/p>\n\n\n\n<p>Posto de Sa\u00fade \u2013 Bairro Canabarro<\/p>\n\n\n\n<p>(51) 3762-7800<\/p>\n\n\n\n<p>Posto de Sa\u00fade \u2013 Bairro Languiru<\/p>\n\n\n\n<p>(51) 3762-2573<\/p>\n\n\n\n<p>Posto de Sa\u00fade \u2013 Bairro Teut\u00f4nia<\/p>\n\n\n\n<p>(51) 3762-6031<\/p>\n\n\n\n<p>Posto de Sa\u00fade \u2013 Loteamento 8<\/p>\n\n\n\n<p>(51) 3762-8436<\/p>\n\n\n\n<p>ESF 3 &#8211; Bairro Canabarro<\/p>\n\n\n\n<p>(51) 3762-7806<\/p>\n","protected":false},"excerpt":{"rendered":"<p>A Secretaria de Sa\u00fade informa que a partir desta segunda-feira (27\/9), o munic\u00edpio dar\u00e1 in\u00edcio \u00e0 vacina\u00e7\u00e3o de pessoas com 16 anos ou mais, sem comorbidades, em todos os postos de sa\u00fade, mediante agendamento pr\u00e9vio, com a vacina Pfizer. Vacina\u00e7\u00e3o aos s\u00e1bados Neste s\u00e1bado (2\/9), ser\u00e1 realizada uma a\u00e7\u00e3o de vacina\u00e7\u00e3o nos postos de sa\u00fade, [&hellip;]<\/p>\n","protected":false},"author":8,"featured_media":89043,"comment_status":"open","ping_status":"open","sticky":false,"template":"","format":"standard","meta":{"pmpro_default_level":"","_jetpack_memberships_contains_paid_content":false,"footnotes":""},"categories":[5756,2,3],"tags":[5702,4651,26,87],"class_list":{"0":"post-90127","1":"post","2":"type-post","3":"status-publish","4":"format-standard","5":"has-post-thumbnail","7":"category-coronavirus","8":"category-featured","9":"category-geral","10":"tag-coronavirus","11":"tag-jovens","12":"tag-teutonia","13":"tag-vacinacao","14":"pmpro-has-access"},"yoast_head":"<!-- This site is optimized with the Yoast SEO plugin v27.5 - https:\/\/yoast.com\/product\/yoast-seo-wordpress\/ -->\n<title>Jovens com 16 anos podem se vacinar contra a Covid-19 em Teut\u00f4nia - Folha Popular<\/title>\n<meta name=\"robots\" content=\"index, follow, max-snippet:-1, max-image-preview:large, max-video-preview:-1\" \/>\n<link rel=\"canonical\" href=\"https:\/\/folhapopular.info\/index.php\/2021\/09\/27\/jovens-com-16-anos-podem-se-vacinar-contra-a-covid-19-em-teutonia\/\" \/>\n<meta property=\"og:locale\" content=\"pt_BR\" \/>\n<meta property=\"og:type\" content=\"article\" \/>\n<meta property=\"og:title\" content=\"Jovens com 16 anos podem se vacinar contra a Covid-19 em Teut\u00f4nia - Folha Popular\" \/>\n<meta property=\"og:description\" content=\"A Secretaria de Sa\u00fade informa que a partir desta segunda-feira (27\/9), o munic\u00edpio dar\u00e1 in\u00edcio \u00e0 vacina\u00e7\u00e3o de pessoas com 16 anos ou mais, sem comorbidades, em todos os postos de sa\u00fade, mediante agendamento pr\u00e9vio, com a vacina Pfizer. Vacina\u00e7\u00e3o aos s\u00e1bados Neste s\u00e1bado (2\/9), ser\u00e1 realizada uma a\u00e7\u00e3o de vacina\u00e7\u00e3o nos postos de sa\u00fade, [&hellip;]\" \/>\n<meta property=\"og:url\" content=\"https:\/\/folhapopular.info\/index.php\/2021\/09\/27\/jovens-com-16-anos-podem-se-vacinar-contra-a-covid-19-em-teutonia\/\" \/>\n<meta property=\"og:site_name\" content=\"Folha Popular\" \/>\n<meta property=\"article:published_time\" content=\"2021-09-27T17:40:46+00:00\" \/>\n<meta property=\"article:modified_time\" content=\"2021-09-27T17:40:50+00:00\" \/>\n<meta property=\"og:image\" content=\"https:\/\/folhapopular.info\/wp-content\/uploads\/2021\/09\/2021_09_06_Vacinacao-contra-a-Covid-19-ocorrera-mediante-agendamento-nos-postos-de-saude-2-scaled-e1630951166152.jpg\" \/>\n\t<meta property=\"og:image:width\" content=\"800\" \/>\n\t<meta property=\"og:image:height\" content=\"600\" \/>\n\t<meta property=\"og:image:type\" content=\"image\/jpeg\" \/>\n<meta name=\"author\" content=\"Reda\u00e7\u00e3o Folha Popular\" \/>\n<meta name=\"twitter:card\" content=\"summary_large_image\" \/>\n<meta name=\"twitter:label1\" content=\"Escrito por\" \/>\n\t<meta name=\"twitter:data1\" content=\"Reda\u00e7\u00e3o Folha Popular\" \/>\n\t<meta name=\"twitter:label2\" content=\"Est. tempo de leitura\" \/>\n\t<meta name=\"twitter:data2\" content=\"1 minuto\" \/>\n<script type=\"application\/ld+json\" class=\"yoast-schema-graph\">{\"@context\":\"https:\\\/\\\/schema.org\",\"@graph\":[{\"@type\":\"Article\",\"@id\":\"https:\\\/\\\/folhapopular.info\\\/index.php\\\/2021\\\/09\\\/27\\\/jovens-com-16-anos-podem-se-vacinar-contra-a-covid-19-em-teutonia\\\/#article\",\"isPartOf\":{\"@id\":\"https:\\\/\\\/folhapopular.info\\\/index.php\\\/2021\\\/09\\\/27\\\/jovens-com-16-anos-podem-se-vacinar-contra-a-covid-19-em-teutonia\\\/\"},\"author\":{\"name\":\"Reda\u00e7\u00e3o Folha Popular\",\"@id\":\"https:\\\/\\\/folhapopular.info\\\/#\\\/schema\\\/person\\\/2814e8a0df7643585a9ca38bc6eb9d4b\"},\"headline\":\"Jovens com 16 anos podem se vacinar contra a Covid-19 em Teut\u00f4nia\",\"datePublished\":\"2021-09-27T17:40:46+00:00\",\"dateModified\":\"2021-09-27T17:40:50+00:00\",\"mainEntityOfPage\":{\"@id\":\"https:\\\/\\\/folhapopular.info\\\/index.php\\\/2021\\\/09\\\/27\\\/jovens-com-16-anos-podem-se-vacinar-contra-a-covid-19-em-teutonia\\\/\"},\"wordCount\":256,\"commentCount\":0,\"image\":{\"@id\":\"https:\\\/\\\/folhapopular.info\\\/index.php\\\/2021\\\/09\\\/27\\\/jovens-com-16-anos-podem-se-vacinar-contra-a-covid-19-em-teutonia\\\/#primaryimage\"},\"thumbnailUrl\":\"https:\\\/\\\/folhapopular.info\\\/wp-content\\\/uploads\\\/2021\\\/09\\\/2021_09_06_Vacinacao-contra-a-Covid-19-ocorrera-mediante-agendamento-nos-postos-de-saude-2-scaled-e1630951166152.jpg\",\"keywords\":[\"Coronav\u00edrus\",\"Jovens\",\"Teut\u00f4nia\",\"Vacina\u00e7\u00e3o\"],\"articleSection\":[\"Coronav\u00edrus\",\"Destaques\",\"Geral\"],\"inLanguage\":\"pt-BR\",\"potentialAction\":[{\"@type\":\"CommentAction\",\"name\":\"Comment\",\"target\":[\"https:\\\/\\\/folhapopular.info\\\/index.php\\\/2021\\\/09\\\/27\\\/jovens-com-16-anos-podem-se-vacinar-contra-a-covid-19-em-teutonia\\\/#respond\"]}]},{\"@type\":\"WebPage\",\"@id\":\"https:\\\/\\\/folhapopular.info\\\/index.php\\\/2021\\\/09\\\/27\\\/jovens-com-16-anos-podem-se-vacinar-contra-a-covid-19-em-teutonia\\\/\",\"url\":\"https:\\\/\\\/folhapopular.info\\\/index.php\\\/2021\\\/09\\\/27\\\/jovens-com-16-anos-podem-se-vacinar-contra-a-covid-19-em-teutonia\\\/\",\"name\":\"Jovens com 16 anos podem se vacinar contra a Covid-19 em Teut\u00f4nia - Folha Popular\",\"isPartOf\":{\"@id\":\"https:\\\/\\\/folhapopular.info\\\/#website\"},\"primaryImageOfPage\":{\"@id\":\"https:\\\/\\\/folhapopular.info\\\/index.php\\\/2021\\\/09\\\/27\\\/jovens-com-16-anos-podem-se-vacinar-contra-a-covid-19-em-teutonia\\\/#primaryimage\"},\"image\":{\"@id\":\"https:\\\/\\\/folhapopular.info\\\/index.php\\\/2021\\\/09\\\/27\\\/jovens-com-16-anos-podem-se-vacinar-contra-a-covid-19-em-teutonia\\\/#primaryimage\"},\"thumbnailUrl\":\"https:\\\/\\\/folhapopular.info\\\/wp-content\\\/uploads\\\/2021\\\/09\\\/2021_09_06_Vacinacao-contra-a-Covid-19-ocorrera-mediante-agendamento-nos-postos-de-saude-2-scaled-e1630951166152.jpg\",\"datePublished\":\"2021-09-27T17:40:46+00:00\",\"dateModified\":\"2021-09-27T17:40:50+00:00\",\"author\":{\"@id\":\"https:\\\/\\\/folhapopular.info\\\/#\\\/schema\\\/person\\\/2814e8a0df7643585a9ca38bc6eb9d4b\"},\"breadcrumb\":{\"@id\":\"https:\\\/\\\/folhapopular.info\\\/index.php\\\/2021\\\/09\\\/27\\\/jovens-com-16-anos-podem-se-vacinar-contra-a-covid-19-em-teutonia\\\/#breadcrumb\"},\"inLanguage\":\"pt-BR\",\"potentialAction\":[{\"@type\":\"ReadAction\",\"target\":[\"https:\\\/\\\/folhapopular.info\\\/index.php\\\/2021\\\/09\\\/27\\\/jovens-com-16-anos-podem-se-vacinar-contra-a-covid-19-em-teutonia\\\/\"]}]},{\"@type\":\"ImageObject\",\"inLanguage\":\"pt-BR\",\"@id\":\"https:\\\/\\\/folhapopular.info\\\/index.php\\\/2021\\\/09\\\/27\\\/jovens-com-16-anos-podem-se-vacinar-contra-a-covid-19-em-teutonia\\\/#primaryimage\",\"url\":\"https:\\\/\\\/folhapopular.info\\\/wp-content\\\/uploads\\\/2021\\\/09\\\/2021_09_06_Vacinacao-contra-a-Covid-19-ocorrera-mediante-agendamento-nos-postos-de-saude-2-scaled-e1630951166152.jpg\",\"contentUrl\":\"https:\\\/\\\/folhapopular.info\\\/wp-content\\\/uploads\\\/2021\\\/09\\\/2021_09_06_Vacinacao-contra-a-Covid-19-ocorrera-mediante-agendamento-nos-postos-de-saude-2-scaled-e1630951166152.jpg\",\"width\":800,\"height\":600,\"caption\":\"Cr\u00e9ditos da foto: Divulga\u00e7\u00e3o\"},{\"@type\":\"BreadcrumbList\",\"@id\":\"https:\\\/\\\/folhapopular.info\\\/index.php\\\/2021\\\/09\\\/27\\\/jovens-com-16-anos-podem-se-vacinar-contra-a-covid-19-em-teutonia\\\/#breadcrumb\",\"itemListElement\":[{\"@type\":\"ListItem\",\"position\":1,\"name\":\"In\u00edcio\",\"item\":\"https:\\\/\\\/folhapopular.info\\\/\"},{\"@type\":\"ListItem\",\"position\":2,\"name\":\"Jovens com 16 anos podem se vacinar contra a Covid-19 em Teut\u00f4nia\"}]},{\"@type\":\"WebSite\",\"@id\":\"https:\\\/\\\/folhapopular.info\\\/#website\",\"url\":\"https:\\\/\\\/folhapopular.info\\\/\",\"name\":\"Folha Popular\",\"description\":\"Onde voc\u00ea tem vez e voz\",\"potentialAction\":[{\"@type\":\"SearchAction\",\"target\":{\"@type\":\"EntryPoint\",\"urlTemplate\":\"https:\\\/\\\/folhapopular.info\\\/?s={search_term_string}\"},\"query-input\":{\"@type\":\"PropertyValueSpecification\",\"valueRequired\":true,\"valueName\":\"search_term_string\"}}],\"inLanguage\":\"pt-BR\"},{\"@type\":\"Person\",\"@id\":\"https:\\\/\\\/folhapopular.info\\\/#\\\/schema\\\/person\\\/2814e8a0df7643585a9ca38bc6eb9d4b\",\"name\":\"Reda\u00e7\u00e3o Folha Popular\",\"image\":{\"@type\":\"ImageObject\",\"inLanguage\":\"pt-BR\",\"@id\":\"https:\\\/\\\/folhapopular.info\\\/wp-content\\\/uploads\\\/2026\\\/04\\\/Folha-1.webp\",\"url\":\"https:\\\/\\\/folhapopular.info\\\/wp-content\\\/uploads\\\/2026\\\/04\\\/Folha-1.webp\",\"contentUrl\":\"https:\\\/\\\/folhapopular.info\\\/wp-content\\\/uploads\\\/2026\\\/04\\\/Folha-1.webp\",\"caption\":\"Reda\u00e7\u00e3o Folha Popular\"},\"url\":\"https:\\\/\\\/folhapopular.info\\\/index.php\\\/author\\\/redacao\\\/\"}]}<\/script>\n<!-- \/ Yoast SEO plugin. -->","yoast_head_json":{"title":"Jovens com 16 anos podem se vacinar contra a Covid-19 em Teut\u00f4nia - Folha Popular","robots":{"index":"index","follow":"follow","max-snippet":"max-snippet:-1","max-image-preview":"max-image-preview:large","max-video-preview":"max-video-preview:-1"},"canonical":"https:\/\/folhapopular.info\/index.php\/2021\/09\/27\/jovens-com-16-anos-podem-se-vacinar-contra-a-covid-19-em-teutonia\/","og_locale":"pt_BR","og_type":"article","og_title":"Jovens com 16 anos podem se vacinar contra a Covid-19 em Teut\u00f4nia - Folha Popular","og_description":"A Secretaria de Sa\u00fade informa que a partir desta segunda-feira (27\/9), o munic\u00edpio dar\u00e1 in\u00edcio \u00e0 vacina\u00e7\u00e3o de pessoas com 16 anos ou mais, sem comorbidades, em todos os postos de sa\u00fade, mediante agendamento pr\u00e9vio, com a vacina Pfizer. Vacina\u00e7\u00e3o aos s\u00e1bados Neste s\u00e1bado (2\/9), ser\u00e1 realizada uma a\u00e7\u00e3o de vacina\u00e7\u00e3o nos postos de sa\u00fade, [&hellip;]","og_url":"https:\/\/folhapopular.info\/index.php\/2021\/09\/27\/jovens-com-16-anos-podem-se-vacinar-contra-a-covid-19-em-teutonia\/","og_site_name":"Folha Popular","article_published_time":"2021-09-27T17:40:46+00:00","article_modified_time":"2021-09-27T17:40:50+00:00","og_image":[{"width":800,"height":600,"url":"https:\/\/folhapopular.info\/wp-content\/uploads\/2021\/09\/2021_09_06_Vacinacao-contra-a-Covid-19-ocorrera-mediante-agendamento-nos-postos-de-saude-2-scaled-e1630951166152.jpg","type":"image\/jpeg"}],"author":"Reda\u00e7\u00e3o Folha Popular","twitter_card":"summary_large_image","twitter_misc":{"Escrito por":"Reda\u00e7\u00e3o Folha Popular","Est. tempo de leitura":"1 minuto"},"schema":{"@context":"https:\/\/schema.org","@graph":[{"@type":"Article","@id":"https:\/\/folhapopular.info\/index.php\/2021\/09\/27\/jovens-com-16-anos-podem-se-vacinar-contra-a-covid-19-em-teutonia\/#article","isPartOf":{"@id":"https:\/\/folhapopular.info\/index.php\/2021\/09\/27\/jovens-com-16-anos-podem-se-vacinar-contra-a-covid-19-em-teutonia\/"},"author":{"name":"Reda\u00e7\u00e3o Folha Popular","@id":"https:\/\/folhapopular.info\/#\/schema\/person\/2814e8a0df7643585a9ca38bc6eb9d4b"},"headline":"Jovens com 16 anos podem se vacinar contra a Covid-19 em Teut\u00f4nia","datePublished":"2021-09-27T17:40:46+00:00","dateModified":"2021-09-27T17:40:50+00:00","mainEntityOfPage":{"@id":"https:\/\/folhapopular.info\/index.php\/2021\/09\/27\/jovens-com-16-anos-podem-se-vacinar-contra-a-covid-19-em-teutonia\/"},"wordCount":256,"commentCount":0,"image":{"@id":"https:\/\/folhapopular.info\/index.php\/2021\/09\/27\/jovens-com-16-anos-podem-se-vacinar-contra-a-covid-19-em-teutonia\/#primaryimage"},"thumbnailUrl":"https:\/\/folhapopular.info\/wp-content\/uploads\/2021\/09\/2021_09_06_Vacinacao-contra-a-Covid-19-ocorrera-mediante-agendamento-nos-postos-de-saude-2-scaled-e1630951166152.jpg","keywords":["Coronav\u00edrus","Jovens","Teut\u00f4nia","Vacina\u00e7\u00e3o"],"articleSection":["Coronav\u00edrus","Destaques","Geral"],"inLanguage":"pt-BR","potentialAction":[{"@type":"CommentAction","name":"Comment","target":["https:\/\/folhapopular.info\/index.php\/2021\/09\/27\/jovens-com-16-anos-podem-se-vacinar-contra-a-covid-19-em-teutonia\/#respond"]}]},{"@type":"WebPage","@id":"https:\/\/folhapopular.info\/index.php\/2021\/09\/27\/jovens-com-16-anos-podem-se-vacinar-contra-a-covid-19-em-teutonia\/","url":"https:\/\/folhapopular.info\/index.php\/2021\/09\/27\/jovens-com-16-anos-podem-se-vacinar-contra-a-covid-19-em-teutonia\/","name":"Jovens com 16 anos podem se vacinar contra a Covid-19 em Teut\u00f4nia - Folha Popular","isPartOf":{"@id":"https:\/\/folhapopular.info\/#website"},"primaryImageOfPage":{"@id":"https:\/\/folhapopular.info\/index.php\/2021\/09\/27\/jovens-com-16-anos-podem-se-vacinar-contra-a-covid-19-em-teutonia\/#primaryimage"},"image":{"@id":"https:\/\/folhapopular.info\/index.php\/2021\/09\/27\/jovens-com-16-anos-podem-se-vacinar-contra-a-covid-19-em-teutonia\/#primaryimage"},"thumbnailUrl":"https:\/\/folhapopular.info\/wp-content\/uploads\/2021\/09\/2021_09_06_Vacinacao-contra-a-Covid-19-ocorrera-mediante-agendamento-nos-postos-de-saude-2-scaled-e1630951166152.jpg","datePublished":"2021-09-27T17:40:46+00:00","dateModified":"2021-09-27T17:40:50+00:00","author":{"@id":"https:\/\/folhapopular.info\/#\/schema\/person\/2814e8a0df7643585a9ca38bc6eb9d4b"},"breadcrumb":{"@id":"https:\/\/folhapopular.info\/index.php\/2021\/09\/27\/jovens-com-16-anos-podem-se-vacinar-contra-a-covid-19-em-teutonia\/#breadcrumb"},"inLanguage":"pt-BR","potentialAction":[{"@type":"ReadAction","target":["https:\/\/folhapopular.info\/index.php\/2021\/09\/27\/jovens-com-16-anos-podem-se-vacinar-contra-a-covid-19-em-teutonia\/"]}]},{"@type":"ImageObject","inLanguage":"pt-BR","@id":"https:\/\/folhapopular.info\/index.php\/2021\/09\/27\/jovens-com-16-anos-podem-se-vacinar-contra-a-covid-19-em-teutonia\/#primaryimage","url":"https:\/\/folhapopular.info\/wp-content\/uploads\/2021\/09\/2021_09_06_Vacinacao-contra-a-Covid-19-ocorrera-mediante-agendamento-nos-postos-de-saude-2-scaled-e1630951166152.jpg","contentUrl":"https:\/\/folhapopular.info\/wp-content\/uploads\/2021\/09\/2021_09_06_Vacinacao-contra-a-Covid-19-ocorrera-mediante-agendamento-nos-postos-de-saude-2-scaled-e1630951166152.jpg","width":800,"height":600,"caption":"Cr\u00e9ditos da foto: Divulga\u00e7\u00e3o"},{"@type":"BreadcrumbList","@id":"https:\/\/folhapopular.info\/index.php\/2021\/09\/27\/jovens-com-16-anos-podem-se-vacinar-contra-a-covid-19-em-teutonia\/#breadcrumb","itemListElement":[{"@type":"ListItem","position":1,"name":"In\u00edcio","item":"https:\/\/folhapopular.info\/"},{"@type":"ListItem","position":2,"name":"Jovens com 16 anos podem se vacinar contra a Covid-19 em Teut\u00f4nia"}]},{"@type":"WebSite","@id":"https:\/\/folhapopular.info\/#website","url":"https:\/\/folhapopular.info\/","name":"Folha Popular","description":"Onde voc\u00ea tem vez e voz","potentialAction":[{"@type":"SearchAction","target":{"@type":"EntryPoint","urlTemplate":"https:\/\/folhapopular.info\/?s={search_term_string}"},"query-input":{"@type":"PropertyValueSpecification","valueRequired":true,"valueName":"search_term_string"}}],"inLanguage":"pt-BR"},{"@type":"Person","@id":"https:\/\/folhapopular.info\/#\/schema\/person\/2814e8a0df7643585a9ca38bc6eb9d4b","name":"Reda\u00e7\u00e3o Folha Popular","image":{"@type":"ImageObject","inLanguage":"pt-BR","@id":"https:\/\/folhapopular.info\/wp-content\/uploads\/2026\/04\/Folha-1.webp","url":"https:\/\/folhapopular.info\/wp-content\/uploads\/2026\/04\/Folha-1.webp","contentUrl":"https:\/\/folhapopular.info\/wp-content\/uploads\/2026\/04\/Folha-1.webp","caption":"Reda\u00e7\u00e3o Folha Popular"},"url":"https:\/\/folhapopular.info\/index.php\/author\/redacao\/"}]}},"jetpack_featured_media_url":"https:\/\/folhapopular.info\/wp-content\/uploads\/2021\/09\/2021_09_06_Vacinacao-contra-a-Covid-19-ocorrera-mediante-agendamento-nos-postos-de-saude-2-scaled-e1630951166152.jpg","jetpack_sharing_enabled":true,"amp_enabled":true,"_links":{"self":[{"href":"https:\/\/folhapopular.info\/index.php\/wp-json\/wp\/v2\/posts\/90127","targetHints":{"allow":["GET"]}}],"collection":[{"href":"https:\/\/folhapopular.info\/index.php\/wp-json\/wp\/v2\/posts"}],"about":[{"href":"https:\/\/folhapopular.info\/index.php\/wp-json\/wp\/v2\/types\/post"}],"author":[{"embeddable":true,"href":"https:\/\/folhapopular.info\/index.php\/wp-json\/wp\/v2\/users\/8"}],"replies":[{"embeddable":true,"href":"https:\/\/folhapopular.info\/index.php\/wp-json\/wp\/v2\/comments?post=90127"}],"version-history":[{"count":0,"href":"https:\/\/folhapopular.info\/index.php\/wp-json\/wp\/v2\/posts\/90127\/revisions"}],"wp:featuredmedia":[{"embeddable":true,"href":"https:\/\/folhapopular.info\/index.php\/wp-json\/wp\/v2\/media\/89043"}],"wp:attachment":[{"href":"https:\/\/folhapopular.info\/index.php\/wp-json\/wp\/v2\/media?parent=90127"}],"wp:term":[{"taxonomy":"category","embeddable":true,"href":"https:\/\/folhapopular.info\/index.php\/wp-json\/wp\/v2\/categories?post=90127"},{"taxonomy":"post_tag","embeddable":true,"href":"https:\/\/folhapopular.info\/index.php\/wp-json\/wp\/v2\/tags?post=90127"}],"curies":[{"name":"wp","href":"https:\/\/api.w.org\/{rel}","templated":true}]}}