{"id":90238,"date":"2021-09-29T09:26:59","date_gmt":"2021-09-29T12:26:59","guid":{"rendered":"https:\/\/folhapopular.info\/?p=90238"},"modified":"2021-09-29T09:30:30","modified_gmt":"2021-09-29T12:30:30","slug":"expectativa-e-realizar-a-maior-estrela-multifeira-da-historia","status":"publish","type":"post","link":"https:\/\/folhapopular.info\/index.php\/2021\/09\/29\/expectativa-e-realizar-a-maior-estrela-multifeira-da-historia\/","title":{"rendered":"Expectativa \u00e9 realizar a maior Estrela Multifeira da hist\u00f3ria"},"content":{"rendered":"\n<p>A maior Estrela Multifeira da hist\u00f3ria. Essa \u00e9 a expectativa dos organizadores para a 7\u00aa edi\u00e7\u00e3o. Com o maior n\u00famero de confirma\u00e7\u00f5es, a ambi\u00e7\u00e3o p\u00f4de ser confirmada j\u00e1 no seu lan\u00e7amento, realizado nesta segunda-feira (27), no Porto de Estrela. O local vai receber a programa\u00e7\u00e3o nos dias 29, 30 e 31 de outubro e 5, 6 e 7 de novembro. Ser\u00e1 o primeiro grande evento com p\u00fablico na regi\u00e3o, um marco na retomada econ\u00f4mica.<\/p>\n\n\n\n<p>Com proje\u00e7\u00e3o hist\u00f3rica, a organiza\u00e7\u00e3o espera receber um p\u00fablico de 50 mil pessoas nos seis dias de evento. Conforme o presidente da Multifeira, Leandro Kremer, os indicativos de grandeza s\u00e3o muitos. \u201cEssa edi\u00e7\u00e3o \u00e9 sin\u00f4nimo de retomada de conv\u00edvio social e retomada econ\u00f4mica. Trabalhamos forte para trazer inova\u00e7\u00f5es. Ampliamos em 40% o n\u00famero de estandes e hoje, a 30 dias do evento, podemos dizer que todos os espa\u00e7os est\u00e3o comercializados ou em fase final de comercializa\u00e7\u00e3o. \u00c9 sinal de que, realmente, a nossa expectativa de ser a maior de todas ser\u00e1 atendida\u201d, comemora o gestor.<\/p>\n\n\n\n<p>A presidente da C\u00e2mara de Com\u00e9rcio, Ind\u00fastria e Servi\u00e7os de Estrela (Cacis), Andreia Zwirtes, destaca o empenho, coragem e f\u00e9 das equipes organizadoras em pensar na realiza\u00e7\u00e3o do evento mesmo durante as restri\u00e7\u00f5es impostas pela pandemia. Segundo ela, foram meses de muito trabalho, de muita indecis\u00e3o e de muita expectativa. \u201cFoi desafiador. Quando a gente acompanhava v\u00e1rios eventos em nossa volta sendo cancelados, n\u00f3s sempre fic\u00e1vamos \u2018ser\u00e1 que o nosso vai sair?\u2019. Jamais desistimos, muito pelo contr\u00e1rio. Fomos trabalhando, deixando ela pronta. A partir da libera\u00e7\u00e3o da Expointer, o nosso evento foi autorizado\u201d, destaca.<\/p>\n\n\n\n<p>Para Estrela, a 7\u00aa Multifeira ser\u00e1 a grande atividade no espa\u00e7o portu\u00e1rio ap\u00f3s a municipaliza\u00e7\u00e3o. \u201cHoje este espa\u00e7o \u00e9 nosso, \u00e9 da comunidade, porque houve coragem, houve determina\u00e7\u00e3o\u201d, celebrou o prefeito Elmar Schneider, enfatizando a import\u00e2ncia do ex-prefeito Carlos Rafael Mallmann, um dos respons\u00e1veis por alcan\u00e7ar a autogest\u00e3o do Porto.<\/p>\n\n\n\n<p>O evento de lan\u00e7amento contou com pronunciamento de autoridades, an\u00fancio da programa\u00e7\u00e3o e apresenta\u00e7\u00f5es art\u00edsticas e culturais. Promovida pela Cacis, com patroc\u00ednio <em>premium<\/em> do Governo de Estrela e C\u00e2mara de Vereadores, o evento ter\u00e1 como slogan: \u201cAgro, Neg\u00f3cios e toda Cultura do Vale para Voc\u00ea\u201d.<\/p>\n\n\n\n<p>Entre as novidades est\u00e3o o sal\u00e3o da inova\u00e7\u00e3o e o sal\u00e3o do turismo. O setor agro deve ser, mais uma vez, destaque, inclusive com o 1\u00ba concurso leiteiro. Nas atra\u00e7\u00f5es art\u00edsticas, destaque para Os Serranos, Guilherme Mecca, Armandinho &amp; Banda e Os Atuais. O ingresso custar\u00e1 R$ 10.<\/p>\n\n\n\n<p><strong>Atra\u00e7\u00f5es culturais<\/strong><\/p>\n\n\n\n<p><strong>SEXTA-FEIRA \u2013 29\/10<\/strong><br>10h Abertura Oficial<br>13h30 Escolas do Munic\u00edpio \u2013 Atra\u00e7\u00f5es Recreativas \/ Culturais<br>15h Escolas do Munic\u00edpio \u2013 Atra\u00e7\u00f5es Recreativas \/ Culturais<br>19h30 Orquestra do Col\u00e9gio Martin Luther<br>20h30 Vitor Delazeri<br>21h Orquestra de Candel\u00e1ria<\/p>\n\n\n\n<p><strong>S\u00c1BADO \u2013 30\/10<\/strong><br>15h Show de C\u00e3es \u2013 C\u00e3o C4<br>17h Espet\u00e1culo Cirkou Trupe<br>18h Companhia Aprendiz<br>19h30 Festival Kids<br>21h Ramalhos<br>22h Rebobinados<\/p>\n\n\n\n<p><strong>DOMINGO \u2013 31\/10<\/strong><br>11h Ant\u00f4nio Gringo<br>14h Diego Rodrigues e Grupo<br>15h Clary Costa &amp; Trio<br>16h Guri de Uruguaina<br>17h Apresenta\u00e7\u00e3o Art\u00edstica do CTG Ra\u00e7a Gaud\u00e9ria<br>18h Os Serranos<\/p>\n\n\n\n<p><strong>SEXTA-FEIRA \u2013 5\/11<\/strong><br>14h30 Baile da Melhor Idade \u2013 Wilceu Pause<br>17h Apple<br>18h Gas or Grass<br>19h Dona Matilde<br>20h Liverpool<br>21h Link<br>22h Guilherme Mecca<\/p>\n\n\n\n<p><strong>S\u00c1BADO \u2013 6\/11<\/strong><br>13h Grupos Folcl\u00f3ricos de Estrela<br>14h Espet\u00e1culo Nossa Voz \u2013 Escola Notom<br>15h Espet\u00e1culo de c\u00e3es com Rudinho Bombassaro e seu quarteto fant\u00e1stico<br>16h Os Lupulados<br>17h Rapport<br>18h Elementum Zero 13<br>19h Os Legion\u00e1rios<br>20h Sputnick<br>22h ARMANDINHO &amp; BANDA<\/p>\n\n\n\n<p><strong>DOMINGO \u2013 7\/11<\/strong><br>10h Desfile dos Desbravadores Estrela do Vale<br>11h Festival de Dan\u00e7a dos Vales<br>Grupo do Centro Cultural Morgenstern<br>Grupo de Dan\u00e7as Folcl\u00f3ricas Alem\u00e3s Frohtanz<br>Grupo de Dan\u00e7as de Casal de Mato Leit\u00e3o<br>Centro Cultural Austr\u00edaco Lustiger Tiroler<br>14h Companhia Musical<br>14h30 Valdecir Moura<br>15h Jardel Amorim &amp; Cia<br>15h30 Banda Rosa\u2019s<br>17h Os Atuais<\/p>\n","protected":false},"excerpt":{"rendered":"<p>A maior Estrela Multifeira da hist\u00f3ria. Essa \u00e9 a expectativa dos organizadores para a 7\u00aa edi\u00e7\u00e3o. Com o maior n\u00famero de confirma\u00e7\u00f5es, a ambi\u00e7\u00e3o p\u00f4de ser confirmada j\u00e1 no seu lan\u00e7amento, realizado nesta segunda-feira (27), no Porto de Estrela. O local vai receber a programa\u00e7\u00e3o nos dias 29, 30 e 31 de outubro e 5, [&hellip;]<\/p>\n","protected":false},"author":619,"featured_media":90239,"comment_status":"open","ping_status":"open","sticky":false,"template":"","format":"standard","meta":{"pmpro_default_level":"","_jetpack_memberships_contains_paid_content":false,"footnotes":""},"categories":[2,3],"tags":[8,170,6963,6547,681],"class_list":{"0":"post-90238","1":"post","2":"type-post","3":"status-publish","4":"format-standard","5":"has-post-thumbnail","7":"category-featured","8":"category-geral","9":"tag-estrela","10":"tag-estrela-multifeira","11":"tag-expectativas","12":"tag-historias","13":"tag-multifeira","14":"pmpro-has-access"},"yoast_head":"<!-- This site is optimized with the Yoast SEO plugin v27.5 - https:\/\/yoast.com\/product\/yoast-seo-wordpress\/ -->\n<title>Expectativa \u00e9 realizar a maior Estrela Multifeira da hist\u00f3ria - Folha Popular<\/title>\n<meta name=\"robots\" content=\"index, follow, max-snippet:-1, max-image-preview:large, max-video-preview:-1\" \/>\n<link rel=\"canonical\" href=\"https:\/\/folhapopular.info\/index.php\/2021\/09\/29\/expectativa-e-realizar-a-maior-estrela-multifeira-da-historia\/\" \/>\n<meta property=\"og:locale\" content=\"pt_BR\" \/>\n<meta property=\"og:type\" content=\"article\" \/>\n<meta property=\"og:title\" content=\"Expectativa \u00e9 realizar a maior Estrela Multifeira da hist\u00f3ria - Folha Popular\" \/>\n<meta property=\"og:description\" content=\"A maior Estrela Multifeira da hist\u00f3ria. Essa \u00e9 a expectativa dos organizadores para a 7\u00aa edi\u00e7\u00e3o. Com o maior n\u00famero de confirma\u00e7\u00f5es, a ambi\u00e7\u00e3o p\u00f4de ser confirmada j\u00e1 no seu lan\u00e7amento, realizado nesta segunda-feira (27), no Porto de Estrela. O local vai receber a programa\u00e7\u00e3o nos dias 29, 30 e 31 de outubro e 5, [&hellip;]\" \/>\n<meta property=\"og:url\" content=\"https:\/\/folhapopular.info\/index.php\/2021\/09\/29\/expectativa-e-realizar-a-maior-estrela-multifeira-da-historia\/\" \/>\n<meta property=\"og:site_name\" content=\"Folha Popular\" \/>\n<meta property=\"article:published_time\" content=\"2021-09-29T12:26:59+00:00\" \/>\n<meta property=\"article:modified_time\" content=\"2021-09-29T12:30:30+00:00\" \/>\n<meta property=\"og:image\" content=\"https:\/\/folhapopular.info\/wp-content\/uploads\/2021\/09\/3-e1632918320899.png\" \/>\n\t<meta property=\"og:image:width\" content=\"800\" \/>\n\t<meta property=\"og:image:height\" content=\"553\" \/>\n\t<meta property=\"og:image:type\" content=\"image\/png\" \/>\n<meta name=\"author\" content=\"Paola Possenatto\" \/>\n<meta name=\"twitter:card\" content=\"summary_large_image\" \/>\n<meta name=\"twitter:label1\" content=\"Escrito por\" \/>\n\t<meta name=\"twitter:data1\" content=\"Paola Possenatto\" \/>\n\t<meta name=\"twitter:label2\" content=\"Est. tempo de leitura\" \/>\n\t<meta name=\"twitter:data2\" content=\"3 minutos\" \/>\n<script type=\"application\/ld+json\" class=\"yoast-schema-graph\">{\"@context\":\"https:\\\/\\\/schema.org\",\"@graph\":[{\"@type\":\"Article\",\"@id\":\"https:\\\/\\\/folhapopular.info\\\/index.php\\\/2021\\\/09\\\/29\\\/expectativa-e-realizar-a-maior-estrela-multifeira-da-historia\\\/#article\",\"isPartOf\":{\"@id\":\"https:\\\/\\\/folhapopular.info\\\/index.php\\\/2021\\\/09\\\/29\\\/expectativa-e-realizar-a-maior-estrela-multifeira-da-historia\\\/\"},\"author\":{\"name\":\"Paola Possenatto\",\"@id\":\"https:\\\/\\\/folhapopular.info\\\/#\\\/schema\\\/person\\\/f2ac82704a75570d89d5485d2cfcec59\"},\"headline\":\"Expectativa \u00e9 realizar a maior Estrela Multifeira da hist\u00f3ria\",\"datePublished\":\"2021-09-29T12:26:59+00:00\",\"dateModified\":\"2021-09-29T12:30:30+00:00\",\"mainEntityOfPage\":{\"@id\":\"https:\\\/\\\/folhapopular.info\\\/index.php\\\/2021\\\/09\\\/29\\\/expectativa-e-realizar-a-maior-estrela-multifeira-da-historia\\\/\"},\"wordCount\":685,\"commentCount\":0,\"image\":{\"@id\":\"https:\\\/\\\/folhapopular.info\\\/index.php\\\/2021\\\/09\\\/29\\\/expectativa-e-realizar-a-maior-estrela-multifeira-da-historia\\\/#primaryimage\"},\"thumbnailUrl\":\"https:\\\/\\\/folhapopular.info\\\/wp-content\\\/uploads\\\/2021\\\/09\\\/3-e1632918320899.png\",\"keywords\":[\"Estrela\",\"Estrela Multifeira\",\"Expectativas\",\"Hist\u00f3rias\",\"Multifeira\"],\"articleSection\":[\"Destaques\",\"Geral\"],\"inLanguage\":\"pt-BR\",\"potentialAction\":[{\"@type\":\"CommentAction\",\"name\":\"Comment\",\"target\":[\"https:\\\/\\\/folhapopular.info\\\/index.php\\\/2021\\\/09\\\/29\\\/expectativa-e-realizar-a-maior-estrela-multifeira-da-historia\\\/#respond\"]}]},{\"@type\":\"WebPage\",\"@id\":\"https:\\\/\\\/folhapopular.info\\\/index.php\\\/2021\\\/09\\\/29\\\/expectativa-e-realizar-a-maior-estrela-multifeira-da-historia\\\/\",\"url\":\"https:\\\/\\\/folhapopular.info\\\/index.php\\\/2021\\\/09\\\/29\\\/expectativa-e-realizar-a-maior-estrela-multifeira-da-historia\\\/\",\"name\":\"Expectativa \u00e9 realizar a maior Estrela Multifeira da hist\u00f3ria - Folha Popular\",\"isPartOf\":{\"@id\":\"https:\\\/\\\/folhapopular.info\\\/#website\"},\"primaryImageOfPage\":{\"@id\":\"https:\\\/\\\/folhapopular.info\\\/index.php\\\/2021\\\/09\\\/29\\\/expectativa-e-realizar-a-maior-estrela-multifeira-da-historia\\\/#primaryimage\"},\"image\":{\"@id\":\"https:\\\/\\\/folhapopular.info\\\/index.php\\\/2021\\\/09\\\/29\\\/expectativa-e-realizar-a-maior-estrela-multifeira-da-historia\\\/#primaryimage\"},\"thumbnailUrl\":\"https:\\\/\\\/folhapopular.info\\\/wp-content\\\/uploads\\\/2021\\\/09\\\/3-e1632918320899.png\",\"datePublished\":\"2021-09-29T12:26:59+00:00\",\"dateModified\":\"2021-09-29T12:30:30+00:00\",\"author\":{\"@id\":\"https:\\\/\\\/folhapopular.info\\\/#\\\/schema\\\/person\\\/f2ac82704a75570d89d5485d2cfcec59\"},\"breadcrumb\":{\"@id\":\"https:\\\/\\\/folhapopular.info\\\/index.php\\\/2021\\\/09\\\/29\\\/expectativa-e-realizar-a-maior-estrela-multifeira-da-historia\\\/#breadcrumb\"},\"inLanguage\":\"pt-BR\",\"potentialAction\":[{\"@type\":\"ReadAction\",\"target\":[\"https:\\\/\\\/folhapopular.info\\\/index.php\\\/2021\\\/09\\\/29\\\/expectativa-e-realizar-a-maior-estrela-multifeira-da-historia\\\/\"]}]},{\"@type\":\"ImageObject\",\"inLanguage\":\"pt-BR\",\"@id\":\"https:\\\/\\\/folhapopular.info\\\/index.php\\\/2021\\\/09\\\/29\\\/expectativa-e-realizar-a-maior-estrela-multifeira-da-historia\\\/#primaryimage\",\"url\":\"https:\\\/\\\/folhapopular.info\\\/wp-content\\\/uploads\\\/2021\\\/09\\\/3-e1632918320899.png\",\"contentUrl\":\"https:\\\/\\\/folhapopular.info\\\/wp-content\\\/uploads\\\/2021\\\/09\\\/3-e1632918320899.png\",\"width\":800,\"height\":553,\"caption\":\"50 mil pessoas devem prestigiar o evento \\\/ Cr\u00e9dito: Paola Possenato\"},{\"@type\":\"BreadcrumbList\",\"@id\":\"https:\\\/\\\/folhapopular.info\\\/index.php\\\/2021\\\/09\\\/29\\\/expectativa-e-realizar-a-maior-estrela-multifeira-da-historia\\\/#breadcrumb\",\"itemListElement\":[{\"@type\":\"ListItem\",\"position\":1,\"name\":\"In\u00edcio\",\"item\":\"https:\\\/\\\/folhapopular.info\\\/\"},{\"@type\":\"ListItem\",\"position\":2,\"name\":\"Expectativa \u00e9 realizar a maior Estrela Multifeira da hist\u00f3ria\"}]},{\"@type\":\"WebSite\",\"@id\":\"https:\\\/\\\/folhapopular.info\\\/#website\",\"url\":\"https:\\\/\\\/folhapopular.info\\\/\",\"name\":\"Folha Popular\",\"description\":\"Onde voc\u00ea tem vez e voz\",\"potentialAction\":[{\"@type\":\"SearchAction\",\"target\":{\"@type\":\"EntryPoint\",\"urlTemplate\":\"https:\\\/\\\/folhapopular.info\\\/?s={search_term_string}\"},\"query-input\":{\"@type\":\"PropertyValueSpecification\",\"valueRequired\":true,\"valueName\":\"search_term_string\"}}],\"inLanguage\":\"pt-BR\"},{\"@type\":\"Person\",\"@id\":\"https:\\\/\\\/folhapopular.info\\\/#\\\/schema\\\/person\\\/f2ac82704a75570d89d5485d2cfcec59\",\"name\":\"Paola Possenatto\",\"image\":{\"@type\":\"ImageObject\",\"inLanguage\":\"pt-BR\",\"@id\":\"https:\\\/\\\/secure.gravatar.com\\\/avatar\\\/3f60b3eadf49ab9644afd71b75144f14b76c73fe8f99223954f5410dcd6a8a6f?s=96&d=mm&r=g\",\"url\":\"https:\\\/\\\/secure.gravatar.com\\\/avatar\\\/3f60b3eadf49ab9644afd71b75144f14b76c73fe8f99223954f5410dcd6a8a6f?s=96&d=mm&r=g\",\"contentUrl\":\"https:\\\/\\\/secure.gravatar.com\\\/avatar\\\/3f60b3eadf49ab9644afd71b75144f14b76c73fe8f99223954f5410dcd6a8a6f?s=96&d=mm&r=g\",\"caption\":\"Paola Possenatto\"},\"url\":\"https:\\\/\\\/folhapopular.info\\\/index.php\\\/author\\\/paola-possenattouniverso-univates-br\\\/\"}]}<\/script>\n<!-- \/ Yoast SEO plugin. -->","yoast_head_json":{"title":"Expectativa \u00e9 realizar a maior Estrela Multifeira da hist\u00f3ria - Folha Popular","robots":{"index":"index","follow":"follow","max-snippet":"max-snippet:-1","max-image-preview":"max-image-preview:large","max-video-preview":"max-video-preview:-1"},"canonical":"https:\/\/folhapopular.info\/index.php\/2021\/09\/29\/expectativa-e-realizar-a-maior-estrela-multifeira-da-historia\/","og_locale":"pt_BR","og_type":"article","og_title":"Expectativa \u00e9 realizar a maior Estrela Multifeira da hist\u00f3ria - Folha Popular","og_description":"A maior Estrela Multifeira da hist\u00f3ria. Essa \u00e9 a expectativa dos organizadores para a 7\u00aa edi\u00e7\u00e3o. Com o maior n\u00famero de confirma\u00e7\u00f5es, a ambi\u00e7\u00e3o p\u00f4de ser confirmada j\u00e1 no seu lan\u00e7amento, realizado nesta segunda-feira (27), no Porto de Estrela. O local vai receber a programa\u00e7\u00e3o nos dias 29, 30 e 31 de outubro e 5, [&hellip;]","og_url":"https:\/\/folhapopular.info\/index.php\/2021\/09\/29\/expectativa-e-realizar-a-maior-estrela-multifeira-da-historia\/","og_site_name":"Folha Popular","article_published_time":"2021-09-29T12:26:59+00:00","article_modified_time":"2021-09-29T12:30:30+00:00","og_image":[{"width":800,"height":553,"url":"https:\/\/folhapopular.info\/wp-content\/uploads\/2021\/09\/3-e1632918320899.png","type":"image\/png"}],"author":"Paola Possenatto","twitter_card":"summary_large_image","twitter_misc":{"Escrito por":"Paola Possenatto","Est. tempo de leitura":"3 minutos"},"schema":{"@context":"https:\/\/schema.org","@graph":[{"@type":"Article","@id":"https:\/\/folhapopular.info\/index.php\/2021\/09\/29\/expectativa-e-realizar-a-maior-estrela-multifeira-da-historia\/#article","isPartOf":{"@id":"https:\/\/folhapopular.info\/index.php\/2021\/09\/29\/expectativa-e-realizar-a-maior-estrela-multifeira-da-historia\/"},"author":{"name":"Paola Possenatto","@id":"https:\/\/folhapopular.info\/#\/schema\/person\/f2ac82704a75570d89d5485d2cfcec59"},"headline":"Expectativa \u00e9 realizar a maior Estrela Multifeira da hist\u00f3ria","datePublished":"2021-09-29T12:26:59+00:00","dateModified":"2021-09-29T12:30:30+00:00","mainEntityOfPage":{"@id":"https:\/\/folhapopular.info\/index.php\/2021\/09\/29\/expectativa-e-realizar-a-maior-estrela-multifeira-da-historia\/"},"wordCount":685,"commentCount":0,"image":{"@id":"https:\/\/folhapopular.info\/index.php\/2021\/09\/29\/expectativa-e-realizar-a-maior-estrela-multifeira-da-historia\/#primaryimage"},"thumbnailUrl":"https:\/\/folhapopular.info\/wp-content\/uploads\/2021\/09\/3-e1632918320899.png","keywords":["Estrela","Estrela Multifeira","Expectativas","Hist\u00f3rias","Multifeira"],"articleSection":["Destaques","Geral"],"inLanguage":"pt-BR","potentialAction":[{"@type":"CommentAction","name":"Comment","target":["https:\/\/folhapopular.info\/index.php\/2021\/09\/29\/expectativa-e-realizar-a-maior-estrela-multifeira-da-historia\/#respond"]}]},{"@type":"WebPage","@id":"https:\/\/folhapopular.info\/index.php\/2021\/09\/29\/expectativa-e-realizar-a-maior-estrela-multifeira-da-historia\/","url":"https:\/\/folhapopular.info\/index.php\/2021\/09\/29\/expectativa-e-realizar-a-maior-estrela-multifeira-da-historia\/","name":"Expectativa \u00e9 realizar a maior Estrela Multifeira da hist\u00f3ria - Folha Popular","isPartOf":{"@id":"https:\/\/folhapopular.info\/#website"},"primaryImageOfPage":{"@id":"https:\/\/folhapopular.info\/index.php\/2021\/09\/29\/expectativa-e-realizar-a-maior-estrela-multifeira-da-historia\/#primaryimage"},"image":{"@id":"https:\/\/folhapopular.info\/index.php\/2021\/09\/29\/expectativa-e-realizar-a-maior-estrela-multifeira-da-historia\/#primaryimage"},"thumbnailUrl":"https:\/\/folhapopular.info\/wp-content\/uploads\/2021\/09\/3-e1632918320899.png","datePublished":"2021-09-29T12:26:59+00:00","dateModified":"2021-09-29T12:30:30+00:00","author":{"@id":"https:\/\/folhapopular.info\/#\/schema\/person\/f2ac82704a75570d89d5485d2cfcec59"},"breadcrumb":{"@id":"https:\/\/folhapopular.info\/index.php\/2021\/09\/29\/expectativa-e-realizar-a-maior-estrela-multifeira-da-historia\/#breadcrumb"},"inLanguage":"pt-BR","potentialAction":[{"@type":"ReadAction","target":["https:\/\/folhapopular.info\/index.php\/2021\/09\/29\/expectativa-e-realizar-a-maior-estrela-multifeira-da-historia\/"]}]},{"@type":"ImageObject","inLanguage":"pt-BR","@id":"https:\/\/folhapopular.info\/index.php\/2021\/09\/29\/expectativa-e-realizar-a-maior-estrela-multifeira-da-historia\/#primaryimage","url":"https:\/\/folhapopular.info\/wp-content\/uploads\/2021\/09\/3-e1632918320899.png","contentUrl":"https:\/\/folhapopular.info\/wp-content\/uploads\/2021\/09\/3-e1632918320899.png","width":800,"height":553,"caption":"50 mil pessoas devem prestigiar o evento \/ Cr\u00e9dito: Paola Possenato"},{"@type":"BreadcrumbList","@id":"https:\/\/folhapopular.info\/index.php\/2021\/09\/29\/expectativa-e-realizar-a-maior-estrela-multifeira-da-historia\/#breadcrumb","itemListElement":[{"@type":"ListItem","position":1,"name":"In\u00edcio","item":"https:\/\/folhapopular.info\/"},{"@type":"ListItem","position":2,"name":"Expectativa \u00e9 realizar a maior Estrela Multifeira da hist\u00f3ria"}]},{"@type":"WebSite","@id":"https:\/\/folhapopular.info\/#website","url":"https:\/\/folhapopular.info\/","name":"Folha Popular","description":"Onde voc\u00ea tem vez e voz","potentialAction":[{"@type":"SearchAction","target":{"@type":"EntryPoint","urlTemplate":"https:\/\/folhapopular.info\/?s={search_term_string}"},"query-input":{"@type":"PropertyValueSpecification","valueRequired":true,"valueName":"search_term_string"}}],"inLanguage":"pt-BR"},{"@type":"Person","@id":"https:\/\/folhapopular.info\/#\/schema\/person\/f2ac82704a75570d89d5485d2cfcec59","name":"Paola Possenatto","image":{"@type":"ImageObject","inLanguage":"pt-BR","@id":"https:\/\/secure.gravatar.com\/avatar\/3f60b3eadf49ab9644afd71b75144f14b76c73fe8f99223954f5410dcd6a8a6f?s=96&d=mm&r=g","url":"https:\/\/secure.gravatar.com\/avatar\/3f60b3eadf49ab9644afd71b75144f14b76c73fe8f99223954f5410dcd6a8a6f?s=96&d=mm&r=g","contentUrl":"https:\/\/secure.gravatar.com\/avatar\/3f60b3eadf49ab9644afd71b75144f14b76c73fe8f99223954f5410dcd6a8a6f?s=96&d=mm&r=g","caption":"Paola Possenatto"},"url":"https:\/\/folhapopular.info\/index.php\/author\/paola-possenattouniverso-univates-br\/"}]}},"jetpack_featured_media_url":"https:\/\/folhapopular.info\/wp-content\/uploads\/2021\/09\/3-e1632918320899.png","jetpack_sharing_enabled":true,"amp_enabled":true,"_links":{"self":[{"href":"https:\/\/folhapopular.info\/index.php\/wp-json\/wp\/v2\/posts\/90238","targetHints":{"allow":["GET"]}}],"collection":[{"href":"https:\/\/folhapopular.info\/index.php\/wp-json\/wp\/v2\/posts"}],"about":[{"href":"https:\/\/folhapopular.info\/index.php\/wp-json\/wp\/v2\/types\/post"}],"author":[{"embeddable":true,"href":"https:\/\/folhapopular.info\/index.php\/wp-json\/wp\/v2\/users\/619"}],"replies":[{"embeddable":true,"href":"https:\/\/folhapopular.info\/index.php\/wp-json\/wp\/v2\/comments?post=90238"}],"version-history":[{"count":0,"href":"https:\/\/folhapopular.info\/index.php\/wp-json\/wp\/v2\/posts\/90238\/revisions"}],"wp:featuredmedia":[{"embeddable":true,"href":"https:\/\/folhapopular.info\/index.php\/wp-json\/wp\/v2\/media\/90239"}],"wp:attachment":[{"href":"https:\/\/folhapopular.info\/index.php\/wp-json\/wp\/v2\/media?parent=90238"}],"wp:term":[{"taxonomy":"category","embeddable":true,"href":"https:\/\/folhapopular.info\/index.php\/wp-json\/wp\/v2\/categories?post=90238"},{"taxonomy":"post_tag","embeddable":true,"href":"https:\/\/folhapopular.info\/index.php\/wp-json\/wp\/v2\/tags?post=90238"}],"curies":[{"name":"wp","href":"https:\/\/api.w.org\/{rel}","templated":true}]}}