{"id":90345,"date":"2021-09-30T15:16:12","date_gmt":"2021-09-30T18:16:12","guid":{"rendered":"https:\/\/folhapopular.info\/?p=90345"},"modified":"2021-09-30T15:16:15","modified_gmt":"2021-09-30T18:16:15","slug":"projeto-arboriza-teutonia-soma-mais-22-mudas-de-arvores-plantadas","status":"publish","type":"post","link":"https:\/\/folhapopular.info\/index.php\/2021\/09\/30\/projeto-arboriza-teutonia-soma-mais-22-mudas-de-arvores-plantadas\/","title":{"rendered":"Projeto Arboriza Teut\u00f4nia soma mais 22 mudas de \u00e1rvores plantadas"},"content":{"rendered":"\n<p>Na segunda quinzena do m\u00eas de setembro, mais uma etapa do cronograma do projeto Arboriza foi conclu\u00edda, com o plantio de 22 mudas de \u00e1rvores na Rua Willi Wiethoelter, pr\u00f3ximo ao Gr\u00eamio Recreativo Canabarrense. No local, foram plantadas 22 mudas, das esp\u00e9cies nativas Ip\u00ea e Canaf\u00edstula, de forma intercalada ao longo da cal\u00e7ada de passeio.<\/p>\n\n\n\n<p>O Comit\u00ea de Arboriza\u00e7\u00e3o foi convidado para participar do plantio. Estiveram presentes o prefeito, Celso Alo\u00edsio Forneck, a vice-prefeita, Aline R\u00f6hrig Kohl, a Secret\u00e1ria de Agricultura e Meio Ambiente, L\u00eddia Dhein, o Secret\u00e1rio e Subsecret\u00e1rio de Obras, Via\u00e7\u00e3o e Transportes, Werner Wiebusch e Valdemir Lima, respectivamente, a Coordenadora do Polo EAD Univates, T\u00e2nia Maria Schardong, o representante do Gr\u00eamio Recreativo Canabarrense, Wanderlei Weiand, e demais funcion\u00e1rios p\u00fablicos municipais.<\/p>\n\n\n\n<p>O prefeito de Teut\u00f4nia, Celso Alo\u00edsio Forneck, ressaltou a import\u00e2ncia da a\u00e7\u00e3o \u201cTemos o privil\u00e9gio de morar em uma cidade onde as pessoas ainda t\u00eam o cuidado com o meio ambiente, muito em fun\u00e7\u00e3o proximidade com o meio rural, com a produ\u00e7\u00e3o agr\u00edcola. O projeto Arboriza foi constru\u00eddo por muitas m\u00e3os e com certeza sua continuidade \u00e9 muito importante para o munic\u00edpio, principalmente para as gera\u00e7\u00f5es futuras, que ir\u00e3o desfrutar dos benef\u00edcios destas a\u00e7\u00f5es\u201d, destaca.<\/p>\n\n\n\n<p><strong>Arboriza Teut\u00f4nia<\/strong><strong><\/strong><\/p>\n\n\n\n<p>O projeto&nbsp;foi realizado com o intuito de fornecer espa\u00e7os de maior qualidade e conforto ambiental aos moradores e frequentadores dos locais inclu\u00eddos no projeto, atrav\u00e9s do plantio de \u00e1rvores em ruas e pontos pr\u00e9 determinados.<\/p>\n\n\n\n<p>O Comit\u00ea de Arboriza\u00e7\u00e3o \u00e9 composto por uma equipe t\u00e9cnica, respons\u00e1vel pelo&nbsp;levantamento topogr\u00e1fico dos poss\u00edveis locais para o plantio inicial, defini\u00e7\u00e3o de&nbsp;esp\u00e9cies de \u00e1rvores compat\u00edveis com cada local&nbsp;e ambiente, verifica\u00e7\u00e3o do&nbsp;tamanho de cal\u00e7adas, rede de \u00e1gua e esgoto, fia\u00e7\u00e3o el\u00e9trica, entradas de ve\u00edculos, placas de sinaliza\u00e7\u00e3o, fachadas, entre outros pontos determinantes&nbsp;para a escolha correta e segura da esp\u00e9cie a ser plantada.<\/p>\n\n\n\n<p>Ap\u00f3s a escolha dos locais&nbsp;aptos a receber o plantio de \u00e1rvores,&nbsp;a equipe define o&nbsp;espa\u00e7amento&nbsp;necess\u00e1rio&nbsp;que deve haver&nbsp;entre mudas, para que essas cres\u00e7am de forma saud\u00e1vel e n\u00e3o comprometam a circula\u00e7\u00e3o de pedestres e ve\u00edculos.<\/p>\n\n\n\n<p><strong>Como solicitar a inclus\u00e3o de uma rua ao projeto?<\/strong><strong><\/strong><\/p>\n\n\n\n<p>Os mun\u00edcipes que tiverem interesse em aderir ao projeto de arboriza\u00e7\u00e3o dever\u00e3o protocolar um pedido de viabilidade de arboriza\u00e7\u00e3o junto \u00e0 Secretaria da Fazenda, setor de Protocolos, na sala 14. No pedido \u00e9 necess\u00e1rio que os requerentes sejam os propriet\u00e1rios dos lotes correspondentes \u00e0 extens\u00e3o de uma quadra, e todos precisam assinar o requerimento. Feito o protocolo, os profissionais do setor de engenharia e do meio ambiente far\u00e3o um levantamento no local, verificando a viabilidade do plantio e quais as esp\u00e9cies indicadas para o local.<\/p>\n\n\n\n<p>Finalizado o processo de verifica\u00e7\u00e3o, a Prefeitura disponibiliza a m\u00e3o de obra para o plantio nos locais predefinidos. A aquisi\u00e7\u00e3o das mudas dever\u00e1 ocorrer atrav\u00e9s de doa\u00e7\u00f5es de apoiadores do projeto ou por parte dos mun\u00edcipes que solicitaram a inclus\u00e3o da rua no projeto.<\/p>\n","protected":false},"excerpt":{"rendered":"<p>Na segunda quinzena do m\u00eas de setembro, mais uma etapa do cronograma do projeto Arboriza foi conclu\u00edda, com o plantio de 22 mudas de \u00e1rvores na Rua Willi Wiethoelter, pr\u00f3ximo ao Gr\u00eamio Recreativo Canabarrense. No local, foram plantadas 22 mudas, das esp\u00e9cies nativas Ip\u00ea e Canaf\u00edstula, de forma intercalada ao longo da cal\u00e7ada de passeio. [&hellip;]<\/p>\n","protected":false},"author":8,"featured_media":90352,"comment_status":"open","ping_status":"open","sticky":false,"template":"","format":"standard","meta":{"pmpro_default_level":"","_jetpack_memberships_contains_paid_content":false,"footnotes":""},"categories":[2,3],"tags":[7052,26],"class_list":{"0":"post-90345","1":"post","2":"type-post","3":"status-publish","4":"format-standard","5":"has-post-thumbnail","7":"category-featured","8":"category-geral","9":"tag-mudas-de-arvores","10":"tag-teutonia","11":"pmpro-has-access"},"yoast_head":"<!-- This site is optimized with the Yoast SEO plugin v27.5 - https:\/\/yoast.com\/product\/yoast-seo-wordpress\/ -->\n<title>Projeto Arboriza Teut\u00f4nia soma mais 22 mudas de \u00e1rvores plantadas - Folha Popular<\/title>\n<meta name=\"robots\" content=\"index, follow, max-snippet:-1, max-image-preview:large, max-video-preview:-1\" \/>\n<link rel=\"canonical\" href=\"https:\/\/folhapopular.info\/index.php\/2021\/09\/30\/projeto-arboriza-teutonia-soma-mais-22-mudas-de-arvores-plantadas\/\" \/>\n<meta property=\"og:locale\" content=\"pt_BR\" \/>\n<meta property=\"og:type\" content=\"article\" \/>\n<meta property=\"og:title\" content=\"Projeto Arboriza Teut\u00f4nia soma mais 22 mudas de \u00e1rvores plantadas - Folha Popular\" \/>\n<meta property=\"og:description\" content=\"Na segunda quinzena do m\u00eas de setembro, mais uma etapa do cronograma do projeto Arboriza foi conclu\u00edda, com o plantio de 22 mudas de \u00e1rvores na Rua Willi Wiethoelter, pr\u00f3ximo ao Gr\u00eamio Recreativo Canabarrense. No local, foram plantadas 22 mudas, das esp\u00e9cies nativas Ip\u00ea e Canaf\u00edstula, de forma intercalada ao longo da cal\u00e7ada de passeio. [&hellip;]\" \/>\n<meta property=\"og:url\" content=\"https:\/\/folhapopular.info\/index.php\/2021\/09\/30\/projeto-arboriza-teutonia-soma-mais-22-mudas-de-arvores-plantadas\/\" \/>\n<meta property=\"og:site_name\" content=\"Folha Popular\" \/>\n<meta property=\"article:published_time\" content=\"2021-09-30T18:16:12+00:00\" \/>\n<meta property=\"article:modified_time\" content=\"2021-09-30T18:16:15+00:00\" \/>\n<meta property=\"og:image\" content=\"https:\/\/folhapopular.info\/wp-content\/uploads\/2021\/09\/2021_09_29_Projeto-Arboriza-Teutonia-soma-mais-22-mudas-de-arvores-plantadas-16-scaled-e1633025756172.jpg\" \/>\n\t<meta property=\"og:image:width\" content=\"800\" \/>\n\t<meta property=\"og:image:height\" content=\"533\" \/>\n\t<meta property=\"og:image:type\" content=\"image\/jpeg\" \/>\n<meta name=\"author\" content=\"Reda\u00e7\u00e3o Folha Popular\" \/>\n<meta name=\"twitter:card\" content=\"summary_large_image\" \/>\n<meta name=\"twitter:label1\" content=\"Escrito por\" \/>\n\t<meta name=\"twitter:data1\" content=\"Reda\u00e7\u00e3o Folha Popular\" \/>\n\t<meta name=\"twitter:label2\" content=\"Est. tempo de leitura\" \/>\n\t<meta name=\"twitter:data2\" content=\"3 minutos\" \/>\n<script type=\"application\/ld+json\" class=\"yoast-schema-graph\">{\"@context\":\"https:\\\/\\\/schema.org\",\"@graph\":[{\"@type\":\"Article\",\"@id\":\"https:\\\/\\\/folhapopular.info\\\/index.php\\\/2021\\\/09\\\/30\\\/projeto-arboriza-teutonia-soma-mais-22-mudas-de-arvores-plantadas\\\/#article\",\"isPartOf\":{\"@id\":\"https:\\\/\\\/folhapopular.info\\\/index.php\\\/2021\\\/09\\\/30\\\/projeto-arboriza-teutonia-soma-mais-22-mudas-de-arvores-plantadas\\\/\"},\"author\":{\"name\":\"Reda\u00e7\u00e3o Folha Popular\",\"@id\":\"https:\\\/\\\/folhapopular.info\\\/#\\\/schema\\\/person\\\/2814e8a0df7643585a9ca38bc6eb9d4b\"},\"headline\":\"Projeto Arboriza Teut\u00f4nia soma mais 22 mudas de \u00e1rvores plantadas\",\"datePublished\":\"2021-09-30T18:16:12+00:00\",\"dateModified\":\"2021-09-30T18:16:15+00:00\",\"mainEntityOfPage\":{\"@id\":\"https:\\\/\\\/folhapopular.info\\\/index.php\\\/2021\\\/09\\\/30\\\/projeto-arboriza-teutonia-soma-mais-22-mudas-de-arvores-plantadas\\\/\"},\"wordCount\":572,\"commentCount\":0,\"image\":{\"@id\":\"https:\\\/\\\/folhapopular.info\\\/index.php\\\/2021\\\/09\\\/30\\\/projeto-arboriza-teutonia-soma-mais-22-mudas-de-arvores-plantadas\\\/#primaryimage\"},\"thumbnailUrl\":\"https:\\\/\\\/folhapopular.info\\\/wp-content\\\/uploads\\\/2021\\\/09\\\/2021_09_29_Projeto-Arboriza-Teutonia-soma-mais-22-mudas-de-arvores-plantadas-16-scaled-e1633025756172.jpg\",\"keywords\":[\"Mudas de \u00c1rvores\",\"Teut\u00f4nia\"],\"articleSection\":[\"Destaques\",\"Geral\"],\"inLanguage\":\"pt-BR\",\"potentialAction\":[{\"@type\":\"CommentAction\",\"name\":\"Comment\",\"target\":[\"https:\\\/\\\/folhapopular.info\\\/index.php\\\/2021\\\/09\\\/30\\\/projeto-arboriza-teutonia-soma-mais-22-mudas-de-arvores-plantadas\\\/#respond\"]}]},{\"@type\":\"WebPage\",\"@id\":\"https:\\\/\\\/folhapopular.info\\\/index.php\\\/2021\\\/09\\\/30\\\/projeto-arboriza-teutonia-soma-mais-22-mudas-de-arvores-plantadas\\\/\",\"url\":\"https:\\\/\\\/folhapopular.info\\\/index.php\\\/2021\\\/09\\\/30\\\/projeto-arboriza-teutonia-soma-mais-22-mudas-de-arvores-plantadas\\\/\",\"name\":\"Projeto Arboriza Teut\u00f4nia soma mais 22 mudas de \u00e1rvores plantadas - Folha Popular\",\"isPartOf\":{\"@id\":\"https:\\\/\\\/folhapopular.info\\\/#website\"},\"primaryImageOfPage\":{\"@id\":\"https:\\\/\\\/folhapopular.info\\\/index.php\\\/2021\\\/09\\\/30\\\/projeto-arboriza-teutonia-soma-mais-22-mudas-de-arvores-plantadas\\\/#primaryimage\"},\"image\":{\"@id\":\"https:\\\/\\\/folhapopular.info\\\/index.php\\\/2021\\\/09\\\/30\\\/projeto-arboriza-teutonia-soma-mais-22-mudas-de-arvores-plantadas\\\/#primaryimage\"},\"thumbnailUrl\":\"https:\\\/\\\/folhapopular.info\\\/wp-content\\\/uploads\\\/2021\\\/09\\\/2021_09_29_Projeto-Arboriza-Teutonia-soma-mais-22-mudas-de-arvores-plantadas-16-scaled-e1633025756172.jpg\",\"datePublished\":\"2021-09-30T18:16:12+00:00\",\"dateModified\":\"2021-09-30T18:16:15+00:00\",\"author\":{\"@id\":\"https:\\\/\\\/folhapopular.info\\\/#\\\/schema\\\/person\\\/2814e8a0df7643585a9ca38bc6eb9d4b\"},\"breadcrumb\":{\"@id\":\"https:\\\/\\\/folhapopular.info\\\/index.php\\\/2021\\\/09\\\/30\\\/projeto-arboriza-teutonia-soma-mais-22-mudas-de-arvores-plantadas\\\/#breadcrumb\"},\"inLanguage\":\"pt-BR\",\"potentialAction\":[{\"@type\":\"ReadAction\",\"target\":[\"https:\\\/\\\/folhapopular.info\\\/index.php\\\/2021\\\/09\\\/30\\\/projeto-arboriza-teutonia-soma-mais-22-mudas-de-arvores-plantadas\\\/\"]}]},{\"@type\":\"ImageObject\",\"inLanguage\":\"pt-BR\",\"@id\":\"https:\\\/\\\/folhapopular.info\\\/index.php\\\/2021\\\/09\\\/30\\\/projeto-arboriza-teutonia-soma-mais-22-mudas-de-arvores-plantadas\\\/#primaryimage\",\"url\":\"https:\\\/\\\/folhapopular.info\\\/wp-content\\\/uploads\\\/2021\\\/09\\\/2021_09_29_Projeto-Arboriza-Teutonia-soma-mais-22-mudas-de-arvores-plantadas-16-scaled-e1633025756172.jpg\",\"contentUrl\":\"https:\\\/\\\/folhapopular.info\\\/wp-content\\\/uploads\\\/2021\\\/09\\\/2021_09_29_Projeto-Arboriza-Teutonia-soma-mais-22-mudas-de-arvores-plantadas-16-scaled-e1633025756172.jpg\",\"width\":800,\"height\":533,\"caption\":\"Cr\u00e9dito da foto: Diego Silva \\\/ Divulga\u00e7\u00e3o\"},{\"@type\":\"BreadcrumbList\",\"@id\":\"https:\\\/\\\/folhapopular.info\\\/index.php\\\/2021\\\/09\\\/30\\\/projeto-arboriza-teutonia-soma-mais-22-mudas-de-arvores-plantadas\\\/#breadcrumb\",\"itemListElement\":[{\"@type\":\"ListItem\",\"position\":1,\"name\":\"In\u00edcio\",\"item\":\"https:\\\/\\\/folhapopular.info\\\/\"},{\"@type\":\"ListItem\",\"position\":2,\"name\":\"Projeto Arboriza Teut\u00f4nia soma mais 22 mudas de \u00e1rvores plantadas\"}]},{\"@type\":\"WebSite\",\"@id\":\"https:\\\/\\\/folhapopular.info\\\/#website\",\"url\":\"https:\\\/\\\/folhapopular.info\\\/\",\"name\":\"Folha Popular\",\"description\":\"Onde voc\u00ea tem vez e voz\",\"potentialAction\":[{\"@type\":\"SearchAction\",\"target\":{\"@type\":\"EntryPoint\",\"urlTemplate\":\"https:\\\/\\\/folhapopular.info\\\/?s={search_term_string}\"},\"query-input\":{\"@type\":\"PropertyValueSpecification\",\"valueRequired\":true,\"valueName\":\"search_term_string\"}}],\"inLanguage\":\"pt-BR\"},{\"@type\":\"Person\",\"@id\":\"https:\\\/\\\/folhapopular.info\\\/#\\\/schema\\\/person\\\/2814e8a0df7643585a9ca38bc6eb9d4b\",\"name\":\"Reda\u00e7\u00e3o Folha Popular\",\"image\":{\"@type\":\"ImageObject\",\"inLanguage\":\"pt-BR\",\"@id\":\"https:\\\/\\\/folhapopular.info\\\/wp-content\\\/uploads\\\/2026\\\/04\\\/Folha-1.webp\",\"url\":\"https:\\\/\\\/folhapopular.info\\\/wp-content\\\/uploads\\\/2026\\\/04\\\/Folha-1.webp\",\"contentUrl\":\"https:\\\/\\\/folhapopular.info\\\/wp-content\\\/uploads\\\/2026\\\/04\\\/Folha-1.webp\",\"caption\":\"Reda\u00e7\u00e3o Folha Popular\"},\"url\":\"https:\\\/\\\/folhapopular.info\\\/index.php\\\/author\\\/redacao\\\/\"}]}<\/script>\n<!-- \/ Yoast SEO plugin. -->","yoast_head_json":{"title":"Projeto Arboriza Teut\u00f4nia soma mais 22 mudas de \u00e1rvores plantadas - Folha Popular","robots":{"index":"index","follow":"follow","max-snippet":"max-snippet:-1","max-image-preview":"max-image-preview:large","max-video-preview":"max-video-preview:-1"},"canonical":"https:\/\/folhapopular.info\/index.php\/2021\/09\/30\/projeto-arboriza-teutonia-soma-mais-22-mudas-de-arvores-plantadas\/","og_locale":"pt_BR","og_type":"article","og_title":"Projeto Arboriza Teut\u00f4nia soma mais 22 mudas de \u00e1rvores plantadas - Folha Popular","og_description":"Na segunda quinzena do m\u00eas de setembro, mais uma etapa do cronograma do projeto Arboriza foi conclu\u00edda, com o plantio de 22 mudas de \u00e1rvores na Rua Willi Wiethoelter, pr\u00f3ximo ao Gr\u00eamio Recreativo Canabarrense. No local, foram plantadas 22 mudas, das esp\u00e9cies nativas Ip\u00ea e Canaf\u00edstula, de forma intercalada ao longo da cal\u00e7ada de passeio. [&hellip;]","og_url":"https:\/\/folhapopular.info\/index.php\/2021\/09\/30\/projeto-arboriza-teutonia-soma-mais-22-mudas-de-arvores-plantadas\/","og_site_name":"Folha Popular","article_published_time":"2021-09-30T18:16:12+00:00","article_modified_time":"2021-09-30T18:16:15+00:00","og_image":[{"width":800,"height":533,"url":"https:\/\/folhapopular.info\/wp-content\/uploads\/2021\/09\/2021_09_29_Projeto-Arboriza-Teutonia-soma-mais-22-mudas-de-arvores-plantadas-16-scaled-e1633025756172.jpg","type":"image\/jpeg"}],"author":"Reda\u00e7\u00e3o Folha Popular","twitter_card":"summary_large_image","twitter_misc":{"Escrito por":"Reda\u00e7\u00e3o Folha Popular","Est. tempo de leitura":"3 minutos"},"schema":{"@context":"https:\/\/schema.org","@graph":[{"@type":"Article","@id":"https:\/\/folhapopular.info\/index.php\/2021\/09\/30\/projeto-arboriza-teutonia-soma-mais-22-mudas-de-arvores-plantadas\/#article","isPartOf":{"@id":"https:\/\/folhapopular.info\/index.php\/2021\/09\/30\/projeto-arboriza-teutonia-soma-mais-22-mudas-de-arvores-plantadas\/"},"author":{"name":"Reda\u00e7\u00e3o Folha Popular","@id":"https:\/\/folhapopular.info\/#\/schema\/person\/2814e8a0df7643585a9ca38bc6eb9d4b"},"headline":"Projeto Arboriza Teut\u00f4nia soma mais 22 mudas de \u00e1rvores plantadas","datePublished":"2021-09-30T18:16:12+00:00","dateModified":"2021-09-30T18:16:15+00:00","mainEntityOfPage":{"@id":"https:\/\/folhapopular.info\/index.php\/2021\/09\/30\/projeto-arboriza-teutonia-soma-mais-22-mudas-de-arvores-plantadas\/"},"wordCount":572,"commentCount":0,"image":{"@id":"https:\/\/folhapopular.info\/index.php\/2021\/09\/30\/projeto-arboriza-teutonia-soma-mais-22-mudas-de-arvores-plantadas\/#primaryimage"},"thumbnailUrl":"https:\/\/folhapopular.info\/wp-content\/uploads\/2021\/09\/2021_09_29_Projeto-Arboriza-Teutonia-soma-mais-22-mudas-de-arvores-plantadas-16-scaled-e1633025756172.jpg","keywords":["Mudas de \u00c1rvores","Teut\u00f4nia"],"articleSection":["Destaques","Geral"],"inLanguage":"pt-BR","potentialAction":[{"@type":"CommentAction","name":"Comment","target":["https:\/\/folhapopular.info\/index.php\/2021\/09\/30\/projeto-arboriza-teutonia-soma-mais-22-mudas-de-arvores-plantadas\/#respond"]}]},{"@type":"WebPage","@id":"https:\/\/folhapopular.info\/index.php\/2021\/09\/30\/projeto-arboriza-teutonia-soma-mais-22-mudas-de-arvores-plantadas\/","url":"https:\/\/folhapopular.info\/index.php\/2021\/09\/30\/projeto-arboriza-teutonia-soma-mais-22-mudas-de-arvores-plantadas\/","name":"Projeto Arboriza Teut\u00f4nia soma mais 22 mudas de \u00e1rvores plantadas - Folha Popular","isPartOf":{"@id":"https:\/\/folhapopular.info\/#website"},"primaryImageOfPage":{"@id":"https:\/\/folhapopular.info\/index.php\/2021\/09\/30\/projeto-arboriza-teutonia-soma-mais-22-mudas-de-arvores-plantadas\/#primaryimage"},"image":{"@id":"https:\/\/folhapopular.info\/index.php\/2021\/09\/30\/projeto-arboriza-teutonia-soma-mais-22-mudas-de-arvores-plantadas\/#primaryimage"},"thumbnailUrl":"https:\/\/folhapopular.info\/wp-content\/uploads\/2021\/09\/2021_09_29_Projeto-Arboriza-Teutonia-soma-mais-22-mudas-de-arvores-plantadas-16-scaled-e1633025756172.jpg","datePublished":"2021-09-30T18:16:12+00:00","dateModified":"2021-09-30T18:16:15+00:00","author":{"@id":"https:\/\/folhapopular.info\/#\/schema\/person\/2814e8a0df7643585a9ca38bc6eb9d4b"},"breadcrumb":{"@id":"https:\/\/folhapopular.info\/index.php\/2021\/09\/30\/projeto-arboriza-teutonia-soma-mais-22-mudas-de-arvores-plantadas\/#breadcrumb"},"inLanguage":"pt-BR","potentialAction":[{"@type":"ReadAction","target":["https:\/\/folhapopular.info\/index.php\/2021\/09\/30\/projeto-arboriza-teutonia-soma-mais-22-mudas-de-arvores-plantadas\/"]}]},{"@type":"ImageObject","inLanguage":"pt-BR","@id":"https:\/\/folhapopular.info\/index.php\/2021\/09\/30\/projeto-arboriza-teutonia-soma-mais-22-mudas-de-arvores-plantadas\/#primaryimage","url":"https:\/\/folhapopular.info\/wp-content\/uploads\/2021\/09\/2021_09_29_Projeto-Arboriza-Teutonia-soma-mais-22-mudas-de-arvores-plantadas-16-scaled-e1633025756172.jpg","contentUrl":"https:\/\/folhapopular.info\/wp-content\/uploads\/2021\/09\/2021_09_29_Projeto-Arboriza-Teutonia-soma-mais-22-mudas-de-arvores-plantadas-16-scaled-e1633025756172.jpg","width":800,"height":533,"caption":"Cr\u00e9dito da foto: Diego Silva \/ Divulga\u00e7\u00e3o"},{"@type":"BreadcrumbList","@id":"https:\/\/folhapopular.info\/index.php\/2021\/09\/30\/projeto-arboriza-teutonia-soma-mais-22-mudas-de-arvores-plantadas\/#breadcrumb","itemListElement":[{"@type":"ListItem","position":1,"name":"In\u00edcio","item":"https:\/\/folhapopular.info\/"},{"@type":"ListItem","position":2,"name":"Projeto Arboriza Teut\u00f4nia soma mais 22 mudas de \u00e1rvores plantadas"}]},{"@type":"WebSite","@id":"https:\/\/folhapopular.info\/#website","url":"https:\/\/folhapopular.info\/","name":"Folha Popular","description":"Onde voc\u00ea tem vez e voz","potentialAction":[{"@type":"SearchAction","target":{"@type":"EntryPoint","urlTemplate":"https:\/\/folhapopular.info\/?s={search_term_string}"},"query-input":{"@type":"PropertyValueSpecification","valueRequired":true,"valueName":"search_term_string"}}],"inLanguage":"pt-BR"},{"@type":"Person","@id":"https:\/\/folhapopular.info\/#\/schema\/person\/2814e8a0df7643585a9ca38bc6eb9d4b","name":"Reda\u00e7\u00e3o Folha Popular","image":{"@type":"ImageObject","inLanguage":"pt-BR","@id":"https:\/\/folhapopular.info\/wp-content\/uploads\/2026\/04\/Folha-1.webp","url":"https:\/\/folhapopular.info\/wp-content\/uploads\/2026\/04\/Folha-1.webp","contentUrl":"https:\/\/folhapopular.info\/wp-content\/uploads\/2026\/04\/Folha-1.webp","caption":"Reda\u00e7\u00e3o Folha Popular"},"url":"https:\/\/folhapopular.info\/index.php\/author\/redacao\/"}]}},"jetpack_featured_media_url":"https:\/\/folhapopular.info\/wp-content\/uploads\/2021\/09\/2021_09_29_Projeto-Arboriza-Teutonia-soma-mais-22-mudas-de-arvores-plantadas-16-scaled-e1633025756172.jpg","jetpack_sharing_enabled":true,"amp_enabled":true,"_links":{"self":[{"href":"https:\/\/folhapopular.info\/index.php\/wp-json\/wp\/v2\/posts\/90345","targetHints":{"allow":["GET"]}}],"collection":[{"href":"https:\/\/folhapopular.info\/index.php\/wp-json\/wp\/v2\/posts"}],"about":[{"href":"https:\/\/folhapopular.info\/index.php\/wp-json\/wp\/v2\/types\/post"}],"author":[{"embeddable":true,"href":"https:\/\/folhapopular.info\/index.php\/wp-json\/wp\/v2\/users\/8"}],"replies":[{"embeddable":true,"href":"https:\/\/folhapopular.info\/index.php\/wp-json\/wp\/v2\/comments?post=90345"}],"version-history":[{"count":0,"href":"https:\/\/folhapopular.info\/index.php\/wp-json\/wp\/v2\/posts\/90345\/revisions"}],"wp:featuredmedia":[{"embeddable":true,"href":"https:\/\/folhapopular.info\/index.php\/wp-json\/wp\/v2\/media\/90352"}],"wp:attachment":[{"href":"https:\/\/folhapopular.info\/index.php\/wp-json\/wp\/v2\/media?parent=90345"}],"wp:term":[{"taxonomy":"category","embeddable":true,"href":"https:\/\/folhapopular.info\/index.php\/wp-json\/wp\/v2\/categories?post=90345"},{"taxonomy":"post_tag","embeddable":true,"href":"https:\/\/folhapopular.info\/index.php\/wp-json\/wp\/v2\/tags?post=90345"}],"curies":[{"name":"wp","href":"https:\/\/api.w.org\/{rel}","templated":true}]}}