{"id":90494,"date":"2021-10-02T14:41:08","date_gmt":"2021-10-02T17:41:08","guid":{"rendered":"https:\/\/folhapopular.info\/?p=90494"},"modified":"2021-10-02T14:41:13","modified_gmt":"2021-10-02T17:41:13","slug":"bm-de-teutonia-atendeu-dois-casos-de-violencia-domestica","status":"publish","type":"post","link":"https:\/\/folhapopular.info\/index.php\/2021\/10\/02\/bm-de-teutonia-atendeu-dois-casos-de-violencia-domestica\/","title":{"rendered":"BM de Teut\u00f4nia atendeu dois casos de viol\u00eancia dom\u00e9stica"},"content":{"rendered":"\n<p>Duas ocorr\u00eancias de viol\u00eancia dom\u00e9stica contra a mulher \u2013 Lei Maria da Penha \u2013 atendidas pela Brigada Militar de Teut\u00f4nia na noite desta sexta-feira (1\u00ba\/10). Os casos de Maria da Penha tem aumentado significativamente nos \u00faltimos meses, de acordo com o comando da BM.<\/p>\n\n\n\n<p>\u00c0s 20h, um homem de 32 anos foi preso em flagrante por agredir a companheira de 19 anos. A v\u00edtima esperou a viatura em frente \u00e0 casa. O homem estava alcoolizado e trancado dentro de casa. Ele fugiu ao perceber a pol\u00edcia, mas foi capturado quando tentava voltar. No hospital, constataram les\u00f5es no rosto da mulher. Ap\u00f3s registro na Pol\u00edcia Civil, o homem foi preso e conduzido ao Pres\u00eddio de Lajeado. Ele j\u00e1 possu\u00eda antecedente por viol\u00eancia dom\u00e9stica.<\/p>\n\n\n\n<p>\u00c0s 20h30, a mulher relatou que o ex-companheiro de 40 anos empurrou ela e pegou a chave da moto. Ele passou na frente da casa enquanto os policiais ouviam a v\u00edtima. Ele desceu da bicicleta, n\u00e3o obedeceu \u00e0 abordagem e agiu de maneira r\u00edspida com os policiais. Foi necess\u00e1rio uso de for\u00e7a e algemas. A v\u00edtima solicitou medidas protetivas.<\/p>\n","protected":false},"excerpt":{"rendered":"<p>Duas ocorr\u00eancias de viol\u00eancia dom\u00e9stica contra a mulher \u2013 Lei Maria da Penha \u2013 atendidas pela Brigada Militar de Teut\u00f4nia na noite desta sexta-feira (1\u00ba\/10). Os casos de Maria da Penha tem aumentado significativamente nos \u00faltimos meses, de acordo com o comando da BM. \u00c0s 20h, um homem de 32 anos foi preso em flagrante [&hellip;]<\/p>\n","protected":false},"author":8,"featured_media":89657,"comment_status":"open","ping_status":"open","sticky":false,"template":"","format":"standard","meta":{"pmpro_default_level":"","_jetpack_memberships_contains_paid_content":false,"footnotes":""},"categories":[7],"tags":[2059,26],"class_list":{"0":"post-90494","1":"post","2":"type-post","3":"status-publish","4":"format-standard","5":"has-post-thumbnail","7":"category-seguranca","8":"tag-lei-maria-da-penha","9":"tag-teutonia","10":"pmpro-has-access"},"yoast_head":"<!-- This site is optimized with the Yoast SEO plugin v27.5 - https:\/\/yoast.com\/product\/yoast-seo-wordpress\/ -->\n<title>BM de Teut\u00f4nia atendeu dois casos de viol\u00eancia dom\u00e9stica - Folha Popular<\/title>\n<meta name=\"robots\" content=\"index, follow, max-snippet:-1, max-image-preview:large, max-video-preview:-1\" \/>\n<link rel=\"canonical\" href=\"https:\/\/folhapopular.info\/index.php\/2021\/10\/02\/bm-de-teutonia-atendeu-dois-casos-de-violencia-domestica\/\" \/>\n<meta property=\"og:locale\" content=\"pt_BR\" \/>\n<meta property=\"og:type\" content=\"article\" \/>\n<meta property=\"og:title\" content=\"BM de Teut\u00f4nia atendeu dois casos de viol\u00eancia dom\u00e9stica - Folha Popular\" \/>\n<meta property=\"og:description\" content=\"Duas ocorr\u00eancias de viol\u00eancia dom\u00e9stica contra a mulher \u2013 Lei Maria da Penha \u2013 atendidas pela Brigada Militar de Teut\u00f4nia na noite desta sexta-feira (1\u00ba\/10). Os casos de Maria da Penha tem aumentado significativamente nos \u00faltimos meses, de acordo com o comando da BM. \u00c0s 20h, um homem de 32 anos foi preso em flagrante [&hellip;]\" \/>\n<meta property=\"og:url\" content=\"https:\/\/folhapopular.info\/index.php\/2021\/10\/02\/bm-de-teutonia-atendeu-dois-casos-de-violencia-domestica\/\" \/>\n<meta property=\"og:site_name\" content=\"Folha Popular\" \/>\n<meta property=\"article:published_time\" content=\"2021-10-02T17:41:08+00:00\" \/>\n<meta property=\"article:modified_time\" content=\"2021-10-02T17:41:13+00:00\" \/>\n<meta property=\"og:image\" content=\"https:\/\/folhapopular.info\/wp-content\/uploads\/2021\/09\/WhatsApp-Image-2021-09-17-at-16.26.23.jpeg\" \/>\n\t<meta property=\"og:image:width\" content=\"1280\" \/>\n\t<meta property=\"og:image:height\" content=\"705\" \/>\n\t<meta property=\"og:image:type\" content=\"image\/jpeg\" \/>\n<meta name=\"author\" content=\"Reda\u00e7\u00e3o Folha Popular\" \/>\n<meta name=\"twitter:card\" content=\"summary_large_image\" \/>\n<meta name=\"twitter:label1\" content=\"Escrito por\" \/>\n\t<meta name=\"twitter:data1\" content=\"Reda\u00e7\u00e3o Folha Popular\" \/>\n\t<meta name=\"twitter:label2\" content=\"Est. tempo de leitura\" \/>\n\t<meta name=\"twitter:data2\" content=\"1 minuto\" \/>\n<script type=\"application\/ld+json\" class=\"yoast-schema-graph\">{\"@context\":\"https:\\\/\\\/schema.org\",\"@graph\":[{\"@type\":\"Article\",\"@id\":\"https:\\\/\\\/folhapopular.info\\\/index.php\\\/2021\\\/10\\\/02\\\/bm-de-teutonia-atendeu-dois-casos-de-violencia-domestica\\\/#article\",\"isPartOf\":{\"@id\":\"https:\\\/\\\/folhapopular.info\\\/index.php\\\/2021\\\/10\\\/02\\\/bm-de-teutonia-atendeu-dois-casos-de-violencia-domestica\\\/\"},\"author\":{\"name\":\"Reda\u00e7\u00e3o Folha Popular\",\"@id\":\"https:\\\/\\\/folhapopular.info\\\/#\\\/schema\\\/person\\\/2814e8a0df7643585a9ca38bc6eb9d4b\"},\"headline\":\"BM de Teut\u00f4nia atendeu dois casos de viol\u00eancia dom\u00e9stica\",\"datePublished\":\"2021-10-02T17:41:08+00:00\",\"dateModified\":\"2021-10-02T17:41:13+00:00\",\"mainEntityOfPage\":{\"@id\":\"https:\\\/\\\/folhapopular.info\\\/index.php\\\/2021\\\/10\\\/02\\\/bm-de-teutonia-atendeu-dois-casos-de-violencia-domestica\\\/\"},\"wordCount\":204,\"commentCount\":0,\"image\":{\"@id\":\"https:\\\/\\\/folhapopular.info\\\/index.php\\\/2021\\\/10\\\/02\\\/bm-de-teutonia-atendeu-dois-casos-de-violencia-domestica\\\/#primaryimage\"},\"thumbnailUrl\":\"https:\\\/\\\/folhapopular.info\\\/wp-content\\\/uploads\\\/2021\\\/09\\\/WhatsApp-Image-2021-09-17-at-16.26.23.jpeg\",\"keywords\":[\"Lei Maria da Penha\",\"Teut\u00f4nia\"],\"articleSection\":[\"Seguran\u00e7a\"],\"inLanguage\":\"pt-BR\",\"potentialAction\":[{\"@type\":\"CommentAction\",\"name\":\"Comment\",\"target\":[\"https:\\\/\\\/folhapopular.info\\\/index.php\\\/2021\\\/10\\\/02\\\/bm-de-teutonia-atendeu-dois-casos-de-violencia-domestica\\\/#respond\"]}]},{\"@type\":\"WebPage\",\"@id\":\"https:\\\/\\\/folhapopular.info\\\/index.php\\\/2021\\\/10\\\/02\\\/bm-de-teutonia-atendeu-dois-casos-de-violencia-domestica\\\/\",\"url\":\"https:\\\/\\\/folhapopular.info\\\/index.php\\\/2021\\\/10\\\/02\\\/bm-de-teutonia-atendeu-dois-casos-de-violencia-domestica\\\/\",\"name\":\"BM de Teut\u00f4nia atendeu dois casos de viol\u00eancia dom\u00e9stica - Folha Popular\",\"isPartOf\":{\"@id\":\"https:\\\/\\\/folhapopular.info\\\/#website\"},\"primaryImageOfPage\":{\"@id\":\"https:\\\/\\\/folhapopular.info\\\/index.php\\\/2021\\\/10\\\/02\\\/bm-de-teutonia-atendeu-dois-casos-de-violencia-domestica\\\/#primaryimage\"},\"image\":{\"@id\":\"https:\\\/\\\/folhapopular.info\\\/index.php\\\/2021\\\/10\\\/02\\\/bm-de-teutonia-atendeu-dois-casos-de-violencia-domestica\\\/#primaryimage\"},\"thumbnailUrl\":\"https:\\\/\\\/folhapopular.info\\\/wp-content\\\/uploads\\\/2021\\\/09\\\/WhatsApp-Image-2021-09-17-at-16.26.23.jpeg\",\"datePublished\":\"2021-10-02T17:41:08+00:00\",\"dateModified\":\"2021-10-02T17:41:13+00:00\",\"author\":{\"@id\":\"https:\\\/\\\/folhapopular.info\\\/#\\\/schema\\\/person\\\/2814e8a0df7643585a9ca38bc6eb9d4b\"},\"breadcrumb\":{\"@id\":\"https:\\\/\\\/folhapopular.info\\\/index.php\\\/2021\\\/10\\\/02\\\/bm-de-teutonia-atendeu-dois-casos-de-violencia-domestica\\\/#breadcrumb\"},\"inLanguage\":\"pt-BR\",\"potentialAction\":[{\"@type\":\"ReadAction\",\"target\":[\"https:\\\/\\\/folhapopular.info\\\/index.php\\\/2021\\\/10\\\/02\\\/bm-de-teutonia-atendeu-dois-casos-de-violencia-domestica\\\/\"]}]},{\"@type\":\"ImageObject\",\"inLanguage\":\"pt-BR\",\"@id\":\"https:\\\/\\\/folhapopular.info\\\/index.php\\\/2021\\\/10\\\/02\\\/bm-de-teutonia-atendeu-dois-casos-de-violencia-domestica\\\/#primaryimage\",\"url\":\"https:\\\/\\\/folhapopular.info\\\/wp-content\\\/uploads\\\/2021\\\/09\\\/WhatsApp-Image-2021-09-17-at-16.26.23.jpeg\",\"contentUrl\":\"https:\\\/\\\/folhapopular.info\\\/wp-content\\\/uploads\\\/2021\\\/09\\\/WhatsApp-Image-2021-09-17-at-16.26.23.jpeg\",\"width\":1280,\"height\":705,\"caption\":\"Cr\u00e9dito: Divulga\u00e7\u00e3o Brigada Militar\"},{\"@type\":\"BreadcrumbList\",\"@id\":\"https:\\\/\\\/folhapopular.info\\\/index.php\\\/2021\\\/10\\\/02\\\/bm-de-teutonia-atendeu-dois-casos-de-violencia-domestica\\\/#breadcrumb\",\"itemListElement\":[{\"@type\":\"ListItem\",\"position\":1,\"name\":\"In\u00edcio\",\"item\":\"https:\\\/\\\/folhapopular.info\\\/\"},{\"@type\":\"ListItem\",\"position\":2,\"name\":\"BM de Teut\u00f4nia atendeu dois casos de viol\u00eancia dom\u00e9stica\"}]},{\"@type\":\"WebSite\",\"@id\":\"https:\\\/\\\/folhapopular.info\\\/#website\",\"url\":\"https:\\\/\\\/folhapopular.info\\\/\",\"name\":\"Folha Popular\",\"description\":\"Onde voc\u00ea tem vez e voz\",\"potentialAction\":[{\"@type\":\"SearchAction\",\"target\":{\"@type\":\"EntryPoint\",\"urlTemplate\":\"https:\\\/\\\/folhapopular.info\\\/?s={search_term_string}\"},\"query-input\":{\"@type\":\"PropertyValueSpecification\",\"valueRequired\":true,\"valueName\":\"search_term_string\"}}],\"inLanguage\":\"pt-BR\"},{\"@type\":\"Person\",\"@id\":\"https:\\\/\\\/folhapopular.info\\\/#\\\/schema\\\/person\\\/2814e8a0df7643585a9ca38bc6eb9d4b\",\"name\":\"Reda\u00e7\u00e3o Folha Popular\",\"image\":{\"@type\":\"ImageObject\",\"inLanguage\":\"pt-BR\",\"@id\":\"https:\\\/\\\/folhapopular.info\\\/wp-content\\\/uploads\\\/2026\\\/04\\\/Folha-1.webp\",\"url\":\"https:\\\/\\\/folhapopular.info\\\/wp-content\\\/uploads\\\/2026\\\/04\\\/Folha-1.webp\",\"contentUrl\":\"https:\\\/\\\/folhapopular.info\\\/wp-content\\\/uploads\\\/2026\\\/04\\\/Folha-1.webp\",\"caption\":\"Reda\u00e7\u00e3o Folha Popular\"},\"url\":\"https:\\\/\\\/folhapopular.info\\\/index.php\\\/author\\\/redacao\\\/\"}]}<\/script>\n<!-- \/ Yoast SEO plugin. -->","yoast_head_json":{"title":"BM de Teut\u00f4nia atendeu dois casos de viol\u00eancia dom\u00e9stica - Folha Popular","robots":{"index":"index","follow":"follow","max-snippet":"max-snippet:-1","max-image-preview":"max-image-preview:large","max-video-preview":"max-video-preview:-1"},"canonical":"https:\/\/folhapopular.info\/index.php\/2021\/10\/02\/bm-de-teutonia-atendeu-dois-casos-de-violencia-domestica\/","og_locale":"pt_BR","og_type":"article","og_title":"BM de Teut\u00f4nia atendeu dois casos de viol\u00eancia dom\u00e9stica - Folha Popular","og_description":"Duas ocorr\u00eancias de viol\u00eancia dom\u00e9stica contra a mulher \u2013 Lei Maria da Penha \u2013 atendidas pela Brigada Militar de Teut\u00f4nia na noite desta sexta-feira (1\u00ba\/10). Os casos de Maria da Penha tem aumentado significativamente nos \u00faltimos meses, de acordo com o comando da BM. \u00c0s 20h, um homem de 32 anos foi preso em flagrante [&hellip;]","og_url":"https:\/\/folhapopular.info\/index.php\/2021\/10\/02\/bm-de-teutonia-atendeu-dois-casos-de-violencia-domestica\/","og_site_name":"Folha Popular","article_published_time":"2021-10-02T17:41:08+00:00","article_modified_time":"2021-10-02T17:41:13+00:00","og_image":[{"width":1280,"height":705,"url":"https:\/\/folhapopular.info\/wp-content\/uploads\/2021\/09\/WhatsApp-Image-2021-09-17-at-16.26.23.jpeg","type":"image\/jpeg"}],"author":"Reda\u00e7\u00e3o Folha Popular","twitter_card":"summary_large_image","twitter_misc":{"Escrito por":"Reda\u00e7\u00e3o Folha Popular","Est. tempo de leitura":"1 minuto"},"schema":{"@context":"https:\/\/schema.org","@graph":[{"@type":"Article","@id":"https:\/\/folhapopular.info\/index.php\/2021\/10\/02\/bm-de-teutonia-atendeu-dois-casos-de-violencia-domestica\/#article","isPartOf":{"@id":"https:\/\/folhapopular.info\/index.php\/2021\/10\/02\/bm-de-teutonia-atendeu-dois-casos-de-violencia-domestica\/"},"author":{"name":"Reda\u00e7\u00e3o Folha Popular","@id":"https:\/\/folhapopular.info\/#\/schema\/person\/2814e8a0df7643585a9ca38bc6eb9d4b"},"headline":"BM de Teut\u00f4nia atendeu dois casos de viol\u00eancia dom\u00e9stica","datePublished":"2021-10-02T17:41:08+00:00","dateModified":"2021-10-02T17:41:13+00:00","mainEntityOfPage":{"@id":"https:\/\/folhapopular.info\/index.php\/2021\/10\/02\/bm-de-teutonia-atendeu-dois-casos-de-violencia-domestica\/"},"wordCount":204,"commentCount":0,"image":{"@id":"https:\/\/folhapopular.info\/index.php\/2021\/10\/02\/bm-de-teutonia-atendeu-dois-casos-de-violencia-domestica\/#primaryimage"},"thumbnailUrl":"https:\/\/folhapopular.info\/wp-content\/uploads\/2021\/09\/WhatsApp-Image-2021-09-17-at-16.26.23.jpeg","keywords":["Lei Maria da Penha","Teut\u00f4nia"],"articleSection":["Seguran\u00e7a"],"inLanguage":"pt-BR","potentialAction":[{"@type":"CommentAction","name":"Comment","target":["https:\/\/folhapopular.info\/index.php\/2021\/10\/02\/bm-de-teutonia-atendeu-dois-casos-de-violencia-domestica\/#respond"]}]},{"@type":"WebPage","@id":"https:\/\/folhapopular.info\/index.php\/2021\/10\/02\/bm-de-teutonia-atendeu-dois-casos-de-violencia-domestica\/","url":"https:\/\/folhapopular.info\/index.php\/2021\/10\/02\/bm-de-teutonia-atendeu-dois-casos-de-violencia-domestica\/","name":"BM de Teut\u00f4nia atendeu dois casos de viol\u00eancia dom\u00e9stica - Folha Popular","isPartOf":{"@id":"https:\/\/folhapopular.info\/#website"},"primaryImageOfPage":{"@id":"https:\/\/folhapopular.info\/index.php\/2021\/10\/02\/bm-de-teutonia-atendeu-dois-casos-de-violencia-domestica\/#primaryimage"},"image":{"@id":"https:\/\/folhapopular.info\/index.php\/2021\/10\/02\/bm-de-teutonia-atendeu-dois-casos-de-violencia-domestica\/#primaryimage"},"thumbnailUrl":"https:\/\/folhapopular.info\/wp-content\/uploads\/2021\/09\/WhatsApp-Image-2021-09-17-at-16.26.23.jpeg","datePublished":"2021-10-02T17:41:08+00:00","dateModified":"2021-10-02T17:41:13+00:00","author":{"@id":"https:\/\/folhapopular.info\/#\/schema\/person\/2814e8a0df7643585a9ca38bc6eb9d4b"},"breadcrumb":{"@id":"https:\/\/folhapopular.info\/index.php\/2021\/10\/02\/bm-de-teutonia-atendeu-dois-casos-de-violencia-domestica\/#breadcrumb"},"inLanguage":"pt-BR","potentialAction":[{"@type":"ReadAction","target":["https:\/\/folhapopular.info\/index.php\/2021\/10\/02\/bm-de-teutonia-atendeu-dois-casos-de-violencia-domestica\/"]}]},{"@type":"ImageObject","inLanguage":"pt-BR","@id":"https:\/\/folhapopular.info\/index.php\/2021\/10\/02\/bm-de-teutonia-atendeu-dois-casos-de-violencia-domestica\/#primaryimage","url":"https:\/\/folhapopular.info\/wp-content\/uploads\/2021\/09\/WhatsApp-Image-2021-09-17-at-16.26.23.jpeg","contentUrl":"https:\/\/folhapopular.info\/wp-content\/uploads\/2021\/09\/WhatsApp-Image-2021-09-17-at-16.26.23.jpeg","width":1280,"height":705,"caption":"Cr\u00e9dito: Divulga\u00e7\u00e3o Brigada Militar"},{"@type":"BreadcrumbList","@id":"https:\/\/folhapopular.info\/index.php\/2021\/10\/02\/bm-de-teutonia-atendeu-dois-casos-de-violencia-domestica\/#breadcrumb","itemListElement":[{"@type":"ListItem","position":1,"name":"In\u00edcio","item":"https:\/\/folhapopular.info\/"},{"@type":"ListItem","position":2,"name":"BM de Teut\u00f4nia atendeu dois casos de viol\u00eancia dom\u00e9stica"}]},{"@type":"WebSite","@id":"https:\/\/folhapopular.info\/#website","url":"https:\/\/folhapopular.info\/","name":"Folha Popular","description":"Onde voc\u00ea tem vez e voz","potentialAction":[{"@type":"SearchAction","target":{"@type":"EntryPoint","urlTemplate":"https:\/\/folhapopular.info\/?s={search_term_string}"},"query-input":{"@type":"PropertyValueSpecification","valueRequired":true,"valueName":"search_term_string"}}],"inLanguage":"pt-BR"},{"@type":"Person","@id":"https:\/\/folhapopular.info\/#\/schema\/person\/2814e8a0df7643585a9ca38bc6eb9d4b","name":"Reda\u00e7\u00e3o Folha Popular","image":{"@type":"ImageObject","inLanguage":"pt-BR","@id":"https:\/\/folhapopular.info\/wp-content\/uploads\/2026\/04\/Folha-1.webp","url":"https:\/\/folhapopular.info\/wp-content\/uploads\/2026\/04\/Folha-1.webp","contentUrl":"https:\/\/folhapopular.info\/wp-content\/uploads\/2026\/04\/Folha-1.webp","caption":"Reda\u00e7\u00e3o Folha Popular"},"url":"https:\/\/folhapopular.info\/index.php\/author\/redacao\/"}]}},"jetpack_featured_media_url":"https:\/\/folhapopular.info\/wp-content\/uploads\/2021\/09\/WhatsApp-Image-2021-09-17-at-16.26.23.jpeg","jetpack_sharing_enabled":true,"amp_enabled":true,"_links":{"self":[{"href":"https:\/\/folhapopular.info\/index.php\/wp-json\/wp\/v2\/posts\/90494","targetHints":{"allow":["GET"]}}],"collection":[{"href":"https:\/\/folhapopular.info\/index.php\/wp-json\/wp\/v2\/posts"}],"about":[{"href":"https:\/\/folhapopular.info\/index.php\/wp-json\/wp\/v2\/types\/post"}],"author":[{"embeddable":true,"href":"https:\/\/folhapopular.info\/index.php\/wp-json\/wp\/v2\/users\/8"}],"replies":[{"embeddable":true,"href":"https:\/\/folhapopular.info\/index.php\/wp-json\/wp\/v2\/comments?post=90494"}],"version-history":[{"count":0,"href":"https:\/\/folhapopular.info\/index.php\/wp-json\/wp\/v2\/posts\/90494\/revisions"}],"wp:featuredmedia":[{"embeddable":true,"href":"https:\/\/folhapopular.info\/index.php\/wp-json\/wp\/v2\/media\/89657"}],"wp:attachment":[{"href":"https:\/\/folhapopular.info\/index.php\/wp-json\/wp\/v2\/media?parent=90494"}],"wp:term":[{"taxonomy":"category","embeddable":true,"href":"https:\/\/folhapopular.info\/index.php\/wp-json\/wp\/v2\/categories?post=90494"},{"taxonomy":"post_tag","embeddable":true,"href":"https:\/\/folhapopular.info\/index.php\/wp-json\/wp\/v2\/tags?post=90494"}],"curies":[{"name":"wp","href":"https:\/\/api.w.org\/{rel}","templated":true}]}}