{"id":90788,"date":"2021-10-09T10:58:02","date_gmt":"2021-10-09T13:58:02","guid":{"rendered":"https:\/\/folhapopular.info\/?p=90788"},"modified":"2021-10-09T10:58:06","modified_gmt":"2021-10-09T13:58:06","slug":"o-que-e-preciso-para-valorizar-a-ladeira-mae","status":"publish","type":"post","link":"https:\/\/folhapopular.info\/index.php\/2021\/10\/09\/o-que-e-preciso-para-valorizar-a-ladeira-mae\/","title":{"rendered":"O que \u00e9 preciso para valorizar a ladeira m\u00e3e"},"content":{"rendered":"<p>Ela j\u00e1 foi eleita a ladeira mais r\u00e1pida do mundo, com registro no Guiness Book. Por parte dos atletas de skate downhill \u00e9 conhecida como \u201cladeira m\u00e3e\u201d. Uma das descidas mais respeitadas do planeta no esporte. Sua localiza\u00e7\u00e3o \u00e9 a Linha Harmonia, em Teut\u00f4nia. O munic\u00edpio recebeu competi\u00e7\u00f5es anualmente, de 2004 a 2019, mas a&#8230; <\/p>\n<div class=\"pmpro\">\n<div class=\"pmpro_card pmpro_content_message\">\n<div class=\"pmpro_card_content\">Este conte\u00fado \u00e9 apenas para associados Grupo Popular &#8211; Conte\u00fado Total Anual e Grupo Popular &#8211; Conte\u00fado Total Mensal. <br \/><a href=\"https:\/\/folhapopular.info\/wp-login.php?action=register\">Cadastre-se<\/a><\/div>\n<div class=\"pmpro_card_actions pmpro_font-medium\">J\u00e1 se associou? <a href=\"https:\/\/folhapopular.info\/wp-login.php?redirect_to=https%3A%2F%2Ffolhapopular.info%2Findex.php%2F2021%2F10%2F09%2Fo-que-e-preciso-para-valorizar-a-ladeira-mae%2F\">Acesse aqui<\/a><\/div>\n<\/div>\n<\/div>\n","protected":false},"excerpt":{"rendered":"<p>Ela j\u00e1 foi eleita a ladeira mais r\u00e1pida do mundo, com registro no Guiness Book. Por parte dos atletas de skate downhill \u00e9 conhecida como \u201cladeira m\u00e3e\u201d. Uma das descidas mais respeitadas do planeta no esporte. Sua localiza\u00e7\u00e3o \u00e9 a Linha Harmonia, em Teut\u00f4nia. O munic\u00edpio recebeu competi\u00e7\u00f5es anualmente, de 2004 a 2019, mas a... <\/p>\n<div class=\"pmpro\"><div class=\"pmpro_card pmpro_content_message\"><div class=\"pmpro_card_content\">Este conte\u00fado \u00e9 apenas para associados Grupo Popular - Conte\u00fado Total Anual e Grupo Popular - Conte\u00fado Total Mensal. <br \/><a href=\"https:\/\/folhapopular.info\/wp-login.php?action=register\">Cadastre-se<\/a><\/div><div class=\"pmpro_card_actions pmpro_font-medium\">J\u00e1 se associou? <a href=\"https:\/\/folhapopular.info\/wp-login.php?redirect_to=https%3A%2F%2Ffolhapopular.info%2Findex.php%2F2021%2F10%2F09%2Fo-que-e-preciso-para-valorizar-a-ladeira-mae%2F\">Acesse aqui<\/a><\/div><\/div><\/div>","protected":false},"author":5,"featured_media":90789,"comment_status":"open","ping_status":"open","sticky":false,"template":"","format":"standard","meta":{"pmpro_default_level":"","_jetpack_memberships_contains_paid_content":false,"footnotes":""},"categories":[5990,2,3],"tags":[330,137,7123,2192,26,82],"class_list":{"0":"post-90788","1":"post","2":"type-post","3":"status-publish","4":"format-standard","5":"has-post-thumbnail","7":"category-conteudo-exclusivo","8":"category-featured","9":"category-geral","10":"tag-downhill","11":"tag-esporte","12":"tag-ladeira-mae","13":"tag-linha-harmonia","14":"tag-teutonia","15":"tag-turismo","16":"pmpro-level-required","17":"pmpro-level-2","18":"pmpro-level-4","19":"pmpro-level-5","20":"pmpro-no-access"},"yoast_head":"<!-- This site is optimized with the Yoast SEO plugin v27.5 - https:\/\/yoast.com\/product\/yoast-seo-wordpress\/ -->\n<title>O que \u00e9 preciso para valorizar a ladeira m\u00e3e - Folha Popular<\/title>\n<meta name=\"robots\" content=\"index, follow, max-snippet:-1, max-image-preview:large, max-video-preview:-1\" \/>\n<link rel=\"canonical\" href=\"https:\/\/folhapopular.info\/index.php\/2021\/10\/09\/o-que-e-preciso-para-valorizar-a-ladeira-mae\/\" \/>\n<meta property=\"og:locale\" content=\"pt_BR\" \/>\n<meta property=\"og:type\" content=\"article\" \/>\n<meta property=\"og:title\" content=\"O que \u00e9 preciso para valorizar a ladeira m\u00e3e - Folha Popular\" \/>\n<meta property=\"og:description\" content=\"Ela j\u00e1 foi eleita a ladeira mais r\u00e1pida do mundo, com registro no Guiness Book. Por parte dos atletas de skate downhill \u00e9 conhecida como \u201cladeira m\u00e3e\u201d. Uma das descidas mais respeitadas do planeta no esporte. Sua localiza\u00e7\u00e3o \u00e9 a Linha Harmonia, em Teut\u00f4nia. O munic\u00edpio recebeu competi\u00e7\u00f5es anualmente, de 2004 a 2019, mas a [&hellip;]\" \/>\n<meta property=\"og:url\" content=\"https:\/\/folhapopular.info\/index.php\/2021\/10\/09\/o-que-e-preciso-para-valorizar-a-ladeira-mae\/\" \/>\n<meta property=\"og:site_name\" content=\"Folha Popular\" \/>\n<meta property=\"article:published_time\" content=\"2021-10-09T13:58:02+00:00\" \/>\n<meta property=\"article:modified_time\" content=\"2021-10-09T13:58:06+00:00\" \/>\n<meta property=\"og:image\" content=\"https:\/\/folhapopular.info\/wp-content\/uploads\/2021\/10\/2021_10_06_Ladeira-mae-Harmonia_PG-scaled-e1633787132301.jpg\" \/>\n\t<meta property=\"og:image:width\" content=\"800\" \/>\n\t<meta property=\"og:image:height\" content=\"531\" \/>\n\t<meta property=\"og:image:type\" content=\"image\/jpeg\" \/>\n<meta name=\"author\" content=\"Paloma Cristine Griesang\" \/>\n<meta name=\"twitter:card\" content=\"summary_large_image\" \/>\n<meta name=\"twitter:label1\" content=\"Escrito por\" \/>\n\t<meta name=\"twitter:data1\" content=\"Paloma Cristine Griesang\" \/>\n\t<meta name=\"twitter:label2\" content=\"Est. tempo de leitura\" \/>\n\t<meta name=\"twitter:data2\" content=\"9 minutos\" \/>\n<script type=\"application\/ld+json\" class=\"yoast-schema-graph\">{\"@context\":\"https:\\\/\\\/schema.org\",\"@graph\":[{\"@type\":\"Article\",\"@id\":\"https:\\\/\\\/folhapopular.info\\\/index.php\\\/2021\\\/10\\\/09\\\/o-que-e-preciso-para-valorizar-a-ladeira-mae\\\/#article\",\"isPartOf\":{\"@id\":\"https:\\\/\\\/folhapopular.info\\\/index.php\\\/2021\\\/10\\\/09\\\/o-que-e-preciso-para-valorizar-a-ladeira-mae\\\/\"},\"author\":{\"name\":\"Paloma Cristine Griesang\",\"@id\":\"https:\\\/\\\/folhapopular.info\\\/#\\\/schema\\\/person\\\/6441c3adb14a6337552a9700ef5698d2\"},\"headline\":\"O que \u00e9 preciso para valorizar a ladeira m\u00e3e\",\"datePublished\":\"2021-10-09T13:58:02+00:00\",\"dateModified\":\"2021-10-09T13:58:06+00:00\",\"mainEntityOfPage\":{\"@id\":\"https:\\\/\\\/folhapopular.info\\\/index.php\\\/2021\\\/10\\\/09\\\/o-que-e-preciso-para-valorizar-a-ladeira-mae\\\/\"},\"wordCount\":1969,\"commentCount\":0,\"image\":{\"@id\":\"https:\\\/\\\/folhapopular.info\\\/index.php\\\/2021\\\/10\\\/09\\\/o-que-e-preciso-para-valorizar-a-ladeira-mae\\\/#primaryimage\"},\"thumbnailUrl\":\"https:\\\/\\\/folhapopular.info\\\/wp-content\\\/uploads\\\/2021\\\/10\\\/2021_10_06_Ladeira-mae-Harmonia_PG-scaled-e1633787132301.jpg\",\"keywords\":[\"Downhill\",\"Esporte\",\"Ladeira m\u00e3e\",\"Linha Harmonia\",\"Teut\u00f4nia\",\"Turismo\"],\"articleSection\":[\"Conte\u00fado Exclusivo\",\"Destaques\",\"Geral\"],\"inLanguage\":\"pt-BR\",\"potentialAction\":[{\"@type\":\"CommentAction\",\"name\":\"Comment\",\"target\":[\"https:\\\/\\\/folhapopular.info\\\/index.php\\\/2021\\\/10\\\/09\\\/o-que-e-preciso-para-valorizar-a-ladeira-mae\\\/#respond\"]}]},{\"@type\":\"WebPage\",\"@id\":\"https:\\\/\\\/folhapopular.info\\\/index.php\\\/2021\\\/10\\\/09\\\/o-que-e-preciso-para-valorizar-a-ladeira-mae\\\/\",\"url\":\"https:\\\/\\\/folhapopular.info\\\/index.php\\\/2021\\\/10\\\/09\\\/o-que-e-preciso-para-valorizar-a-ladeira-mae\\\/\",\"name\":\"O que \u00e9 preciso para valorizar a ladeira m\u00e3e - Folha Popular\",\"isPartOf\":{\"@id\":\"https:\\\/\\\/folhapopular.info\\\/#website\"},\"primaryImageOfPage\":{\"@id\":\"https:\\\/\\\/folhapopular.info\\\/index.php\\\/2021\\\/10\\\/09\\\/o-que-e-preciso-para-valorizar-a-ladeira-mae\\\/#primaryimage\"},\"image\":{\"@id\":\"https:\\\/\\\/folhapopular.info\\\/index.php\\\/2021\\\/10\\\/09\\\/o-que-e-preciso-para-valorizar-a-ladeira-mae\\\/#primaryimage\"},\"thumbnailUrl\":\"https:\\\/\\\/folhapopular.info\\\/wp-content\\\/uploads\\\/2021\\\/10\\\/2021_10_06_Ladeira-mae-Harmonia_PG-scaled-e1633787132301.jpg\",\"datePublished\":\"2021-10-09T13:58:02+00:00\",\"dateModified\":\"2021-10-09T13:58:06+00:00\",\"author\":{\"@id\":\"https:\\\/\\\/folhapopular.info\\\/#\\\/schema\\\/person\\\/6441c3adb14a6337552a9700ef5698d2\"},\"breadcrumb\":{\"@id\":\"https:\\\/\\\/folhapopular.info\\\/index.php\\\/2021\\\/10\\\/09\\\/o-que-e-preciso-para-valorizar-a-ladeira-mae\\\/#breadcrumb\"},\"inLanguage\":\"pt-BR\",\"potentialAction\":[{\"@type\":\"ReadAction\",\"target\":[\"https:\\\/\\\/folhapopular.info\\\/index.php\\\/2021\\\/10\\\/09\\\/o-que-e-preciso-para-valorizar-a-ladeira-mae\\\/\"]}]},{\"@type\":\"ImageObject\",\"inLanguage\":\"pt-BR\",\"@id\":\"https:\\\/\\\/folhapopular.info\\\/index.php\\\/2021\\\/10\\\/09\\\/o-que-e-preciso-para-valorizar-a-ladeira-mae\\\/#primaryimage\",\"url\":\"https:\\\/\\\/folhapopular.info\\\/wp-content\\\/uploads\\\/2021\\\/10\\\/2021_10_06_Ladeira-mae-Harmonia_PG-scaled-e1633787132301.jpg\",\"contentUrl\":\"https:\\\/\\\/folhapopular.info\\\/wp-content\\\/uploads\\\/2021\\\/10\\\/2021_10_06_Ladeira-mae-Harmonia_PG-scaled-e1633787132301.jpg\",\"width\":800,\"height\":531,\"caption\":\"Uma placa indica que o local serve para a pr\u00e1tica do esporte, mas atletas aguardam investimento que recupere a pista \\\/ Cr\u00e9dito: Paloma Griesang\"},{\"@type\":\"BreadcrumbList\",\"@id\":\"https:\\\/\\\/folhapopular.info\\\/index.php\\\/2021\\\/10\\\/09\\\/o-que-e-preciso-para-valorizar-a-ladeira-mae\\\/#breadcrumb\",\"itemListElement\":[{\"@type\":\"ListItem\",\"position\":1,\"name\":\"In\u00edcio\",\"item\":\"https:\\\/\\\/folhapopular.info\\\/\"},{\"@type\":\"ListItem\",\"position\":2,\"name\":\"O que \u00e9 preciso para valorizar a ladeira m\u00e3e\"}]},{\"@type\":\"WebSite\",\"@id\":\"https:\\\/\\\/folhapopular.info\\\/#website\",\"url\":\"https:\\\/\\\/folhapopular.info\\\/\",\"name\":\"Folha Popular\",\"description\":\"Onde voc\u00ea tem vez e voz\",\"potentialAction\":[{\"@type\":\"SearchAction\",\"target\":{\"@type\":\"EntryPoint\",\"urlTemplate\":\"https:\\\/\\\/folhapopular.info\\\/?s={search_term_string}\"},\"query-input\":{\"@type\":\"PropertyValueSpecification\",\"valueRequired\":true,\"valueName\":\"search_term_string\"}}],\"inLanguage\":\"pt-BR\"},{\"@type\":\"Person\",\"@id\":\"https:\\\/\\\/folhapopular.info\\\/#\\\/schema\\\/person\\\/6441c3adb14a6337552a9700ef5698d2\",\"name\":\"Paloma Cristine Griesang\",\"image\":{\"@type\":\"ImageObject\",\"inLanguage\":\"pt-BR\",\"@id\":\"https:\\\/\\\/secure.gravatar.com\\\/avatar\\\/7a1c3f1e1b05846882a13987cf3bd04239fe0ea8fd472d7d16d7f21c265005a5?s=96&d=mm&r=g\",\"url\":\"https:\\\/\\\/secure.gravatar.com\\\/avatar\\\/7a1c3f1e1b05846882a13987cf3bd04239fe0ea8fd472d7d16d7f21c265005a5?s=96&d=mm&r=g\",\"contentUrl\":\"https:\\\/\\\/secure.gravatar.com\\\/avatar\\\/7a1c3f1e1b05846882a13987cf3bd04239fe0ea8fd472d7d16d7f21c265005a5?s=96&d=mm&r=g\",\"caption\":\"Paloma Cristine Griesang\"},\"url\":\"https:\\\/\\\/folhapopular.info\\\/index.php\\\/author\\\/paloma-griesang\\\/\"}]}<\/script>\n<!-- \/ Yoast SEO plugin. -->","yoast_head_json":{"title":"O que \u00e9 preciso para valorizar a ladeira m\u00e3e - Folha Popular","robots":{"index":"index","follow":"follow","max-snippet":"max-snippet:-1","max-image-preview":"max-image-preview:large","max-video-preview":"max-video-preview:-1"},"canonical":"https:\/\/folhapopular.info\/index.php\/2021\/10\/09\/o-que-e-preciso-para-valorizar-a-ladeira-mae\/","og_locale":"pt_BR","og_type":"article","og_title":"O que \u00e9 preciso para valorizar a ladeira m\u00e3e - Folha Popular","og_description":"Ela j\u00e1 foi eleita a ladeira mais r\u00e1pida do mundo, com registro no Guiness Book. Por parte dos atletas de skate downhill \u00e9 conhecida como \u201cladeira m\u00e3e\u201d. Uma das descidas mais respeitadas do planeta no esporte. Sua localiza\u00e7\u00e3o \u00e9 a Linha Harmonia, em Teut\u00f4nia. O munic\u00edpio recebeu competi\u00e7\u00f5es anualmente, de 2004 a 2019, mas a [&hellip;]","og_url":"https:\/\/folhapopular.info\/index.php\/2021\/10\/09\/o-que-e-preciso-para-valorizar-a-ladeira-mae\/","og_site_name":"Folha Popular","article_published_time":"2021-10-09T13:58:02+00:00","article_modified_time":"2021-10-09T13:58:06+00:00","og_image":[{"width":800,"height":531,"url":"https:\/\/folhapopular.info\/wp-content\/uploads\/2021\/10\/2021_10_06_Ladeira-mae-Harmonia_PG-scaled-e1633787132301.jpg","type":"image\/jpeg"}],"author":"Paloma Cristine Griesang","twitter_card":"summary_large_image","twitter_misc":{"Escrito por":"Paloma Cristine Griesang","Est. tempo de leitura":"9 minutos"},"schema":{"@context":"https:\/\/schema.org","@graph":[{"@type":"Article","@id":"https:\/\/folhapopular.info\/index.php\/2021\/10\/09\/o-que-e-preciso-para-valorizar-a-ladeira-mae\/#article","isPartOf":{"@id":"https:\/\/folhapopular.info\/index.php\/2021\/10\/09\/o-que-e-preciso-para-valorizar-a-ladeira-mae\/"},"author":{"name":"Paloma Cristine Griesang","@id":"https:\/\/folhapopular.info\/#\/schema\/person\/6441c3adb14a6337552a9700ef5698d2"},"headline":"O que \u00e9 preciso para valorizar a ladeira m\u00e3e","datePublished":"2021-10-09T13:58:02+00:00","dateModified":"2021-10-09T13:58:06+00:00","mainEntityOfPage":{"@id":"https:\/\/folhapopular.info\/index.php\/2021\/10\/09\/o-que-e-preciso-para-valorizar-a-ladeira-mae\/"},"wordCount":1969,"commentCount":0,"image":{"@id":"https:\/\/folhapopular.info\/index.php\/2021\/10\/09\/o-que-e-preciso-para-valorizar-a-ladeira-mae\/#primaryimage"},"thumbnailUrl":"https:\/\/folhapopular.info\/wp-content\/uploads\/2021\/10\/2021_10_06_Ladeira-mae-Harmonia_PG-scaled-e1633787132301.jpg","keywords":["Downhill","Esporte","Ladeira m\u00e3e","Linha Harmonia","Teut\u00f4nia","Turismo"],"articleSection":["Conte\u00fado Exclusivo","Destaques","Geral"],"inLanguage":"pt-BR","potentialAction":[{"@type":"CommentAction","name":"Comment","target":["https:\/\/folhapopular.info\/index.php\/2021\/10\/09\/o-que-e-preciso-para-valorizar-a-ladeira-mae\/#respond"]}]},{"@type":"WebPage","@id":"https:\/\/folhapopular.info\/index.php\/2021\/10\/09\/o-que-e-preciso-para-valorizar-a-ladeira-mae\/","url":"https:\/\/folhapopular.info\/index.php\/2021\/10\/09\/o-que-e-preciso-para-valorizar-a-ladeira-mae\/","name":"O que \u00e9 preciso para valorizar a ladeira m\u00e3e - Folha Popular","isPartOf":{"@id":"https:\/\/folhapopular.info\/#website"},"primaryImageOfPage":{"@id":"https:\/\/folhapopular.info\/index.php\/2021\/10\/09\/o-que-e-preciso-para-valorizar-a-ladeira-mae\/#primaryimage"},"image":{"@id":"https:\/\/folhapopular.info\/index.php\/2021\/10\/09\/o-que-e-preciso-para-valorizar-a-ladeira-mae\/#primaryimage"},"thumbnailUrl":"https:\/\/folhapopular.info\/wp-content\/uploads\/2021\/10\/2021_10_06_Ladeira-mae-Harmonia_PG-scaled-e1633787132301.jpg","datePublished":"2021-10-09T13:58:02+00:00","dateModified":"2021-10-09T13:58:06+00:00","author":{"@id":"https:\/\/folhapopular.info\/#\/schema\/person\/6441c3adb14a6337552a9700ef5698d2"},"breadcrumb":{"@id":"https:\/\/folhapopular.info\/index.php\/2021\/10\/09\/o-que-e-preciso-para-valorizar-a-ladeira-mae\/#breadcrumb"},"inLanguage":"pt-BR","potentialAction":[{"@type":"ReadAction","target":["https:\/\/folhapopular.info\/index.php\/2021\/10\/09\/o-que-e-preciso-para-valorizar-a-ladeira-mae\/"]}]},{"@type":"ImageObject","inLanguage":"pt-BR","@id":"https:\/\/folhapopular.info\/index.php\/2021\/10\/09\/o-que-e-preciso-para-valorizar-a-ladeira-mae\/#primaryimage","url":"https:\/\/folhapopular.info\/wp-content\/uploads\/2021\/10\/2021_10_06_Ladeira-mae-Harmonia_PG-scaled-e1633787132301.jpg","contentUrl":"https:\/\/folhapopular.info\/wp-content\/uploads\/2021\/10\/2021_10_06_Ladeira-mae-Harmonia_PG-scaled-e1633787132301.jpg","width":800,"height":531,"caption":"Uma placa indica que o local serve para a pr\u00e1tica do esporte, mas atletas aguardam investimento que recupere a pista \/ Cr\u00e9dito: Paloma Griesang"},{"@type":"BreadcrumbList","@id":"https:\/\/folhapopular.info\/index.php\/2021\/10\/09\/o-que-e-preciso-para-valorizar-a-ladeira-mae\/#breadcrumb","itemListElement":[{"@type":"ListItem","position":1,"name":"In\u00edcio","item":"https:\/\/folhapopular.info\/"},{"@type":"ListItem","position":2,"name":"O que \u00e9 preciso para valorizar a ladeira m\u00e3e"}]},{"@type":"WebSite","@id":"https:\/\/folhapopular.info\/#website","url":"https:\/\/folhapopular.info\/","name":"Folha Popular","description":"Onde voc\u00ea tem vez e voz","potentialAction":[{"@type":"SearchAction","target":{"@type":"EntryPoint","urlTemplate":"https:\/\/folhapopular.info\/?s={search_term_string}"},"query-input":{"@type":"PropertyValueSpecification","valueRequired":true,"valueName":"search_term_string"}}],"inLanguage":"pt-BR"},{"@type":"Person","@id":"https:\/\/folhapopular.info\/#\/schema\/person\/6441c3adb14a6337552a9700ef5698d2","name":"Paloma Cristine Griesang","image":{"@type":"ImageObject","inLanguage":"pt-BR","@id":"https:\/\/secure.gravatar.com\/avatar\/7a1c3f1e1b05846882a13987cf3bd04239fe0ea8fd472d7d16d7f21c265005a5?s=96&d=mm&r=g","url":"https:\/\/secure.gravatar.com\/avatar\/7a1c3f1e1b05846882a13987cf3bd04239fe0ea8fd472d7d16d7f21c265005a5?s=96&d=mm&r=g","contentUrl":"https:\/\/secure.gravatar.com\/avatar\/7a1c3f1e1b05846882a13987cf3bd04239fe0ea8fd472d7d16d7f21c265005a5?s=96&d=mm&r=g","caption":"Paloma Cristine Griesang"},"url":"https:\/\/folhapopular.info\/index.php\/author\/paloma-griesang\/"}]}},"jetpack_featured_media_url":"https:\/\/folhapopular.info\/wp-content\/uploads\/2021\/10\/2021_10_06_Ladeira-mae-Harmonia_PG-scaled-e1633787132301.jpg","jetpack_sharing_enabled":true,"amp_enabled":true,"_links":{"self":[{"href":"https:\/\/folhapopular.info\/index.php\/wp-json\/wp\/v2\/posts\/90788","targetHints":{"allow":["GET"]}}],"collection":[{"href":"https:\/\/folhapopular.info\/index.php\/wp-json\/wp\/v2\/posts"}],"about":[{"href":"https:\/\/folhapopular.info\/index.php\/wp-json\/wp\/v2\/types\/post"}],"author":[{"embeddable":true,"href":"https:\/\/folhapopular.info\/index.php\/wp-json\/wp\/v2\/users\/5"}],"replies":[{"embeddable":true,"href":"https:\/\/folhapopular.info\/index.php\/wp-json\/wp\/v2\/comments?post=90788"}],"version-history":[{"count":0,"href":"https:\/\/folhapopular.info\/index.php\/wp-json\/wp\/v2\/posts\/90788\/revisions"}],"wp:featuredmedia":[{"embeddable":true,"href":"https:\/\/folhapopular.info\/index.php\/wp-json\/wp\/v2\/media\/90789"}],"wp:attachment":[{"href":"https:\/\/folhapopular.info\/index.php\/wp-json\/wp\/v2\/media?parent=90788"}],"wp:term":[{"taxonomy":"category","embeddable":true,"href":"https:\/\/folhapopular.info\/index.php\/wp-json\/wp\/v2\/categories?post=90788"},{"taxonomy":"post_tag","embeddable":true,"href":"https:\/\/folhapopular.info\/index.php\/wp-json\/wp\/v2\/tags?post=90788"}],"curies":[{"name":"wp","href":"https:\/\/api.w.org\/{rel}","templated":true}]}}