{"id":90831,"date":"2021-10-11T09:16:07","date_gmt":"2021-10-11T12:16:07","guid":{"rendered":"https:\/\/folhapopular.info\/?p=90831"},"modified":"2021-10-11T09:16:11","modified_gmt":"2021-10-11T12:16:11","slug":"teutonia-antecipa-2a-dose-da-pfizer","status":"publish","type":"post","link":"https:\/\/folhapopular.info\/index.php\/2021\/10\/11\/teutonia-antecipa-2a-dose-da-pfizer\/","title":{"rendered":"Teut\u00f4nia antecipa 2\u00aa dose da Pfizer"},"content":{"rendered":"\n<p>A Secretaria Municipal de Sa\u00fade, atrav\u00e9s da Vigil\u00e2ncia Epidemiol\u00f3gica, comunica que a 2\u00aa Dose da vacina Pfizer ser\u00e1 antecipada em Teut\u00f4nia. A antecipa\u00e7\u00e3o ser\u00e1 realizada em pessoas que completaram o intervalo m\u00ednimo de 8 semanas (56 dias) com rela\u00e7\u00e3o \u00e0 data da 1\u00aa dose, e estar\u00e1 dispon\u00edvel em todas as Unidades B\u00e1sicas de Sa\u00fade, mediante agendamento pr\u00e9vio. A antecipa\u00e7\u00e3o ocorre devido \u00e0 baixa procura das pessoas para receber a segunda dose da vacina contra a Covid-19.<\/p>\n\n\n\n<p>O munic\u00edpio refor\u00e7a a import\u00e2ncia de completar o esquema vacinal contra a Covid-19, a fim de aumentar a prote\u00e7\u00e3o da popula\u00e7\u00e3o. A segunda dose pode ser aplicada em qualquer uma das unidades b\u00e1sicas de sa\u00fade, independente de onde a pessoa recebeu a primeira dose.<\/p>\n\n\n\n<p>As equipes de sa\u00fade pedem a colabora\u00e7\u00e3o da popula\u00e7\u00e3o, que ainda n\u00e3o realizou a segunda dose contra a Covid-19, para que busquem a imuniza\u00e7\u00e3o o mais breve poss\u00edvel.<\/p>\n\n\n\n<p><strong>Vacina\u00e7\u00e3o aos s\u00e1bados<\/strong><strong><\/strong><\/p>\n\n\n\n<p>No s\u00e1bado (16\/10), ser\u00e1 realizada a\u00e7\u00e3o de vacina\u00e7\u00e3o em todos os postos de sa\u00fade, das 8h \u00e0s 17h, sem a necessidade de agendamento pr\u00e9vio, para aplica\u00e7\u00e3o de 1\u00aa e 2\u00aa doses, dose de refor\u00e7o, e para os calend\u00e1rios de vacina\u00e7\u00e3o infantil e adulto. As a\u00e7\u00f5es de vacina\u00e7\u00e3o aos s\u00e1bados tamb\u00e9m ocorrer\u00e3o nos dias 06 e 20 de novembro.<\/p>\n\n\n\n<p><strong>Vacina\u00e7\u00e3o adolescentes<\/strong><\/p>\n\n\n\n<p>O munic\u00edpio est\u00e1 vacinando pessoas com 15 anos ou mais, sem comorbidades, em todos os postos de sa\u00fade, mediante agendamento pr\u00e9vio, com a vacina Pfizer.<\/p>\n\n\n\n<p><strong>Dose de refor\u00e7o<\/strong><strong><\/strong><\/p>\n\n\n\n<p>Teut\u00f4nia tamb\u00e9m avan\u00e7a na vacina\u00e7\u00e3o com a dose de refor\u00e7o contra a Covid-19, independente da vacina aplicada anteriormente, para pessoas com 60 anos ou mais, que tenham intervalo m\u00ednimo de 6 meses com rela\u00e7\u00e3o \u00e0 2\u00aa dose, assim como, para pacientes que possuem alto grau de imunossupress\u00e3o (de acordo com tabela do Minist\u00e9rio da Sa\u00fade). A vacina\u00e7\u00e3o ocorrer\u00e1 em todos os postos de sa\u00fade, mediante agendamento pr\u00e9vio.<\/p>\n\n\n\n<p><strong>Tabela do Minist\u00e9rio da Sa\u00fade para casos de alto grau de imunossupress\u00e3o:<\/strong>&nbsp;&nbsp;<\/p>\n\n\n\n<p>&#8211; Imunodefici\u00eancia prim\u00e1ria grave;.<\/p>\n\n\n\n<p>&#8211; Quimioterapia para c\u00e2ncer;<\/p>\n\n\n\n<p>&#8211; Transplantados de \u00f3rg\u00e3o s\u00f3lido ou de c\u00e9lulas tronco hematopoi\u00e9ticas (TCTH) uso de drogas imunossupressoras;<\/p>\n\n\n\n<p>&#8211; Pessoas vivendo com HIV\/AIDS; .<\/p>\n\n\n\n<p>&#8211; Uso de cortic\u00f3ides em doses \u226520 mg\/dia de prednisona,ou equivalente, por &nbsp;\u226514 dias;.<\/p>\n\n\n\n<p>&#8211; Uso de drogas modificadoras da resposta imune;.<\/p>\n\n\n\n<p>&#8211; Auto inflamat\u00f3rias, doen\u00e7as intestinais inflamat\u00f3rias;.<\/p>\n\n\n\n<p>&#8211; Pacientes em hemodi\u00e1lise;<\/p>\n\n\n\n<p>&#8211; Pacientes com doen\u00e7as imunomedianas inflamat\u00f3rias cr\u00f4nicas.<\/p>\n\n\n\n<p><strong>Postos de Sa\u00fade<\/strong><strong><\/strong><\/p>\n\n\n\n<p>Em caso de d\u00favidas ou necessidade de mais informa\u00e7\u00f5es, entre em contato com o posto de sa\u00fade de seu bairro:<\/p>\n\n\n\n<p>Posto de Sa\u00fade \u2013 Bairro Alesgut<\/p>\n\n\n\n<p>(51) 3762-1109<\/p>\n\n\n\n<p>Posto de Sa\u00fade \u2013 Bairro Boa Vista<\/p>\n\n\n\n<p>(51) 3762-2370<\/p>\n\n\n\n<p>Posto de Sa\u00fade \u2013 Bairro Canabarro<\/p>\n\n\n\n<p>(51) 3762-7800<\/p>\n\n\n\n<p>Posto de Sa\u00fade \u2013 Bairro Languiru<\/p>\n\n\n\n<p>(51) 3762-2573<\/p>\n\n\n\n<p>Posto de Sa\u00fade \u2013 Bairro Teut\u00f4nia<\/p>\n\n\n\n<p>(51) 3762-6031<\/p>\n\n\n\n<p>Posto de Sa\u00fade \u2013 Loteamento 8<\/p>\n\n\n\n<p>(51) 3762-8436<\/p>\n\n\n\n<p>ESF 3 &#8211; Bairro Canabarro<\/p>\n\n\n\n<p>(51) 3762-7806<\/p>\n","protected":false},"excerpt":{"rendered":"<p>A Secretaria Municipal de Sa\u00fade, atrav\u00e9s da Vigil\u00e2ncia Epidemiol\u00f3gica, comunica que a 2\u00aa Dose da vacina Pfizer ser\u00e1 antecipada em Teut\u00f4nia. A antecipa\u00e7\u00e3o ser\u00e1 realizada em pessoas que completaram o intervalo m\u00ednimo de 8 semanas (56 dias) com rela\u00e7\u00e3o \u00e0 data da 1\u00aa dose, e estar\u00e1 dispon\u00edvel em todas as Unidades B\u00e1sicas de Sa\u00fade, mediante [&hellip;]<\/p>\n","protected":false},"author":8,"featured_media":90832,"comment_status":"open","ping_status":"open","sticky":false,"template":"","format":"standard","meta":{"pmpro_default_level":"","_jetpack_memberships_contains_paid_content":false,"footnotes":""},"categories":[5756,2,3],"tags":[7020,6626,6582,26,87],"class_list":{"0":"post-90831","1":"post","2":"type-post","3":"status-publish","4":"format-standard","5":"has-post-thumbnail","7":"category-coronavirus","8":"category-featured","9":"category-geral","10":"tag-dose-de-reforco","11":"tag-pfizer","12":"tag-segunda-dose","13":"tag-teutonia","14":"tag-vacinacao","15":"pmpro-has-access"},"yoast_head":"<!-- This site is optimized with the Yoast SEO plugin v27.5 - https:\/\/yoast.com\/product\/yoast-seo-wordpress\/ -->\n<title>Teut\u00f4nia antecipa 2\u00aa dose da Pfizer - Folha Popular<\/title>\n<meta name=\"robots\" content=\"index, follow, max-snippet:-1, max-image-preview:large, max-video-preview:-1\" \/>\n<link rel=\"canonical\" href=\"https:\/\/folhapopular.info\/index.php\/2021\/10\/11\/teutonia-antecipa-2a-dose-da-pfizer\/\" \/>\n<meta property=\"og:locale\" content=\"pt_BR\" \/>\n<meta property=\"og:type\" content=\"article\" \/>\n<meta property=\"og:title\" content=\"Teut\u00f4nia antecipa 2\u00aa dose da Pfizer - Folha Popular\" \/>\n<meta property=\"og:description\" content=\"A Secretaria Municipal de Sa\u00fade, atrav\u00e9s da Vigil\u00e2ncia Epidemiol\u00f3gica, comunica que a 2\u00aa Dose da vacina Pfizer ser\u00e1 antecipada em Teut\u00f4nia. A antecipa\u00e7\u00e3o ser\u00e1 realizada em pessoas que completaram o intervalo m\u00ednimo de 8 semanas (56 dias) com rela\u00e7\u00e3o \u00e0 data da 1\u00aa dose, e estar\u00e1 dispon\u00edvel em todas as Unidades B\u00e1sicas de Sa\u00fade, mediante [&hellip;]\" \/>\n<meta property=\"og:url\" content=\"https:\/\/folhapopular.info\/index.php\/2021\/10\/11\/teutonia-antecipa-2a-dose-da-pfizer\/\" \/>\n<meta property=\"og:site_name\" content=\"Folha Popular\" \/>\n<meta property=\"article:published_time\" content=\"2021-10-11T12:16:07+00:00\" \/>\n<meta property=\"article:modified_time\" content=\"2021-10-11T12:16:11+00:00\" \/>\n<meta property=\"og:image\" content=\"https:\/\/folhapopular.info\/wp-content\/uploads\/2021\/10\/2021_10_11_Teutonia-antecipa-2a-dose-da-Pfizer-3-scaled-e1633952636234.jpg\" \/>\n\t<meta property=\"og:image:width\" content=\"800\" \/>\n\t<meta property=\"og:image:height\" content=\"600\" \/>\n\t<meta property=\"og:image:type\" content=\"image\/jpeg\" \/>\n<meta name=\"author\" content=\"Reda\u00e7\u00e3o Folha Popular\" \/>\n<meta name=\"twitter:card\" content=\"summary_large_image\" \/>\n<meta name=\"twitter:label1\" content=\"Escrito por\" \/>\n\t<meta name=\"twitter:data1\" content=\"Reda\u00e7\u00e3o Folha Popular\" \/>\n\t<meta name=\"twitter:label2\" content=\"Est. tempo de leitura\" \/>\n\t<meta name=\"twitter:data2\" content=\"2 minutos\" \/>\n<script type=\"application\/ld+json\" class=\"yoast-schema-graph\">{\"@context\":\"https:\\\/\\\/schema.org\",\"@graph\":[{\"@type\":\"Article\",\"@id\":\"https:\\\/\\\/folhapopular.info\\\/index.php\\\/2021\\\/10\\\/11\\\/teutonia-antecipa-2a-dose-da-pfizer\\\/#article\",\"isPartOf\":{\"@id\":\"https:\\\/\\\/folhapopular.info\\\/index.php\\\/2021\\\/10\\\/11\\\/teutonia-antecipa-2a-dose-da-pfizer\\\/\"},\"author\":{\"name\":\"Reda\u00e7\u00e3o Folha Popular\",\"@id\":\"https:\\\/\\\/folhapopular.info\\\/#\\\/schema\\\/person\\\/2814e8a0df7643585a9ca38bc6eb9d4b\"},\"headline\":\"Teut\u00f4nia antecipa 2\u00aa dose da Pfizer\",\"datePublished\":\"2021-10-11T12:16:07+00:00\",\"dateModified\":\"2021-10-11T12:16:11+00:00\",\"mainEntityOfPage\":{\"@id\":\"https:\\\/\\\/folhapopular.info\\\/index.php\\\/2021\\\/10\\\/11\\\/teutonia-antecipa-2a-dose-da-pfizer\\\/\"},\"wordCount\":532,\"commentCount\":0,\"image\":{\"@id\":\"https:\\\/\\\/folhapopular.info\\\/index.php\\\/2021\\\/10\\\/11\\\/teutonia-antecipa-2a-dose-da-pfizer\\\/#primaryimage\"},\"thumbnailUrl\":\"https:\\\/\\\/folhapopular.info\\\/wp-content\\\/uploads\\\/2021\\\/10\\\/2021_10_11_Teutonia-antecipa-2a-dose-da-Pfizer-3-scaled-e1633952636234.jpg\",\"keywords\":[\"Dose de Refor\u00e7o\",\"Pfizer\",\"segunda dose\",\"Teut\u00f4nia\",\"Vacina\u00e7\u00e3o\"],\"articleSection\":[\"Coronav\u00edrus\",\"Destaques\",\"Geral\"],\"inLanguage\":\"pt-BR\",\"potentialAction\":[{\"@type\":\"CommentAction\",\"name\":\"Comment\",\"target\":[\"https:\\\/\\\/folhapopular.info\\\/index.php\\\/2021\\\/10\\\/11\\\/teutonia-antecipa-2a-dose-da-pfizer\\\/#respond\"]}]},{\"@type\":\"WebPage\",\"@id\":\"https:\\\/\\\/folhapopular.info\\\/index.php\\\/2021\\\/10\\\/11\\\/teutonia-antecipa-2a-dose-da-pfizer\\\/\",\"url\":\"https:\\\/\\\/folhapopular.info\\\/index.php\\\/2021\\\/10\\\/11\\\/teutonia-antecipa-2a-dose-da-pfizer\\\/\",\"name\":\"Teut\u00f4nia antecipa 2\u00aa dose da Pfizer - Folha Popular\",\"isPartOf\":{\"@id\":\"https:\\\/\\\/folhapopular.info\\\/#website\"},\"primaryImageOfPage\":{\"@id\":\"https:\\\/\\\/folhapopular.info\\\/index.php\\\/2021\\\/10\\\/11\\\/teutonia-antecipa-2a-dose-da-pfizer\\\/#primaryimage\"},\"image\":{\"@id\":\"https:\\\/\\\/folhapopular.info\\\/index.php\\\/2021\\\/10\\\/11\\\/teutonia-antecipa-2a-dose-da-pfizer\\\/#primaryimage\"},\"thumbnailUrl\":\"https:\\\/\\\/folhapopular.info\\\/wp-content\\\/uploads\\\/2021\\\/10\\\/2021_10_11_Teutonia-antecipa-2a-dose-da-Pfizer-3-scaled-e1633952636234.jpg\",\"datePublished\":\"2021-10-11T12:16:07+00:00\",\"dateModified\":\"2021-10-11T12:16:11+00:00\",\"author\":{\"@id\":\"https:\\\/\\\/folhapopular.info\\\/#\\\/schema\\\/person\\\/2814e8a0df7643585a9ca38bc6eb9d4b\"},\"breadcrumb\":{\"@id\":\"https:\\\/\\\/folhapopular.info\\\/index.php\\\/2021\\\/10\\\/11\\\/teutonia-antecipa-2a-dose-da-pfizer\\\/#breadcrumb\"},\"inLanguage\":\"pt-BR\",\"potentialAction\":[{\"@type\":\"ReadAction\",\"target\":[\"https:\\\/\\\/folhapopular.info\\\/index.php\\\/2021\\\/10\\\/11\\\/teutonia-antecipa-2a-dose-da-pfizer\\\/\"]}]},{\"@type\":\"ImageObject\",\"inLanguage\":\"pt-BR\",\"@id\":\"https:\\\/\\\/folhapopular.info\\\/index.php\\\/2021\\\/10\\\/11\\\/teutonia-antecipa-2a-dose-da-pfizer\\\/#primaryimage\",\"url\":\"https:\\\/\\\/folhapopular.info\\\/wp-content\\\/uploads\\\/2021\\\/10\\\/2021_10_11_Teutonia-antecipa-2a-dose-da-Pfizer-3-scaled-e1633952636234.jpg\",\"contentUrl\":\"https:\\\/\\\/folhapopular.info\\\/wp-content\\\/uploads\\\/2021\\\/10\\\/2021_10_11_Teutonia-antecipa-2a-dose-da-Pfizer-3-scaled-e1633952636234.jpg\",\"width\":800,\"height\":600,\"caption\":\"Cr\u00e9dito: Alana Gausmann Flores \\\/ Divulga\u00e7\u00e3o\"},{\"@type\":\"BreadcrumbList\",\"@id\":\"https:\\\/\\\/folhapopular.info\\\/index.php\\\/2021\\\/10\\\/11\\\/teutonia-antecipa-2a-dose-da-pfizer\\\/#breadcrumb\",\"itemListElement\":[{\"@type\":\"ListItem\",\"position\":1,\"name\":\"In\u00edcio\",\"item\":\"https:\\\/\\\/folhapopular.info\\\/\"},{\"@type\":\"ListItem\",\"position\":2,\"name\":\"Teut\u00f4nia antecipa 2\u00aa dose da Pfizer\"}]},{\"@type\":\"WebSite\",\"@id\":\"https:\\\/\\\/folhapopular.info\\\/#website\",\"url\":\"https:\\\/\\\/folhapopular.info\\\/\",\"name\":\"Folha Popular\",\"description\":\"Onde voc\u00ea tem vez e voz\",\"potentialAction\":[{\"@type\":\"SearchAction\",\"target\":{\"@type\":\"EntryPoint\",\"urlTemplate\":\"https:\\\/\\\/folhapopular.info\\\/?s={search_term_string}\"},\"query-input\":{\"@type\":\"PropertyValueSpecification\",\"valueRequired\":true,\"valueName\":\"search_term_string\"}}],\"inLanguage\":\"pt-BR\"},{\"@type\":\"Person\",\"@id\":\"https:\\\/\\\/folhapopular.info\\\/#\\\/schema\\\/person\\\/2814e8a0df7643585a9ca38bc6eb9d4b\",\"name\":\"Reda\u00e7\u00e3o Folha Popular\",\"image\":{\"@type\":\"ImageObject\",\"inLanguage\":\"pt-BR\",\"@id\":\"https:\\\/\\\/folhapopular.info\\\/wp-content\\\/uploads\\\/2026\\\/04\\\/Folha-1.webp\",\"url\":\"https:\\\/\\\/folhapopular.info\\\/wp-content\\\/uploads\\\/2026\\\/04\\\/Folha-1.webp\",\"contentUrl\":\"https:\\\/\\\/folhapopular.info\\\/wp-content\\\/uploads\\\/2026\\\/04\\\/Folha-1.webp\",\"caption\":\"Reda\u00e7\u00e3o Folha Popular\"},\"url\":\"https:\\\/\\\/folhapopular.info\\\/index.php\\\/author\\\/redacao\\\/\"}]}<\/script>\n<!-- \/ Yoast SEO plugin. -->","yoast_head_json":{"title":"Teut\u00f4nia antecipa 2\u00aa dose da Pfizer - Folha Popular","robots":{"index":"index","follow":"follow","max-snippet":"max-snippet:-1","max-image-preview":"max-image-preview:large","max-video-preview":"max-video-preview:-1"},"canonical":"https:\/\/folhapopular.info\/index.php\/2021\/10\/11\/teutonia-antecipa-2a-dose-da-pfizer\/","og_locale":"pt_BR","og_type":"article","og_title":"Teut\u00f4nia antecipa 2\u00aa dose da Pfizer - Folha Popular","og_description":"A Secretaria Municipal de Sa\u00fade, atrav\u00e9s da Vigil\u00e2ncia Epidemiol\u00f3gica, comunica que a 2\u00aa Dose da vacina Pfizer ser\u00e1 antecipada em Teut\u00f4nia. A antecipa\u00e7\u00e3o ser\u00e1 realizada em pessoas que completaram o intervalo m\u00ednimo de 8 semanas (56 dias) com rela\u00e7\u00e3o \u00e0 data da 1\u00aa dose, e estar\u00e1 dispon\u00edvel em todas as Unidades B\u00e1sicas de Sa\u00fade, mediante [&hellip;]","og_url":"https:\/\/folhapopular.info\/index.php\/2021\/10\/11\/teutonia-antecipa-2a-dose-da-pfizer\/","og_site_name":"Folha Popular","article_published_time":"2021-10-11T12:16:07+00:00","article_modified_time":"2021-10-11T12:16:11+00:00","og_image":[{"width":800,"height":600,"url":"https:\/\/folhapopular.info\/wp-content\/uploads\/2021\/10\/2021_10_11_Teutonia-antecipa-2a-dose-da-Pfizer-3-scaled-e1633952636234.jpg","type":"image\/jpeg"}],"author":"Reda\u00e7\u00e3o Folha Popular","twitter_card":"summary_large_image","twitter_misc":{"Escrito por":"Reda\u00e7\u00e3o Folha Popular","Est. tempo de leitura":"2 minutos"},"schema":{"@context":"https:\/\/schema.org","@graph":[{"@type":"Article","@id":"https:\/\/folhapopular.info\/index.php\/2021\/10\/11\/teutonia-antecipa-2a-dose-da-pfizer\/#article","isPartOf":{"@id":"https:\/\/folhapopular.info\/index.php\/2021\/10\/11\/teutonia-antecipa-2a-dose-da-pfizer\/"},"author":{"name":"Reda\u00e7\u00e3o Folha Popular","@id":"https:\/\/folhapopular.info\/#\/schema\/person\/2814e8a0df7643585a9ca38bc6eb9d4b"},"headline":"Teut\u00f4nia antecipa 2\u00aa dose da Pfizer","datePublished":"2021-10-11T12:16:07+00:00","dateModified":"2021-10-11T12:16:11+00:00","mainEntityOfPage":{"@id":"https:\/\/folhapopular.info\/index.php\/2021\/10\/11\/teutonia-antecipa-2a-dose-da-pfizer\/"},"wordCount":532,"commentCount":0,"image":{"@id":"https:\/\/folhapopular.info\/index.php\/2021\/10\/11\/teutonia-antecipa-2a-dose-da-pfizer\/#primaryimage"},"thumbnailUrl":"https:\/\/folhapopular.info\/wp-content\/uploads\/2021\/10\/2021_10_11_Teutonia-antecipa-2a-dose-da-Pfizer-3-scaled-e1633952636234.jpg","keywords":["Dose de Refor\u00e7o","Pfizer","segunda dose","Teut\u00f4nia","Vacina\u00e7\u00e3o"],"articleSection":["Coronav\u00edrus","Destaques","Geral"],"inLanguage":"pt-BR","potentialAction":[{"@type":"CommentAction","name":"Comment","target":["https:\/\/folhapopular.info\/index.php\/2021\/10\/11\/teutonia-antecipa-2a-dose-da-pfizer\/#respond"]}]},{"@type":"WebPage","@id":"https:\/\/folhapopular.info\/index.php\/2021\/10\/11\/teutonia-antecipa-2a-dose-da-pfizer\/","url":"https:\/\/folhapopular.info\/index.php\/2021\/10\/11\/teutonia-antecipa-2a-dose-da-pfizer\/","name":"Teut\u00f4nia antecipa 2\u00aa dose da Pfizer - Folha Popular","isPartOf":{"@id":"https:\/\/folhapopular.info\/#website"},"primaryImageOfPage":{"@id":"https:\/\/folhapopular.info\/index.php\/2021\/10\/11\/teutonia-antecipa-2a-dose-da-pfizer\/#primaryimage"},"image":{"@id":"https:\/\/folhapopular.info\/index.php\/2021\/10\/11\/teutonia-antecipa-2a-dose-da-pfizer\/#primaryimage"},"thumbnailUrl":"https:\/\/folhapopular.info\/wp-content\/uploads\/2021\/10\/2021_10_11_Teutonia-antecipa-2a-dose-da-Pfizer-3-scaled-e1633952636234.jpg","datePublished":"2021-10-11T12:16:07+00:00","dateModified":"2021-10-11T12:16:11+00:00","author":{"@id":"https:\/\/folhapopular.info\/#\/schema\/person\/2814e8a0df7643585a9ca38bc6eb9d4b"},"breadcrumb":{"@id":"https:\/\/folhapopular.info\/index.php\/2021\/10\/11\/teutonia-antecipa-2a-dose-da-pfizer\/#breadcrumb"},"inLanguage":"pt-BR","potentialAction":[{"@type":"ReadAction","target":["https:\/\/folhapopular.info\/index.php\/2021\/10\/11\/teutonia-antecipa-2a-dose-da-pfizer\/"]}]},{"@type":"ImageObject","inLanguage":"pt-BR","@id":"https:\/\/folhapopular.info\/index.php\/2021\/10\/11\/teutonia-antecipa-2a-dose-da-pfizer\/#primaryimage","url":"https:\/\/folhapopular.info\/wp-content\/uploads\/2021\/10\/2021_10_11_Teutonia-antecipa-2a-dose-da-Pfizer-3-scaled-e1633952636234.jpg","contentUrl":"https:\/\/folhapopular.info\/wp-content\/uploads\/2021\/10\/2021_10_11_Teutonia-antecipa-2a-dose-da-Pfizer-3-scaled-e1633952636234.jpg","width":800,"height":600,"caption":"Cr\u00e9dito: Alana Gausmann Flores \/ Divulga\u00e7\u00e3o"},{"@type":"BreadcrumbList","@id":"https:\/\/folhapopular.info\/index.php\/2021\/10\/11\/teutonia-antecipa-2a-dose-da-pfizer\/#breadcrumb","itemListElement":[{"@type":"ListItem","position":1,"name":"In\u00edcio","item":"https:\/\/folhapopular.info\/"},{"@type":"ListItem","position":2,"name":"Teut\u00f4nia antecipa 2\u00aa dose da Pfizer"}]},{"@type":"WebSite","@id":"https:\/\/folhapopular.info\/#website","url":"https:\/\/folhapopular.info\/","name":"Folha Popular","description":"Onde voc\u00ea tem vez e voz","potentialAction":[{"@type":"SearchAction","target":{"@type":"EntryPoint","urlTemplate":"https:\/\/folhapopular.info\/?s={search_term_string}"},"query-input":{"@type":"PropertyValueSpecification","valueRequired":true,"valueName":"search_term_string"}}],"inLanguage":"pt-BR"},{"@type":"Person","@id":"https:\/\/folhapopular.info\/#\/schema\/person\/2814e8a0df7643585a9ca38bc6eb9d4b","name":"Reda\u00e7\u00e3o Folha Popular","image":{"@type":"ImageObject","inLanguage":"pt-BR","@id":"https:\/\/folhapopular.info\/wp-content\/uploads\/2026\/04\/Folha-1.webp","url":"https:\/\/folhapopular.info\/wp-content\/uploads\/2026\/04\/Folha-1.webp","contentUrl":"https:\/\/folhapopular.info\/wp-content\/uploads\/2026\/04\/Folha-1.webp","caption":"Reda\u00e7\u00e3o Folha Popular"},"url":"https:\/\/folhapopular.info\/index.php\/author\/redacao\/"}]}},"jetpack_featured_media_url":"https:\/\/folhapopular.info\/wp-content\/uploads\/2021\/10\/2021_10_11_Teutonia-antecipa-2a-dose-da-Pfizer-3-scaled-e1633952636234.jpg","jetpack_sharing_enabled":true,"amp_enabled":true,"_links":{"self":[{"href":"https:\/\/folhapopular.info\/index.php\/wp-json\/wp\/v2\/posts\/90831","targetHints":{"allow":["GET"]}}],"collection":[{"href":"https:\/\/folhapopular.info\/index.php\/wp-json\/wp\/v2\/posts"}],"about":[{"href":"https:\/\/folhapopular.info\/index.php\/wp-json\/wp\/v2\/types\/post"}],"author":[{"embeddable":true,"href":"https:\/\/folhapopular.info\/index.php\/wp-json\/wp\/v2\/users\/8"}],"replies":[{"embeddable":true,"href":"https:\/\/folhapopular.info\/index.php\/wp-json\/wp\/v2\/comments?post=90831"}],"version-history":[{"count":0,"href":"https:\/\/folhapopular.info\/index.php\/wp-json\/wp\/v2\/posts\/90831\/revisions"}],"wp:featuredmedia":[{"embeddable":true,"href":"https:\/\/folhapopular.info\/index.php\/wp-json\/wp\/v2\/media\/90832"}],"wp:attachment":[{"href":"https:\/\/folhapopular.info\/index.php\/wp-json\/wp\/v2\/media?parent=90831"}],"wp:term":[{"taxonomy":"category","embeddable":true,"href":"https:\/\/folhapopular.info\/index.php\/wp-json\/wp\/v2\/categories?post=90831"},{"taxonomy":"post_tag","embeddable":true,"href":"https:\/\/folhapopular.info\/index.php\/wp-json\/wp\/v2\/tags?post=90831"}],"curies":[{"name":"wp","href":"https:\/\/api.w.org\/{rel}","templated":true}]}}