{"id":90877,"date":"2021-10-11T15:57:04","date_gmt":"2021-10-11T18:57:04","guid":{"rendered":"https:\/\/folhapopular.info\/?p=90877"},"modified":"2021-10-11T15:57:09","modified_gmt":"2021-10-11T18:57:09","slug":"um-dia-inesquecivel-para-as-criancas-e-familias-de-fazenda-vilanova","status":"publish","type":"post","link":"https:\/\/folhapopular.info\/index.php\/2021\/10\/11\/um-dia-inesquecivel-para-as-criancas-e-familias-de-fazenda-vilanova\/","title":{"rendered":"Um dia inesquec\u00edvel para as crian\u00e7as e fam\u00edlias de Fazenda Vilanova"},"content":{"rendered":"\n<p>Brinquedos infl\u00e1veis, palha\u00e7os, passeio de trenzinho, jogos e diversas outras brincadeiras fizeram a alegria das crian\u00e7as vilanovenses neste domingo (10\/10) no Parque Municipal. O evento, que contou com grande presen\u00e7a das fam\u00edlias do munic\u00edpio, obedeceu os protocolos sanit\u00e1rios e fez parte da programa\u00e7\u00e3o do anivers\u00e1rio de 26 anos de emancipa\u00e7\u00e3o do munic\u00edpio, a ser comemorado dia 22 de outubro.<\/p>\n\n\n\n<p>O objetivo da Administra\u00e7\u00e3o Municipal foi proporcionar uma \u201cdia inesquec\u00edvel\u201d para as crian\u00e7as e tamb\u00e9m para os pais e demais familiares. \u201cDisponibilizamos de um parque amplo e com uma estrutura maravilhosa para que seja usufru\u00eddo pela popula\u00e7\u00e3o. Depois de passarmos por dif\u00edceis momentos de pandemia, aos poucos vamos retomando essas atividades em fam\u00edlia, claro que respeitando ainda os cuidados de sa\u00fade\u201d, explicou a secret\u00e1ria da Administra\u00e7\u00e3o e Fazenda, Franciele da Rosa Mallmann. Ela confirma que eventos como este dever\u00e3o ser frequentes em outros momentos comemorativos e de confraterniza\u00e7\u00e3o na cidade.<\/p>\n\n\n\n<p>A Elisa, filha da servidora p\u00fablica Alice Martins da Luz, adorou o dia no parque. \u201cO passeio no trenzinho e as brincadeiras fizeram o dia da Elisa muito especial e, com certeza, das outras crian\u00e7as tamb\u00e9m. Parab\u00e9ns aos organizadores que promoveram este momento maravilhoso para comemorarmos o dia das crian\u00e7as\u201d, comentou a m\u00e3e Alice.<\/p>\n","protected":false},"excerpt":{"rendered":"<p>Brinquedos infl\u00e1veis, palha\u00e7os, passeio de trenzinho, jogos e diversas outras brincadeiras fizeram a alegria das crian\u00e7as vilanovenses neste domingo (10\/10) no Parque Municipal. O evento, que contou com grande presen\u00e7a das fam\u00edlias do munic\u00edpio, obedeceu os protocolos sanit\u00e1rios e fez parte da programa\u00e7\u00e3o do anivers\u00e1rio de 26 anos de emancipa\u00e7\u00e3o do munic\u00edpio, a ser comemorado [&hellip;]<\/p>\n","protected":false},"author":8,"featured_media":90878,"comment_status":"open","ping_status":"open","sticky":false,"template":"","format":"standard","meta":{"pmpro_default_level":"","_jetpack_memberships_contains_paid_content":false,"footnotes":""},"categories":[2,3],"tags":[1119,801],"class_list":{"0":"post-90877","1":"post","2":"type-post","3":"status-publish","4":"format-standard","5":"has-post-thumbnail","7":"category-featured","8":"category-geral","9":"tag-dia-das-criancas","10":"tag-fazenda-vilanova","11":"pmpro-has-access"},"yoast_head":"<!-- This site is optimized with the Yoast SEO plugin v27.5 - https:\/\/yoast.com\/product\/yoast-seo-wordpress\/ -->\n<title>Um dia inesquec\u00edvel para as crian\u00e7as e fam\u00edlias de Fazenda Vilanova - Folha Popular<\/title>\n<meta name=\"robots\" content=\"index, follow, max-snippet:-1, max-image-preview:large, max-video-preview:-1\" \/>\n<link rel=\"canonical\" href=\"https:\/\/folhapopular.info\/index.php\/2021\/10\/11\/um-dia-inesquecivel-para-as-criancas-e-familias-de-fazenda-vilanova\/\" \/>\n<meta property=\"og:locale\" content=\"pt_BR\" \/>\n<meta property=\"og:type\" content=\"article\" \/>\n<meta property=\"og:title\" content=\"Um dia inesquec\u00edvel para as crian\u00e7as e fam\u00edlias de Fazenda Vilanova - Folha Popular\" \/>\n<meta property=\"og:description\" content=\"Brinquedos infl\u00e1veis, palha\u00e7os, passeio de trenzinho, jogos e diversas outras brincadeiras fizeram a alegria das crian\u00e7as vilanovenses neste domingo (10\/10) no Parque Municipal. O evento, que contou com grande presen\u00e7a das fam\u00edlias do munic\u00edpio, obedeceu os protocolos sanit\u00e1rios e fez parte da programa\u00e7\u00e3o do anivers\u00e1rio de 26 anos de emancipa\u00e7\u00e3o do munic\u00edpio, a ser comemorado [&hellip;]\" \/>\n<meta property=\"og:url\" content=\"https:\/\/folhapopular.info\/index.php\/2021\/10\/11\/um-dia-inesquecivel-para-as-criancas-e-familias-de-fazenda-vilanova\/\" \/>\n<meta property=\"og:site_name\" content=\"Folha Popular\" \/>\n<meta property=\"article:published_time\" content=\"2021-10-11T18:57:04+00:00\" \/>\n<meta property=\"article:modified_time\" content=\"2021-10-11T18:57:09+00:00\" \/>\n<meta property=\"og:image\" content=\"https:\/\/folhapopular.info\/wp-content\/uploads\/2021\/10\/cf3a22d4-880d-492f-ac20-76d38372b47e-e1633978545286.jpeg\" \/>\n\t<meta property=\"og:image:width\" content=\"800\" \/>\n\t<meta property=\"og:image:height\" content=\"600\" \/>\n\t<meta property=\"og:image:type\" content=\"image\/jpeg\" \/>\n<meta name=\"author\" content=\"Reda\u00e7\u00e3o Folha Popular\" \/>\n<meta name=\"twitter:card\" content=\"summary_large_image\" \/>\n<meta name=\"twitter:label1\" content=\"Escrito por\" \/>\n\t<meta name=\"twitter:data1\" content=\"Reda\u00e7\u00e3o Folha Popular\" \/>\n\t<meta name=\"twitter:label2\" content=\"Est. tempo de leitura\" \/>\n\t<meta name=\"twitter:data2\" content=\"1 minuto\" \/>\n<script type=\"application\/ld+json\" class=\"yoast-schema-graph\">{\"@context\":\"https:\\\/\\\/schema.org\",\"@graph\":[{\"@type\":\"Article\",\"@id\":\"https:\\\/\\\/folhapopular.info\\\/index.php\\\/2021\\\/10\\\/11\\\/um-dia-inesquecivel-para-as-criancas-e-familias-de-fazenda-vilanova\\\/#article\",\"isPartOf\":{\"@id\":\"https:\\\/\\\/folhapopular.info\\\/index.php\\\/2021\\\/10\\\/11\\\/um-dia-inesquecivel-para-as-criancas-e-familias-de-fazenda-vilanova\\\/\"},\"author\":{\"name\":\"Reda\u00e7\u00e3o Folha Popular\",\"@id\":\"https:\\\/\\\/folhapopular.info\\\/#\\\/schema\\\/person\\\/2814e8a0df7643585a9ca38bc6eb9d4b\"},\"headline\":\"Um dia inesquec\u00edvel para as crian\u00e7as e fam\u00edlias de Fazenda Vilanova\",\"datePublished\":\"2021-10-11T18:57:04+00:00\",\"dateModified\":\"2021-10-11T18:57:09+00:00\",\"mainEntityOfPage\":{\"@id\":\"https:\\\/\\\/folhapopular.info\\\/index.php\\\/2021\\\/10\\\/11\\\/um-dia-inesquecivel-para-as-criancas-e-familias-de-fazenda-vilanova\\\/\"},\"wordCount\":244,\"commentCount\":0,\"image\":{\"@id\":\"https:\\\/\\\/folhapopular.info\\\/index.php\\\/2021\\\/10\\\/11\\\/um-dia-inesquecivel-para-as-criancas-e-familias-de-fazenda-vilanova\\\/#primaryimage\"},\"thumbnailUrl\":\"https:\\\/\\\/folhapopular.info\\\/wp-content\\\/uploads\\\/2021\\\/10\\\/cf3a22d4-880d-492f-ac20-76d38372b47e-e1633978545286.jpeg\",\"keywords\":[\"Dia das Crian\u00e7as\",\"Fazenda Vilanova\"],\"articleSection\":[\"Destaques\",\"Geral\"],\"inLanguage\":\"pt-BR\",\"potentialAction\":[{\"@type\":\"CommentAction\",\"name\":\"Comment\",\"target\":[\"https:\\\/\\\/folhapopular.info\\\/index.php\\\/2021\\\/10\\\/11\\\/um-dia-inesquecivel-para-as-criancas-e-familias-de-fazenda-vilanova\\\/#respond\"]}]},{\"@type\":\"WebPage\",\"@id\":\"https:\\\/\\\/folhapopular.info\\\/index.php\\\/2021\\\/10\\\/11\\\/um-dia-inesquecivel-para-as-criancas-e-familias-de-fazenda-vilanova\\\/\",\"url\":\"https:\\\/\\\/folhapopular.info\\\/index.php\\\/2021\\\/10\\\/11\\\/um-dia-inesquecivel-para-as-criancas-e-familias-de-fazenda-vilanova\\\/\",\"name\":\"Um dia inesquec\u00edvel para as crian\u00e7as e fam\u00edlias de Fazenda Vilanova - Folha Popular\",\"isPartOf\":{\"@id\":\"https:\\\/\\\/folhapopular.info\\\/#website\"},\"primaryImageOfPage\":{\"@id\":\"https:\\\/\\\/folhapopular.info\\\/index.php\\\/2021\\\/10\\\/11\\\/um-dia-inesquecivel-para-as-criancas-e-familias-de-fazenda-vilanova\\\/#primaryimage\"},\"image\":{\"@id\":\"https:\\\/\\\/folhapopular.info\\\/index.php\\\/2021\\\/10\\\/11\\\/um-dia-inesquecivel-para-as-criancas-e-familias-de-fazenda-vilanova\\\/#primaryimage\"},\"thumbnailUrl\":\"https:\\\/\\\/folhapopular.info\\\/wp-content\\\/uploads\\\/2021\\\/10\\\/cf3a22d4-880d-492f-ac20-76d38372b47e-e1633978545286.jpeg\",\"datePublished\":\"2021-10-11T18:57:04+00:00\",\"dateModified\":\"2021-10-11T18:57:09+00:00\",\"author\":{\"@id\":\"https:\\\/\\\/folhapopular.info\\\/#\\\/schema\\\/person\\\/2814e8a0df7643585a9ca38bc6eb9d4b\"},\"breadcrumb\":{\"@id\":\"https:\\\/\\\/folhapopular.info\\\/index.php\\\/2021\\\/10\\\/11\\\/um-dia-inesquecivel-para-as-criancas-e-familias-de-fazenda-vilanova\\\/#breadcrumb\"},\"inLanguage\":\"pt-BR\",\"potentialAction\":[{\"@type\":\"ReadAction\",\"target\":[\"https:\\\/\\\/folhapopular.info\\\/index.php\\\/2021\\\/10\\\/11\\\/um-dia-inesquecivel-para-as-criancas-e-familias-de-fazenda-vilanova\\\/\"]}]},{\"@type\":\"ImageObject\",\"inLanguage\":\"pt-BR\",\"@id\":\"https:\\\/\\\/folhapopular.info\\\/index.php\\\/2021\\\/10\\\/11\\\/um-dia-inesquecivel-para-as-criancas-e-familias-de-fazenda-vilanova\\\/#primaryimage\",\"url\":\"https:\\\/\\\/folhapopular.info\\\/wp-content\\\/uploads\\\/2021\\\/10\\\/cf3a22d4-880d-492f-ac20-76d38372b47e-e1633978545286.jpeg\",\"contentUrl\":\"https:\\\/\\\/folhapopular.info\\\/wp-content\\\/uploads\\\/2021\\\/10\\\/cf3a22d4-880d-492f-ac20-76d38372b47e-e1633978545286.jpeg\",\"width\":800,\"height\":600,\"caption\":\"A Elisa, filha da servidora p\u00fablica Alice Martins da Luz, adorou o dia no parque \\\/ Cr\u00e9dito da foto: Divulga\u00e7\u00e3o\"},{\"@type\":\"BreadcrumbList\",\"@id\":\"https:\\\/\\\/folhapopular.info\\\/index.php\\\/2021\\\/10\\\/11\\\/um-dia-inesquecivel-para-as-criancas-e-familias-de-fazenda-vilanova\\\/#breadcrumb\",\"itemListElement\":[{\"@type\":\"ListItem\",\"position\":1,\"name\":\"In\u00edcio\",\"item\":\"https:\\\/\\\/folhapopular.info\\\/\"},{\"@type\":\"ListItem\",\"position\":2,\"name\":\"Um dia inesquec\u00edvel para as crian\u00e7as e fam\u00edlias de Fazenda Vilanova\"}]},{\"@type\":\"WebSite\",\"@id\":\"https:\\\/\\\/folhapopular.info\\\/#website\",\"url\":\"https:\\\/\\\/folhapopular.info\\\/\",\"name\":\"Folha Popular\",\"description\":\"Onde voc\u00ea tem vez e voz\",\"potentialAction\":[{\"@type\":\"SearchAction\",\"target\":{\"@type\":\"EntryPoint\",\"urlTemplate\":\"https:\\\/\\\/folhapopular.info\\\/?s={search_term_string}\"},\"query-input\":{\"@type\":\"PropertyValueSpecification\",\"valueRequired\":true,\"valueName\":\"search_term_string\"}}],\"inLanguage\":\"pt-BR\"},{\"@type\":\"Person\",\"@id\":\"https:\\\/\\\/folhapopular.info\\\/#\\\/schema\\\/person\\\/2814e8a0df7643585a9ca38bc6eb9d4b\",\"name\":\"Reda\u00e7\u00e3o Folha Popular\",\"image\":{\"@type\":\"ImageObject\",\"inLanguage\":\"pt-BR\",\"@id\":\"https:\\\/\\\/folhapopular.info\\\/wp-content\\\/uploads\\\/2026\\\/04\\\/Folha-1.webp\",\"url\":\"https:\\\/\\\/folhapopular.info\\\/wp-content\\\/uploads\\\/2026\\\/04\\\/Folha-1.webp\",\"contentUrl\":\"https:\\\/\\\/folhapopular.info\\\/wp-content\\\/uploads\\\/2026\\\/04\\\/Folha-1.webp\",\"caption\":\"Reda\u00e7\u00e3o Folha Popular\"},\"url\":\"https:\\\/\\\/folhapopular.info\\\/index.php\\\/author\\\/redacao\\\/\"}]}<\/script>\n<!-- \/ Yoast SEO plugin. -->","yoast_head_json":{"title":"Um dia inesquec\u00edvel para as crian\u00e7as e fam\u00edlias de Fazenda Vilanova - Folha Popular","robots":{"index":"index","follow":"follow","max-snippet":"max-snippet:-1","max-image-preview":"max-image-preview:large","max-video-preview":"max-video-preview:-1"},"canonical":"https:\/\/folhapopular.info\/index.php\/2021\/10\/11\/um-dia-inesquecivel-para-as-criancas-e-familias-de-fazenda-vilanova\/","og_locale":"pt_BR","og_type":"article","og_title":"Um dia inesquec\u00edvel para as crian\u00e7as e fam\u00edlias de Fazenda Vilanova - Folha Popular","og_description":"Brinquedos infl\u00e1veis, palha\u00e7os, passeio de trenzinho, jogos e diversas outras brincadeiras fizeram a alegria das crian\u00e7as vilanovenses neste domingo (10\/10) no Parque Municipal. O evento, que contou com grande presen\u00e7a das fam\u00edlias do munic\u00edpio, obedeceu os protocolos sanit\u00e1rios e fez parte da programa\u00e7\u00e3o do anivers\u00e1rio de 26 anos de emancipa\u00e7\u00e3o do munic\u00edpio, a ser comemorado [&hellip;]","og_url":"https:\/\/folhapopular.info\/index.php\/2021\/10\/11\/um-dia-inesquecivel-para-as-criancas-e-familias-de-fazenda-vilanova\/","og_site_name":"Folha Popular","article_published_time":"2021-10-11T18:57:04+00:00","article_modified_time":"2021-10-11T18:57:09+00:00","og_image":[{"width":800,"height":600,"url":"https:\/\/folhapopular.info\/wp-content\/uploads\/2021\/10\/cf3a22d4-880d-492f-ac20-76d38372b47e-e1633978545286.jpeg","type":"image\/jpeg"}],"author":"Reda\u00e7\u00e3o Folha Popular","twitter_card":"summary_large_image","twitter_misc":{"Escrito por":"Reda\u00e7\u00e3o Folha Popular","Est. tempo de leitura":"1 minuto"},"schema":{"@context":"https:\/\/schema.org","@graph":[{"@type":"Article","@id":"https:\/\/folhapopular.info\/index.php\/2021\/10\/11\/um-dia-inesquecivel-para-as-criancas-e-familias-de-fazenda-vilanova\/#article","isPartOf":{"@id":"https:\/\/folhapopular.info\/index.php\/2021\/10\/11\/um-dia-inesquecivel-para-as-criancas-e-familias-de-fazenda-vilanova\/"},"author":{"name":"Reda\u00e7\u00e3o Folha Popular","@id":"https:\/\/folhapopular.info\/#\/schema\/person\/2814e8a0df7643585a9ca38bc6eb9d4b"},"headline":"Um dia inesquec\u00edvel para as crian\u00e7as e fam\u00edlias de Fazenda Vilanova","datePublished":"2021-10-11T18:57:04+00:00","dateModified":"2021-10-11T18:57:09+00:00","mainEntityOfPage":{"@id":"https:\/\/folhapopular.info\/index.php\/2021\/10\/11\/um-dia-inesquecivel-para-as-criancas-e-familias-de-fazenda-vilanova\/"},"wordCount":244,"commentCount":0,"image":{"@id":"https:\/\/folhapopular.info\/index.php\/2021\/10\/11\/um-dia-inesquecivel-para-as-criancas-e-familias-de-fazenda-vilanova\/#primaryimage"},"thumbnailUrl":"https:\/\/folhapopular.info\/wp-content\/uploads\/2021\/10\/cf3a22d4-880d-492f-ac20-76d38372b47e-e1633978545286.jpeg","keywords":["Dia das Crian\u00e7as","Fazenda Vilanova"],"articleSection":["Destaques","Geral"],"inLanguage":"pt-BR","potentialAction":[{"@type":"CommentAction","name":"Comment","target":["https:\/\/folhapopular.info\/index.php\/2021\/10\/11\/um-dia-inesquecivel-para-as-criancas-e-familias-de-fazenda-vilanova\/#respond"]}]},{"@type":"WebPage","@id":"https:\/\/folhapopular.info\/index.php\/2021\/10\/11\/um-dia-inesquecivel-para-as-criancas-e-familias-de-fazenda-vilanova\/","url":"https:\/\/folhapopular.info\/index.php\/2021\/10\/11\/um-dia-inesquecivel-para-as-criancas-e-familias-de-fazenda-vilanova\/","name":"Um dia inesquec\u00edvel para as crian\u00e7as e fam\u00edlias de Fazenda Vilanova - Folha Popular","isPartOf":{"@id":"https:\/\/folhapopular.info\/#website"},"primaryImageOfPage":{"@id":"https:\/\/folhapopular.info\/index.php\/2021\/10\/11\/um-dia-inesquecivel-para-as-criancas-e-familias-de-fazenda-vilanova\/#primaryimage"},"image":{"@id":"https:\/\/folhapopular.info\/index.php\/2021\/10\/11\/um-dia-inesquecivel-para-as-criancas-e-familias-de-fazenda-vilanova\/#primaryimage"},"thumbnailUrl":"https:\/\/folhapopular.info\/wp-content\/uploads\/2021\/10\/cf3a22d4-880d-492f-ac20-76d38372b47e-e1633978545286.jpeg","datePublished":"2021-10-11T18:57:04+00:00","dateModified":"2021-10-11T18:57:09+00:00","author":{"@id":"https:\/\/folhapopular.info\/#\/schema\/person\/2814e8a0df7643585a9ca38bc6eb9d4b"},"breadcrumb":{"@id":"https:\/\/folhapopular.info\/index.php\/2021\/10\/11\/um-dia-inesquecivel-para-as-criancas-e-familias-de-fazenda-vilanova\/#breadcrumb"},"inLanguage":"pt-BR","potentialAction":[{"@type":"ReadAction","target":["https:\/\/folhapopular.info\/index.php\/2021\/10\/11\/um-dia-inesquecivel-para-as-criancas-e-familias-de-fazenda-vilanova\/"]}]},{"@type":"ImageObject","inLanguage":"pt-BR","@id":"https:\/\/folhapopular.info\/index.php\/2021\/10\/11\/um-dia-inesquecivel-para-as-criancas-e-familias-de-fazenda-vilanova\/#primaryimage","url":"https:\/\/folhapopular.info\/wp-content\/uploads\/2021\/10\/cf3a22d4-880d-492f-ac20-76d38372b47e-e1633978545286.jpeg","contentUrl":"https:\/\/folhapopular.info\/wp-content\/uploads\/2021\/10\/cf3a22d4-880d-492f-ac20-76d38372b47e-e1633978545286.jpeg","width":800,"height":600,"caption":"A Elisa, filha da servidora p\u00fablica Alice Martins da Luz, adorou o dia no parque \/ Cr\u00e9dito da foto: Divulga\u00e7\u00e3o"},{"@type":"BreadcrumbList","@id":"https:\/\/folhapopular.info\/index.php\/2021\/10\/11\/um-dia-inesquecivel-para-as-criancas-e-familias-de-fazenda-vilanova\/#breadcrumb","itemListElement":[{"@type":"ListItem","position":1,"name":"In\u00edcio","item":"https:\/\/folhapopular.info\/"},{"@type":"ListItem","position":2,"name":"Um dia inesquec\u00edvel para as crian\u00e7as e fam\u00edlias de Fazenda Vilanova"}]},{"@type":"WebSite","@id":"https:\/\/folhapopular.info\/#website","url":"https:\/\/folhapopular.info\/","name":"Folha Popular","description":"Onde voc\u00ea tem vez e voz","potentialAction":[{"@type":"SearchAction","target":{"@type":"EntryPoint","urlTemplate":"https:\/\/folhapopular.info\/?s={search_term_string}"},"query-input":{"@type":"PropertyValueSpecification","valueRequired":true,"valueName":"search_term_string"}}],"inLanguage":"pt-BR"},{"@type":"Person","@id":"https:\/\/folhapopular.info\/#\/schema\/person\/2814e8a0df7643585a9ca38bc6eb9d4b","name":"Reda\u00e7\u00e3o Folha Popular","image":{"@type":"ImageObject","inLanguage":"pt-BR","@id":"https:\/\/folhapopular.info\/wp-content\/uploads\/2026\/04\/Folha-1.webp","url":"https:\/\/folhapopular.info\/wp-content\/uploads\/2026\/04\/Folha-1.webp","contentUrl":"https:\/\/folhapopular.info\/wp-content\/uploads\/2026\/04\/Folha-1.webp","caption":"Reda\u00e7\u00e3o Folha Popular"},"url":"https:\/\/folhapopular.info\/index.php\/author\/redacao\/"}]}},"jetpack_featured_media_url":"https:\/\/folhapopular.info\/wp-content\/uploads\/2021\/10\/cf3a22d4-880d-492f-ac20-76d38372b47e-e1633978545286.jpeg","jetpack_sharing_enabled":true,"amp_enabled":true,"_links":{"self":[{"href":"https:\/\/folhapopular.info\/index.php\/wp-json\/wp\/v2\/posts\/90877","targetHints":{"allow":["GET"]}}],"collection":[{"href":"https:\/\/folhapopular.info\/index.php\/wp-json\/wp\/v2\/posts"}],"about":[{"href":"https:\/\/folhapopular.info\/index.php\/wp-json\/wp\/v2\/types\/post"}],"author":[{"embeddable":true,"href":"https:\/\/folhapopular.info\/index.php\/wp-json\/wp\/v2\/users\/8"}],"replies":[{"embeddable":true,"href":"https:\/\/folhapopular.info\/index.php\/wp-json\/wp\/v2\/comments?post=90877"}],"version-history":[{"count":0,"href":"https:\/\/folhapopular.info\/index.php\/wp-json\/wp\/v2\/posts\/90877\/revisions"}],"wp:featuredmedia":[{"embeddable":true,"href":"https:\/\/folhapopular.info\/index.php\/wp-json\/wp\/v2\/media\/90878"}],"wp:attachment":[{"href":"https:\/\/folhapopular.info\/index.php\/wp-json\/wp\/v2\/media?parent=90877"}],"wp:term":[{"taxonomy":"category","embeddable":true,"href":"https:\/\/folhapopular.info\/index.php\/wp-json\/wp\/v2\/categories?post=90877"},{"taxonomy":"post_tag","embeddable":true,"href":"https:\/\/folhapopular.info\/index.php\/wp-json\/wp\/v2\/tags?post=90877"}],"curies":[{"name":"wp","href":"https:\/\/api.w.org\/{rel}","templated":true}]}}