{"id":91046,"date":"2021-10-15T14:42:38","date_gmt":"2021-10-15T17:42:38","guid":{"rendered":"https:\/\/folhapopular.info\/?p=91046"},"modified":"2021-10-15T14:42:43","modified_gmt":"2021-10-15T17:42:43","slug":"dia-das-criancas-na-emef-pedro-welter-de-lajeado-e-comemorado-com-brinquedos-e-lanches","status":"publish","type":"post","link":"https:\/\/folhapopular.info\/index.php\/2021\/10\/15\/dia-das-criancas-na-emef-pedro-welter-de-lajeado-e-comemorado-com-brinquedos-e-lanches\/","title":{"rendered":"Dia das Crian\u00e7as na EMEF Pedro Welter de Lajeado \u00e9 comemorado com brinquedos e lanches"},"content":{"rendered":"\n<p>Muita divers\u00e3o e alegria. \u00c9 assim que est\u00e1 sendo essa sexta-feira (15\/10) para os mais de 150 alunos da Escola Municipal de Ensino Fundamental (EMEF) Pedro Welter. Isto porque a ex-aluna da escola, Ellen Becker, patrocinou diversas atividades aos alunos em alus\u00e3o ao Dia das Crian\u00e7as, comemorado na ter\u00e7a-feira (12\/10).\u00a0<\/p>\n\n\n\n<p>Durante toda essa sexta-feira, brinquedos infl\u00e1veis e camas el\u00e1sticas est\u00e3o \u00e0 disposi\u00e7\u00e3o dos alunos para brincarem e comemorarem o seu dia. Cada um tamb\u00e9m recebeu de lanche um cachorro quente.\u00a0<\/p>\n\n\n\n<p>As a\u00e7\u00f5es est\u00e3o concentradas no Gin\u00e1sio da Associa\u00e7\u00e3o dos Moradores do bairro Floresta, que foi tomado pela energia contagiante dos alunos.\u00a0<\/p>\n\n\n\n<p>A aluna Naiele da Silva de Lima (11), se divertiu com os brinquedos.\u00a0&#8220;Eu gostei muito. Fui na cama el\u00e1stica e no tobog\u00e3 com piscina de bolinhas. Achei a Ellen bem querida por fazer isso pra gente, porque n\u00e3o \u00e9 qualquer pessoa que faz isso&#8221;, disse Naiele, aluna do 6\u00ba ano da escola.<\/p>\n\n\n\n<p>Embora fa\u00e7a 10 anos que a modelo Ellen Becker terminou o Ensino Fundamental na EMEF S\u00e3o Pedro, ela n\u00e3o perdeu o v\u00ednculo com a escola. A ideia de oferecer esse momento aos alunos surgiu com o intuito de retribuir o carinho que sempre recebeu.<\/p>\n\n\n\n<p>&#8220;A EMEF Pedro Welter faz parte da minha vida e da minha educa\u00e7\u00e3o. Eu passava o dia inteiro na escola, em turno integral, e nunca perdi o v\u00ednculo. Eu acho que toda vez que a gente ajuda algu\u00e9m \u00e9 um pouco tamb\u00e9m para a gente se sentir bem com n\u00f3s mesmos. Tamb\u00e9m \u00e9 uma forma de retribuir todo o carinho que recebi enquanto estudava aqui&#8221;, contou Ellen<\/p>\n\n\n\n<p>A diretora da escola, Maria Cristina Purper Dessoi, tamb\u00e9m estava entusiasmada com a a\u00e7\u00e3o.\u00a0<\/p>\n\n\n\n<p>&#8220;O dia est\u00e1 sendo muito prazeroso. Al\u00e9m de comemorar o Dia das Crian\u00e7as, hoje tamb\u00e9m \u00e9 o Dia do Professor. As crian\u00e7as estavam ansiosas essa semana aguardando por esse dia. Elas est\u00e3o muito felizes. Somos gratos \u00e0 Ellen, que j\u00e1 esteve em v\u00e1rios outros momentos presentes aqui na escola, contando sua experi\u00eancia como modelo internacional&#8221;, contou Maria.<\/p>\n\n\n\n<p>Como forma de agradecimento \u00e0 modelo, a escola entregou \u00e0 ex-aluna um quadro com fotografias de Ellen na \u00e9poca em que era aluna.<\/p>\n","protected":false},"excerpt":{"rendered":"<p>Muita divers\u00e3o e alegria. \u00c9 assim que est\u00e1 sendo essa sexta-feira (15\/10) para os mais de 150 alunos da Escola Municipal de Ensino Fundamental (EMEF) Pedro Welter. Isto porque a ex-aluna da escola, Ellen Becker, patrocinou diversas atividades aos alunos em alus\u00e3o ao Dia das Crian\u00e7as, comemorado na ter\u00e7a-feira (12\/10).\u00a0 Durante toda essa sexta-feira, brinquedos [&hellip;]<\/p>\n","protected":false},"author":8,"featured_media":91047,"comment_status":"open","ping_status":"open","sticky":false,"template":"","format":"standard","meta":{"pmpro_default_level":"","_jetpack_memberships_contains_paid_content":false,"footnotes":""},"categories":[2,3],"tags":[1119,7157,27],"class_list":{"0":"post-91046","1":"post","2":"type-post","3":"status-publish","4":"format-standard","5":"has-post-thumbnail","7":"category-featured","8":"category-geral","9":"tag-dia-das-criancas","10":"tag-emef-pedro-welter","11":"tag-lajeado","12":"pmpro-has-access"},"yoast_head":"<!-- This site is optimized with the Yoast SEO plugin v27.5 - https:\/\/yoast.com\/product\/yoast-seo-wordpress\/ -->\n<title>Dia das Crian\u00e7as na EMEF Pedro Welter de Lajeado \u00e9 comemorado com brinquedos e lanches - Folha Popular<\/title>\n<meta name=\"robots\" content=\"index, follow, max-snippet:-1, max-image-preview:large, max-video-preview:-1\" \/>\n<link rel=\"canonical\" href=\"https:\/\/folhapopular.info\/index.php\/2021\/10\/15\/dia-das-criancas-na-emef-pedro-welter-de-lajeado-e-comemorado-com-brinquedos-e-lanches\/\" \/>\n<meta property=\"og:locale\" content=\"pt_BR\" \/>\n<meta property=\"og:type\" content=\"article\" \/>\n<meta property=\"og:title\" content=\"Dia das Crian\u00e7as na EMEF Pedro Welter de Lajeado \u00e9 comemorado com brinquedos e lanches - Folha Popular\" \/>\n<meta property=\"og:description\" content=\"Muita divers\u00e3o e alegria. \u00c9 assim que est\u00e1 sendo essa sexta-feira (15\/10) para os mais de 150 alunos da Escola Municipal de Ensino Fundamental (EMEF) Pedro Welter. Isto porque a ex-aluna da escola, Ellen Becker, patrocinou diversas atividades aos alunos em alus\u00e3o ao Dia das Crian\u00e7as, comemorado na ter\u00e7a-feira (12\/10).\u00a0 Durante toda essa sexta-feira, brinquedos [&hellip;]\" \/>\n<meta property=\"og:url\" content=\"https:\/\/folhapopular.info\/index.php\/2021\/10\/15\/dia-das-criancas-na-emef-pedro-welter-de-lajeado-e-comemorado-com-brinquedos-e-lanches\/\" \/>\n<meta property=\"og:site_name\" content=\"Folha Popular\" \/>\n<meta property=\"article:published_time\" content=\"2021-10-15T17:42:38+00:00\" \/>\n<meta property=\"article:modified_time\" content=\"2021-10-15T17:42:43+00:00\" \/>\n<meta property=\"og:image\" content=\"https:\/\/folhapopular.info\/wp-content\/uploads\/2021\/10\/5-Brinquedos-inflaveis-estao-a-disposicao-dos-alunos-scaled-e1634319727710.jpg\" \/>\n\t<meta property=\"og:image:width\" content=\"800\" \/>\n\t<meta property=\"og:image:height\" content=\"533\" \/>\n\t<meta property=\"og:image:type\" content=\"image\/jpeg\" \/>\n<meta name=\"author\" content=\"Reda\u00e7\u00e3o Folha Popular\" \/>\n<meta name=\"twitter:card\" content=\"summary_large_image\" \/>\n<meta name=\"twitter:label1\" content=\"Escrito por\" \/>\n\t<meta name=\"twitter:data1\" content=\"Reda\u00e7\u00e3o Folha Popular\" \/>\n\t<meta name=\"twitter:label2\" content=\"Est. tempo de leitura\" \/>\n\t<meta name=\"twitter:data2\" content=\"2 minutos\" \/>\n<script type=\"application\/ld+json\" class=\"yoast-schema-graph\">{\"@context\":\"https:\\\/\\\/schema.org\",\"@graph\":[{\"@type\":\"Article\",\"@id\":\"https:\\\/\\\/folhapopular.info\\\/index.php\\\/2021\\\/10\\\/15\\\/dia-das-criancas-na-emef-pedro-welter-de-lajeado-e-comemorado-com-brinquedos-e-lanches\\\/#article\",\"isPartOf\":{\"@id\":\"https:\\\/\\\/folhapopular.info\\\/index.php\\\/2021\\\/10\\\/15\\\/dia-das-criancas-na-emef-pedro-welter-de-lajeado-e-comemorado-com-brinquedos-e-lanches\\\/\"},\"author\":{\"name\":\"Reda\u00e7\u00e3o Folha Popular\",\"@id\":\"https:\\\/\\\/folhapopular.info\\\/#\\\/schema\\\/person\\\/2814e8a0df7643585a9ca38bc6eb9d4b\"},\"headline\":\"Dia das Crian\u00e7as na EMEF Pedro Welter de Lajeado \u00e9 comemorado com brinquedos e lanches\",\"datePublished\":\"2021-10-15T17:42:38+00:00\",\"dateModified\":\"2021-10-15T17:42:43+00:00\",\"mainEntityOfPage\":{\"@id\":\"https:\\\/\\\/folhapopular.info\\\/index.php\\\/2021\\\/10\\\/15\\\/dia-das-criancas-na-emef-pedro-welter-de-lajeado-e-comemorado-com-brinquedos-e-lanches\\\/\"},\"wordCount\":393,\"commentCount\":0,\"image\":{\"@id\":\"https:\\\/\\\/folhapopular.info\\\/index.php\\\/2021\\\/10\\\/15\\\/dia-das-criancas-na-emef-pedro-welter-de-lajeado-e-comemorado-com-brinquedos-e-lanches\\\/#primaryimage\"},\"thumbnailUrl\":\"https:\\\/\\\/folhapopular.info\\\/wp-content\\\/uploads\\\/2021\\\/10\\\/5-Brinquedos-inflaveis-estao-a-disposicao-dos-alunos-scaled-e1634319727710.jpg\",\"keywords\":[\"Dia das Crian\u00e7as\",\"EMEF Pedro Welter\",\"Lajeado\"],\"articleSection\":[\"Destaques\",\"Geral\"],\"inLanguage\":\"pt-BR\",\"potentialAction\":[{\"@type\":\"CommentAction\",\"name\":\"Comment\",\"target\":[\"https:\\\/\\\/folhapopular.info\\\/index.php\\\/2021\\\/10\\\/15\\\/dia-das-criancas-na-emef-pedro-welter-de-lajeado-e-comemorado-com-brinquedos-e-lanches\\\/#respond\"]}]},{\"@type\":\"WebPage\",\"@id\":\"https:\\\/\\\/folhapopular.info\\\/index.php\\\/2021\\\/10\\\/15\\\/dia-das-criancas-na-emef-pedro-welter-de-lajeado-e-comemorado-com-brinquedos-e-lanches\\\/\",\"url\":\"https:\\\/\\\/folhapopular.info\\\/index.php\\\/2021\\\/10\\\/15\\\/dia-das-criancas-na-emef-pedro-welter-de-lajeado-e-comemorado-com-brinquedos-e-lanches\\\/\",\"name\":\"Dia das Crian\u00e7as na EMEF Pedro Welter de Lajeado \u00e9 comemorado com brinquedos e lanches - Folha Popular\",\"isPartOf\":{\"@id\":\"https:\\\/\\\/folhapopular.info\\\/#website\"},\"primaryImageOfPage\":{\"@id\":\"https:\\\/\\\/folhapopular.info\\\/index.php\\\/2021\\\/10\\\/15\\\/dia-das-criancas-na-emef-pedro-welter-de-lajeado-e-comemorado-com-brinquedos-e-lanches\\\/#primaryimage\"},\"image\":{\"@id\":\"https:\\\/\\\/folhapopular.info\\\/index.php\\\/2021\\\/10\\\/15\\\/dia-das-criancas-na-emef-pedro-welter-de-lajeado-e-comemorado-com-brinquedos-e-lanches\\\/#primaryimage\"},\"thumbnailUrl\":\"https:\\\/\\\/folhapopular.info\\\/wp-content\\\/uploads\\\/2021\\\/10\\\/5-Brinquedos-inflaveis-estao-a-disposicao-dos-alunos-scaled-e1634319727710.jpg\",\"datePublished\":\"2021-10-15T17:42:38+00:00\",\"dateModified\":\"2021-10-15T17:42:43+00:00\",\"author\":{\"@id\":\"https:\\\/\\\/folhapopular.info\\\/#\\\/schema\\\/person\\\/2814e8a0df7643585a9ca38bc6eb9d4b\"},\"breadcrumb\":{\"@id\":\"https:\\\/\\\/folhapopular.info\\\/index.php\\\/2021\\\/10\\\/15\\\/dia-das-criancas-na-emef-pedro-welter-de-lajeado-e-comemorado-com-brinquedos-e-lanches\\\/#breadcrumb\"},\"inLanguage\":\"pt-BR\",\"potentialAction\":[{\"@type\":\"ReadAction\",\"target\":[\"https:\\\/\\\/folhapopular.info\\\/index.php\\\/2021\\\/10\\\/15\\\/dia-das-criancas-na-emef-pedro-welter-de-lajeado-e-comemorado-com-brinquedos-e-lanches\\\/\"]}]},{\"@type\":\"ImageObject\",\"inLanguage\":\"pt-BR\",\"@id\":\"https:\\\/\\\/folhapopular.info\\\/index.php\\\/2021\\\/10\\\/15\\\/dia-das-criancas-na-emef-pedro-welter-de-lajeado-e-comemorado-com-brinquedos-e-lanches\\\/#primaryimage\",\"url\":\"https:\\\/\\\/folhapopular.info\\\/wp-content\\\/uploads\\\/2021\\\/10\\\/5-Brinquedos-inflaveis-estao-a-disposicao-dos-alunos-scaled-e1634319727710.jpg\",\"contentUrl\":\"https:\\\/\\\/folhapopular.info\\\/wp-content\\\/uploads\\\/2021\\\/10\\\/5-Brinquedos-inflaveis-estao-a-disposicao-dos-alunos-scaled-e1634319727710.jpg\",\"width\":800,\"height\":533,\"caption\":\"Brinquedos infl\u00e1veis est\u00e3o a disposi\u00e7\u00e3o dos alunos \\\/ Cr\u00e9dito da foto: Pietra Darde \\\/ Divulga\u00e7\u00e3o\"},{\"@type\":\"BreadcrumbList\",\"@id\":\"https:\\\/\\\/folhapopular.info\\\/index.php\\\/2021\\\/10\\\/15\\\/dia-das-criancas-na-emef-pedro-welter-de-lajeado-e-comemorado-com-brinquedos-e-lanches\\\/#breadcrumb\",\"itemListElement\":[{\"@type\":\"ListItem\",\"position\":1,\"name\":\"In\u00edcio\",\"item\":\"https:\\\/\\\/folhapopular.info\\\/\"},{\"@type\":\"ListItem\",\"position\":2,\"name\":\"Dia das Crian\u00e7as na EMEF Pedro Welter de Lajeado \u00e9 comemorado com brinquedos e lanches\"}]},{\"@type\":\"WebSite\",\"@id\":\"https:\\\/\\\/folhapopular.info\\\/#website\",\"url\":\"https:\\\/\\\/folhapopular.info\\\/\",\"name\":\"Folha Popular\",\"description\":\"Onde voc\u00ea tem vez e voz\",\"potentialAction\":[{\"@type\":\"SearchAction\",\"target\":{\"@type\":\"EntryPoint\",\"urlTemplate\":\"https:\\\/\\\/folhapopular.info\\\/?s={search_term_string}\"},\"query-input\":{\"@type\":\"PropertyValueSpecification\",\"valueRequired\":true,\"valueName\":\"search_term_string\"}}],\"inLanguage\":\"pt-BR\"},{\"@type\":\"Person\",\"@id\":\"https:\\\/\\\/folhapopular.info\\\/#\\\/schema\\\/person\\\/2814e8a0df7643585a9ca38bc6eb9d4b\",\"name\":\"Reda\u00e7\u00e3o Folha Popular\",\"image\":{\"@type\":\"ImageObject\",\"inLanguage\":\"pt-BR\",\"@id\":\"https:\\\/\\\/folhapopular.info\\\/wp-content\\\/uploads\\\/2026\\\/04\\\/Folha-1.webp\",\"url\":\"https:\\\/\\\/folhapopular.info\\\/wp-content\\\/uploads\\\/2026\\\/04\\\/Folha-1.webp\",\"contentUrl\":\"https:\\\/\\\/folhapopular.info\\\/wp-content\\\/uploads\\\/2026\\\/04\\\/Folha-1.webp\",\"caption\":\"Reda\u00e7\u00e3o Folha Popular\"},\"url\":\"https:\\\/\\\/folhapopular.info\\\/index.php\\\/author\\\/redacao\\\/\"}]}<\/script>\n<!-- \/ Yoast SEO plugin. -->","yoast_head_json":{"title":"Dia das Crian\u00e7as na EMEF Pedro Welter de Lajeado \u00e9 comemorado com brinquedos e lanches - Folha Popular","robots":{"index":"index","follow":"follow","max-snippet":"max-snippet:-1","max-image-preview":"max-image-preview:large","max-video-preview":"max-video-preview:-1"},"canonical":"https:\/\/folhapopular.info\/index.php\/2021\/10\/15\/dia-das-criancas-na-emef-pedro-welter-de-lajeado-e-comemorado-com-brinquedos-e-lanches\/","og_locale":"pt_BR","og_type":"article","og_title":"Dia das Crian\u00e7as na EMEF Pedro Welter de Lajeado \u00e9 comemorado com brinquedos e lanches - Folha Popular","og_description":"Muita divers\u00e3o e alegria. \u00c9 assim que est\u00e1 sendo essa sexta-feira (15\/10) para os mais de 150 alunos da Escola Municipal de Ensino Fundamental (EMEF) Pedro Welter. Isto porque a ex-aluna da escola, Ellen Becker, patrocinou diversas atividades aos alunos em alus\u00e3o ao Dia das Crian\u00e7as, comemorado na ter\u00e7a-feira (12\/10).\u00a0 Durante toda essa sexta-feira, brinquedos [&hellip;]","og_url":"https:\/\/folhapopular.info\/index.php\/2021\/10\/15\/dia-das-criancas-na-emef-pedro-welter-de-lajeado-e-comemorado-com-brinquedos-e-lanches\/","og_site_name":"Folha Popular","article_published_time":"2021-10-15T17:42:38+00:00","article_modified_time":"2021-10-15T17:42:43+00:00","og_image":[{"width":800,"height":533,"url":"https:\/\/folhapopular.info\/wp-content\/uploads\/2021\/10\/5-Brinquedos-inflaveis-estao-a-disposicao-dos-alunos-scaled-e1634319727710.jpg","type":"image\/jpeg"}],"author":"Reda\u00e7\u00e3o Folha Popular","twitter_card":"summary_large_image","twitter_misc":{"Escrito por":"Reda\u00e7\u00e3o Folha Popular","Est. tempo de leitura":"2 minutos"},"schema":{"@context":"https:\/\/schema.org","@graph":[{"@type":"Article","@id":"https:\/\/folhapopular.info\/index.php\/2021\/10\/15\/dia-das-criancas-na-emef-pedro-welter-de-lajeado-e-comemorado-com-brinquedos-e-lanches\/#article","isPartOf":{"@id":"https:\/\/folhapopular.info\/index.php\/2021\/10\/15\/dia-das-criancas-na-emef-pedro-welter-de-lajeado-e-comemorado-com-brinquedos-e-lanches\/"},"author":{"name":"Reda\u00e7\u00e3o Folha Popular","@id":"https:\/\/folhapopular.info\/#\/schema\/person\/2814e8a0df7643585a9ca38bc6eb9d4b"},"headline":"Dia das Crian\u00e7as na EMEF Pedro Welter de Lajeado \u00e9 comemorado com brinquedos e lanches","datePublished":"2021-10-15T17:42:38+00:00","dateModified":"2021-10-15T17:42:43+00:00","mainEntityOfPage":{"@id":"https:\/\/folhapopular.info\/index.php\/2021\/10\/15\/dia-das-criancas-na-emef-pedro-welter-de-lajeado-e-comemorado-com-brinquedos-e-lanches\/"},"wordCount":393,"commentCount":0,"image":{"@id":"https:\/\/folhapopular.info\/index.php\/2021\/10\/15\/dia-das-criancas-na-emef-pedro-welter-de-lajeado-e-comemorado-com-brinquedos-e-lanches\/#primaryimage"},"thumbnailUrl":"https:\/\/folhapopular.info\/wp-content\/uploads\/2021\/10\/5-Brinquedos-inflaveis-estao-a-disposicao-dos-alunos-scaled-e1634319727710.jpg","keywords":["Dia das Crian\u00e7as","EMEF Pedro Welter","Lajeado"],"articleSection":["Destaques","Geral"],"inLanguage":"pt-BR","potentialAction":[{"@type":"CommentAction","name":"Comment","target":["https:\/\/folhapopular.info\/index.php\/2021\/10\/15\/dia-das-criancas-na-emef-pedro-welter-de-lajeado-e-comemorado-com-brinquedos-e-lanches\/#respond"]}]},{"@type":"WebPage","@id":"https:\/\/folhapopular.info\/index.php\/2021\/10\/15\/dia-das-criancas-na-emef-pedro-welter-de-lajeado-e-comemorado-com-brinquedos-e-lanches\/","url":"https:\/\/folhapopular.info\/index.php\/2021\/10\/15\/dia-das-criancas-na-emef-pedro-welter-de-lajeado-e-comemorado-com-brinquedos-e-lanches\/","name":"Dia das Crian\u00e7as na EMEF Pedro Welter de Lajeado \u00e9 comemorado com brinquedos e lanches - Folha Popular","isPartOf":{"@id":"https:\/\/folhapopular.info\/#website"},"primaryImageOfPage":{"@id":"https:\/\/folhapopular.info\/index.php\/2021\/10\/15\/dia-das-criancas-na-emef-pedro-welter-de-lajeado-e-comemorado-com-brinquedos-e-lanches\/#primaryimage"},"image":{"@id":"https:\/\/folhapopular.info\/index.php\/2021\/10\/15\/dia-das-criancas-na-emef-pedro-welter-de-lajeado-e-comemorado-com-brinquedos-e-lanches\/#primaryimage"},"thumbnailUrl":"https:\/\/folhapopular.info\/wp-content\/uploads\/2021\/10\/5-Brinquedos-inflaveis-estao-a-disposicao-dos-alunos-scaled-e1634319727710.jpg","datePublished":"2021-10-15T17:42:38+00:00","dateModified":"2021-10-15T17:42:43+00:00","author":{"@id":"https:\/\/folhapopular.info\/#\/schema\/person\/2814e8a0df7643585a9ca38bc6eb9d4b"},"breadcrumb":{"@id":"https:\/\/folhapopular.info\/index.php\/2021\/10\/15\/dia-das-criancas-na-emef-pedro-welter-de-lajeado-e-comemorado-com-brinquedos-e-lanches\/#breadcrumb"},"inLanguage":"pt-BR","potentialAction":[{"@type":"ReadAction","target":["https:\/\/folhapopular.info\/index.php\/2021\/10\/15\/dia-das-criancas-na-emef-pedro-welter-de-lajeado-e-comemorado-com-brinquedos-e-lanches\/"]}]},{"@type":"ImageObject","inLanguage":"pt-BR","@id":"https:\/\/folhapopular.info\/index.php\/2021\/10\/15\/dia-das-criancas-na-emef-pedro-welter-de-lajeado-e-comemorado-com-brinquedos-e-lanches\/#primaryimage","url":"https:\/\/folhapopular.info\/wp-content\/uploads\/2021\/10\/5-Brinquedos-inflaveis-estao-a-disposicao-dos-alunos-scaled-e1634319727710.jpg","contentUrl":"https:\/\/folhapopular.info\/wp-content\/uploads\/2021\/10\/5-Brinquedos-inflaveis-estao-a-disposicao-dos-alunos-scaled-e1634319727710.jpg","width":800,"height":533,"caption":"Brinquedos infl\u00e1veis est\u00e3o a disposi\u00e7\u00e3o dos alunos \/ Cr\u00e9dito da foto: Pietra Darde \/ Divulga\u00e7\u00e3o"},{"@type":"BreadcrumbList","@id":"https:\/\/folhapopular.info\/index.php\/2021\/10\/15\/dia-das-criancas-na-emef-pedro-welter-de-lajeado-e-comemorado-com-brinquedos-e-lanches\/#breadcrumb","itemListElement":[{"@type":"ListItem","position":1,"name":"In\u00edcio","item":"https:\/\/folhapopular.info\/"},{"@type":"ListItem","position":2,"name":"Dia das Crian\u00e7as na EMEF Pedro Welter de Lajeado \u00e9 comemorado com brinquedos e lanches"}]},{"@type":"WebSite","@id":"https:\/\/folhapopular.info\/#website","url":"https:\/\/folhapopular.info\/","name":"Folha Popular","description":"Onde voc\u00ea tem vez e voz","potentialAction":[{"@type":"SearchAction","target":{"@type":"EntryPoint","urlTemplate":"https:\/\/folhapopular.info\/?s={search_term_string}"},"query-input":{"@type":"PropertyValueSpecification","valueRequired":true,"valueName":"search_term_string"}}],"inLanguage":"pt-BR"},{"@type":"Person","@id":"https:\/\/folhapopular.info\/#\/schema\/person\/2814e8a0df7643585a9ca38bc6eb9d4b","name":"Reda\u00e7\u00e3o Folha Popular","image":{"@type":"ImageObject","inLanguage":"pt-BR","@id":"https:\/\/folhapopular.info\/wp-content\/uploads\/2026\/04\/Folha-1.webp","url":"https:\/\/folhapopular.info\/wp-content\/uploads\/2026\/04\/Folha-1.webp","contentUrl":"https:\/\/folhapopular.info\/wp-content\/uploads\/2026\/04\/Folha-1.webp","caption":"Reda\u00e7\u00e3o Folha Popular"},"url":"https:\/\/folhapopular.info\/index.php\/author\/redacao\/"}]}},"jetpack_featured_media_url":"https:\/\/folhapopular.info\/wp-content\/uploads\/2021\/10\/5-Brinquedos-inflaveis-estao-a-disposicao-dos-alunos-scaled-e1634319727710.jpg","jetpack_sharing_enabled":true,"amp_enabled":true,"_links":{"self":[{"href":"https:\/\/folhapopular.info\/index.php\/wp-json\/wp\/v2\/posts\/91046","targetHints":{"allow":["GET"]}}],"collection":[{"href":"https:\/\/folhapopular.info\/index.php\/wp-json\/wp\/v2\/posts"}],"about":[{"href":"https:\/\/folhapopular.info\/index.php\/wp-json\/wp\/v2\/types\/post"}],"author":[{"embeddable":true,"href":"https:\/\/folhapopular.info\/index.php\/wp-json\/wp\/v2\/users\/8"}],"replies":[{"embeddable":true,"href":"https:\/\/folhapopular.info\/index.php\/wp-json\/wp\/v2\/comments?post=91046"}],"version-history":[{"count":0,"href":"https:\/\/folhapopular.info\/index.php\/wp-json\/wp\/v2\/posts\/91046\/revisions"}],"wp:featuredmedia":[{"embeddable":true,"href":"https:\/\/folhapopular.info\/index.php\/wp-json\/wp\/v2\/media\/91047"}],"wp:attachment":[{"href":"https:\/\/folhapopular.info\/index.php\/wp-json\/wp\/v2\/media?parent=91046"}],"wp:term":[{"taxonomy":"category","embeddable":true,"href":"https:\/\/folhapopular.info\/index.php\/wp-json\/wp\/v2\/categories?post=91046"},{"taxonomy":"post_tag","embeddable":true,"href":"https:\/\/folhapopular.info\/index.php\/wp-json\/wp\/v2\/tags?post=91046"}],"curies":[{"name":"wp","href":"https:\/\/api.w.org\/{rel}","templated":true}]}}