{"id":91579,"date":"2021-10-22T14:30:00","date_gmt":"2021-10-22T17:30:00","guid":{"rendered":"https:\/\/folhapopular.info\/?p=91579"},"modified":"2021-10-22T14:07:36","modified_gmt":"2021-10-22T17:07:36","slug":"prefeitura-de-lajeado-entrega-oficialmente-o-campo-sintetico-do-bairro-moinhos","status":"publish","type":"post","link":"https:\/\/folhapopular.info\/index.php\/2021\/10\/22\/prefeitura-de-lajeado-entrega-oficialmente-o-campo-sintetico-do-bairro-moinhos\/","title":{"rendered":"Prefeitura de Lajeado entrega oficialmente o campo sint\u00e9tico do bairro Moinhos"},"content":{"rendered":"\n<p>Na noite de quinta-feira (21\/10), em uma cerim\u00f4nia singela, a Prefeitura de Lajeado realizou a entrega oficial de um campo sint\u00e9tico\u00a0e formalizou a concess\u00e3o do direito real de uso do espa\u00e7o localizado na Avenida Castelo Branco para a Associa\u00e7\u00e3o Recreativa dos Moradores do bairro Moinhos.\u00a0<\/p>\n\n\n\n<p>Estiveram no local o prefeito, Marcelo Caumo, secret\u00e1rios municipais e coordenadores de governo, vereadores e a presidente da Associa\u00e7\u00e3o Recreativa dos Moradores do bairro Moinhos, T\u00e2nia Dossena Spezia, al\u00e9m de pessoas da comunidade.<\/p>\n\n\n\n<p>&#8220;O que estamos realizando hoje \u00e9 resultado de uma parceria entre poder p\u00fablico e comunidade. Trabalhamos juntos para construir isso, cada um fazendo a sua parte. Essa \u00e9 a verdadeira fun\u00e7\u00e3o do poder p\u00fablico: trabalhar para promover o bem-estar das pessoas, especialmente das crian\u00e7as, que agora poder\u00e3o aproveitar esse campo para serem simplesmente felizes&#8221; disse o prefeito Marcelo Caumo.<\/p>\n\n\n\n<p>A obra foi iniciada em 2020 com a prepara\u00e7\u00e3o da base do campo, com a instala\u00e7\u00e3o da grama sint\u00e9tica, postes, goleira, rede de cercamento, ilumina\u00e7\u00e3o e muretas de conten\u00e7\u00e3o. Al\u00e9m disso, foi feito o preenchimento e nivelamento do campo, al\u00e9m da cal\u00e7ada de passeio com blocos de concreto. O investimento do munic\u00edpio foi de R$ 112,5 mil.<\/p>\n\n\n\n<p>Al\u00e9m da entrega oficial do campo sint\u00e9tico de futebol do bairro Moinhos, o prefeito Marcelo Caumo e a presidente da Associa\u00e7\u00e3o, T\u00e2nia Dossena Spezia, tamb\u00e9m assinaram o termo de outorga de concess\u00e3o de direito real de uso da \u00e1rea, autorizada pela Lei 11.228\/2021 (<a href=\"https:\/\/leismunicipais.com.br\/a\/rs\/l\/lajeado\/lei-ordinaria\/2021\/1123\/11228\/lei-ordinaria-n-11228-2021-autoriza-o-poder-executivo-a-conceder-direito-real-de-uso-sobre-uma-area-urbana-a-associacao-recreativa-de-moradores-do-bairro-moinhos?q=11.228\" rel=\"noreferrer noopener\" target=\"_blank\"><strong>clique aqui para acessar<\/strong><\/a>).&nbsp;A concess\u00e3o \u00e9 de uma \u00e1rea de 2.313,22, que foi concedida pelo munic\u00edpio \u00e0 associa\u00e7\u00e3o para que a entidade possa zelar, administrar, gerir os hor\u00e1rios de utiliza\u00e7\u00e3o e realizar as manuten\u00e7\u00f5es necess\u00e1rios no espa\u00e7o, a fim de oportunizar de forma igualit\u00e1ria e saud\u00e1vel a pr\u00e1tica de esporte e lazer aos usu\u00e1rios do bairro e redondezas. Em contrapartida, a entidade manter\u00e1 a limpeza, a seguran\u00e7a contra depreda\u00e7\u00f5es e a manuten\u00e7\u00e3o das depend\u00eancias do local. A concess\u00e3o se dar\u00e1 pelo prazo de 5 anos, podendo ser renovada por igual per\u00edodo.<\/p>\n\n\n\n<p>&#8220;Ficamos muito felizes com este novo espa\u00e7o de lazer, que ser\u00e1 muito aproveitado por todos, especialmente pelas crian\u00e7as. Agora \u00e9 nosso dever, enquanto comunidade, ajudar a cuidar deste local&#8221; disse T\u00e2nia, presidente da Associa\u00e7\u00e3o Recreativa dos Moradores do Bairro.<\/p>\n\n\n\n<p>Al\u00e9m do bairro Moinhos, j\u00e1 foram feitos campos sint\u00e9ticos nos bairros S\u00e3o Crist\u00f3v\u00e3o, Olarias e Santo Ant\u00f4nio.<\/p>\n\n\n\n<p>Para encerrar a noite, foi realizado um jogo de futebol entre servidores da Prefeitura de Lajeado e membros da comunidade, que terminou em 5&#215;5.<\/p>\n","protected":false},"excerpt":{"rendered":"<p>Na noite de quinta-feira (21\/10), em uma cerim\u00f4nia singela, a Prefeitura de Lajeado realizou a entrega oficial de um campo sint\u00e9tico\u00a0e formalizou a concess\u00e3o do direito real de uso do espa\u00e7o localizado na Avenida Castelo Branco para a Associa\u00e7\u00e3o Recreativa dos Moradores do bairro Moinhos.\u00a0 Estiveram no local o prefeito, Marcelo Caumo, secret\u00e1rios municipais e [&hellip;]<\/p>\n","protected":false},"author":8,"featured_media":91580,"comment_status":"open","ping_status":"open","sticky":false,"template":"","format":"standard","meta":{"pmpro_default_level":"","_jetpack_memberships_contains_paid_content":false,"footnotes":""},"categories":[2,3],"tags":[7229,27,5083],"class_list":{"0":"post-91579","1":"post","2":"type-post","3":"status-publish","4":"format-standard","5":"has-post-thumbnail","7":"category-featured","8":"category-geral","9":"tag-campo-sintetico","10":"tag-lajeado","11":"tag-prefeitura-de-lajeado","12":"pmpro-has-access"},"yoast_head":"<!-- This site is optimized with the Yoast SEO plugin v27.5 - https:\/\/yoast.com\/product\/yoast-seo-wordpress\/ -->\n<title>Prefeitura de Lajeado entrega oficialmente o campo sint\u00e9tico do bairro Moinhos - Folha Popular<\/title>\n<meta name=\"robots\" content=\"index, follow, max-snippet:-1, max-image-preview:large, max-video-preview:-1\" \/>\n<link rel=\"canonical\" href=\"https:\/\/folhapopular.info\/index.php\/2021\/10\/22\/prefeitura-de-lajeado-entrega-oficialmente-o-campo-sintetico-do-bairro-moinhos\/\" \/>\n<meta property=\"og:locale\" content=\"pt_BR\" \/>\n<meta property=\"og:type\" content=\"article\" \/>\n<meta property=\"og:title\" content=\"Prefeitura de Lajeado entrega oficialmente o campo sint\u00e9tico do bairro Moinhos - Folha Popular\" \/>\n<meta property=\"og:description\" content=\"Na noite de quinta-feira (21\/10), em uma cerim\u00f4nia singela, a Prefeitura de Lajeado realizou a entrega oficial de um campo sint\u00e9tico\u00a0e formalizou a concess\u00e3o do direito real de uso do espa\u00e7o localizado na Avenida Castelo Branco para a Associa\u00e7\u00e3o Recreativa dos Moradores do bairro Moinhos.\u00a0 Estiveram no local o prefeito, Marcelo Caumo, secret\u00e1rios municipais e [&hellip;]\" \/>\n<meta property=\"og:url\" content=\"https:\/\/folhapopular.info\/index.php\/2021\/10\/22\/prefeitura-de-lajeado-entrega-oficialmente-o-campo-sintetico-do-bairro-moinhos\/\" \/>\n<meta property=\"og:site_name\" content=\"Folha Popular\" \/>\n<meta property=\"article:published_time\" content=\"2021-10-22T17:30:00+00:00\" \/>\n<meta property=\"og:image\" content=\"https:\/\/folhapopular.info\/wp-content\/uploads\/2021\/10\/01-1-e1634922442979.jpg\" \/>\n\t<meta property=\"og:image:width\" content=\"800\" \/>\n\t<meta property=\"og:image:height\" content=\"533\" \/>\n\t<meta property=\"og:image:type\" content=\"image\/jpeg\" \/>\n<meta name=\"author\" content=\"Reda\u00e7\u00e3o Folha Popular\" \/>\n<meta name=\"twitter:card\" content=\"summary_large_image\" \/>\n<meta name=\"twitter:label1\" content=\"Escrito por\" \/>\n\t<meta name=\"twitter:data1\" content=\"Reda\u00e7\u00e3o Folha Popular\" \/>\n\t<meta name=\"twitter:label2\" content=\"Est. tempo de leitura\" \/>\n\t<meta name=\"twitter:data2\" content=\"2 minutos\" \/>\n<script type=\"application\/ld+json\" class=\"yoast-schema-graph\">{\"@context\":\"https:\\\/\\\/schema.org\",\"@graph\":[{\"@type\":\"Article\",\"@id\":\"https:\\\/\\\/folhapopular.info\\\/index.php\\\/2021\\\/10\\\/22\\\/prefeitura-de-lajeado-entrega-oficialmente-o-campo-sintetico-do-bairro-moinhos\\\/#article\",\"isPartOf\":{\"@id\":\"https:\\\/\\\/folhapopular.info\\\/index.php\\\/2021\\\/10\\\/22\\\/prefeitura-de-lajeado-entrega-oficialmente-o-campo-sintetico-do-bairro-moinhos\\\/\"},\"author\":{\"name\":\"Reda\u00e7\u00e3o Folha Popular\",\"@id\":\"https:\\\/\\\/folhapopular.info\\\/#\\\/schema\\\/person\\\/2814e8a0df7643585a9ca38bc6eb9d4b\"},\"headline\":\"Prefeitura de Lajeado entrega oficialmente o campo sint\u00e9tico do bairro Moinhos\",\"datePublished\":\"2021-10-22T17:30:00+00:00\",\"mainEntityOfPage\":{\"@id\":\"https:\\\/\\\/folhapopular.info\\\/index.php\\\/2021\\\/10\\\/22\\\/prefeitura-de-lajeado-entrega-oficialmente-o-campo-sintetico-do-bairro-moinhos\\\/\"},\"wordCount\":469,\"commentCount\":0,\"image\":{\"@id\":\"https:\\\/\\\/folhapopular.info\\\/index.php\\\/2021\\\/10\\\/22\\\/prefeitura-de-lajeado-entrega-oficialmente-o-campo-sintetico-do-bairro-moinhos\\\/#primaryimage\"},\"thumbnailUrl\":\"https:\\\/\\\/folhapopular.info\\\/wp-content\\\/uploads\\\/2021\\\/10\\\/01-1-e1634922442979.jpg\",\"keywords\":[\"Campo sint\u00e9tico\",\"Lajeado\",\"Prefeitura de Lajeado\"],\"articleSection\":[\"Destaques\",\"Geral\"],\"inLanguage\":\"pt-BR\",\"potentialAction\":[{\"@type\":\"CommentAction\",\"name\":\"Comment\",\"target\":[\"https:\\\/\\\/folhapopular.info\\\/index.php\\\/2021\\\/10\\\/22\\\/prefeitura-de-lajeado-entrega-oficialmente-o-campo-sintetico-do-bairro-moinhos\\\/#respond\"]}]},{\"@type\":\"WebPage\",\"@id\":\"https:\\\/\\\/folhapopular.info\\\/index.php\\\/2021\\\/10\\\/22\\\/prefeitura-de-lajeado-entrega-oficialmente-o-campo-sintetico-do-bairro-moinhos\\\/\",\"url\":\"https:\\\/\\\/folhapopular.info\\\/index.php\\\/2021\\\/10\\\/22\\\/prefeitura-de-lajeado-entrega-oficialmente-o-campo-sintetico-do-bairro-moinhos\\\/\",\"name\":\"Prefeitura de Lajeado entrega oficialmente o campo sint\u00e9tico do bairro Moinhos - Folha Popular\",\"isPartOf\":{\"@id\":\"https:\\\/\\\/folhapopular.info\\\/#website\"},\"primaryImageOfPage\":{\"@id\":\"https:\\\/\\\/folhapopular.info\\\/index.php\\\/2021\\\/10\\\/22\\\/prefeitura-de-lajeado-entrega-oficialmente-o-campo-sintetico-do-bairro-moinhos\\\/#primaryimage\"},\"image\":{\"@id\":\"https:\\\/\\\/folhapopular.info\\\/index.php\\\/2021\\\/10\\\/22\\\/prefeitura-de-lajeado-entrega-oficialmente-o-campo-sintetico-do-bairro-moinhos\\\/#primaryimage\"},\"thumbnailUrl\":\"https:\\\/\\\/folhapopular.info\\\/wp-content\\\/uploads\\\/2021\\\/10\\\/01-1-e1634922442979.jpg\",\"datePublished\":\"2021-10-22T17:30:00+00:00\",\"author\":{\"@id\":\"https:\\\/\\\/folhapopular.info\\\/#\\\/schema\\\/person\\\/2814e8a0df7643585a9ca38bc6eb9d4b\"},\"breadcrumb\":{\"@id\":\"https:\\\/\\\/folhapopular.info\\\/index.php\\\/2021\\\/10\\\/22\\\/prefeitura-de-lajeado-entrega-oficialmente-o-campo-sintetico-do-bairro-moinhos\\\/#breadcrumb\"},\"inLanguage\":\"pt-BR\",\"potentialAction\":[{\"@type\":\"ReadAction\",\"target\":[\"https:\\\/\\\/folhapopular.info\\\/index.php\\\/2021\\\/10\\\/22\\\/prefeitura-de-lajeado-entrega-oficialmente-o-campo-sintetico-do-bairro-moinhos\\\/\"]}]},{\"@type\":\"ImageObject\",\"inLanguage\":\"pt-BR\",\"@id\":\"https:\\\/\\\/folhapopular.info\\\/index.php\\\/2021\\\/10\\\/22\\\/prefeitura-de-lajeado-entrega-oficialmente-o-campo-sintetico-do-bairro-moinhos\\\/#primaryimage\",\"url\":\"https:\\\/\\\/folhapopular.info\\\/wp-content\\\/uploads\\\/2021\\\/10\\\/01-1-e1634922442979.jpg\",\"contentUrl\":\"https:\\\/\\\/folhapopular.info\\\/wp-content\\\/uploads\\\/2021\\\/10\\\/01-1-e1634922442979.jpg\",\"width\":800,\"height\":533,\"caption\":\"Cr\u00e9dito da foto: Divulga\u00e7\u00e3o\"},{\"@type\":\"BreadcrumbList\",\"@id\":\"https:\\\/\\\/folhapopular.info\\\/index.php\\\/2021\\\/10\\\/22\\\/prefeitura-de-lajeado-entrega-oficialmente-o-campo-sintetico-do-bairro-moinhos\\\/#breadcrumb\",\"itemListElement\":[{\"@type\":\"ListItem\",\"position\":1,\"name\":\"In\u00edcio\",\"item\":\"https:\\\/\\\/folhapopular.info\\\/\"},{\"@type\":\"ListItem\",\"position\":2,\"name\":\"Prefeitura de Lajeado entrega oficialmente o campo sint\u00e9tico do bairro Moinhos\"}]},{\"@type\":\"WebSite\",\"@id\":\"https:\\\/\\\/folhapopular.info\\\/#website\",\"url\":\"https:\\\/\\\/folhapopular.info\\\/\",\"name\":\"Folha Popular\",\"description\":\"Onde voc\u00ea tem vez e voz\",\"potentialAction\":[{\"@type\":\"SearchAction\",\"target\":{\"@type\":\"EntryPoint\",\"urlTemplate\":\"https:\\\/\\\/folhapopular.info\\\/?s={search_term_string}\"},\"query-input\":{\"@type\":\"PropertyValueSpecification\",\"valueRequired\":true,\"valueName\":\"search_term_string\"}}],\"inLanguage\":\"pt-BR\"},{\"@type\":\"Person\",\"@id\":\"https:\\\/\\\/folhapopular.info\\\/#\\\/schema\\\/person\\\/2814e8a0df7643585a9ca38bc6eb9d4b\",\"name\":\"Reda\u00e7\u00e3o Folha Popular\",\"image\":{\"@type\":\"ImageObject\",\"inLanguage\":\"pt-BR\",\"@id\":\"https:\\\/\\\/folhapopular.info\\\/wp-content\\\/uploads\\\/2026\\\/04\\\/Folha-1.webp\",\"url\":\"https:\\\/\\\/folhapopular.info\\\/wp-content\\\/uploads\\\/2026\\\/04\\\/Folha-1.webp\",\"contentUrl\":\"https:\\\/\\\/folhapopular.info\\\/wp-content\\\/uploads\\\/2026\\\/04\\\/Folha-1.webp\",\"caption\":\"Reda\u00e7\u00e3o Folha Popular\"},\"url\":\"https:\\\/\\\/folhapopular.info\\\/index.php\\\/author\\\/redacao\\\/\"}]}<\/script>\n<!-- \/ Yoast SEO plugin. -->","yoast_head_json":{"title":"Prefeitura de Lajeado entrega oficialmente o campo sint\u00e9tico do bairro Moinhos - Folha Popular","robots":{"index":"index","follow":"follow","max-snippet":"max-snippet:-1","max-image-preview":"max-image-preview:large","max-video-preview":"max-video-preview:-1"},"canonical":"https:\/\/folhapopular.info\/index.php\/2021\/10\/22\/prefeitura-de-lajeado-entrega-oficialmente-o-campo-sintetico-do-bairro-moinhos\/","og_locale":"pt_BR","og_type":"article","og_title":"Prefeitura de Lajeado entrega oficialmente o campo sint\u00e9tico do bairro Moinhos - Folha Popular","og_description":"Na noite de quinta-feira (21\/10), em uma cerim\u00f4nia singela, a Prefeitura de Lajeado realizou a entrega oficial de um campo sint\u00e9tico\u00a0e formalizou a concess\u00e3o do direito real de uso do espa\u00e7o localizado na Avenida Castelo Branco para a Associa\u00e7\u00e3o Recreativa dos Moradores do bairro Moinhos.\u00a0 Estiveram no local o prefeito, Marcelo Caumo, secret\u00e1rios municipais e [&hellip;]","og_url":"https:\/\/folhapopular.info\/index.php\/2021\/10\/22\/prefeitura-de-lajeado-entrega-oficialmente-o-campo-sintetico-do-bairro-moinhos\/","og_site_name":"Folha Popular","article_published_time":"2021-10-22T17:30:00+00:00","og_image":[{"width":800,"height":533,"url":"https:\/\/folhapopular.info\/wp-content\/uploads\/2021\/10\/01-1-e1634922442979.jpg","type":"image\/jpeg"}],"author":"Reda\u00e7\u00e3o Folha Popular","twitter_card":"summary_large_image","twitter_misc":{"Escrito por":"Reda\u00e7\u00e3o Folha Popular","Est. tempo de leitura":"2 minutos"},"schema":{"@context":"https:\/\/schema.org","@graph":[{"@type":"Article","@id":"https:\/\/folhapopular.info\/index.php\/2021\/10\/22\/prefeitura-de-lajeado-entrega-oficialmente-o-campo-sintetico-do-bairro-moinhos\/#article","isPartOf":{"@id":"https:\/\/folhapopular.info\/index.php\/2021\/10\/22\/prefeitura-de-lajeado-entrega-oficialmente-o-campo-sintetico-do-bairro-moinhos\/"},"author":{"name":"Reda\u00e7\u00e3o Folha Popular","@id":"https:\/\/folhapopular.info\/#\/schema\/person\/2814e8a0df7643585a9ca38bc6eb9d4b"},"headline":"Prefeitura de Lajeado entrega oficialmente o campo sint\u00e9tico do bairro Moinhos","datePublished":"2021-10-22T17:30:00+00:00","mainEntityOfPage":{"@id":"https:\/\/folhapopular.info\/index.php\/2021\/10\/22\/prefeitura-de-lajeado-entrega-oficialmente-o-campo-sintetico-do-bairro-moinhos\/"},"wordCount":469,"commentCount":0,"image":{"@id":"https:\/\/folhapopular.info\/index.php\/2021\/10\/22\/prefeitura-de-lajeado-entrega-oficialmente-o-campo-sintetico-do-bairro-moinhos\/#primaryimage"},"thumbnailUrl":"https:\/\/folhapopular.info\/wp-content\/uploads\/2021\/10\/01-1-e1634922442979.jpg","keywords":["Campo sint\u00e9tico","Lajeado","Prefeitura de Lajeado"],"articleSection":["Destaques","Geral"],"inLanguage":"pt-BR","potentialAction":[{"@type":"CommentAction","name":"Comment","target":["https:\/\/folhapopular.info\/index.php\/2021\/10\/22\/prefeitura-de-lajeado-entrega-oficialmente-o-campo-sintetico-do-bairro-moinhos\/#respond"]}]},{"@type":"WebPage","@id":"https:\/\/folhapopular.info\/index.php\/2021\/10\/22\/prefeitura-de-lajeado-entrega-oficialmente-o-campo-sintetico-do-bairro-moinhos\/","url":"https:\/\/folhapopular.info\/index.php\/2021\/10\/22\/prefeitura-de-lajeado-entrega-oficialmente-o-campo-sintetico-do-bairro-moinhos\/","name":"Prefeitura de Lajeado entrega oficialmente o campo sint\u00e9tico do bairro Moinhos - Folha Popular","isPartOf":{"@id":"https:\/\/folhapopular.info\/#website"},"primaryImageOfPage":{"@id":"https:\/\/folhapopular.info\/index.php\/2021\/10\/22\/prefeitura-de-lajeado-entrega-oficialmente-o-campo-sintetico-do-bairro-moinhos\/#primaryimage"},"image":{"@id":"https:\/\/folhapopular.info\/index.php\/2021\/10\/22\/prefeitura-de-lajeado-entrega-oficialmente-o-campo-sintetico-do-bairro-moinhos\/#primaryimage"},"thumbnailUrl":"https:\/\/folhapopular.info\/wp-content\/uploads\/2021\/10\/01-1-e1634922442979.jpg","datePublished":"2021-10-22T17:30:00+00:00","author":{"@id":"https:\/\/folhapopular.info\/#\/schema\/person\/2814e8a0df7643585a9ca38bc6eb9d4b"},"breadcrumb":{"@id":"https:\/\/folhapopular.info\/index.php\/2021\/10\/22\/prefeitura-de-lajeado-entrega-oficialmente-o-campo-sintetico-do-bairro-moinhos\/#breadcrumb"},"inLanguage":"pt-BR","potentialAction":[{"@type":"ReadAction","target":["https:\/\/folhapopular.info\/index.php\/2021\/10\/22\/prefeitura-de-lajeado-entrega-oficialmente-o-campo-sintetico-do-bairro-moinhos\/"]}]},{"@type":"ImageObject","inLanguage":"pt-BR","@id":"https:\/\/folhapopular.info\/index.php\/2021\/10\/22\/prefeitura-de-lajeado-entrega-oficialmente-o-campo-sintetico-do-bairro-moinhos\/#primaryimage","url":"https:\/\/folhapopular.info\/wp-content\/uploads\/2021\/10\/01-1-e1634922442979.jpg","contentUrl":"https:\/\/folhapopular.info\/wp-content\/uploads\/2021\/10\/01-1-e1634922442979.jpg","width":800,"height":533,"caption":"Cr\u00e9dito da foto: Divulga\u00e7\u00e3o"},{"@type":"BreadcrumbList","@id":"https:\/\/folhapopular.info\/index.php\/2021\/10\/22\/prefeitura-de-lajeado-entrega-oficialmente-o-campo-sintetico-do-bairro-moinhos\/#breadcrumb","itemListElement":[{"@type":"ListItem","position":1,"name":"In\u00edcio","item":"https:\/\/folhapopular.info\/"},{"@type":"ListItem","position":2,"name":"Prefeitura de Lajeado entrega oficialmente o campo sint\u00e9tico do bairro Moinhos"}]},{"@type":"WebSite","@id":"https:\/\/folhapopular.info\/#website","url":"https:\/\/folhapopular.info\/","name":"Folha Popular","description":"Onde voc\u00ea tem vez e voz","potentialAction":[{"@type":"SearchAction","target":{"@type":"EntryPoint","urlTemplate":"https:\/\/folhapopular.info\/?s={search_term_string}"},"query-input":{"@type":"PropertyValueSpecification","valueRequired":true,"valueName":"search_term_string"}}],"inLanguage":"pt-BR"},{"@type":"Person","@id":"https:\/\/folhapopular.info\/#\/schema\/person\/2814e8a0df7643585a9ca38bc6eb9d4b","name":"Reda\u00e7\u00e3o Folha Popular","image":{"@type":"ImageObject","inLanguage":"pt-BR","@id":"https:\/\/folhapopular.info\/wp-content\/uploads\/2026\/04\/Folha-1.webp","url":"https:\/\/folhapopular.info\/wp-content\/uploads\/2026\/04\/Folha-1.webp","contentUrl":"https:\/\/folhapopular.info\/wp-content\/uploads\/2026\/04\/Folha-1.webp","caption":"Reda\u00e7\u00e3o Folha Popular"},"url":"https:\/\/folhapopular.info\/index.php\/author\/redacao\/"}]}},"jetpack_featured_media_url":"https:\/\/folhapopular.info\/wp-content\/uploads\/2021\/10\/01-1-e1634922442979.jpg","jetpack_sharing_enabled":true,"amp_enabled":true,"_links":{"self":[{"href":"https:\/\/folhapopular.info\/index.php\/wp-json\/wp\/v2\/posts\/91579","targetHints":{"allow":["GET"]}}],"collection":[{"href":"https:\/\/folhapopular.info\/index.php\/wp-json\/wp\/v2\/posts"}],"about":[{"href":"https:\/\/folhapopular.info\/index.php\/wp-json\/wp\/v2\/types\/post"}],"author":[{"embeddable":true,"href":"https:\/\/folhapopular.info\/index.php\/wp-json\/wp\/v2\/users\/8"}],"replies":[{"embeddable":true,"href":"https:\/\/folhapopular.info\/index.php\/wp-json\/wp\/v2\/comments?post=91579"}],"version-history":[{"count":0,"href":"https:\/\/folhapopular.info\/index.php\/wp-json\/wp\/v2\/posts\/91579\/revisions"}],"wp:featuredmedia":[{"embeddable":true,"href":"https:\/\/folhapopular.info\/index.php\/wp-json\/wp\/v2\/media\/91580"}],"wp:attachment":[{"href":"https:\/\/folhapopular.info\/index.php\/wp-json\/wp\/v2\/media?parent=91579"}],"wp:term":[{"taxonomy":"category","embeddable":true,"href":"https:\/\/folhapopular.info\/index.php\/wp-json\/wp\/v2\/categories?post=91579"},{"taxonomy":"post_tag","embeddable":true,"href":"https:\/\/folhapopular.info\/index.php\/wp-json\/wp\/v2\/tags?post=91579"}],"curies":[{"name":"wp","href":"https:\/\/api.w.org\/{rel}","templated":true}]}}