{"id":91952,"date":"2021-10-28T09:15:08","date_gmt":"2021-10-28T12:15:08","guid":{"rendered":"https:\/\/folhapopular.info\/?p=91952"},"modified":"2021-10-28T09:15:12","modified_gmt":"2021-10-28T12:15:12","slug":"estrelenses-tem-acesso-aos-beneficios-da-danca","status":"publish","type":"post","link":"https:\/\/folhapopular.info\/index.php\/2021\/10\/28\/estrelenses-tem-acesso-aos-beneficios-da-danca\/","title":{"rendered":"Estrelenses t\u00eam acesso aos benef\u00edcios da dan\u00e7a"},"content":{"rendered":"<p>Projeto da Secretaria Especial de Cultura, Esporte e Lazer (Secel) oferece oportunidade de dan\u00e7a \u00e0 comunidade de Estrela. O trabalho iniciou neste m\u00eas de outubro e cresce. At\u00e9 o momento s\u00e3o tr\u00eas grupos constitu\u00eddos no Bairro Imigrantes, com encontros nas ter\u00e7as e quintas. Na ter\u00e7a, categoria juvenil, \u00e0s 14h30, s\u00e3o atendidas as idades de 8&#8230; <\/p>\n<div class=\"pmpro\">\n<div class=\"pmpro_card pmpro_content_message\">\n<div class=\"pmpro_card_content\">Este conte\u00fado \u00e9 apenas para associados Grupo Popular &#8211; Conte\u00fado Total Anual e Grupo Popular &#8211; Conte\u00fado Total Mensal. <br \/><a href=\"https:\/\/folhapopular.info\/wp-login.php?action=register\">Cadastre-se<\/a><\/div>\n<div class=\"pmpro_card_actions pmpro_font-medium\">J\u00e1 se associou? <a href=\"https:\/\/folhapopular.info\/wp-login.php?redirect_to=https%3A%2F%2Ffolhapopular.info%2Findex.php%2F2021%2F10%2F28%2Festrelenses-tem-acesso-aos-beneficios-da-danca%2F\">Acesse aqui<\/a><\/div>\n<\/div>\n<\/div>\n","protected":false},"excerpt":{"rendered":"<p>Projeto da Secretaria Especial de Cultura, Esporte e Lazer (Secel) oferece oportunidade de dan\u00e7a \u00e0 comunidade de Estrela. O trabalho iniciou neste m\u00eas de outubro e cresce. At\u00e9 o momento s\u00e3o tr\u00eas grupos constitu\u00eddos no Bairro Imigrantes, com encontros nas ter\u00e7as e quintas. Na ter\u00e7a, categoria juvenil, \u00e0s 14h30, s\u00e3o atendidas as idades de 8... <\/p>\n<div class=\"pmpro\"><div class=\"pmpro_card pmpro_content_message\"><div class=\"pmpro_card_content\">Este conte\u00fado \u00e9 apenas para associados Grupo Popular - Conte\u00fado Total Anual e Grupo Popular - Conte\u00fado Total Mensal. <br \/><a href=\"https:\/\/folhapopular.info\/wp-login.php?action=register\">Cadastre-se<\/a><\/div><div class=\"pmpro_card_actions pmpro_font-medium\">J\u00e1 se associou? <a href=\"https:\/\/folhapopular.info\/wp-login.php?redirect_to=https%3A%2F%2Ffolhapopular.info%2Findex.php%2F2021%2F10%2F28%2Festrelenses-tem-acesso-aos-beneficios-da-danca%2F\">Acesse aqui<\/a><\/div><\/div><\/div>","protected":false},"author":8,"featured_media":91958,"comment_status":"open","ping_status":"open","sticky":false,"template":"","format":"standard","meta":{"pmpro_default_level":"","_jetpack_memberships_contains_paid_content":false,"footnotes":""},"categories":[5990,2,3],"tags":[6045,7290,8],"class_list":{"0":"post-91952","1":"post","2":"type-post","3":"status-publish","4":"format-standard","5":"has-post-thumbnail","7":"category-conteudo-exclusivo","8":"category-featured","9":"category-geral","10":"tag-acesso","11":"tag-beneficios-da-danca","12":"tag-estrela","13":"pmpro-level-required","14":"pmpro-level-2","15":"pmpro-level-4","16":"pmpro-level-5","17":"pmpro-no-access"},"yoast_head":"<!-- This site is optimized with the Yoast SEO plugin v27.5 - https:\/\/yoast.com\/product\/yoast-seo-wordpress\/ -->\n<title>Estrelenses t\u00eam acesso aos benef\u00edcios da dan\u00e7a - Folha Popular<\/title>\n<meta name=\"robots\" content=\"index, follow, max-snippet:-1, max-image-preview:large, max-video-preview:-1\" \/>\n<link rel=\"canonical\" href=\"https:\/\/folhapopular.info\/index.php\/2021\/10\/28\/estrelenses-tem-acesso-aos-beneficios-da-danca\/\" \/>\n<meta property=\"og:locale\" content=\"pt_BR\" \/>\n<meta property=\"og:type\" content=\"article\" \/>\n<meta property=\"og:title\" content=\"Estrelenses t\u00eam acesso aos benef\u00edcios da dan\u00e7a - Folha Popular\" \/>\n<meta property=\"og:description\" content=\"Projeto da Secretaria Especial de Cultura, Esporte e Lazer (Secel) oferece oportunidade de dan\u00e7a \u00e0 comunidade de Estrela. O trabalho iniciou neste m\u00eas de outubro e cresce. At\u00e9 o momento s\u00e3o tr\u00eas grupos constitu\u00eddos no Bairro Imigrantes, com encontros nas ter\u00e7as e quintas. Na ter\u00e7a, categoria juvenil, \u00e0s 14h30, s\u00e3o atendidas as idades de 8 [&hellip;]\" \/>\n<meta property=\"og:url\" content=\"https:\/\/folhapopular.info\/index.php\/2021\/10\/28\/estrelenses-tem-acesso-aos-beneficios-da-danca\/\" \/>\n<meta property=\"og:site_name\" content=\"Folha Popular\" \/>\n<meta property=\"article:published_time\" content=\"2021-10-28T12:15:08+00:00\" \/>\n<meta property=\"article:modified_time\" content=\"2021-10-28T12:15:12+00:00\" \/>\n<meta property=\"og:image\" content=\"https:\/\/folhapopular.info\/wp-content\/uploads\/2021\/10\/professsora-e1635423192548.jpeg\" \/>\n\t<meta property=\"og:image:width\" content=\"450\" \/>\n\t<meta property=\"og:image:height\" content=\"800\" \/>\n\t<meta property=\"og:image:type\" content=\"image\/jpeg\" \/>\n<meta name=\"author\" content=\"Reda\u00e7\u00e3o Folha Popular\" \/>\n<meta name=\"twitter:card\" content=\"summary_large_image\" \/>\n<meta name=\"twitter:label1\" content=\"Escrito por\" \/>\n\t<meta name=\"twitter:data1\" content=\"Reda\u00e7\u00e3o Folha Popular\" \/>\n\t<meta name=\"twitter:label2\" content=\"Est. tempo de leitura\" \/>\n\t<meta name=\"twitter:data2\" content=\"2 minutos\" \/>\n<script type=\"application\/ld+json\" class=\"yoast-schema-graph\">{\"@context\":\"https:\\\/\\\/schema.org\",\"@graph\":[{\"@type\":\"Article\",\"@id\":\"https:\\\/\\\/folhapopular.info\\\/index.php\\\/2021\\\/10\\\/28\\\/estrelenses-tem-acesso-aos-beneficios-da-danca\\\/#article\",\"isPartOf\":{\"@id\":\"https:\\\/\\\/folhapopular.info\\\/index.php\\\/2021\\\/10\\\/28\\\/estrelenses-tem-acesso-aos-beneficios-da-danca\\\/\"},\"author\":{\"name\":\"Reda\u00e7\u00e3o Folha Popular\",\"@id\":\"https:\\\/\\\/folhapopular.info\\\/#\\\/schema\\\/person\\\/2814e8a0df7643585a9ca38bc6eb9d4b\"},\"headline\":\"Estrelenses t\u00eam acesso aos benef\u00edcios da dan\u00e7a\",\"datePublished\":\"2021-10-28T12:15:08+00:00\",\"dateModified\":\"2021-10-28T12:15:12+00:00\",\"mainEntityOfPage\":{\"@id\":\"https:\\\/\\\/folhapopular.info\\\/index.php\\\/2021\\\/10\\\/28\\\/estrelenses-tem-acesso-aos-beneficios-da-danca\\\/\"},\"wordCount\":290,\"commentCount\":0,\"image\":{\"@id\":\"https:\\\/\\\/folhapopular.info\\\/index.php\\\/2021\\\/10\\\/28\\\/estrelenses-tem-acesso-aos-beneficios-da-danca\\\/#primaryimage\"},\"thumbnailUrl\":\"https:\\\/\\\/folhapopular.info\\\/wp-content\\\/uploads\\\/2021\\\/10\\\/professsora-e1635423192548.jpeg\",\"keywords\":[\"acesso\",\"Benef\u00edcios da dan\u00e7a\",\"Estrela\"],\"articleSection\":[\"Conte\u00fado Exclusivo\",\"Destaques\",\"Geral\"],\"inLanguage\":\"pt-BR\",\"potentialAction\":[{\"@type\":\"CommentAction\",\"name\":\"Comment\",\"target\":[\"https:\\\/\\\/folhapopular.info\\\/index.php\\\/2021\\\/10\\\/28\\\/estrelenses-tem-acesso-aos-beneficios-da-danca\\\/#respond\"]}]},{\"@type\":\"WebPage\",\"@id\":\"https:\\\/\\\/folhapopular.info\\\/index.php\\\/2021\\\/10\\\/28\\\/estrelenses-tem-acesso-aos-beneficios-da-danca\\\/\",\"url\":\"https:\\\/\\\/folhapopular.info\\\/index.php\\\/2021\\\/10\\\/28\\\/estrelenses-tem-acesso-aos-beneficios-da-danca\\\/\",\"name\":\"Estrelenses t\u00eam acesso aos benef\u00edcios da dan\u00e7a - Folha Popular\",\"isPartOf\":{\"@id\":\"https:\\\/\\\/folhapopular.info\\\/#website\"},\"primaryImageOfPage\":{\"@id\":\"https:\\\/\\\/folhapopular.info\\\/index.php\\\/2021\\\/10\\\/28\\\/estrelenses-tem-acesso-aos-beneficios-da-danca\\\/#primaryimage\"},\"image\":{\"@id\":\"https:\\\/\\\/folhapopular.info\\\/index.php\\\/2021\\\/10\\\/28\\\/estrelenses-tem-acesso-aos-beneficios-da-danca\\\/#primaryimage\"},\"thumbnailUrl\":\"https:\\\/\\\/folhapopular.info\\\/wp-content\\\/uploads\\\/2021\\\/10\\\/professsora-e1635423192548.jpeg\",\"datePublished\":\"2021-10-28T12:15:08+00:00\",\"dateModified\":\"2021-10-28T12:15:12+00:00\",\"author\":{\"@id\":\"https:\\\/\\\/folhapopular.info\\\/#\\\/schema\\\/person\\\/2814e8a0df7643585a9ca38bc6eb9d4b\"},\"breadcrumb\":{\"@id\":\"https:\\\/\\\/folhapopular.info\\\/index.php\\\/2021\\\/10\\\/28\\\/estrelenses-tem-acesso-aos-beneficios-da-danca\\\/#breadcrumb\"},\"inLanguage\":\"pt-BR\",\"potentialAction\":[{\"@type\":\"ReadAction\",\"target\":[\"https:\\\/\\\/folhapopular.info\\\/index.php\\\/2021\\\/10\\\/28\\\/estrelenses-tem-acesso-aos-beneficios-da-danca\\\/\"]}]},{\"@type\":\"ImageObject\",\"inLanguage\":\"pt-BR\",\"@id\":\"https:\\\/\\\/folhapopular.info\\\/index.php\\\/2021\\\/10\\\/28\\\/estrelenses-tem-acesso-aos-beneficios-da-danca\\\/#primaryimage\",\"url\":\"https:\\\/\\\/folhapopular.info\\\/wp-content\\\/uploads\\\/2021\\\/10\\\/professsora-e1635423192548.jpeg\",\"contentUrl\":\"https:\\\/\\\/folhapopular.info\\\/wp-content\\\/uploads\\\/2021\\\/10\\\/professsora-e1635423192548.jpeg\",\"width\":450,\"height\":800,\"caption\":\"Natacha Maria da Silva \u00e9 a professora do projeto \\\/ Cr\u00e9dito: Divulga\u00e7\u00e3o\"},{\"@type\":\"BreadcrumbList\",\"@id\":\"https:\\\/\\\/folhapopular.info\\\/index.php\\\/2021\\\/10\\\/28\\\/estrelenses-tem-acesso-aos-beneficios-da-danca\\\/#breadcrumb\",\"itemListElement\":[{\"@type\":\"ListItem\",\"position\":1,\"name\":\"In\u00edcio\",\"item\":\"https:\\\/\\\/folhapopular.info\\\/\"},{\"@type\":\"ListItem\",\"position\":2,\"name\":\"Estrelenses t\u00eam acesso aos benef\u00edcios da dan\u00e7a\"}]},{\"@type\":\"WebSite\",\"@id\":\"https:\\\/\\\/folhapopular.info\\\/#website\",\"url\":\"https:\\\/\\\/folhapopular.info\\\/\",\"name\":\"Folha Popular\",\"description\":\"Onde voc\u00ea tem vez e voz\",\"potentialAction\":[{\"@type\":\"SearchAction\",\"target\":{\"@type\":\"EntryPoint\",\"urlTemplate\":\"https:\\\/\\\/folhapopular.info\\\/?s={search_term_string}\"},\"query-input\":{\"@type\":\"PropertyValueSpecification\",\"valueRequired\":true,\"valueName\":\"search_term_string\"}}],\"inLanguage\":\"pt-BR\"},{\"@type\":\"Person\",\"@id\":\"https:\\\/\\\/folhapopular.info\\\/#\\\/schema\\\/person\\\/2814e8a0df7643585a9ca38bc6eb9d4b\",\"name\":\"Reda\u00e7\u00e3o Folha Popular\",\"image\":{\"@type\":\"ImageObject\",\"inLanguage\":\"pt-BR\",\"@id\":\"https:\\\/\\\/folhapopular.info\\\/wp-content\\\/uploads\\\/2026\\\/04\\\/Folha-1.webp\",\"url\":\"https:\\\/\\\/folhapopular.info\\\/wp-content\\\/uploads\\\/2026\\\/04\\\/Folha-1.webp\",\"contentUrl\":\"https:\\\/\\\/folhapopular.info\\\/wp-content\\\/uploads\\\/2026\\\/04\\\/Folha-1.webp\",\"caption\":\"Reda\u00e7\u00e3o Folha Popular\"},\"url\":\"https:\\\/\\\/folhapopular.info\\\/index.php\\\/author\\\/redacao\\\/\"}]}<\/script>\n<!-- \/ Yoast SEO plugin. -->","yoast_head_json":{"title":"Estrelenses t\u00eam acesso aos benef\u00edcios da dan\u00e7a - Folha Popular","robots":{"index":"index","follow":"follow","max-snippet":"max-snippet:-1","max-image-preview":"max-image-preview:large","max-video-preview":"max-video-preview:-1"},"canonical":"https:\/\/folhapopular.info\/index.php\/2021\/10\/28\/estrelenses-tem-acesso-aos-beneficios-da-danca\/","og_locale":"pt_BR","og_type":"article","og_title":"Estrelenses t\u00eam acesso aos benef\u00edcios da dan\u00e7a - Folha Popular","og_description":"Projeto da Secretaria Especial de Cultura, Esporte e Lazer (Secel) oferece oportunidade de dan\u00e7a \u00e0 comunidade de Estrela. O trabalho iniciou neste m\u00eas de outubro e cresce. At\u00e9 o momento s\u00e3o tr\u00eas grupos constitu\u00eddos no Bairro Imigrantes, com encontros nas ter\u00e7as e quintas. Na ter\u00e7a, categoria juvenil, \u00e0s 14h30, s\u00e3o atendidas as idades de 8 [&hellip;]","og_url":"https:\/\/folhapopular.info\/index.php\/2021\/10\/28\/estrelenses-tem-acesso-aos-beneficios-da-danca\/","og_site_name":"Folha Popular","article_published_time":"2021-10-28T12:15:08+00:00","article_modified_time":"2021-10-28T12:15:12+00:00","og_image":[{"width":450,"height":800,"url":"https:\/\/folhapopular.info\/wp-content\/uploads\/2021\/10\/professsora-e1635423192548.jpeg","type":"image\/jpeg"}],"author":"Reda\u00e7\u00e3o Folha Popular","twitter_card":"summary_large_image","twitter_misc":{"Escrito por":"Reda\u00e7\u00e3o Folha Popular","Est. tempo de leitura":"2 minutos"},"schema":{"@context":"https:\/\/schema.org","@graph":[{"@type":"Article","@id":"https:\/\/folhapopular.info\/index.php\/2021\/10\/28\/estrelenses-tem-acesso-aos-beneficios-da-danca\/#article","isPartOf":{"@id":"https:\/\/folhapopular.info\/index.php\/2021\/10\/28\/estrelenses-tem-acesso-aos-beneficios-da-danca\/"},"author":{"name":"Reda\u00e7\u00e3o Folha Popular","@id":"https:\/\/folhapopular.info\/#\/schema\/person\/2814e8a0df7643585a9ca38bc6eb9d4b"},"headline":"Estrelenses t\u00eam acesso aos benef\u00edcios da dan\u00e7a","datePublished":"2021-10-28T12:15:08+00:00","dateModified":"2021-10-28T12:15:12+00:00","mainEntityOfPage":{"@id":"https:\/\/folhapopular.info\/index.php\/2021\/10\/28\/estrelenses-tem-acesso-aos-beneficios-da-danca\/"},"wordCount":290,"commentCount":0,"image":{"@id":"https:\/\/folhapopular.info\/index.php\/2021\/10\/28\/estrelenses-tem-acesso-aos-beneficios-da-danca\/#primaryimage"},"thumbnailUrl":"https:\/\/folhapopular.info\/wp-content\/uploads\/2021\/10\/professsora-e1635423192548.jpeg","keywords":["acesso","Benef\u00edcios da dan\u00e7a","Estrela"],"articleSection":["Conte\u00fado Exclusivo","Destaques","Geral"],"inLanguage":"pt-BR","potentialAction":[{"@type":"CommentAction","name":"Comment","target":["https:\/\/folhapopular.info\/index.php\/2021\/10\/28\/estrelenses-tem-acesso-aos-beneficios-da-danca\/#respond"]}]},{"@type":"WebPage","@id":"https:\/\/folhapopular.info\/index.php\/2021\/10\/28\/estrelenses-tem-acesso-aos-beneficios-da-danca\/","url":"https:\/\/folhapopular.info\/index.php\/2021\/10\/28\/estrelenses-tem-acesso-aos-beneficios-da-danca\/","name":"Estrelenses t\u00eam acesso aos benef\u00edcios da dan\u00e7a - Folha Popular","isPartOf":{"@id":"https:\/\/folhapopular.info\/#website"},"primaryImageOfPage":{"@id":"https:\/\/folhapopular.info\/index.php\/2021\/10\/28\/estrelenses-tem-acesso-aos-beneficios-da-danca\/#primaryimage"},"image":{"@id":"https:\/\/folhapopular.info\/index.php\/2021\/10\/28\/estrelenses-tem-acesso-aos-beneficios-da-danca\/#primaryimage"},"thumbnailUrl":"https:\/\/folhapopular.info\/wp-content\/uploads\/2021\/10\/professsora-e1635423192548.jpeg","datePublished":"2021-10-28T12:15:08+00:00","dateModified":"2021-10-28T12:15:12+00:00","author":{"@id":"https:\/\/folhapopular.info\/#\/schema\/person\/2814e8a0df7643585a9ca38bc6eb9d4b"},"breadcrumb":{"@id":"https:\/\/folhapopular.info\/index.php\/2021\/10\/28\/estrelenses-tem-acesso-aos-beneficios-da-danca\/#breadcrumb"},"inLanguage":"pt-BR","potentialAction":[{"@type":"ReadAction","target":["https:\/\/folhapopular.info\/index.php\/2021\/10\/28\/estrelenses-tem-acesso-aos-beneficios-da-danca\/"]}]},{"@type":"ImageObject","inLanguage":"pt-BR","@id":"https:\/\/folhapopular.info\/index.php\/2021\/10\/28\/estrelenses-tem-acesso-aos-beneficios-da-danca\/#primaryimage","url":"https:\/\/folhapopular.info\/wp-content\/uploads\/2021\/10\/professsora-e1635423192548.jpeg","contentUrl":"https:\/\/folhapopular.info\/wp-content\/uploads\/2021\/10\/professsora-e1635423192548.jpeg","width":450,"height":800,"caption":"Natacha Maria da Silva \u00e9 a professora do projeto \/ Cr\u00e9dito: Divulga\u00e7\u00e3o"},{"@type":"BreadcrumbList","@id":"https:\/\/folhapopular.info\/index.php\/2021\/10\/28\/estrelenses-tem-acesso-aos-beneficios-da-danca\/#breadcrumb","itemListElement":[{"@type":"ListItem","position":1,"name":"In\u00edcio","item":"https:\/\/folhapopular.info\/"},{"@type":"ListItem","position":2,"name":"Estrelenses t\u00eam acesso aos benef\u00edcios da dan\u00e7a"}]},{"@type":"WebSite","@id":"https:\/\/folhapopular.info\/#website","url":"https:\/\/folhapopular.info\/","name":"Folha Popular","description":"Onde voc\u00ea tem vez e voz","potentialAction":[{"@type":"SearchAction","target":{"@type":"EntryPoint","urlTemplate":"https:\/\/folhapopular.info\/?s={search_term_string}"},"query-input":{"@type":"PropertyValueSpecification","valueRequired":true,"valueName":"search_term_string"}}],"inLanguage":"pt-BR"},{"@type":"Person","@id":"https:\/\/folhapopular.info\/#\/schema\/person\/2814e8a0df7643585a9ca38bc6eb9d4b","name":"Reda\u00e7\u00e3o Folha Popular","image":{"@type":"ImageObject","inLanguage":"pt-BR","@id":"https:\/\/folhapopular.info\/wp-content\/uploads\/2026\/04\/Folha-1.webp","url":"https:\/\/folhapopular.info\/wp-content\/uploads\/2026\/04\/Folha-1.webp","contentUrl":"https:\/\/folhapopular.info\/wp-content\/uploads\/2026\/04\/Folha-1.webp","caption":"Reda\u00e7\u00e3o Folha Popular"},"url":"https:\/\/folhapopular.info\/index.php\/author\/redacao\/"}]}},"jetpack_featured_media_url":"https:\/\/folhapopular.info\/wp-content\/uploads\/2021\/10\/professsora-e1635423192548.jpeg","jetpack_sharing_enabled":true,"amp_enabled":true,"_links":{"self":[{"href":"https:\/\/folhapopular.info\/index.php\/wp-json\/wp\/v2\/posts\/91952","targetHints":{"allow":["GET"]}}],"collection":[{"href":"https:\/\/folhapopular.info\/index.php\/wp-json\/wp\/v2\/posts"}],"about":[{"href":"https:\/\/folhapopular.info\/index.php\/wp-json\/wp\/v2\/types\/post"}],"author":[{"embeddable":true,"href":"https:\/\/folhapopular.info\/index.php\/wp-json\/wp\/v2\/users\/8"}],"replies":[{"embeddable":true,"href":"https:\/\/folhapopular.info\/index.php\/wp-json\/wp\/v2\/comments?post=91952"}],"version-history":[{"count":0,"href":"https:\/\/folhapopular.info\/index.php\/wp-json\/wp\/v2\/posts\/91952\/revisions"}],"wp:featuredmedia":[{"embeddable":true,"href":"https:\/\/folhapopular.info\/index.php\/wp-json\/wp\/v2\/media\/91958"}],"wp:attachment":[{"href":"https:\/\/folhapopular.info\/index.php\/wp-json\/wp\/v2\/media?parent=91952"}],"wp:term":[{"taxonomy":"category","embeddable":true,"href":"https:\/\/folhapopular.info\/index.php\/wp-json\/wp\/v2\/categories?post=91952"},{"taxonomy":"post_tag","embeddable":true,"href":"https:\/\/folhapopular.info\/index.php\/wp-json\/wp\/v2\/tags?post=91952"}],"curies":[{"name":"wp","href":"https:\/\/api.w.org\/{rel}","templated":true}]}}