{"id":92150,"date":"2021-11-01T14:30:00","date_gmt":"2021-11-01T17:30:00","guid":{"rendered":"https:\/\/folhapopular.info\/?p=92150"},"modified":"2021-11-01T15:08:36","modified_gmt":"2021-11-01T18:08:36","slug":"obras-vencedoras-do-concurso-arte-na-cidade-comecam-a-colorir-os-muros-de-lajeado","status":"publish","type":"post","link":"https:\/\/folhapopular.info\/index.php\/2021\/11\/01\/obras-vencedoras-do-concurso-arte-na-cidade-comecam-a-colorir-os-muros-de-lajeado\/","title":{"rendered":"Obras vencedoras do Concurso &#8216;Arte na Cidade&#8217; come\u00e7am a colorir os muros de Lajeado"},"content":{"rendered":"\n<p>As obras de artistas urbanos come\u00e7aram a colorir a cidade de Lajeado. Em comemora\u00e7\u00e3o aos 130 anos do munic\u00edpio, o Sesc Lajeado, a Prefeitura e a Univates realizaram a segunda edi\u00e7\u00e3o do Concurso Arte na Cidade \u2013 Interven\u00e7\u00e3o art\u00edstica em espa\u00e7os urbanos. A iniciativa selecionou cinco projetos de pinturas em murais de espa\u00e7os de grande circula\u00e7\u00e3o, e alguns j\u00e1 podem ser visitados pela popula\u00e7\u00e3o.<\/p>\n\n\n\n<p>Al\u00e9m de transformar as paisagens em diferentes pontos da cidade com muita cor, as obras prop\u00f5em \u00e0 comunidade uma aprecia\u00e7\u00e3o a partir de um novo olhar, que contempla a valoriza\u00e7\u00e3o da hist\u00f3ria e identidade local ao mesmo tempo em que passa por processos de transforma\u00e7\u00e3o provocados pelo desenvolvimento urbano. Entre os trabalhos j\u00e1 conclu\u00eddos est\u00e3o o muro do Pres\u00eddio Estadual, pintado por Samuel Hergessel, e o projeto <em>Origens<\/em>,<em> <\/em>feito por Lucas Cristiano Baldissera e Maiara Cristiana Bauer Leonhardt na Escola Municipal de Ensino Fundamental Nova Viena, no bairro Olarias.&nbsp;<\/p>\n\n\n\n<p>O Gin\u00e1sio Samb, localizado no Bairro Jardim do Cedro, tamb\u00e9m receber\u00e1 em breve a arte de Alessandro Cenci e Romulo Renan Moura, assim como a Associa\u00e7\u00e3o de Moradores do Bairro Montanha ter\u00e1 a obra <em>Futuro Sustent\u00e1vel<\/em>, de Bruna Karolina Schuster Becker. J\u00e1 o Centro Esportivo Municipal M\u00e1rio Lampert, no Bairro S\u00e3o Crist\u00f3v\u00e3o, ter\u00e1 o painel <em>Cidade Joia<\/em> pintado por Ivana Lazzaron Pereira.<\/p>\n","protected":false},"excerpt":{"rendered":"<p>As obras de artistas urbanos come\u00e7aram a colorir a cidade de Lajeado. Em comemora\u00e7\u00e3o aos 130 anos do munic\u00edpio, o Sesc Lajeado, a Prefeitura e a Univates realizaram a segunda edi\u00e7\u00e3o do Concurso Arte na Cidade \u2013 Interven\u00e7\u00e3o art\u00edstica em espa\u00e7os urbanos. A iniciativa selecionou cinco projetos de pinturas em murais de espa\u00e7os de grande [&hellip;]<\/p>\n","protected":false},"author":8,"featured_media":92154,"comment_status":"open","ping_status":"open","sticky":false,"template":"","format":"standard","meta":{"pmpro_default_level":"","_jetpack_memberships_contains_paid_content":false,"footnotes":""},"categories":[2,3],"tags":[5725,873,27],"class_list":{"0":"post-92150","1":"post","2":"type-post","3":"status-publish","4":"format-standard","5":"has-post-thumbnail","7":"category-featured","8":"category-geral","9":"tag-arte-na-cidade","10":"tag-concurso","11":"tag-lajeado","12":"pmpro-has-access"},"yoast_head":"<!-- This site is optimized with the Yoast SEO plugin v27.5 - https:\/\/yoast.com\/product\/yoast-seo-wordpress\/ -->\n<title>Obras vencedoras do Concurso &#039;Arte na Cidade&#039; come\u00e7am a colorir os muros de Lajeado - Folha Popular<\/title>\n<meta name=\"robots\" content=\"index, follow, max-snippet:-1, max-image-preview:large, max-video-preview:-1\" \/>\n<link rel=\"canonical\" href=\"https:\/\/folhapopular.info\/index.php\/2021\/11\/01\/obras-vencedoras-do-concurso-arte-na-cidade-comecam-a-colorir-os-muros-de-lajeado\/\" \/>\n<meta property=\"og:locale\" content=\"pt_BR\" \/>\n<meta property=\"og:type\" content=\"article\" \/>\n<meta property=\"og:title\" content=\"Obras vencedoras do Concurso &#039;Arte na Cidade&#039; come\u00e7am a colorir os muros de Lajeado - Folha Popular\" \/>\n<meta property=\"og:description\" content=\"As obras de artistas urbanos come\u00e7aram a colorir a cidade de Lajeado. Em comemora\u00e7\u00e3o aos 130 anos do munic\u00edpio, o Sesc Lajeado, a Prefeitura e a Univates realizaram a segunda edi\u00e7\u00e3o do Concurso Arte na Cidade \u2013 Interven\u00e7\u00e3o art\u00edstica em espa\u00e7os urbanos. A iniciativa selecionou cinco projetos de pinturas em murais de espa\u00e7os de grande [&hellip;]\" \/>\n<meta property=\"og:url\" content=\"https:\/\/folhapopular.info\/index.php\/2021\/11\/01\/obras-vencedoras-do-concurso-arte-na-cidade-comecam-a-colorir-os-muros-de-lajeado\/\" \/>\n<meta property=\"og:site_name\" content=\"Folha Popular\" \/>\n<meta property=\"article:published_time\" content=\"2021-11-01T17:30:00+00:00\" \/>\n<meta property=\"article:modified_time\" content=\"2021-11-01T18:08:36+00:00\" \/>\n<meta property=\"og:image\" content=\"https:\/\/folhapopular.info\/wp-content\/uploads\/2021\/11\/LAJEADO-Arte-na-Cidade-outubro-2021-1-e1635775089450.jpg\" \/>\n\t<meta property=\"og:image:width\" content=\"800\" \/>\n\t<meta property=\"og:image:height\" content=\"600\" \/>\n\t<meta property=\"og:image:type\" content=\"image\/jpeg\" \/>\n<meta name=\"author\" content=\"Reda\u00e7\u00e3o Folha Popular\" \/>\n<meta name=\"twitter:card\" content=\"summary_large_image\" \/>\n<meta name=\"twitter:label1\" content=\"Escrito por\" \/>\n\t<meta name=\"twitter:data1\" content=\"Reda\u00e7\u00e3o Folha Popular\" \/>\n\t<meta name=\"twitter:label2\" content=\"Est. tempo de leitura\" \/>\n\t<meta name=\"twitter:data2\" content=\"1 minuto\" \/>\n<script type=\"application\/ld+json\" class=\"yoast-schema-graph\">{\"@context\":\"https:\\\/\\\/schema.org\",\"@graph\":[{\"@type\":\"Article\",\"@id\":\"https:\\\/\\\/folhapopular.info\\\/index.php\\\/2021\\\/11\\\/01\\\/obras-vencedoras-do-concurso-arte-na-cidade-comecam-a-colorir-os-muros-de-lajeado\\\/#article\",\"isPartOf\":{\"@id\":\"https:\\\/\\\/folhapopular.info\\\/index.php\\\/2021\\\/11\\\/01\\\/obras-vencedoras-do-concurso-arte-na-cidade-comecam-a-colorir-os-muros-de-lajeado\\\/\"},\"author\":{\"name\":\"Reda\u00e7\u00e3o Folha Popular\",\"@id\":\"https:\\\/\\\/folhapopular.info\\\/#\\\/schema\\\/person\\\/2814e8a0df7643585a9ca38bc6eb9d4b\"},\"headline\":\"Obras vencedoras do Concurso &#8216;Arte na Cidade&#8217; come\u00e7am a colorir os muros de Lajeado\",\"datePublished\":\"2021-11-01T17:30:00+00:00\",\"dateModified\":\"2021-11-01T18:08:36+00:00\",\"mainEntityOfPage\":{\"@id\":\"https:\\\/\\\/folhapopular.info\\\/index.php\\\/2021\\\/11\\\/01\\\/obras-vencedoras-do-concurso-arte-na-cidade-comecam-a-colorir-os-muros-de-lajeado\\\/\"},\"wordCount\":255,\"commentCount\":0,\"image\":{\"@id\":\"https:\\\/\\\/folhapopular.info\\\/index.php\\\/2021\\\/11\\\/01\\\/obras-vencedoras-do-concurso-arte-na-cidade-comecam-a-colorir-os-muros-de-lajeado\\\/#primaryimage\"},\"thumbnailUrl\":\"https:\\\/\\\/folhapopular.info\\\/wp-content\\\/uploads\\\/2021\\\/11\\\/LAJEADO-Arte-na-Cidade-outubro-2021-1-e1635775089450.jpg\",\"keywords\":[\"Arte na Cidade\",\"Concurso\",\"Lajeado\"],\"articleSection\":[\"Destaques\",\"Geral\"],\"inLanguage\":\"pt-BR\",\"potentialAction\":[{\"@type\":\"CommentAction\",\"name\":\"Comment\",\"target\":[\"https:\\\/\\\/folhapopular.info\\\/index.php\\\/2021\\\/11\\\/01\\\/obras-vencedoras-do-concurso-arte-na-cidade-comecam-a-colorir-os-muros-de-lajeado\\\/#respond\"]}]},{\"@type\":\"WebPage\",\"@id\":\"https:\\\/\\\/folhapopular.info\\\/index.php\\\/2021\\\/11\\\/01\\\/obras-vencedoras-do-concurso-arte-na-cidade-comecam-a-colorir-os-muros-de-lajeado\\\/\",\"url\":\"https:\\\/\\\/folhapopular.info\\\/index.php\\\/2021\\\/11\\\/01\\\/obras-vencedoras-do-concurso-arte-na-cidade-comecam-a-colorir-os-muros-de-lajeado\\\/\",\"name\":\"Obras vencedoras do Concurso 'Arte na Cidade' come\u00e7am a colorir os muros de Lajeado - Folha Popular\",\"isPartOf\":{\"@id\":\"https:\\\/\\\/folhapopular.info\\\/#website\"},\"primaryImageOfPage\":{\"@id\":\"https:\\\/\\\/folhapopular.info\\\/index.php\\\/2021\\\/11\\\/01\\\/obras-vencedoras-do-concurso-arte-na-cidade-comecam-a-colorir-os-muros-de-lajeado\\\/#primaryimage\"},\"image\":{\"@id\":\"https:\\\/\\\/folhapopular.info\\\/index.php\\\/2021\\\/11\\\/01\\\/obras-vencedoras-do-concurso-arte-na-cidade-comecam-a-colorir-os-muros-de-lajeado\\\/#primaryimage\"},\"thumbnailUrl\":\"https:\\\/\\\/folhapopular.info\\\/wp-content\\\/uploads\\\/2021\\\/11\\\/LAJEADO-Arte-na-Cidade-outubro-2021-1-e1635775089450.jpg\",\"datePublished\":\"2021-11-01T17:30:00+00:00\",\"dateModified\":\"2021-11-01T18:08:36+00:00\",\"author\":{\"@id\":\"https:\\\/\\\/folhapopular.info\\\/#\\\/schema\\\/person\\\/2814e8a0df7643585a9ca38bc6eb9d4b\"},\"breadcrumb\":{\"@id\":\"https:\\\/\\\/folhapopular.info\\\/index.php\\\/2021\\\/11\\\/01\\\/obras-vencedoras-do-concurso-arte-na-cidade-comecam-a-colorir-os-muros-de-lajeado\\\/#breadcrumb\"},\"inLanguage\":\"pt-BR\",\"potentialAction\":[{\"@type\":\"ReadAction\",\"target\":[\"https:\\\/\\\/folhapopular.info\\\/index.php\\\/2021\\\/11\\\/01\\\/obras-vencedoras-do-concurso-arte-na-cidade-comecam-a-colorir-os-muros-de-lajeado\\\/\"]}]},{\"@type\":\"ImageObject\",\"inLanguage\":\"pt-BR\",\"@id\":\"https:\\\/\\\/folhapopular.info\\\/index.php\\\/2021\\\/11\\\/01\\\/obras-vencedoras-do-concurso-arte-na-cidade-comecam-a-colorir-os-muros-de-lajeado\\\/#primaryimage\",\"url\":\"https:\\\/\\\/folhapopular.info\\\/wp-content\\\/uploads\\\/2021\\\/11\\\/LAJEADO-Arte-na-Cidade-outubro-2021-1-e1635775089450.jpg\",\"contentUrl\":\"https:\\\/\\\/folhapopular.info\\\/wp-content\\\/uploads\\\/2021\\\/11\\\/LAJEADO-Arte-na-Cidade-outubro-2021-1-e1635775089450.jpg\",\"width\":800,\"height\":600,\"caption\":\"Cr\u00e9dito da foto: Divulga\u00e7\u00e3o\"},{\"@type\":\"BreadcrumbList\",\"@id\":\"https:\\\/\\\/folhapopular.info\\\/index.php\\\/2021\\\/11\\\/01\\\/obras-vencedoras-do-concurso-arte-na-cidade-comecam-a-colorir-os-muros-de-lajeado\\\/#breadcrumb\",\"itemListElement\":[{\"@type\":\"ListItem\",\"position\":1,\"name\":\"In\u00edcio\",\"item\":\"https:\\\/\\\/folhapopular.info\\\/\"},{\"@type\":\"ListItem\",\"position\":2,\"name\":\"Obras vencedoras do Concurso &#8216;Arte na Cidade&#8217; come\u00e7am a colorir os muros de Lajeado\"}]},{\"@type\":\"WebSite\",\"@id\":\"https:\\\/\\\/folhapopular.info\\\/#website\",\"url\":\"https:\\\/\\\/folhapopular.info\\\/\",\"name\":\"Folha Popular\",\"description\":\"Onde voc\u00ea tem vez e voz\",\"potentialAction\":[{\"@type\":\"SearchAction\",\"target\":{\"@type\":\"EntryPoint\",\"urlTemplate\":\"https:\\\/\\\/folhapopular.info\\\/?s={search_term_string}\"},\"query-input\":{\"@type\":\"PropertyValueSpecification\",\"valueRequired\":true,\"valueName\":\"search_term_string\"}}],\"inLanguage\":\"pt-BR\"},{\"@type\":\"Person\",\"@id\":\"https:\\\/\\\/folhapopular.info\\\/#\\\/schema\\\/person\\\/2814e8a0df7643585a9ca38bc6eb9d4b\",\"name\":\"Reda\u00e7\u00e3o Folha Popular\",\"image\":{\"@type\":\"ImageObject\",\"inLanguage\":\"pt-BR\",\"@id\":\"https:\\\/\\\/folhapopular.info\\\/wp-content\\\/uploads\\\/2026\\\/04\\\/Folha-1.webp\",\"url\":\"https:\\\/\\\/folhapopular.info\\\/wp-content\\\/uploads\\\/2026\\\/04\\\/Folha-1.webp\",\"contentUrl\":\"https:\\\/\\\/folhapopular.info\\\/wp-content\\\/uploads\\\/2026\\\/04\\\/Folha-1.webp\",\"caption\":\"Reda\u00e7\u00e3o Folha Popular\"},\"url\":\"https:\\\/\\\/folhapopular.info\\\/index.php\\\/author\\\/redacao\\\/\"}]}<\/script>\n<!-- \/ Yoast SEO plugin. -->","yoast_head_json":{"title":"Obras vencedoras do Concurso 'Arte na Cidade' come\u00e7am a colorir os muros de Lajeado - Folha Popular","robots":{"index":"index","follow":"follow","max-snippet":"max-snippet:-1","max-image-preview":"max-image-preview:large","max-video-preview":"max-video-preview:-1"},"canonical":"https:\/\/folhapopular.info\/index.php\/2021\/11\/01\/obras-vencedoras-do-concurso-arte-na-cidade-comecam-a-colorir-os-muros-de-lajeado\/","og_locale":"pt_BR","og_type":"article","og_title":"Obras vencedoras do Concurso 'Arte na Cidade' come\u00e7am a colorir os muros de Lajeado - Folha Popular","og_description":"As obras de artistas urbanos come\u00e7aram a colorir a cidade de Lajeado. Em comemora\u00e7\u00e3o aos 130 anos do munic\u00edpio, o Sesc Lajeado, a Prefeitura e a Univates realizaram a segunda edi\u00e7\u00e3o do Concurso Arte na Cidade \u2013 Interven\u00e7\u00e3o art\u00edstica em espa\u00e7os urbanos. A iniciativa selecionou cinco projetos de pinturas em murais de espa\u00e7os de grande [&hellip;]","og_url":"https:\/\/folhapopular.info\/index.php\/2021\/11\/01\/obras-vencedoras-do-concurso-arte-na-cidade-comecam-a-colorir-os-muros-de-lajeado\/","og_site_name":"Folha Popular","article_published_time":"2021-11-01T17:30:00+00:00","article_modified_time":"2021-11-01T18:08:36+00:00","og_image":[{"width":800,"height":600,"url":"https:\/\/folhapopular.info\/wp-content\/uploads\/2021\/11\/LAJEADO-Arte-na-Cidade-outubro-2021-1-e1635775089450.jpg","type":"image\/jpeg"}],"author":"Reda\u00e7\u00e3o Folha Popular","twitter_card":"summary_large_image","twitter_misc":{"Escrito por":"Reda\u00e7\u00e3o Folha Popular","Est. tempo de leitura":"1 minuto"},"schema":{"@context":"https:\/\/schema.org","@graph":[{"@type":"Article","@id":"https:\/\/folhapopular.info\/index.php\/2021\/11\/01\/obras-vencedoras-do-concurso-arte-na-cidade-comecam-a-colorir-os-muros-de-lajeado\/#article","isPartOf":{"@id":"https:\/\/folhapopular.info\/index.php\/2021\/11\/01\/obras-vencedoras-do-concurso-arte-na-cidade-comecam-a-colorir-os-muros-de-lajeado\/"},"author":{"name":"Reda\u00e7\u00e3o Folha Popular","@id":"https:\/\/folhapopular.info\/#\/schema\/person\/2814e8a0df7643585a9ca38bc6eb9d4b"},"headline":"Obras vencedoras do Concurso &#8216;Arte na Cidade&#8217; come\u00e7am a colorir os muros de Lajeado","datePublished":"2021-11-01T17:30:00+00:00","dateModified":"2021-11-01T18:08:36+00:00","mainEntityOfPage":{"@id":"https:\/\/folhapopular.info\/index.php\/2021\/11\/01\/obras-vencedoras-do-concurso-arte-na-cidade-comecam-a-colorir-os-muros-de-lajeado\/"},"wordCount":255,"commentCount":0,"image":{"@id":"https:\/\/folhapopular.info\/index.php\/2021\/11\/01\/obras-vencedoras-do-concurso-arte-na-cidade-comecam-a-colorir-os-muros-de-lajeado\/#primaryimage"},"thumbnailUrl":"https:\/\/folhapopular.info\/wp-content\/uploads\/2021\/11\/LAJEADO-Arte-na-Cidade-outubro-2021-1-e1635775089450.jpg","keywords":["Arte na Cidade","Concurso","Lajeado"],"articleSection":["Destaques","Geral"],"inLanguage":"pt-BR","potentialAction":[{"@type":"CommentAction","name":"Comment","target":["https:\/\/folhapopular.info\/index.php\/2021\/11\/01\/obras-vencedoras-do-concurso-arte-na-cidade-comecam-a-colorir-os-muros-de-lajeado\/#respond"]}]},{"@type":"WebPage","@id":"https:\/\/folhapopular.info\/index.php\/2021\/11\/01\/obras-vencedoras-do-concurso-arte-na-cidade-comecam-a-colorir-os-muros-de-lajeado\/","url":"https:\/\/folhapopular.info\/index.php\/2021\/11\/01\/obras-vencedoras-do-concurso-arte-na-cidade-comecam-a-colorir-os-muros-de-lajeado\/","name":"Obras vencedoras do Concurso 'Arte na Cidade' come\u00e7am a colorir os muros de Lajeado - Folha Popular","isPartOf":{"@id":"https:\/\/folhapopular.info\/#website"},"primaryImageOfPage":{"@id":"https:\/\/folhapopular.info\/index.php\/2021\/11\/01\/obras-vencedoras-do-concurso-arte-na-cidade-comecam-a-colorir-os-muros-de-lajeado\/#primaryimage"},"image":{"@id":"https:\/\/folhapopular.info\/index.php\/2021\/11\/01\/obras-vencedoras-do-concurso-arte-na-cidade-comecam-a-colorir-os-muros-de-lajeado\/#primaryimage"},"thumbnailUrl":"https:\/\/folhapopular.info\/wp-content\/uploads\/2021\/11\/LAJEADO-Arte-na-Cidade-outubro-2021-1-e1635775089450.jpg","datePublished":"2021-11-01T17:30:00+00:00","dateModified":"2021-11-01T18:08:36+00:00","author":{"@id":"https:\/\/folhapopular.info\/#\/schema\/person\/2814e8a0df7643585a9ca38bc6eb9d4b"},"breadcrumb":{"@id":"https:\/\/folhapopular.info\/index.php\/2021\/11\/01\/obras-vencedoras-do-concurso-arte-na-cidade-comecam-a-colorir-os-muros-de-lajeado\/#breadcrumb"},"inLanguage":"pt-BR","potentialAction":[{"@type":"ReadAction","target":["https:\/\/folhapopular.info\/index.php\/2021\/11\/01\/obras-vencedoras-do-concurso-arte-na-cidade-comecam-a-colorir-os-muros-de-lajeado\/"]}]},{"@type":"ImageObject","inLanguage":"pt-BR","@id":"https:\/\/folhapopular.info\/index.php\/2021\/11\/01\/obras-vencedoras-do-concurso-arte-na-cidade-comecam-a-colorir-os-muros-de-lajeado\/#primaryimage","url":"https:\/\/folhapopular.info\/wp-content\/uploads\/2021\/11\/LAJEADO-Arte-na-Cidade-outubro-2021-1-e1635775089450.jpg","contentUrl":"https:\/\/folhapopular.info\/wp-content\/uploads\/2021\/11\/LAJEADO-Arte-na-Cidade-outubro-2021-1-e1635775089450.jpg","width":800,"height":600,"caption":"Cr\u00e9dito da foto: Divulga\u00e7\u00e3o"},{"@type":"BreadcrumbList","@id":"https:\/\/folhapopular.info\/index.php\/2021\/11\/01\/obras-vencedoras-do-concurso-arte-na-cidade-comecam-a-colorir-os-muros-de-lajeado\/#breadcrumb","itemListElement":[{"@type":"ListItem","position":1,"name":"In\u00edcio","item":"https:\/\/folhapopular.info\/"},{"@type":"ListItem","position":2,"name":"Obras vencedoras do Concurso &#8216;Arte na Cidade&#8217; come\u00e7am a colorir os muros de Lajeado"}]},{"@type":"WebSite","@id":"https:\/\/folhapopular.info\/#website","url":"https:\/\/folhapopular.info\/","name":"Folha Popular","description":"Onde voc\u00ea tem vez e voz","potentialAction":[{"@type":"SearchAction","target":{"@type":"EntryPoint","urlTemplate":"https:\/\/folhapopular.info\/?s={search_term_string}"},"query-input":{"@type":"PropertyValueSpecification","valueRequired":true,"valueName":"search_term_string"}}],"inLanguage":"pt-BR"},{"@type":"Person","@id":"https:\/\/folhapopular.info\/#\/schema\/person\/2814e8a0df7643585a9ca38bc6eb9d4b","name":"Reda\u00e7\u00e3o Folha Popular","image":{"@type":"ImageObject","inLanguage":"pt-BR","@id":"https:\/\/folhapopular.info\/wp-content\/uploads\/2026\/04\/Folha-1.webp","url":"https:\/\/folhapopular.info\/wp-content\/uploads\/2026\/04\/Folha-1.webp","contentUrl":"https:\/\/folhapopular.info\/wp-content\/uploads\/2026\/04\/Folha-1.webp","caption":"Reda\u00e7\u00e3o Folha Popular"},"url":"https:\/\/folhapopular.info\/index.php\/author\/redacao\/"}]}},"jetpack_featured_media_url":"https:\/\/folhapopular.info\/wp-content\/uploads\/2021\/11\/LAJEADO-Arte-na-Cidade-outubro-2021-1-e1635775089450.jpg","jetpack_sharing_enabled":true,"amp_enabled":true,"_links":{"self":[{"href":"https:\/\/folhapopular.info\/index.php\/wp-json\/wp\/v2\/posts\/92150","targetHints":{"allow":["GET"]}}],"collection":[{"href":"https:\/\/folhapopular.info\/index.php\/wp-json\/wp\/v2\/posts"}],"about":[{"href":"https:\/\/folhapopular.info\/index.php\/wp-json\/wp\/v2\/types\/post"}],"author":[{"embeddable":true,"href":"https:\/\/folhapopular.info\/index.php\/wp-json\/wp\/v2\/users\/8"}],"replies":[{"embeddable":true,"href":"https:\/\/folhapopular.info\/index.php\/wp-json\/wp\/v2\/comments?post=92150"}],"version-history":[{"count":0,"href":"https:\/\/folhapopular.info\/index.php\/wp-json\/wp\/v2\/posts\/92150\/revisions"}],"wp:featuredmedia":[{"embeddable":true,"href":"https:\/\/folhapopular.info\/index.php\/wp-json\/wp\/v2\/media\/92154"}],"wp:attachment":[{"href":"https:\/\/folhapopular.info\/index.php\/wp-json\/wp\/v2\/media?parent=92150"}],"wp:term":[{"taxonomy":"category","embeddable":true,"href":"https:\/\/folhapopular.info\/index.php\/wp-json\/wp\/v2\/categories?post=92150"},{"taxonomy":"post_tag","embeddable":true,"href":"https:\/\/folhapopular.info\/index.php\/wp-json\/wp\/v2\/tags?post=92150"}],"curies":[{"name":"wp","href":"https:\/\/api.w.org\/{rel}","templated":true}]}}