{"id":92222,"date":"2021-11-03T10:43:55","date_gmt":"2021-11-03T13:43:55","guid":{"rendered":"https:\/\/folhapopular.info\/?p=92222"},"modified":"2021-11-03T10:43:58","modified_gmt":"2021-11-03T13:43:58","slug":"reinaugurado-predio-da-delegacia-de-policia-de-fazenda-vilanova","status":"publish","type":"post","link":"https:\/\/folhapopular.info\/index.php\/2021\/11\/03\/reinaugurado-predio-da-delegacia-de-policia-de-fazenda-vilanova\/","title":{"rendered":"Reinaugurado pr\u00e9dio da Delegacia de Pol\u00edcia de Fazenda Vilanova"},"content":{"rendered":"\n<p>Numa parceria entre Munic\u00edpio, Estado e propriet\u00e1rio do im\u00f3vel foi poss\u00edvel a execu\u00e7\u00e3o da reforma do pr\u00e9dio da Delegacia de Pol\u00edcia de Fazenda Vilanova. Tamb\u00e9m foi apresentado um novo servi\u00e7o que \u00e9 a \u201cSala das Margaridas\u201d. O espa\u00e7o vai dedicar atendimento exclusivo \u00e0s mulheres e crian\u00e7as v\u00edtimas de viol\u00eancia dom\u00e9stica.<\/p>\n\n\n\n<p>Esta sala de acolhimento \u00e9 fruto de um investimento feito pela Administra\u00e7\u00e3o Municipal que adquiriu o mobili\u00e1rio e equipou a sala, com autoriza\u00e7\u00e3o da C\u00e2mara de Vereadores.<\/p>\n\n\n\n<p>O ato inaugural aconteceu na quinta-feira (28\/10) com a presen\u00e7a do prefeito, Amarildo Luis da Silva, vice-prefeito, Pedro Dorneles, secret\u00e1rios municipais, vereadores e demais autoridades da comunidade. A delegada regional de pol\u00edcia, Shana Luft Hartz, o delegado titular da Delegacia de Pol\u00edcia Civil de Lajeado, Marcio Moreno e a inspetora local, Danieli Thais Bagest\u00e3o, tamb\u00e9m estiveram presentes na reinagua\u00e7\u00e3o.<\/p>\n\n\n\n<p>Em seu pronunciamento, o prefeito enfatizou que, apesar de ter aproximadamente apenas 4,6 mil habitantes, Fazenda Vilanova n\u00e3o pode ser avaliada com os mesmos crit\u00e9rios de outras cidades do mesmo porte. Isso devido \u00e0 iminente possibilidade de receber popula\u00e7\u00e3o itinerante, por ser cortada pela BR-386 e ERS-128 (Via L\u00e1ctea). \u201cSolicito um olhar especial por parte do comando da Pol\u00edcia Civil, com aumento de efetivo e melhor estrutura para qualificar ainda mais o trabalho dos agentes que atendem aqui os mais variados tipos de ocorr\u00eancias policiais. S\u00e3o mais de 60 mil pessoas que passam por aqui diariamente e que t\u00eam livre acesso ao nosso munic\u00edpio\u201d, frisou.<\/p>\n","protected":false},"excerpt":{"rendered":"<p>Numa parceria entre Munic\u00edpio, Estado e propriet\u00e1rio do im\u00f3vel foi poss\u00edvel a execu\u00e7\u00e3o da reforma do pr\u00e9dio da Delegacia de Pol\u00edcia de Fazenda Vilanova. Tamb\u00e9m foi apresentado um novo servi\u00e7o que \u00e9 a \u201cSala das Margaridas\u201d. O espa\u00e7o vai dedicar atendimento exclusivo \u00e0s mulheres e crian\u00e7as v\u00edtimas de viol\u00eancia dom\u00e9stica. Esta sala de acolhimento \u00e9 [&hellip;]<\/p>\n","protected":false},"author":8,"featured_media":92223,"comment_status":"open","ping_status":"open","sticky":false,"template":"","format":"standard","meta":{"pmpro_default_level":"","_jetpack_memberships_contains_paid_content":false,"footnotes":""},"categories":[2,3],"tags":[6162,801],"class_list":{"0":"post-92222","1":"post","2":"type-post","3":"status-publish","4":"format-standard","5":"has-post-thumbnail","7":"category-featured","8":"category-geral","9":"tag-delegacia-de-policia","10":"tag-fazenda-vilanova","11":"pmpro-has-access"},"yoast_head":"<!-- This site is optimized with the Yoast SEO plugin v27.5 - https:\/\/yoast.com\/product\/yoast-seo-wordpress\/ -->\n<title>Reinaugurado pr\u00e9dio da Delegacia de Pol\u00edcia de Fazenda Vilanova - Folha Popular<\/title>\n<meta name=\"robots\" content=\"index, follow, max-snippet:-1, max-image-preview:large, max-video-preview:-1\" \/>\n<link rel=\"canonical\" href=\"https:\/\/folhapopular.info\/index.php\/2021\/11\/03\/reinaugurado-predio-da-delegacia-de-policia-de-fazenda-vilanova\/\" \/>\n<meta property=\"og:locale\" content=\"pt_BR\" \/>\n<meta property=\"og:type\" content=\"article\" \/>\n<meta property=\"og:title\" content=\"Reinaugurado pr\u00e9dio da Delegacia de Pol\u00edcia de Fazenda Vilanova - Folha Popular\" \/>\n<meta property=\"og:description\" content=\"Numa parceria entre Munic\u00edpio, Estado e propriet\u00e1rio do im\u00f3vel foi poss\u00edvel a execu\u00e7\u00e3o da reforma do pr\u00e9dio da Delegacia de Pol\u00edcia de Fazenda Vilanova. Tamb\u00e9m foi apresentado um novo servi\u00e7o que \u00e9 a \u201cSala das Margaridas\u201d. O espa\u00e7o vai dedicar atendimento exclusivo \u00e0s mulheres e crian\u00e7as v\u00edtimas de viol\u00eancia dom\u00e9stica. Esta sala de acolhimento \u00e9 [&hellip;]\" \/>\n<meta property=\"og:url\" content=\"https:\/\/folhapopular.info\/index.php\/2021\/11\/03\/reinaugurado-predio-da-delegacia-de-policia-de-fazenda-vilanova\/\" \/>\n<meta property=\"og:site_name\" content=\"Folha Popular\" \/>\n<meta property=\"article:published_time\" content=\"2021-11-03T13:43:55+00:00\" \/>\n<meta property=\"article:modified_time\" content=\"2021-11-03T13:43:58+00:00\" \/>\n<meta property=\"og:image\" content=\"https:\/\/folhapopular.info\/wp-content\/uploads\/2021\/11\/WhatsApp-Image-2021-11-03-at-10.19.52-e1635947013608.jpeg\" \/>\n\t<meta property=\"og:image:width\" content=\"800\" \/>\n\t<meta property=\"og:image:height\" content=\"845\" \/>\n\t<meta property=\"og:image:type\" content=\"image\/jpeg\" \/>\n<meta name=\"author\" content=\"Reda\u00e7\u00e3o Folha Popular\" \/>\n<meta name=\"twitter:card\" content=\"summary_large_image\" \/>\n<meta name=\"twitter:label1\" content=\"Escrito por\" \/>\n\t<meta name=\"twitter:data1\" content=\"Reda\u00e7\u00e3o Folha Popular\" \/>\n\t<meta name=\"twitter:label2\" content=\"Est. tempo de leitura\" \/>\n\t<meta name=\"twitter:data2\" content=\"2 minutos\" \/>\n<script type=\"application\/ld+json\" class=\"yoast-schema-graph\">{\"@context\":\"https:\\\/\\\/schema.org\",\"@graph\":[{\"@type\":\"Article\",\"@id\":\"https:\\\/\\\/folhapopular.info\\\/index.php\\\/2021\\\/11\\\/03\\\/reinaugurado-predio-da-delegacia-de-policia-de-fazenda-vilanova\\\/#article\",\"isPartOf\":{\"@id\":\"https:\\\/\\\/folhapopular.info\\\/index.php\\\/2021\\\/11\\\/03\\\/reinaugurado-predio-da-delegacia-de-policia-de-fazenda-vilanova\\\/\"},\"author\":{\"name\":\"Reda\u00e7\u00e3o Folha Popular\",\"@id\":\"https:\\\/\\\/folhapopular.info\\\/#\\\/schema\\\/person\\\/2814e8a0df7643585a9ca38bc6eb9d4b\"},\"headline\":\"Reinaugurado pr\u00e9dio da Delegacia de Pol\u00edcia de Fazenda Vilanova\",\"datePublished\":\"2021-11-03T13:43:55+00:00\",\"dateModified\":\"2021-11-03T13:43:58+00:00\",\"mainEntityOfPage\":{\"@id\":\"https:\\\/\\\/folhapopular.info\\\/index.php\\\/2021\\\/11\\\/03\\\/reinaugurado-predio-da-delegacia-de-policia-de-fazenda-vilanova\\\/\"},\"wordCount\":280,\"commentCount\":0,\"image\":{\"@id\":\"https:\\\/\\\/folhapopular.info\\\/index.php\\\/2021\\\/11\\\/03\\\/reinaugurado-predio-da-delegacia-de-policia-de-fazenda-vilanova\\\/#primaryimage\"},\"thumbnailUrl\":\"https:\\\/\\\/folhapopular.info\\\/wp-content\\\/uploads\\\/2021\\\/11\\\/WhatsApp-Image-2021-11-03-at-10.19.52-e1635947013608.jpeg\",\"keywords\":[\"Delegacia de Pol\u00edcia\",\"Fazenda Vilanova\"],\"articleSection\":[\"Destaques\",\"Geral\"],\"inLanguage\":\"pt-BR\",\"potentialAction\":[{\"@type\":\"CommentAction\",\"name\":\"Comment\",\"target\":[\"https:\\\/\\\/folhapopular.info\\\/index.php\\\/2021\\\/11\\\/03\\\/reinaugurado-predio-da-delegacia-de-policia-de-fazenda-vilanova\\\/#respond\"]}]},{\"@type\":\"WebPage\",\"@id\":\"https:\\\/\\\/folhapopular.info\\\/index.php\\\/2021\\\/11\\\/03\\\/reinaugurado-predio-da-delegacia-de-policia-de-fazenda-vilanova\\\/\",\"url\":\"https:\\\/\\\/folhapopular.info\\\/index.php\\\/2021\\\/11\\\/03\\\/reinaugurado-predio-da-delegacia-de-policia-de-fazenda-vilanova\\\/\",\"name\":\"Reinaugurado pr\u00e9dio da Delegacia de Pol\u00edcia de Fazenda Vilanova - Folha Popular\",\"isPartOf\":{\"@id\":\"https:\\\/\\\/folhapopular.info\\\/#website\"},\"primaryImageOfPage\":{\"@id\":\"https:\\\/\\\/folhapopular.info\\\/index.php\\\/2021\\\/11\\\/03\\\/reinaugurado-predio-da-delegacia-de-policia-de-fazenda-vilanova\\\/#primaryimage\"},\"image\":{\"@id\":\"https:\\\/\\\/folhapopular.info\\\/index.php\\\/2021\\\/11\\\/03\\\/reinaugurado-predio-da-delegacia-de-policia-de-fazenda-vilanova\\\/#primaryimage\"},\"thumbnailUrl\":\"https:\\\/\\\/folhapopular.info\\\/wp-content\\\/uploads\\\/2021\\\/11\\\/WhatsApp-Image-2021-11-03-at-10.19.52-e1635947013608.jpeg\",\"datePublished\":\"2021-11-03T13:43:55+00:00\",\"dateModified\":\"2021-11-03T13:43:58+00:00\",\"author\":{\"@id\":\"https:\\\/\\\/folhapopular.info\\\/#\\\/schema\\\/person\\\/2814e8a0df7643585a9ca38bc6eb9d4b\"},\"breadcrumb\":{\"@id\":\"https:\\\/\\\/folhapopular.info\\\/index.php\\\/2021\\\/11\\\/03\\\/reinaugurado-predio-da-delegacia-de-policia-de-fazenda-vilanova\\\/#breadcrumb\"},\"inLanguage\":\"pt-BR\",\"potentialAction\":[{\"@type\":\"ReadAction\",\"target\":[\"https:\\\/\\\/folhapopular.info\\\/index.php\\\/2021\\\/11\\\/03\\\/reinaugurado-predio-da-delegacia-de-policia-de-fazenda-vilanova\\\/\"]}]},{\"@type\":\"ImageObject\",\"inLanguage\":\"pt-BR\",\"@id\":\"https:\\\/\\\/folhapopular.info\\\/index.php\\\/2021\\\/11\\\/03\\\/reinaugurado-predio-da-delegacia-de-policia-de-fazenda-vilanova\\\/#primaryimage\",\"url\":\"https:\\\/\\\/folhapopular.info\\\/wp-content\\\/uploads\\\/2021\\\/11\\\/WhatsApp-Image-2021-11-03-at-10.19.52-e1635947013608.jpeg\",\"contentUrl\":\"https:\\\/\\\/folhapopular.info\\\/wp-content\\\/uploads\\\/2021\\\/11\\\/WhatsApp-Image-2021-11-03-at-10.19.52-e1635947013608.jpeg\",\"width\":800,\"height\":845,\"caption\":\"Delegacia contar\u00e1 com a \u201csala das margaridas\u201d \\\/ Cr\u00e9dito da foto: Divulga\u00e7\u00e3o\"},{\"@type\":\"BreadcrumbList\",\"@id\":\"https:\\\/\\\/folhapopular.info\\\/index.php\\\/2021\\\/11\\\/03\\\/reinaugurado-predio-da-delegacia-de-policia-de-fazenda-vilanova\\\/#breadcrumb\",\"itemListElement\":[{\"@type\":\"ListItem\",\"position\":1,\"name\":\"In\u00edcio\",\"item\":\"https:\\\/\\\/folhapopular.info\\\/\"},{\"@type\":\"ListItem\",\"position\":2,\"name\":\"Reinaugurado pr\u00e9dio da Delegacia de Pol\u00edcia de Fazenda Vilanova\"}]},{\"@type\":\"WebSite\",\"@id\":\"https:\\\/\\\/folhapopular.info\\\/#website\",\"url\":\"https:\\\/\\\/folhapopular.info\\\/\",\"name\":\"Folha Popular\",\"description\":\"Onde voc\u00ea tem vez e voz\",\"potentialAction\":[{\"@type\":\"SearchAction\",\"target\":{\"@type\":\"EntryPoint\",\"urlTemplate\":\"https:\\\/\\\/folhapopular.info\\\/?s={search_term_string}\"},\"query-input\":{\"@type\":\"PropertyValueSpecification\",\"valueRequired\":true,\"valueName\":\"search_term_string\"}}],\"inLanguage\":\"pt-BR\"},{\"@type\":\"Person\",\"@id\":\"https:\\\/\\\/folhapopular.info\\\/#\\\/schema\\\/person\\\/2814e8a0df7643585a9ca38bc6eb9d4b\",\"name\":\"Reda\u00e7\u00e3o Folha Popular\",\"image\":{\"@type\":\"ImageObject\",\"inLanguage\":\"pt-BR\",\"@id\":\"https:\\\/\\\/folhapopular.info\\\/wp-content\\\/uploads\\\/2026\\\/04\\\/Folha-1.webp\",\"url\":\"https:\\\/\\\/folhapopular.info\\\/wp-content\\\/uploads\\\/2026\\\/04\\\/Folha-1.webp\",\"contentUrl\":\"https:\\\/\\\/folhapopular.info\\\/wp-content\\\/uploads\\\/2026\\\/04\\\/Folha-1.webp\",\"caption\":\"Reda\u00e7\u00e3o Folha Popular\"},\"url\":\"https:\\\/\\\/folhapopular.info\\\/index.php\\\/author\\\/redacao\\\/\"}]}<\/script>\n<!-- \/ Yoast SEO plugin. -->","yoast_head_json":{"title":"Reinaugurado pr\u00e9dio da Delegacia de Pol\u00edcia de Fazenda Vilanova - Folha Popular","robots":{"index":"index","follow":"follow","max-snippet":"max-snippet:-1","max-image-preview":"max-image-preview:large","max-video-preview":"max-video-preview:-1"},"canonical":"https:\/\/folhapopular.info\/index.php\/2021\/11\/03\/reinaugurado-predio-da-delegacia-de-policia-de-fazenda-vilanova\/","og_locale":"pt_BR","og_type":"article","og_title":"Reinaugurado pr\u00e9dio da Delegacia de Pol\u00edcia de Fazenda Vilanova - Folha Popular","og_description":"Numa parceria entre Munic\u00edpio, Estado e propriet\u00e1rio do im\u00f3vel foi poss\u00edvel a execu\u00e7\u00e3o da reforma do pr\u00e9dio da Delegacia de Pol\u00edcia de Fazenda Vilanova. Tamb\u00e9m foi apresentado um novo servi\u00e7o que \u00e9 a \u201cSala das Margaridas\u201d. O espa\u00e7o vai dedicar atendimento exclusivo \u00e0s mulheres e crian\u00e7as v\u00edtimas de viol\u00eancia dom\u00e9stica. Esta sala de acolhimento \u00e9 [&hellip;]","og_url":"https:\/\/folhapopular.info\/index.php\/2021\/11\/03\/reinaugurado-predio-da-delegacia-de-policia-de-fazenda-vilanova\/","og_site_name":"Folha Popular","article_published_time":"2021-11-03T13:43:55+00:00","article_modified_time":"2021-11-03T13:43:58+00:00","og_image":[{"width":800,"height":845,"url":"https:\/\/folhapopular.info\/wp-content\/uploads\/2021\/11\/WhatsApp-Image-2021-11-03-at-10.19.52-e1635947013608.jpeg","type":"image\/jpeg"}],"author":"Reda\u00e7\u00e3o Folha Popular","twitter_card":"summary_large_image","twitter_misc":{"Escrito por":"Reda\u00e7\u00e3o Folha Popular","Est. tempo de leitura":"2 minutos"},"schema":{"@context":"https:\/\/schema.org","@graph":[{"@type":"Article","@id":"https:\/\/folhapopular.info\/index.php\/2021\/11\/03\/reinaugurado-predio-da-delegacia-de-policia-de-fazenda-vilanova\/#article","isPartOf":{"@id":"https:\/\/folhapopular.info\/index.php\/2021\/11\/03\/reinaugurado-predio-da-delegacia-de-policia-de-fazenda-vilanova\/"},"author":{"name":"Reda\u00e7\u00e3o Folha Popular","@id":"https:\/\/folhapopular.info\/#\/schema\/person\/2814e8a0df7643585a9ca38bc6eb9d4b"},"headline":"Reinaugurado pr\u00e9dio da Delegacia de Pol\u00edcia de Fazenda Vilanova","datePublished":"2021-11-03T13:43:55+00:00","dateModified":"2021-11-03T13:43:58+00:00","mainEntityOfPage":{"@id":"https:\/\/folhapopular.info\/index.php\/2021\/11\/03\/reinaugurado-predio-da-delegacia-de-policia-de-fazenda-vilanova\/"},"wordCount":280,"commentCount":0,"image":{"@id":"https:\/\/folhapopular.info\/index.php\/2021\/11\/03\/reinaugurado-predio-da-delegacia-de-policia-de-fazenda-vilanova\/#primaryimage"},"thumbnailUrl":"https:\/\/folhapopular.info\/wp-content\/uploads\/2021\/11\/WhatsApp-Image-2021-11-03-at-10.19.52-e1635947013608.jpeg","keywords":["Delegacia de Pol\u00edcia","Fazenda Vilanova"],"articleSection":["Destaques","Geral"],"inLanguage":"pt-BR","potentialAction":[{"@type":"CommentAction","name":"Comment","target":["https:\/\/folhapopular.info\/index.php\/2021\/11\/03\/reinaugurado-predio-da-delegacia-de-policia-de-fazenda-vilanova\/#respond"]}]},{"@type":"WebPage","@id":"https:\/\/folhapopular.info\/index.php\/2021\/11\/03\/reinaugurado-predio-da-delegacia-de-policia-de-fazenda-vilanova\/","url":"https:\/\/folhapopular.info\/index.php\/2021\/11\/03\/reinaugurado-predio-da-delegacia-de-policia-de-fazenda-vilanova\/","name":"Reinaugurado pr\u00e9dio da Delegacia de Pol\u00edcia de Fazenda Vilanova - Folha Popular","isPartOf":{"@id":"https:\/\/folhapopular.info\/#website"},"primaryImageOfPage":{"@id":"https:\/\/folhapopular.info\/index.php\/2021\/11\/03\/reinaugurado-predio-da-delegacia-de-policia-de-fazenda-vilanova\/#primaryimage"},"image":{"@id":"https:\/\/folhapopular.info\/index.php\/2021\/11\/03\/reinaugurado-predio-da-delegacia-de-policia-de-fazenda-vilanova\/#primaryimage"},"thumbnailUrl":"https:\/\/folhapopular.info\/wp-content\/uploads\/2021\/11\/WhatsApp-Image-2021-11-03-at-10.19.52-e1635947013608.jpeg","datePublished":"2021-11-03T13:43:55+00:00","dateModified":"2021-11-03T13:43:58+00:00","author":{"@id":"https:\/\/folhapopular.info\/#\/schema\/person\/2814e8a0df7643585a9ca38bc6eb9d4b"},"breadcrumb":{"@id":"https:\/\/folhapopular.info\/index.php\/2021\/11\/03\/reinaugurado-predio-da-delegacia-de-policia-de-fazenda-vilanova\/#breadcrumb"},"inLanguage":"pt-BR","potentialAction":[{"@type":"ReadAction","target":["https:\/\/folhapopular.info\/index.php\/2021\/11\/03\/reinaugurado-predio-da-delegacia-de-policia-de-fazenda-vilanova\/"]}]},{"@type":"ImageObject","inLanguage":"pt-BR","@id":"https:\/\/folhapopular.info\/index.php\/2021\/11\/03\/reinaugurado-predio-da-delegacia-de-policia-de-fazenda-vilanova\/#primaryimage","url":"https:\/\/folhapopular.info\/wp-content\/uploads\/2021\/11\/WhatsApp-Image-2021-11-03-at-10.19.52-e1635947013608.jpeg","contentUrl":"https:\/\/folhapopular.info\/wp-content\/uploads\/2021\/11\/WhatsApp-Image-2021-11-03-at-10.19.52-e1635947013608.jpeg","width":800,"height":845,"caption":"Delegacia contar\u00e1 com a \u201csala das margaridas\u201d \/ Cr\u00e9dito da foto: Divulga\u00e7\u00e3o"},{"@type":"BreadcrumbList","@id":"https:\/\/folhapopular.info\/index.php\/2021\/11\/03\/reinaugurado-predio-da-delegacia-de-policia-de-fazenda-vilanova\/#breadcrumb","itemListElement":[{"@type":"ListItem","position":1,"name":"In\u00edcio","item":"https:\/\/folhapopular.info\/"},{"@type":"ListItem","position":2,"name":"Reinaugurado pr\u00e9dio da Delegacia de Pol\u00edcia de Fazenda Vilanova"}]},{"@type":"WebSite","@id":"https:\/\/folhapopular.info\/#website","url":"https:\/\/folhapopular.info\/","name":"Folha Popular","description":"Onde voc\u00ea tem vez e voz","potentialAction":[{"@type":"SearchAction","target":{"@type":"EntryPoint","urlTemplate":"https:\/\/folhapopular.info\/?s={search_term_string}"},"query-input":{"@type":"PropertyValueSpecification","valueRequired":true,"valueName":"search_term_string"}}],"inLanguage":"pt-BR"},{"@type":"Person","@id":"https:\/\/folhapopular.info\/#\/schema\/person\/2814e8a0df7643585a9ca38bc6eb9d4b","name":"Reda\u00e7\u00e3o Folha Popular","image":{"@type":"ImageObject","inLanguage":"pt-BR","@id":"https:\/\/folhapopular.info\/wp-content\/uploads\/2026\/04\/Folha-1.webp","url":"https:\/\/folhapopular.info\/wp-content\/uploads\/2026\/04\/Folha-1.webp","contentUrl":"https:\/\/folhapopular.info\/wp-content\/uploads\/2026\/04\/Folha-1.webp","caption":"Reda\u00e7\u00e3o Folha Popular"},"url":"https:\/\/folhapopular.info\/index.php\/author\/redacao\/"}]}},"jetpack_featured_media_url":"https:\/\/folhapopular.info\/wp-content\/uploads\/2021\/11\/WhatsApp-Image-2021-11-03-at-10.19.52-e1635947013608.jpeg","jetpack_sharing_enabled":true,"amp_enabled":true,"_links":{"self":[{"href":"https:\/\/folhapopular.info\/index.php\/wp-json\/wp\/v2\/posts\/92222","targetHints":{"allow":["GET"]}}],"collection":[{"href":"https:\/\/folhapopular.info\/index.php\/wp-json\/wp\/v2\/posts"}],"about":[{"href":"https:\/\/folhapopular.info\/index.php\/wp-json\/wp\/v2\/types\/post"}],"author":[{"embeddable":true,"href":"https:\/\/folhapopular.info\/index.php\/wp-json\/wp\/v2\/users\/8"}],"replies":[{"embeddable":true,"href":"https:\/\/folhapopular.info\/index.php\/wp-json\/wp\/v2\/comments?post=92222"}],"version-history":[{"count":0,"href":"https:\/\/folhapopular.info\/index.php\/wp-json\/wp\/v2\/posts\/92222\/revisions"}],"wp:featuredmedia":[{"embeddable":true,"href":"https:\/\/folhapopular.info\/index.php\/wp-json\/wp\/v2\/media\/92223"}],"wp:attachment":[{"href":"https:\/\/folhapopular.info\/index.php\/wp-json\/wp\/v2\/media?parent=92222"}],"wp:term":[{"taxonomy":"category","embeddable":true,"href":"https:\/\/folhapopular.info\/index.php\/wp-json\/wp\/v2\/categories?post=92222"},{"taxonomy":"post_tag","embeddable":true,"href":"https:\/\/folhapopular.info\/index.php\/wp-json\/wp\/v2\/tags?post=92222"}],"curies":[{"name":"wp","href":"https:\/\/api.w.org\/{rel}","templated":true}]}}