{"id":92414,"date":"2021-11-08T16:10:17","date_gmt":"2021-11-08T19:10:17","guid":{"rendered":"https:\/\/folhapopular.info\/?p=92414"},"modified":"2021-11-08T16:10:21","modified_gmt":"2021-11-08T19:10:21","slug":"seguranca-nas-vias-laterais-da-br-386-merece-atencao-em-fazenda-vilanova","status":"publish","type":"post","link":"https:\/\/folhapopular.info\/index.php\/2021\/11\/08\/seguranca-nas-vias-laterais-da-br-386-merece-atencao-em-fazenda-vilanova\/","title":{"rendered":"Seguran\u00e7a nas vias laterais da BR-386 merece aten\u00e7\u00e3o em Fazenda Vilanova"},"content":{"rendered":"\n<p><strong><em>\u00c1udio na \u00edntegra dispon\u00edvel no <a href=\"https:\/\/popular.fm.br\/index.php\/2021\/11\/08\/seguranca-nas-vias-laterais-da-br-386-merece-atencao-em-fazenda-vilanova\/\">site da R\u00e1dio Popular<\/a><\/em><\/strong> <\/p>\n\n\n\n<p>O Espa\u00e7o Aberto teve a participa\u00e7\u00e3o do vereador de Fazenda Vilanova, Leo Motta, na manh\u00e3 desta segunda-feira (8\/11). Ele destaca a seguran\u00e7a nas vias laterais da BR-386, que merecem aten\u00e7\u00e3o no munic\u00edpio.<\/p>\n\n\n\n<p>Conforme Leo, \u00e9 uma preocupa\u00e7\u00e3o de toda a comunidade em rela\u00e7\u00e3o \u00e0 seguran\u00e7a nas vias laterais da BR-386. O vereador pontua que ao conversar com o prefeito do munic\u00edpio, o mesmo se disp\u00f4s a colocar quebra-molas nestas vias, desde que a CCR autoriza-se.<\/p>\n\n\n\n<p>Diante desta situa\u00e7\u00e3o, o munic\u00edpio passou \u00e0 concession\u00e1ria os pontos que seriam ideais. Ser\u00e3o tr\u00eas quebra-molas colocados de cada lado da rodovia pela concession\u00e1ria, na \u00e1rea central pr\u00f3ximo ao viaduto.<\/p>\n\n\n\n<p>Os redutores de velocidade, que ficavam pr\u00f3ximo \u00e0 entrada da Via L\u00e1ctea, e que foram retirados no momento que a nova concession\u00e1ria assumiu, de acordo com o vereador, ser\u00e3o recolados pela CCR.<\/p>\n\n\n\n<p><strong>Convidado:\u00a0<\/strong>vereador de Fazenda Vilanova, Leo Mota<br><strong>Data:<\/strong> 8\/11<br><strong>Assuntos:<\/strong><br>&#8211; Seguran\u00e7a nas vias laterais da BR-386;<br>&#8211; Preocupa\u00e7\u00e3o de toda comunidade;<br>&#8211; Quebra-molas ser\u00e3o colocados na via;<br>&#8211; Redutores de velocidade.<\/p>\n\n\n\n<p><strong><em>\u00c1udio na \u00edntegra dispon\u00edvel no <a href=\"https:\/\/popular.fm.br\/index.php\/2021\/11\/08\/seguranca-nas-vias-laterais-da-br-386-merece-atencao-em-fazenda-vilanova\/\">site da R\u00e1dio Popular<\/a><\/em><\/strong><\/p>\n","protected":false},"excerpt":{"rendered":"<p>\u00c1udio na \u00edntegra dispon\u00edvel no site da R\u00e1dio Popular O Espa\u00e7o Aberto teve a participa\u00e7\u00e3o do vereador de Fazenda Vilanova, Leo Motta, na manh\u00e3 desta segunda-feira (8\/11). Ele destaca a seguran\u00e7a nas vias laterais da BR-386, que merecem aten\u00e7\u00e3o no munic\u00edpio. Conforme Leo, \u00e9 uma preocupa\u00e7\u00e3o de toda a comunidade em rela\u00e7\u00e3o \u00e0 seguran\u00e7a nas [&hellip;]<\/p>\n","protected":false},"author":8,"featured_media":92418,"comment_status":"open","ping_status":"open","sticky":false,"template":"","format":"standard","meta":{"pmpro_default_level":"","_jetpack_memberships_contains_paid_content":false,"footnotes":""},"categories":[2,3],"tags":[91,801,180,7345],"class_list":{"0":"post-92414","1":"post","2":"type-post","3":"status-publish","4":"format-standard","5":"has-post-thumbnail","7":"category-featured","8":"category-geral","9":"tag-br-386","10":"tag-fazenda-vilanova","11":"tag-seguranca","12":"tag-vias-laterais","13":"pmpro-has-access"},"yoast_head":"<!-- This site is optimized with the Yoast SEO plugin v27.5 - https:\/\/yoast.com\/product\/yoast-seo-wordpress\/ -->\n<title>Seguran\u00e7a nas vias laterais da BR-386 merece aten\u00e7\u00e3o em Fazenda Vilanova - Folha Popular<\/title>\n<meta name=\"robots\" content=\"index, follow, max-snippet:-1, max-image-preview:large, max-video-preview:-1\" \/>\n<link rel=\"canonical\" href=\"https:\/\/folhapopular.info\/index.php\/2021\/11\/08\/seguranca-nas-vias-laterais-da-br-386-merece-atencao-em-fazenda-vilanova\/\" \/>\n<meta property=\"og:locale\" content=\"pt_BR\" \/>\n<meta property=\"og:type\" content=\"article\" \/>\n<meta property=\"og:title\" content=\"Seguran\u00e7a nas vias laterais da BR-386 merece aten\u00e7\u00e3o em Fazenda Vilanova - Folha Popular\" \/>\n<meta property=\"og:description\" content=\"\u00c1udio na \u00edntegra dispon\u00edvel no site da R\u00e1dio Popular O Espa\u00e7o Aberto teve a participa\u00e7\u00e3o do vereador de Fazenda Vilanova, Leo Motta, na manh\u00e3 desta segunda-feira (8\/11). Ele destaca a seguran\u00e7a nas vias laterais da BR-386, que merecem aten\u00e7\u00e3o no munic\u00edpio. Conforme Leo, \u00e9 uma preocupa\u00e7\u00e3o de toda a comunidade em rela\u00e7\u00e3o \u00e0 seguran\u00e7a nas [&hellip;]\" \/>\n<meta property=\"og:url\" content=\"https:\/\/folhapopular.info\/index.php\/2021\/11\/08\/seguranca-nas-vias-laterais-da-br-386-merece-atencao-em-fazenda-vilanova\/\" \/>\n<meta property=\"og:site_name\" content=\"Folha Popular\" \/>\n<meta property=\"article:published_time\" content=\"2021-11-08T19:10:17+00:00\" \/>\n<meta property=\"article:modified_time\" content=\"2021-11-08T19:10:21+00:00\" \/>\n<meta property=\"og:image\" content=\"https:\/\/folhapopular.info\/wp-content\/uploads\/2021\/11\/WhatsApp-Image-2021-11-08-at-09.53.49.jpeg\" \/>\n\t<meta property=\"og:image:width\" content=\"602\" \/>\n\t<meta property=\"og:image:height\" content=\"412\" \/>\n\t<meta property=\"og:image:type\" content=\"image\/jpeg\" \/>\n<meta name=\"author\" content=\"Reda\u00e7\u00e3o Folha Popular\" \/>\n<meta name=\"twitter:card\" content=\"summary_large_image\" \/>\n<meta name=\"twitter:label1\" content=\"Escrito por\" \/>\n\t<meta name=\"twitter:data1\" content=\"Reda\u00e7\u00e3o Folha Popular\" \/>\n\t<meta name=\"twitter:label2\" content=\"Est. tempo de leitura\" \/>\n\t<meta name=\"twitter:data2\" content=\"1 minuto\" \/>\n<script type=\"application\/ld+json\" class=\"yoast-schema-graph\">{\"@context\":\"https:\\\/\\\/schema.org\",\"@graph\":[{\"@type\":\"Article\",\"@id\":\"https:\\\/\\\/folhapopular.info\\\/index.php\\\/2021\\\/11\\\/08\\\/seguranca-nas-vias-laterais-da-br-386-merece-atencao-em-fazenda-vilanova\\\/#article\",\"isPartOf\":{\"@id\":\"https:\\\/\\\/folhapopular.info\\\/index.php\\\/2021\\\/11\\\/08\\\/seguranca-nas-vias-laterais-da-br-386-merece-atencao-em-fazenda-vilanova\\\/\"},\"author\":{\"name\":\"Reda\u00e7\u00e3o Folha Popular\",\"@id\":\"https:\\\/\\\/folhapopular.info\\\/#\\\/schema\\\/person\\\/2814e8a0df7643585a9ca38bc6eb9d4b\"},\"headline\":\"Seguran\u00e7a nas vias laterais da BR-386 merece aten\u00e7\u00e3o em Fazenda Vilanova\",\"datePublished\":\"2021-11-08T19:10:17+00:00\",\"dateModified\":\"2021-11-08T19:10:21+00:00\",\"mainEntityOfPage\":{\"@id\":\"https:\\\/\\\/folhapopular.info\\\/index.php\\\/2021\\\/11\\\/08\\\/seguranca-nas-vias-laterais-da-br-386-merece-atencao-em-fazenda-vilanova\\\/\"},\"wordCount\":222,\"commentCount\":0,\"image\":{\"@id\":\"https:\\\/\\\/folhapopular.info\\\/index.php\\\/2021\\\/11\\\/08\\\/seguranca-nas-vias-laterais-da-br-386-merece-atencao-em-fazenda-vilanova\\\/#primaryimage\"},\"thumbnailUrl\":\"https:\\\/\\\/folhapopular.info\\\/wp-content\\\/uploads\\\/2021\\\/11\\\/WhatsApp-Image-2021-11-08-at-09.53.49.jpeg\",\"keywords\":[\"BR-386\",\"Fazenda Vilanova\",\"Seguran\u00e7a\",\"Vias laterais\"],\"articleSection\":[\"Destaques\",\"Geral\"],\"inLanguage\":\"pt-BR\",\"potentialAction\":[{\"@type\":\"CommentAction\",\"name\":\"Comment\",\"target\":[\"https:\\\/\\\/folhapopular.info\\\/index.php\\\/2021\\\/11\\\/08\\\/seguranca-nas-vias-laterais-da-br-386-merece-atencao-em-fazenda-vilanova\\\/#respond\"]}]},{\"@type\":\"WebPage\",\"@id\":\"https:\\\/\\\/folhapopular.info\\\/index.php\\\/2021\\\/11\\\/08\\\/seguranca-nas-vias-laterais-da-br-386-merece-atencao-em-fazenda-vilanova\\\/\",\"url\":\"https:\\\/\\\/folhapopular.info\\\/index.php\\\/2021\\\/11\\\/08\\\/seguranca-nas-vias-laterais-da-br-386-merece-atencao-em-fazenda-vilanova\\\/\",\"name\":\"Seguran\u00e7a nas vias laterais da BR-386 merece aten\u00e7\u00e3o em Fazenda Vilanova - Folha Popular\",\"isPartOf\":{\"@id\":\"https:\\\/\\\/folhapopular.info\\\/#website\"},\"primaryImageOfPage\":{\"@id\":\"https:\\\/\\\/folhapopular.info\\\/index.php\\\/2021\\\/11\\\/08\\\/seguranca-nas-vias-laterais-da-br-386-merece-atencao-em-fazenda-vilanova\\\/#primaryimage\"},\"image\":{\"@id\":\"https:\\\/\\\/folhapopular.info\\\/index.php\\\/2021\\\/11\\\/08\\\/seguranca-nas-vias-laterais-da-br-386-merece-atencao-em-fazenda-vilanova\\\/#primaryimage\"},\"thumbnailUrl\":\"https:\\\/\\\/folhapopular.info\\\/wp-content\\\/uploads\\\/2021\\\/11\\\/WhatsApp-Image-2021-11-08-at-09.53.49.jpeg\",\"datePublished\":\"2021-11-08T19:10:17+00:00\",\"dateModified\":\"2021-11-08T19:10:21+00:00\",\"author\":{\"@id\":\"https:\\\/\\\/folhapopular.info\\\/#\\\/schema\\\/person\\\/2814e8a0df7643585a9ca38bc6eb9d4b\"},\"breadcrumb\":{\"@id\":\"https:\\\/\\\/folhapopular.info\\\/index.php\\\/2021\\\/11\\\/08\\\/seguranca-nas-vias-laterais-da-br-386-merece-atencao-em-fazenda-vilanova\\\/#breadcrumb\"},\"inLanguage\":\"pt-BR\",\"potentialAction\":[{\"@type\":\"ReadAction\",\"target\":[\"https:\\\/\\\/folhapopular.info\\\/index.php\\\/2021\\\/11\\\/08\\\/seguranca-nas-vias-laterais-da-br-386-merece-atencao-em-fazenda-vilanova\\\/\"]}]},{\"@type\":\"ImageObject\",\"inLanguage\":\"pt-BR\",\"@id\":\"https:\\\/\\\/folhapopular.info\\\/index.php\\\/2021\\\/11\\\/08\\\/seguranca-nas-vias-laterais-da-br-386-merece-atencao-em-fazenda-vilanova\\\/#primaryimage\",\"url\":\"https:\\\/\\\/folhapopular.info\\\/wp-content\\\/uploads\\\/2021\\\/11\\\/WhatsApp-Image-2021-11-08-at-09.53.49.jpeg\",\"contentUrl\":\"https:\\\/\\\/folhapopular.info\\\/wp-content\\\/uploads\\\/2021\\\/11\\\/WhatsApp-Image-2021-11-08-at-09.53.49.jpeg\",\"width\":602,\"height\":412,\"caption\":\"Cr\u00e9dito: Divulga\u00e7\u00e3o\"},{\"@type\":\"BreadcrumbList\",\"@id\":\"https:\\\/\\\/folhapopular.info\\\/index.php\\\/2021\\\/11\\\/08\\\/seguranca-nas-vias-laterais-da-br-386-merece-atencao-em-fazenda-vilanova\\\/#breadcrumb\",\"itemListElement\":[{\"@type\":\"ListItem\",\"position\":1,\"name\":\"In\u00edcio\",\"item\":\"https:\\\/\\\/folhapopular.info\\\/\"},{\"@type\":\"ListItem\",\"position\":2,\"name\":\"Seguran\u00e7a nas vias laterais da BR-386 merece aten\u00e7\u00e3o em Fazenda Vilanova\"}]},{\"@type\":\"WebSite\",\"@id\":\"https:\\\/\\\/folhapopular.info\\\/#website\",\"url\":\"https:\\\/\\\/folhapopular.info\\\/\",\"name\":\"Folha Popular\",\"description\":\"Onde voc\u00ea tem vez e voz\",\"potentialAction\":[{\"@type\":\"SearchAction\",\"target\":{\"@type\":\"EntryPoint\",\"urlTemplate\":\"https:\\\/\\\/folhapopular.info\\\/?s={search_term_string}\"},\"query-input\":{\"@type\":\"PropertyValueSpecification\",\"valueRequired\":true,\"valueName\":\"search_term_string\"}}],\"inLanguage\":\"pt-BR\"},{\"@type\":\"Person\",\"@id\":\"https:\\\/\\\/folhapopular.info\\\/#\\\/schema\\\/person\\\/2814e8a0df7643585a9ca38bc6eb9d4b\",\"name\":\"Reda\u00e7\u00e3o Folha Popular\",\"image\":{\"@type\":\"ImageObject\",\"inLanguage\":\"pt-BR\",\"@id\":\"https:\\\/\\\/folhapopular.info\\\/wp-content\\\/uploads\\\/2026\\\/04\\\/Folha-1.webp\",\"url\":\"https:\\\/\\\/folhapopular.info\\\/wp-content\\\/uploads\\\/2026\\\/04\\\/Folha-1.webp\",\"contentUrl\":\"https:\\\/\\\/folhapopular.info\\\/wp-content\\\/uploads\\\/2026\\\/04\\\/Folha-1.webp\",\"caption\":\"Reda\u00e7\u00e3o Folha Popular\"},\"url\":\"https:\\\/\\\/folhapopular.info\\\/index.php\\\/author\\\/redacao\\\/\"}]}<\/script>\n<!-- \/ Yoast SEO plugin. -->","yoast_head_json":{"title":"Seguran\u00e7a nas vias laterais da BR-386 merece aten\u00e7\u00e3o em Fazenda Vilanova - Folha Popular","robots":{"index":"index","follow":"follow","max-snippet":"max-snippet:-1","max-image-preview":"max-image-preview:large","max-video-preview":"max-video-preview:-1"},"canonical":"https:\/\/folhapopular.info\/index.php\/2021\/11\/08\/seguranca-nas-vias-laterais-da-br-386-merece-atencao-em-fazenda-vilanova\/","og_locale":"pt_BR","og_type":"article","og_title":"Seguran\u00e7a nas vias laterais da BR-386 merece aten\u00e7\u00e3o em Fazenda Vilanova - Folha Popular","og_description":"\u00c1udio na \u00edntegra dispon\u00edvel no site da R\u00e1dio Popular O Espa\u00e7o Aberto teve a participa\u00e7\u00e3o do vereador de Fazenda Vilanova, Leo Motta, na manh\u00e3 desta segunda-feira (8\/11). Ele destaca a seguran\u00e7a nas vias laterais da BR-386, que merecem aten\u00e7\u00e3o no munic\u00edpio. Conforme Leo, \u00e9 uma preocupa\u00e7\u00e3o de toda a comunidade em rela\u00e7\u00e3o \u00e0 seguran\u00e7a nas [&hellip;]","og_url":"https:\/\/folhapopular.info\/index.php\/2021\/11\/08\/seguranca-nas-vias-laterais-da-br-386-merece-atencao-em-fazenda-vilanova\/","og_site_name":"Folha Popular","article_published_time":"2021-11-08T19:10:17+00:00","article_modified_time":"2021-11-08T19:10:21+00:00","og_image":[{"width":602,"height":412,"url":"https:\/\/folhapopular.info\/wp-content\/uploads\/2021\/11\/WhatsApp-Image-2021-11-08-at-09.53.49.jpeg","type":"image\/jpeg"}],"author":"Reda\u00e7\u00e3o Folha Popular","twitter_card":"summary_large_image","twitter_misc":{"Escrito por":"Reda\u00e7\u00e3o Folha Popular","Est. tempo de leitura":"1 minuto"},"schema":{"@context":"https:\/\/schema.org","@graph":[{"@type":"Article","@id":"https:\/\/folhapopular.info\/index.php\/2021\/11\/08\/seguranca-nas-vias-laterais-da-br-386-merece-atencao-em-fazenda-vilanova\/#article","isPartOf":{"@id":"https:\/\/folhapopular.info\/index.php\/2021\/11\/08\/seguranca-nas-vias-laterais-da-br-386-merece-atencao-em-fazenda-vilanova\/"},"author":{"name":"Reda\u00e7\u00e3o Folha Popular","@id":"https:\/\/folhapopular.info\/#\/schema\/person\/2814e8a0df7643585a9ca38bc6eb9d4b"},"headline":"Seguran\u00e7a nas vias laterais da BR-386 merece aten\u00e7\u00e3o em Fazenda Vilanova","datePublished":"2021-11-08T19:10:17+00:00","dateModified":"2021-11-08T19:10:21+00:00","mainEntityOfPage":{"@id":"https:\/\/folhapopular.info\/index.php\/2021\/11\/08\/seguranca-nas-vias-laterais-da-br-386-merece-atencao-em-fazenda-vilanova\/"},"wordCount":222,"commentCount":0,"image":{"@id":"https:\/\/folhapopular.info\/index.php\/2021\/11\/08\/seguranca-nas-vias-laterais-da-br-386-merece-atencao-em-fazenda-vilanova\/#primaryimage"},"thumbnailUrl":"https:\/\/folhapopular.info\/wp-content\/uploads\/2021\/11\/WhatsApp-Image-2021-11-08-at-09.53.49.jpeg","keywords":["BR-386","Fazenda Vilanova","Seguran\u00e7a","Vias laterais"],"articleSection":["Destaques","Geral"],"inLanguage":"pt-BR","potentialAction":[{"@type":"CommentAction","name":"Comment","target":["https:\/\/folhapopular.info\/index.php\/2021\/11\/08\/seguranca-nas-vias-laterais-da-br-386-merece-atencao-em-fazenda-vilanova\/#respond"]}]},{"@type":"WebPage","@id":"https:\/\/folhapopular.info\/index.php\/2021\/11\/08\/seguranca-nas-vias-laterais-da-br-386-merece-atencao-em-fazenda-vilanova\/","url":"https:\/\/folhapopular.info\/index.php\/2021\/11\/08\/seguranca-nas-vias-laterais-da-br-386-merece-atencao-em-fazenda-vilanova\/","name":"Seguran\u00e7a nas vias laterais da BR-386 merece aten\u00e7\u00e3o em Fazenda Vilanova - Folha Popular","isPartOf":{"@id":"https:\/\/folhapopular.info\/#website"},"primaryImageOfPage":{"@id":"https:\/\/folhapopular.info\/index.php\/2021\/11\/08\/seguranca-nas-vias-laterais-da-br-386-merece-atencao-em-fazenda-vilanova\/#primaryimage"},"image":{"@id":"https:\/\/folhapopular.info\/index.php\/2021\/11\/08\/seguranca-nas-vias-laterais-da-br-386-merece-atencao-em-fazenda-vilanova\/#primaryimage"},"thumbnailUrl":"https:\/\/folhapopular.info\/wp-content\/uploads\/2021\/11\/WhatsApp-Image-2021-11-08-at-09.53.49.jpeg","datePublished":"2021-11-08T19:10:17+00:00","dateModified":"2021-11-08T19:10:21+00:00","author":{"@id":"https:\/\/folhapopular.info\/#\/schema\/person\/2814e8a0df7643585a9ca38bc6eb9d4b"},"breadcrumb":{"@id":"https:\/\/folhapopular.info\/index.php\/2021\/11\/08\/seguranca-nas-vias-laterais-da-br-386-merece-atencao-em-fazenda-vilanova\/#breadcrumb"},"inLanguage":"pt-BR","potentialAction":[{"@type":"ReadAction","target":["https:\/\/folhapopular.info\/index.php\/2021\/11\/08\/seguranca-nas-vias-laterais-da-br-386-merece-atencao-em-fazenda-vilanova\/"]}]},{"@type":"ImageObject","inLanguage":"pt-BR","@id":"https:\/\/folhapopular.info\/index.php\/2021\/11\/08\/seguranca-nas-vias-laterais-da-br-386-merece-atencao-em-fazenda-vilanova\/#primaryimage","url":"https:\/\/folhapopular.info\/wp-content\/uploads\/2021\/11\/WhatsApp-Image-2021-11-08-at-09.53.49.jpeg","contentUrl":"https:\/\/folhapopular.info\/wp-content\/uploads\/2021\/11\/WhatsApp-Image-2021-11-08-at-09.53.49.jpeg","width":602,"height":412,"caption":"Cr\u00e9dito: Divulga\u00e7\u00e3o"},{"@type":"BreadcrumbList","@id":"https:\/\/folhapopular.info\/index.php\/2021\/11\/08\/seguranca-nas-vias-laterais-da-br-386-merece-atencao-em-fazenda-vilanova\/#breadcrumb","itemListElement":[{"@type":"ListItem","position":1,"name":"In\u00edcio","item":"https:\/\/folhapopular.info\/"},{"@type":"ListItem","position":2,"name":"Seguran\u00e7a nas vias laterais da BR-386 merece aten\u00e7\u00e3o em Fazenda Vilanova"}]},{"@type":"WebSite","@id":"https:\/\/folhapopular.info\/#website","url":"https:\/\/folhapopular.info\/","name":"Folha Popular","description":"Onde voc\u00ea tem vez e voz","potentialAction":[{"@type":"SearchAction","target":{"@type":"EntryPoint","urlTemplate":"https:\/\/folhapopular.info\/?s={search_term_string}"},"query-input":{"@type":"PropertyValueSpecification","valueRequired":true,"valueName":"search_term_string"}}],"inLanguage":"pt-BR"},{"@type":"Person","@id":"https:\/\/folhapopular.info\/#\/schema\/person\/2814e8a0df7643585a9ca38bc6eb9d4b","name":"Reda\u00e7\u00e3o Folha Popular","image":{"@type":"ImageObject","inLanguage":"pt-BR","@id":"https:\/\/folhapopular.info\/wp-content\/uploads\/2026\/04\/Folha-1.webp","url":"https:\/\/folhapopular.info\/wp-content\/uploads\/2026\/04\/Folha-1.webp","contentUrl":"https:\/\/folhapopular.info\/wp-content\/uploads\/2026\/04\/Folha-1.webp","caption":"Reda\u00e7\u00e3o Folha Popular"},"url":"https:\/\/folhapopular.info\/index.php\/author\/redacao\/"}]}},"jetpack_featured_media_url":"https:\/\/folhapopular.info\/wp-content\/uploads\/2021\/11\/WhatsApp-Image-2021-11-08-at-09.53.49.jpeg","jetpack_sharing_enabled":true,"amp_enabled":true,"_links":{"self":[{"href":"https:\/\/folhapopular.info\/index.php\/wp-json\/wp\/v2\/posts\/92414","targetHints":{"allow":["GET"]}}],"collection":[{"href":"https:\/\/folhapopular.info\/index.php\/wp-json\/wp\/v2\/posts"}],"about":[{"href":"https:\/\/folhapopular.info\/index.php\/wp-json\/wp\/v2\/types\/post"}],"author":[{"embeddable":true,"href":"https:\/\/folhapopular.info\/index.php\/wp-json\/wp\/v2\/users\/8"}],"replies":[{"embeddable":true,"href":"https:\/\/folhapopular.info\/index.php\/wp-json\/wp\/v2\/comments?post=92414"}],"version-history":[{"count":0,"href":"https:\/\/folhapopular.info\/index.php\/wp-json\/wp\/v2\/posts\/92414\/revisions"}],"wp:featuredmedia":[{"embeddable":true,"href":"https:\/\/folhapopular.info\/index.php\/wp-json\/wp\/v2\/media\/92418"}],"wp:attachment":[{"href":"https:\/\/folhapopular.info\/index.php\/wp-json\/wp\/v2\/media?parent=92414"}],"wp:term":[{"taxonomy":"category","embeddable":true,"href":"https:\/\/folhapopular.info\/index.php\/wp-json\/wp\/v2\/categories?post=92414"},{"taxonomy":"post_tag","embeddable":true,"href":"https:\/\/folhapopular.info\/index.php\/wp-json\/wp\/v2\/tags?post=92414"}],"curies":[{"name":"wp","href":"https:\/\/api.w.org\/{rel}","templated":true}]}}