{"id":92885,"date":"2021-11-18T08:45:00","date_gmt":"2021-11-18T11:45:00","guid":{"rendered":"https:\/\/folhapopular.info\/?p=92885"},"modified":"2021-11-18T08:45:09","modified_gmt":"2021-11-18T11:45:09","slug":"votacao-da-consulta-popular-2021-inicia-na-proxima-segunda-feira","status":"publish","type":"post","link":"https:\/\/folhapopular.info\/index.php\/2021\/11\/18\/votacao-da-consulta-popular-2021-inicia-na-proxima-segunda-feira\/","title":{"rendered":"Vota\u00e7\u00e3o da Consulta Popular 2021 inicia na pr\u00f3xima segunda-feira"},"content":{"rendered":"\n<p>O Vale do Taquari ter\u00e1 \u00e0 disposi\u00e7\u00e3o para a vota\u00e7\u00e3o na Consulta Popular deste ano em tr\u00eas projetos. A c\u00e9dula ser\u00e1 composta por iniciativas das \u00e1reas de Turismo, Agricultura e Meio Ambiente. Estar\u00e3o dispon\u00edveis para vota\u00e7\u00e3o os projetos \u201cCicloturismo no Vale do Taquari\u201d, \u201cFomentar a implanta\u00e7\u00e3o do programa de uso, manejo e conserva\u00e7\u00e3o do solo e da \u00e1gua\u201d e \u201cRecursos H\u00eddricos e Uso m\u00faltiplos da \u00e1gua (dessedenta\u00e7\u00e3o animal, preserva\u00e7\u00e3o e prote\u00e7\u00e3o de nascentes)\u201d.<\/p>\n\n\n\n<p>Das tr\u00eas propostas, apenas a mais votada ser\u00e1 contemplada com recursos no or\u00e7amento de 2022 do Governo do Estado. O projeto mais votado no Vale do Taquari receber\u00e1 R$ 942.857,00.<\/p>\n\n\n\n<p>O presidente do Conselho de Desenvolvimento do Vale do Taquari (Codevat), Luciano Moresco, reafirma a import\u00e2ncia do engajamento da regi\u00e3o na etapa final de vota\u00e7\u00e3o. \u201c\u00c9 muito importante que os munic\u00edpios, as comunidades, as microrregi\u00f5es participem. O Vale sempre participou da Consulta Popular e, novamente, destacamos a relev\u00e2ncia dessa mobiliza\u00e7\u00e3o\u201d, afirma.<\/p>\n\n\n\n<p>Moresco aponta ainda a necessidade da uni\u00e3o entre governos, entidades, universidades e empresas para que divulguem o processo da Consulta Popular e os tr\u00eas projetos aptos a serem votados. \u201cQuanto mais pessoas participarem, mais chances os munic\u00edpios ter\u00e3o de ser contemplados\u201d, salienta. \u201cTemos que ter consci\u00eancia desse ambiente democr\u00e1tico que a Consulta Popular nos possibilita. Ao participarmos da vota\u00e7\u00e3o estamos contribuindo para a constru\u00e7\u00e3o de um desenvolvimento regional integrado\u201d.<\/p>\n\n\n\n<p>A vota\u00e7\u00e3o da Consulta Popular 2021 ocorre de 22 a 30 de novembro de forma digital por meio do aplicativo Colab ou pelo site da Consulta Popular (<a>consultapopular.rs.gov.br<\/a>). Qualquer cidad\u00e3o maior de 16 anos, com t\u00edtulo eleitoral, poder\u00e1 votar em um dos tr\u00eas projetos da regi\u00e3o. Os resultados finais ser\u00e3o divulgados em 2 de dezembro.<\/p>\n\n\n\n<p><strong>Sobre os projetos:<\/strong><\/p>\n\n\n\n<p>O projeto do \u201cCicloturismo\u201d (da \u00e1rea de Turismo), caso seja o mais votado, ter\u00e1 amplitude regional, pois ser\u00e1 executado pela Associa\u00e7\u00e3o dos Munic\u00edpios de Turismo da Regi\u00e3o dos Vales (Amturvales).<\/p>\n\n\n\n<p>J\u00e1 os outros dois, o que visa \u201cFomentar a implanta\u00e7\u00e3o do programa de uso, manejo e conserva\u00e7\u00e3o do solo e da \u00e1gua\u201d (da \u00e1rea da Agricultura) e o que busca \u201cRecursos H\u00eddricos e Uso m\u00faltiplos da \u00e1gua (dessedenta\u00e7\u00e3o animal, preserva\u00e7\u00e3o e prote\u00e7\u00e3o de nascentes)\u201d (da \u00e1rea do Meio Ambiente), caso recebam o maior n\u00famero de votos, ter\u00e3o uma amplitude menor, visto que cada munic\u00edpio ser\u00e1 respons\u00e1vel por receber uma parcela do valor para ser aplicada na execu\u00e7\u00e3o do projeto. Nesse caso, o valor ser\u00e1 dividido entre os 10 munic\u00edpios da regi\u00e3o que tiverem o maior n\u00famero de votantes na iniciativa. Al\u00e9m disso, o munic\u00edpio precisar\u00e1 ter al\u00e7ado a participa\u00e7\u00e3o de, no m\u00ednimo, 2% dos seus eleitores.<\/p>\n","protected":false},"excerpt":{"rendered":"<p>O Vale do Taquari ter\u00e1 \u00e0 disposi\u00e7\u00e3o para a vota\u00e7\u00e3o na Consulta Popular deste ano em tr\u00eas projetos. A c\u00e9dula ser\u00e1 composta por iniciativas das \u00e1reas de Turismo, Agricultura e Meio Ambiente. Estar\u00e3o dispon\u00edveis para vota\u00e7\u00e3o os projetos \u201cCicloturismo no Vale do Taquari\u201d, \u201cFomentar a implanta\u00e7\u00e3o do programa de uso, manejo e conserva\u00e7\u00e3o do solo [&hellip;]<\/p>\n","protected":false},"author":8,"featured_media":92886,"comment_status":"open","ping_status":"open","sticky":false,"template":"","format":"standard","meta":{"pmpro_default_level":"","_jetpack_memberships_contains_paid_content":false,"footnotes":""},"categories":[2,3],"tags":[6250,156,7395],"class_list":{"0":"post-92885","1":"post","2":"type-post","3":"status-publish","4":"format-standard","5":"has-post-thumbnail","7":"category-featured","8":"category-geral","9":"tag-projetos","10":"tag-vale-do-taquari","11":"tag-votacao-popular-2021","12":"pmpro-has-access"},"yoast_head":"<!-- This site is optimized with the Yoast SEO plugin v27.5 - https:\/\/yoast.com\/product\/yoast-seo-wordpress\/ -->\n<title>Vota\u00e7\u00e3o da Consulta Popular 2021 inicia na pr\u00f3xima segunda-feira - Folha Popular<\/title>\n<meta name=\"robots\" content=\"index, follow, max-snippet:-1, max-image-preview:large, max-video-preview:-1\" \/>\n<link rel=\"canonical\" href=\"https:\/\/folhapopular.info\/index.php\/2021\/11\/18\/votacao-da-consulta-popular-2021-inicia-na-proxima-segunda-feira\/\" \/>\n<meta property=\"og:locale\" content=\"pt_BR\" \/>\n<meta property=\"og:type\" content=\"article\" \/>\n<meta property=\"og:title\" content=\"Vota\u00e7\u00e3o da Consulta Popular 2021 inicia na pr\u00f3xima segunda-feira - Folha Popular\" \/>\n<meta property=\"og:description\" content=\"O Vale do Taquari ter\u00e1 \u00e0 disposi\u00e7\u00e3o para a vota\u00e7\u00e3o na Consulta Popular deste ano em tr\u00eas projetos. A c\u00e9dula ser\u00e1 composta por iniciativas das \u00e1reas de Turismo, Agricultura e Meio Ambiente. Estar\u00e3o dispon\u00edveis para vota\u00e7\u00e3o os projetos \u201cCicloturismo no Vale do Taquari\u201d, \u201cFomentar a implanta\u00e7\u00e3o do programa de uso, manejo e conserva\u00e7\u00e3o do solo [&hellip;]\" \/>\n<meta property=\"og:url\" content=\"https:\/\/folhapopular.info\/index.php\/2021\/11\/18\/votacao-da-consulta-popular-2021-inicia-na-proxima-segunda-feira\/\" \/>\n<meta property=\"og:site_name\" content=\"Folha Popular\" \/>\n<meta property=\"article:published_time\" content=\"2021-11-18T11:45:00+00:00\" \/>\n<meta property=\"article:modified_time\" content=\"2021-11-18T11:45:09+00:00\" \/>\n<meta property=\"og:image\" content=\"http:\/\/folhapopular.info\/wp-content\/uploads\/2021\/11\/Aplicativo_Colab-scaled-e1637234550939.jpg\" \/>\n\t<meta property=\"og:image:width\" content=\"800\" \/>\n\t<meta property=\"og:image:height\" content=\"433\" \/>\n\t<meta property=\"og:image:type\" content=\"image\/jpeg\" \/>\n<meta name=\"author\" content=\"Reda\u00e7\u00e3o Folha Popular\" \/>\n<meta name=\"twitter:card\" content=\"summary_large_image\" \/>\n<meta name=\"twitter:label1\" content=\"Escrito por\" \/>\n\t<meta name=\"twitter:data1\" content=\"Reda\u00e7\u00e3o Folha Popular\" \/>\n\t<meta name=\"twitter:label2\" content=\"Est. tempo de leitura\" \/>\n\t<meta name=\"twitter:data2\" content=\"2 minutos\" \/>\n<script type=\"application\/ld+json\" class=\"yoast-schema-graph\">{\"@context\":\"https:\\\/\\\/schema.org\",\"@graph\":[{\"@type\":\"Article\",\"@id\":\"https:\\\/\\\/folhapopular.info\\\/index.php\\\/2021\\\/11\\\/18\\\/votacao-da-consulta-popular-2021-inicia-na-proxima-segunda-feira\\\/#article\",\"isPartOf\":{\"@id\":\"https:\\\/\\\/folhapopular.info\\\/index.php\\\/2021\\\/11\\\/18\\\/votacao-da-consulta-popular-2021-inicia-na-proxima-segunda-feira\\\/\"},\"author\":{\"name\":\"Reda\u00e7\u00e3o Folha Popular\",\"@id\":\"https:\\\/\\\/folhapopular.info\\\/#\\\/schema\\\/person\\\/2814e8a0df7643585a9ca38bc6eb9d4b\"},\"headline\":\"Vota\u00e7\u00e3o da Consulta Popular 2021 inicia na pr\u00f3xima segunda-feira\",\"datePublished\":\"2021-11-18T11:45:00+00:00\",\"dateModified\":\"2021-11-18T11:45:09+00:00\",\"mainEntityOfPage\":{\"@id\":\"https:\\\/\\\/folhapopular.info\\\/index.php\\\/2021\\\/11\\\/18\\\/votacao-da-consulta-popular-2021-inicia-na-proxima-segunda-feira\\\/\"},\"wordCount\":489,\"commentCount\":0,\"image\":{\"@id\":\"https:\\\/\\\/folhapopular.info\\\/index.php\\\/2021\\\/11\\\/18\\\/votacao-da-consulta-popular-2021-inicia-na-proxima-segunda-feira\\\/#primaryimage\"},\"thumbnailUrl\":\"https:\\\/\\\/folhapopular.info\\\/wp-content\\\/uploads\\\/2021\\\/11\\\/Aplicativo_Colab-scaled-e1637234550939.jpg\",\"keywords\":[\"Projetos\",\"Vale do Taquari\",\"Vota\u00e7\u00e3o Popular 2021\"],\"articleSection\":[\"Destaques\",\"Geral\"],\"inLanguage\":\"pt-BR\",\"potentialAction\":[{\"@type\":\"CommentAction\",\"name\":\"Comment\",\"target\":[\"https:\\\/\\\/folhapopular.info\\\/index.php\\\/2021\\\/11\\\/18\\\/votacao-da-consulta-popular-2021-inicia-na-proxima-segunda-feira\\\/#respond\"]}]},{\"@type\":\"WebPage\",\"@id\":\"https:\\\/\\\/folhapopular.info\\\/index.php\\\/2021\\\/11\\\/18\\\/votacao-da-consulta-popular-2021-inicia-na-proxima-segunda-feira\\\/\",\"url\":\"https:\\\/\\\/folhapopular.info\\\/index.php\\\/2021\\\/11\\\/18\\\/votacao-da-consulta-popular-2021-inicia-na-proxima-segunda-feira\\\/\",\"name\":\"Vota\u00e7\u00e3o da Consulta Popular 2021 inicia na pr\u00f3xima segunda-feira - Folha Popular\",\"isPartOf\":{\"@id\":\"https:\\\/\\\/folhapopular.info\\\/#website\"},\"primaryImageOfPage\":{\"@id\":\"https:\\\/\\\/folhapopular.info\\\/index.php\\\/2021\\\/11\\\/18\\\/votacao-da-consulta-popular-2021-inicia-na-proxima-segunda-feira\\\/#primaryimage\"},\"image\":{\"@id\":\"https:\\\/\\\/folhapopular.info\\\/index.php\\\/2021\\\/11\\\/18\\\/votacao-da-consulta-popular-2021-inicia-na-proxima-segunda-feira\\\/#primaryimage\"},\"thumbnailUrl\":\"https:\\\/\\\/folhapopular.info\\\/wp-content\\\/uploads\\\/2021\\\/11\\\/Aplicativo_Colab-scaled-e1637234550939.jpg\",\"datePublished\":\"2021-11-18T11:45:00+00:00\",\"dateModified\":\"2021-11-18T11:45:09+00:00\",\"author\":{\"@id\":\"https:\\\/\\\/folhapopular.info\\\/#\\\/schema\\\/person\\\/2814e8a0df7643585a9ca38bc6eb9d4b\"},\"breadcrumb\":{\"@id\":\"https:\\\/\\\/folhapopular.info\\\/index.php\\\/2021\\\/11\\\/18\\\/votacao-da-consulta-popular-2021-inicia-na-proxima-segunda-feira\\\/#breadcrumb\"},\"inLanguage\":\"pt-BR\",\"potentialAction\":[{\"@type\":\"ReadAction\",\"target\":[\"https:\\\/\\\/folhapopular.info\\\/index.php\\\/2021\\\/11\\\/18\\\/votacao-da-consulta-popular-2021-inicia-na-proxima-segunda-feira\\\/\"]}]},{\"@type\":\"ImageObject\",\"inLanguage\":\"pt-BR\",\"@id\":\"https:\\\/\\\/folhapopular.info\\\/index.php\\\/2021\\\/11\\\/18\\\/votacao-da-consulta-popular-2021-inicia-na-proxima-segunda-feira\\\/#primaryimage\",\"url\":\"https:\\\/\\\/folhapopular.info\\\/wp-content\\\/uploads\\\/2021\\\/11\\\/Aplicativo_Colab-scaled-e1637234550939.jpg\",\"contentUrl\":\"https:\\\/\\\/folhapopular.info\\\/wp-content\\\/uploads\\\/2021\\\/11\\\/Aplicativo_Colab-scaled-e1637234550939.jpg\",\"width\":800,\"height\":433,\"caption\":\"Vota\u00e7\u00e3o ocorrer\u00e1 de 22 a 30 de novembro e ser\u00e1 realizada de forma digital por meio do aplicativo Colab ou do site \\\/ Cr\u00e9dito: Divulga\u00e7\u00e3o\"},{\"@type\":\"BreadcrumbList\",\"@id\":\"https:\\\/\\\/folhapopular.info\\\/index.php\\\/2021\\\/11\\\/18\\\/votacao-da-consulta-popular-2021-inicia-na-proxima-segunda-feira\\\/#breadcrumb\",\"itemListElement\":[{\"@type\":\"ListItem\",\"position\":1,\"name\":\"In\u00edcio\",\"item\":\"https:\\\/\\\/folhapopular.info\\\/\"},{\"@type\":\"ListItem\",\"position\":2,\"name\":\"Vota\u00e7\u00e3o da Consulta Popular 2021 inicia na pr\u00f3xima segunda-feira\"}]},{\"@type\":\"WebSite\",\"@id\":\"https:\\\/\\\/folhapopular.info\\\/#website\",\"url\":\"https:\\\/\\\/folhapopular.info\\\/\",\"name\":\"Folha Popular\",\"description\":\"Onde voc\u00ea tem vez e voz\",\"potentialAction\":[{\"@type\":\"SearchAction\",\"target\":{\"@type\":\"EntryPoint\",\"urlTemplate\":\"https:\\\/\\\/folhapopular.info\\\/?s={search_term_string}\"},\"query-input\":{\"@type\":\"PropertyValueSpecification\",\"valueRequired\":true,\"valueName\":\"search_term_string\"}}],\"inLanguage\":\"pt-BR\"},{\"@type\":\"Person\",\"@id\":\"https:\\\/\\\/folhapopular.info\\\/#\\\/schema\\\/person\\\/2814e8a0df7643585a9ca38bc6eb9d4b\",\"name\":\"Reda\u00e7\u00e3o Folha Popular\",\"image\":{\"@type\":\"ImageObject\",\"inLanguage\":\"pt-BR\",\"@id\":\"https:\\\/\\\/folhapopular.info\\\/wp-content\\\/uploads\\\/2026\\\/04\\\/Folha-1.webp\",\"url\":\"https:\\\/\\\/folhapopular.info\\\/wp-content\\\/uploads\\\/2026\\\/04\\\/Folha-1.webp\",\"contentUrl\":\"https:\\\/\\\/folhapopular.info\\\/wp-content\\\/uploads\\\/2026\\\/04\\\/Folha-1.webp\",\"caption\":\"Reda\u00e7\u00e3o Folha Popular\"},\"url\":\"https:\\\/\\\/folhapopular.info\\\/index.php\\\/author\\\/redacao\\\/\"}]}<\/script>\n<!-- \/ Yoast SEO plugin. -->","yoast_head_json":{"title":"Vota\u00e7\u00e3o da Consulta Popular 2021 inicia na pr\u00f3xima segunda-feira - Folha Popular","robots":{"index":"index","follow":"follow","max-snippet":"max-snippet:-1","max-image-preview":"max-image-preview:large","max-video-preview":"max-video-preview:-1"},"canonical":"https:\/\/folhapopular.info\/index.php\/2021\/11\/18\/votacao-da-consulta-popular-2021-inicia-na-proxima-segunda-feira\/","og_locale":"pt_BR","og_type":"article","og_title":"Vota\u00e7\u00e3o da Consulta Popular 2021 inicia na pr\u00f3xima segunda-feira - Folha Popular","og_description":"O Vale do Taquari ter\u00e1 \u00e0 disposi\u00e7\u00e3o para a vota\u00e7\u00e3o na Consulta Popular deste ano em tr\u00eas projetos. A c\u00e9dula ser\u00e1 composta por iniciativas das \u00e1reas de Turismo, Agricultura e Meio Ambiente. Estar\u00e3o dispon\u00edveis para vota\u00e7\u00e3o os projetos \u201cCicloturismo no Vale do Taquari\u201d, \u201cFomentar a implanta\u00e7\u00e3o do programa de uso, manejo e conserva\u00e7\u00e3o do solo [&hellip;]","og_url":"https:\/\/folhapopular.info\/index.php\/2021\/11\/18\/votacao-da-consulta-popular-2021-inicia-na-proxima-segunda-feira\/","og_site_name":"Folha Popular","article_published_time":"2021-11-18T11:45:00+00:00","article_modified_time":"2021-11-18T11:45:09+00:00","og_image":[{"width":800,"height":433,"url":"http:\/\/folhapopular.info\/wp-content\/uploads\/2021\/11\/Aplicativo_Colab-scaled-e1637234550939.jpg","type":"image\/jpeg"}],"author":"Reda\u00e7\u00e3o Folha Popular","twitter_card":"summary_large_image","twitter_misc":{"Escrito por":"Reda\u00e7\u00e3o Folha Popular","Est. tempo de leitura":"2 minutos"},"schema":{"@context":"https:\/\/schema.org","@graph":[{"@type":"Article","@id":"https:\/\/folhapopular.info\/index.php\/2021\/11\/18\/votacao-da-consulta-popular-2021-inicia-na-proxima-segunda-feira\/#article","isPartOf":{"@id":"https:\/\/folhapopular.info\/index.php\/2021\/11\/18\/votacao-da-consulta-popular-2021-inicia-na-proxima-segunda-feira\/"},"author":{"name":"Reda\u00e7\u00e3o Folha Popular","@id":"https:\/\/folhapopular.info\/#\/schema\/person\/2814e8a0df7643585a9ca38bc6eb9d4b"},"headline":"Vota\u00e7\u00e3o da Consulta Popular 2021 inicia na pr\u00f3xima segunda-feira","datePublished":"2021-11-18T11:45:00+00:00","dateModified":"2021-11-18T11:45:09+00:00","mainEntityOfPage":{"@id":"https:\/\/folhapopular.info\/index.php\/2021\/11\/18\/votacao-da-consulta-popular-2021-inicia-na-proxima-segunda-feira\/"},"wordCount":489,"commentCount":0,"image":{"@id":"https:\/\/folhapopular.info\/index.php\/2021\/11\/18\/votacao-da-consulta-popular-2021-inicia-na-proxima-segunda-feira\/#primaryimage"},"thumbnailUrl":"https:\/\/folhapopular.info\/wp-content\/uploads\/2021\/11\/Aplicativo_Colab-scaled-e1637234550939.jpg","keywords":["Projetos","Vale do Taquari","Vota\u00e7\u00e3o Popular 2021"],"articleSection":["Destaques","Geral"],"inLanguage":"pt-BR","potentialAction":[{"@type":"CommentAction","name":"Comment","target":["https:\/\/folhapopular.info\/index.php\/2021\/11\/18\/votacao-da-consulta-popular-2021-inicia-na-proxima-segunda-feira\/#respond"]}]},{"@type":"WebPage","@id":"https:\/\/folhapopular.info\/index.php\/2021\/11\/18\/votacao-da-consulta-popular-2021-inicia-na-proxima-segunda-feira\/","url":"https:\/\/folhapopular.info\/index.php\/2021\/11\/18\/votacao-da-consulta-popular-2021-inicia-na-proxima-segunda-feira\/","name":"Vota\u00e7\u00e3o da Consulta Popular 2021 inicia na pr\u00f3xima segunda-feira - Folha Popular","isPartOf":{"@id":"https:\/\/folhapopular.info\/#website"},"primaryImageOfPage":{"@id":"https:\/\/folhapopular.info\/index.php\/2021\/11\/18\/votacao-da-consulta-popular-2021-inicia-na-proxima-segunda-feira\/#primaryimage"},"image":{"@id":"https:\/\/folhapopular.info\/index.php\/2021\/11\/18\/votacao-da-consulta-popular-2021-inicia-na-proxima-segunda-feira\/#primaryimage"},"thumbnailUrl":"https:\/\/folhapopular.info\/wp-content\/uploads\/2021\/11\/Aplicativo_Colab-scaled-e1637234550939.jpg","datePublished":"2021-11-18T11:45:00+00:00","dateModified":"2021-11-18T11:45:09+00:00","author":{"@id":"https:\/\/folhapopular.info\/#\/schema\/person\/2814e8a0df7643585a9ca38bc6eb9d4b"},"breadcrumb":{"@id":"https:\/\/folhapopular.info\/index.php\/2021\/11\/18\/votacao-da-consulta-popular-2021-inicia-na-proxima-segunda-feira\/#breadcrumb"},"inLanguage":"pt-BR","potentialAction":[{"@type":"ReadAction","target":["https:\/\/folhapopular.info\/index.php\/2021\/11\/18\/votacao-da-consulta-popular-2021-inicia-na-proxima-segunda-feira\/"]}]},{"@type":"ImageObject","inLanguage":"pt-BR","@id":"https:\/\/folhapopular.info\/index.php\/2021\/11\/18\/votacao-da-consulta-popular-2021-inicia-na-proxima-segunda-feira\/#primaryimage","url":"https:\/\/folhapopular.info\/wp-content\/uploads\/2021\/11\/Aplicativo_Colab-scaled-e1637234550939.jpg","contentUrl":"https:\/\/folhapopular.info\/wp-content\/uploads\/2021\/11\/Aplicativo_Colab-scaled-e1637234550939.jpg","width":800,"height":433,"caption":"Vota\u00e7\u00e3o ocorrer\u00e1 de 22 a 30 de novembro e ser\u00e1 realizada de forma digital por meio do aplicativo Colab ou do site \/ Cr\u00e9dito: Divulga\u00e7\u00e3o"},{"@type":"BreadcrumbList","@id":"https:\/\/folhapopular.info\/index.php\/2021\/11\/18\/votacao-da-consulta-popular-2021-inicia-na-proxima-segunda-feira\/#breadcrumb","itemListElement":[{"@type":"ListItem","position":1,"name":"In\u00edcio","item":"https:\/\/folhapopular.info\/"},{"@type":"ListItem","position":2,"name":"Vota\u00e7\u00e3o da Consulta Popular 2021 inicia na pr\u00f3xima segunda-feira"}]},{"@type":"WebSite","@id":"https:\/\/folhapopular.info\/#website","url":"https:\/\/folhapopular.info\/","name":"Folha Popular","description":"Onde voc\u00ea tem vez e voz","potentialAction":[{"@type":"SearchAction","target":{"@type":"EntryPoint","urlTemplate":"https:\/\/folhapopular.info\/?s={search_term_string}"},"query-input":{"@type":"PropertyValueSpecification","valueRequired":true,"valueName":"search_term_string"}}],"inLanguage":"pt-BR"},{"@type":"Person","@id":"https:\/\/folhapopular.info\/#\/schema\/person\/2814e8a0df7643585a9ca38bc6eb9d4b","name":"Reda\u00e7\u00e3o Folha Popular","image":{"@type":"ImageObject","inLanguage":"pt-BR","@id":"https:\/\/folhapopular.info\/wp-content\/uploads\/2026\/04\/Folha-1.webp","url":"https:\/\/folhapopular.info\/wp-content\/uploads\/2026\/04\/Folha-1.webp","contentUrl":"https:\/\/folhapopular.info\/wp-content\/uploads\/2026\/04\/Folha-1.webp","caption":"Reda\u00e7\u00e3o Folha Popular"},"url":"https:\/\/folhapopular.info\/index.php\/author\/redacao\/"}]}},"jetpack_featured_media_url":"https:\/\/folhapopular.info\/wp-content\/uploads\/2021\/11\/Aplicativo_Colab-scaled-e1637234550939.jpg","jetpack_sharing_enabled":true,"amp_enabled":true,"_links":{"self":[{"href":"https:\/\/folhapopular.info\/index.php\/wp-json\/wp\/v2\/posts\/92885","targetHints":{"allow":["GET"]}}],"collection":[{"href":"https:\/\/folhapopular.info\/index.php\/wp-json\/wp\/v2\/posts"}],"about":[{"href":"https:\/\/folhapopular.info\/index.php\/wp-json\/wp\/v2\/types\/post"}],"author":[{"embeddable":true,"href":"https:\/\/folhapopular.info\/index.php\/wp-json\/wp\/v2\/users\/8"}],"replies":[{"embeddable":true,"href":"https:\/\/folhapopular.info\/index.php\/wp-json\/wp\/v2\/comments?post=92885"}],"version-history":[{"count":0,"href":"https:\/\/folhapopular.info\/index.php\/wp-json\/wp\/v2\/posts\/92885\/revisions"}],"wp:featuredmedia":[{"embeddable":true,"href":"https:\/\/folhapopular.info\/index.php\/wp-json\/wp\/v2\/media\/92886"}],"wp:attachment":[{"href":"https:\/\/folhapopular.info\/index.php\/wp-json\/wp\/v2\/media?parent=92885"}],"wp:term":[{"taxonomy":"category","embeddable":true,"href":"https:\/\/folhapopular.info\/index.php\/wp-json\/wp\/v2\/categories?post=92885"},{"taxonomy":"post_tag","embeddable":true,"href":"https:\/\/folhapopular.info\/index.php\/wp-json\/wp\/v2\/tags?post=92885"}],"curies":[{"name":"wp","href":"https:\/\/api.w.org\/{rel}","templated":true}]}}