{"id":93014,"date":"2021-11-20T09:30:09","date_gmt":"2021-11-20T12:30:09","guid":{"rendered":"https:\/\/folhapopular.info\/?p=93014"},"modified":"2021-11-20T09:30:14","modified_gmt":"2021-11-20T12:30:14","slug":"falta-de-energia-eletrica-afeta-empresarios-de-diferentes-setores","status":"publish","type":"post","link":"https:\/\/folhapopular.info\/index.php\/2021\/11\/20\/falta-de-energia-eletrica-afeta-empresarios-de-diferentes-setores\/","title":{"rendered":"Falta de energia el\u00e9trica afeta empres\u00e1rios de diferentes setores"},"content":{"rendered":"<p>Um inc\u00eandio na subesta\u00e7\u00e3o da Sterlite Power, na localidade de Cost\u00e3o, zona rural de Estrela, deixou mais de 70 mil associados da Cooperativa Certel sem fornecimento de energia el\u00e9trica. As chamas consumiram uma casa de m\u00e1quinas na manh\u00e3 de quarta-feira (17\/11). O problema foi solucionado ao longo da tarde. Foram mais de cinco horas de&#8230; <\/p>\n<div class=\"pmpro\">\n<div class=\"pmpro_card pmpro_content_message\">\n<div class=\"pmpro_card_content\">Este conte\u00fado \u00e9 apenas para associados Grupo Popular &#8211; Conte\u00fado Total Anual e Grupo Popular &#8211; Conte\u00fado Total Mensal. <br \/><a href=\"https:\/\/folhapopular.info\/wp-login.php?action=register\">Cadastre-se<\/a><\/div>\n<div class=\"pmpro_card_actions pmpro_font-medium\">J\u00e1 se associou? <a href=\"https:\/\/folhapopular.info\/wp-login.php?redirect_to=https%3A%2F%2Ffolhapopular.info%2Findex.php%2F2021%2F11%2F20%2Ffalta-de-energia-eletrica-afeta-empresarios-de-diferentes-setores%2F\">Acesse aqui<\/a><\/div>\n<\/div>\n<\/div>\n","protected":false},"excerpt":{"rendered":"<p>Um inc\u00eandio na subesta\u00e7\u00e3o da Sterlite Power, na localidade de Cost\u00e3o, zona rural de Estrela, deixou mais de 70 mil associados da Cooperativa Certel sem fornecimento de energia el\u00e9trica. As chamas consumiram uma casa de m\u00e1quinas na manh\u00e3 de quarta-feira (17\/11). O problema foi solucionado ao longo da tarde. Foram mais de cinco horas de... <\/p>\n<div class=\"pmpro\"><div class=\"pmpro_card pmpro_content_message\"><div class=\"pmpro_card_content\">Este conte\u00fado \u00e9 apenas para associados Grupo Popular - Conte\u00fado Total Anual e Grupo Popular - Conte\u00fado Total Mensal. <br \/><a href=\"https:\/\/folhapopular.info\/wp-login.php?action=register\">Cadastre-se<\/a><\/div><div class=\"pmpro_card_actions pmpro_font-medium\">J\u00e1 se associou? <a href=\"https:\/\/folhapopular.info\/wp-login.php?redirect_to=https%3A%2F%2Ffolhapopular.info%2Findex.php%2F2021%2F11%2F20%2Ffalta-de-energia-eletrica-afeta-empresarios-de-diferentes-setores%2F\">Acesse aqui<\/a><\/div><\/div><\/div>","protected":false},"author":8,"featured_media":93015,"comment_status":"open","ping_status":"open","sticky":false,"template":"","format":"standard","meta":{"pmpro_default_level":"","_jetpack_memberships_contains_paid_content":false,"footnotes":""},"categories":[5990,2,3],"tags":[5845,7418,315,7419],"class_list":{"0":"post-93014","1":"post","2":"type-post","3":"status-publish","4":"format-standard","5":"has-post-thumbnail","7":"category-conteudo-exclusivo","8":"category-featured","9":"category-geral","10":"tag-empresarios","11":"tag-falta-de-energia-eletrica","12":"tag-regiao","13":"tag-setores","14":"pmpro-level-required","15":"pmpro-level-2","16":"pmpro-level-4","17":"pmpro-level-5","18":"pmpro-no-access"},"yoast_head":"<!-- This site is optimized with the Yoast SEO plugin v27.5 - https:\/\/yoast.com\/product\/yoast-seo-wordpress\/ -->\n<title>Falta de energia el\u00e9trica afeta empres\u00e1rios de diferentes setores - Folha Popular<\/title>\n<meta name=\"robots\" content=\"index, follow, max-snippet:-1, max-image-preview:large, max-video-preview:-1\" \/>\n<link rel=\"canonical\" href=\"https:\/\/folhapopular.info\/index.php\/2021\/11\/20\/falta-de-energia-eletrica-afeta-empresarios-de-diferentes-setores\/\" \/>\n<meta property=\"og:locale\" content=\"pt_BR\" \/>\n<meta property=\"og:type\" content=\"article\" \/>\n<meta property=\"og:title\" content=\"Falta de energia el\u00e9trica afeta empres\u00e1rios de diferentes setores - Folha Popular\" \/>\n<meta property=\"og:description\" content=\"Um inc\u00eandio na subesta\u00e7\u00e3o da Sterlite Power, na localidade de Cost\u00e3o, zona rural de Estrela, deixou mais de 70 mil associados da Cooperativa Certel sem fornecimento de energia el\u00e9trica. As chamas consumiram uma casa de m\u00e1quinas na manh\u00e3 de quarta-feira (17\/11). O problema foi solucionado ao longo da tarde. Foram mais de cinco horas de [&hellip;]\" \/>\n<meta property=\"og:url\" content=\"https:\/\/folhapopular.info\/index.php\/2021\/11\/20\/falta-de-energia-eletrica-afeta-empresarios-de-diferentes-setores\/\" \/>\n<meta property=\"og:site_name\" content=\"Folha Popular\" \/>\n<meta property=\"article:published_time\" content=\"2021-11-20T12:30:09+00:00\" \/>\n<meta property=\"article:modified_time\" content=\"2021-11-20T12:30:14+00:00\" \/>\n<meta property=\"og:image\" content=\"http:\/\/folhapopular.info\/wp-content\/uploads\/2021\/11\/WhatsApp-Image-2021-11-17-at-12.17.02-e1637411332722.jpeg\" \/>\n\t<meta property=\"og:image:width\" content=\"800\" \/>\n\t<meta property=\"og:image:height\" content=\"612\" \/>\n\t<meta property=\"og:image:type\" content=\"image\/jpeg\" \/>\n<meta name=\"author\" content=\"Reda\u00e7\u00e3o Folha Popular\" \/>\n<meta name=\"twitter:card\" content=\"summary_large_image\" \/>\n<meta name=\"twitter:label1\" content=\"Escrito por\" \/>\n\t<meta name=\"twitter:data1\" content=\"Reda\u00e7\u00e3o Folha Popular\" \/>\n\t<meta name=\"twitter:label2\" content=\"Est. tempo de leitura\" \/>\n\t<meta name=\"twitter:data2\" content=\"3 minutos\" \/>\n<script type=\"application\/ld+json\" class=\"yoast-schema-graph\">{\"@context\":\"https:\\\/\\\/schema.org\",\"@graph\":[{\"@type\":\"Article\",\"@id\":\"https:\\\/\\\/folhapopular.info\\\/index.php\\\/2021\\\/11\\\/20\\\/falta-de-energia-eletrica-afeta-empresarios-de-diferentes-setores\\\/#article\",\"isPartOf\":{\"@id\":\"https:\\\/\\\/folhapopular.info\\\/index.php\\\/2021\\\/11\\\/20\\\/falta-de-energia-eletrica-afeta-empresarios-de-diferentes-setores\\\/\"},\"author\":{\"name\":\"Reda\u00e7\u00e3o Folha Popular\",\"@id\":\"https:\\\/\\\/folhapopular.info\\\/#\\\/schema\\\/person\\\/2814e8a0df7643585a9ca38bc6eb9d4b\"},\"headline\":\"Falta de energia el\u00e9trica afeta empres\u00e1rios de diferentes setores\",\"datePublished\":\"2021-11-20T12:30:09+00:00\",\"dateModified\":\"2021-11-20T12:30:14+00:00\",\"mainEntityOfPage\":{\"@id\":\"https:\\\/\\\/folhapopular.info\\\/index.php\\\/2021\\\/11\\\/20\\\/falta-de-energia-eletrica-afeta-empresarios-de-diferentes-setores\\\/\"},\"wordCount\":678,\"commentCount\":0,\"image\":{\"@id\":\"https:\\\/\\\/folhapopular.info\\\/index.php\\\/2021\\\/11\\\/20\\\/falta-de-energia-eletrica-afeta-empresarios-de-diferentes-setores\\\/#primaryimage\"},\"thumbnailUrl\":\"https:\\\/\\\/folhapopular.info\\\/wp-content\\\/uploads\\\/2021\\\/11\\\/WhatsApp-Image-2021-11-17-at-12.17.02-e1637411332722.jpeg\",\"keywords\":[\"Empres\u00e1rios\",\"Falta de energia el\u00e9trica\",\"Regi\u00e3o\",\"Setores\"],\"articleSection\":[\"Conte\u00fado Exclusivo\",\"Destaques\",\"Geral\"],\"inLanguage\":\"pt-BR\",\"potentialAction\":[{\"@type\":\"CommentAction\",\"name\":\"Comment\",\"target\":[\"https:\\\/\\\/folhapopular.info\\\/index.php\\\/2021\\\/11\\\/20\\\/falta-de-energia-eletrica-afeta-empresarios-de-diferentes-setores\\\/#respond\"]}]},{\"@type\":\"WebPage\",\"@id\":\"https:\\\/\\\/folhapopular.info\\\/index.php\\\/2021\\\/11\\\/20\\\/falta-de-energia-eletrica-afeta-empresarios-de-diferentes-setores\\\/\",\"url\":\"https:\\\/\\\/folhapopular.info\\\/index.php\\\/2021\\\/11\\\/20\\\/falta-de-energia-eletrica-afeta-empresarios-de-diferentes-setores\\\/\",\"name\":\"Falta de energia el\u00e9trica afeta empres\u00e1rios de diferentes setores - Folha Popular\",\"isPartOf\":{\"@id\":\"https:\\\/\\\/folhapopular.info\\\/#website\"},\"primaryImageOfPage\":{\"@id\":\"https:\\\/\\\/folhapopular.info\\\/index.php\\\/2021\\\/11\\\/20\\\/falta-de-energia-eletrica-afeta-empresarios-de-diferentes-setores\\\/#primaryimage\"},\"image\":{\"@id\":\"https:\\\/\\\/folhapopular.info\\\/index.php\\\/2021\\\/11\\\/20\\\/falta-de-energia-eletrica-afeta-empresarios-de-diferentes-setores\\\/#primaryimage\"},\"thumbnailUrl\":\"https:\\\/\\\/folhapopular.info\\\/wp-content\\\/uploads\\\/2021\\\/11\\\/WhatsApp-Image-2021-11-17-at-12.17.02-e1637411332722.jpeg\",\"datePublished\":\"2021-11-20T12:30:09+00:00\",\"dateModified\":\"2021-11-20T12:30:14+00:00\",\"author\":{\"@id\":\"https:\\\/\\\/folhapopular.info\\\/#\\\/schema\\\/person\\\/2814e8a0df7643585a9ca38bc6eb9d4b\"},\"breadcrumb\":{\"@id\":\"https:\\\/\\\/folhapopular.info\\\/index.php\\\/2021\\\/11\\\/20\\\/falta-de-energia-eletrica-afeta-empresarios-de-diferentes-setores\\\/#breadcrumb\"},\"inLanguage\":\"pt-BR\",\"potentialAction\":[{\"@type\":\"ReadAction\",\"target\":[\"https:\\\/\\\/folhapopular.info\\\/index.php\\\/2021\\\/11\\\/20\\\/falta-de-energia-eletrica-afeta-empresarios-de-diferentes-setores\\\/\"]}]},{\"@type\":\"ImageObject\",\"inLanguage\":\"pt-BR\",\"@id\":\"https:\\\/\\\/folhapopular.info\\\/index.php\\\/2021\\\/11\\\/20\\\/falta-de-energia-eletrica-afeta-empresarios-de-diferentes-setores\\\/#primaryimage\",\"url\":\"https:\\\/\\\/folhapopular.info\\\/wp-content\\\/uploads\\\/2021\\\/11\\\/WhatsApp-Image-2021-11-17-at-12.17.02-e1637411332722.jpeg\",\"contentUrl\":\"https:\\\/\\\/folhapopular.info\\\/wp-content\\\/uploads\\\/2021\\\/11\\\/WhatsApp-Image-2021-11-17-at-12.17.02-e1637411332722.jpeg\",\"width\":800,\"height\":612,\"caption\":\"Cr\u00e9dito: Daniel Luis Sechi \\\/ Divulga\u00e7\u00e3o\"},{\"@type\":\"BreadcrumbList\",\"@id\":\"https:\\\/\\\/folhapopular.info\\\/index.php\\\/2021\\\/11\\\/20\\\/falta-de-energia-eletrica-afeta-empresarios-de-diferentes-setores\\\/#breadcrumb\",\"itemListElement\":[{\"@type\":\"ListItem\",\"position\":1,\"name\":\"In\u00edcio\",\"item\":\"https:\\\/\\\/folhapopular.info\\\/\"},{\"@type\":\"ListItem\",\"position\":2,\"name\":\"Falta de energia el\u00e9trica afeta empres\u00e1rios de diferentes setores\"}]},{\"@type\":\"WebSite\",\"@id\":\"https:\\\/\\\/folhapopular.info\\\/#website\",\"url\":\"https:\\\/\\\/folhapopular.info\\\/\",\"name\":\"Folha Popular\",\"description\":\"Onde voc\u00ea tem vez e voz\",\"potentialAction\":[{\"@type\":\"SearchAction\",\"target\":{\"@type\":\"EntryPoint\",\"urlTemplate\":\"https:\\\/\\\/folhapopular.info\\\/?s={search_term_string}\"},\"query-input\":{\"@type\":\"PropertyValueSpecification\",\"valueRequired\":true,\"valueName\":\"search_term_string\"}}],\"inLanguage\":\"pt-BR\"},{\"@type\":\"Person\",\"@id\":\"https:\\\/\\\/folhapopular.info\\\/#\\\/schema\\\/person\\\/2814e8a0df7643585a9ca38bc6eb9d4b\",\"name\":\"Reda\u00e7\u00e3o Folha Popular\",\"image\":{\"@type\":\"ImageObject\",\"inLanguage\":\"pt-BR\",\"@id\":\"https:\\\/\\\/folhapopular.info\\\/wp-content\\\/uploads\\\/2026\\\/04\\\/Folha-1.webp\",\"url\":\"https:\\\/\\\/folhapopular.info\\\/wp-content\\\/uploads\\\/2026\\\/04\\\/Folha-1.webp\",\"contentUrl\":\"https:\\\/\\\/folhapopular.info\\\/wp-content\\\/uploads\\\/2026\\\/04\\\/Folha-1.webp\",\"caption\":\"Reda\u00e7\u00e3o Folha Popular\"},\"url\":\"https:\\\/\\\/folhapopular.info\\\/index.php\\\/author\\\/redacao\\\/\"}]}<\/script>\n<!-- \/ Yoast SEO plugin. -->","yoast_head_json":{"title":"Falta de energia el\u00e9trica afeta empres\u00e1rios de diferentes setores - Folha Popular","robots":{"index":"index","follow":"follow","max-snippet":"max-snippet:-1","max-image-preview":"max-image-preview:large","max-video-preview":"max-video-preview:-1"},"canonical":"https:\/\/folhapopular.info\/index.php\/2021\/11\/20\/falta-de-energia-eletrica-afeta-empresarios-de-diferentes-setores\/","og_locale":"pt_BR","og_type":"article","og_title":"Falta de energia el\u00e9trica afeta empres\u00e1rios de diferentes setores - Folha Popular","og_description":"Um inc\u00eandio na subesta\u00e7\u00e3o da Sterlite Power, na localidade de Cost\u00e3o, zona rural de Estrela, deixou mais de 70 mil associados da Cooperativa Certel sem fornecimento de energia el\u00e9trica. As chamas consumiram uma casa de m\u00e1quinas na manh\u00e3 de quarta-feira (17\/11). O problema foi solucionado ao longo da tarde. Foram mais de cinco horas de [&hellip;]","og_url":"https:\/\/folhapopular.info\/index.php\/2021\/11\/20\/falta-de-energia-eletrica-afeta-empresarios-de-diferentes-setores\/","og_site_name":"Folha Popular","article_published_time":"2021-11-20T12:30:09+00:00","article_modified_time":"2021-11-20T12:30:14+00:00","og_image":[{"width":800,"height":612,"url":"http:\/\/folhapopular.info\/wp-content\/uploads\/2021\/11\/WhatsApp-Image-2021-11-17-at-12.17.02-e1637411332722.jpeg","type":"image\/jpeg"}],"author":"Reda\u00e7\u00e3o Folha Popular","twitter_card":"summary_large_image","twitter_misc":{"Escrito por":"Reda\u00e7\u00e3o Folha Popular","Est. tempo de leitura":"3 minutos"},"schema":{"@context":"https:\/\/schema.org","@graph":[{"@type":"Article","@id":"https:\/\/folhapopular.info\/index.php\/2021\/11\/20\/falta-de-energia-eletrica-afeta-empresarios-de-diferentes-setores\/#article","isPartOf":{"@id":"https:\/\/folhapopular.info\/index.php\/2021\/11\/20\/falta-de-energia-eletrica-afeta-empresarios-de-diferentes-setores\/"},"author":{"name":"Reda\u00e7\u00e3o Folha Popular","@id":"https:\/\/folhapopular.info\/#\/schema\/person\/2814e8a0df7643585a9ca38bc6eb9d4b"},"headline":"Falta de energia el\u00e9trica afeta empres\u00e1rios de diferentes setores","datePublished":"2021-11-20T12:30:09+00:00","dateModified":"2021-11-20T12:30:14+00:00","mainEntityOfPage":{"@id":"https:\/\/folhapopular.info\/index.php\/2021\/11\/20\/falta-de-energia-eletrica-afeta-empresarios-de-diferentes-setores\/"},"wordCount":678,"commentCount":0,"image":{"@id":"https:\/\/folhapopular.info\/index.php\/2021\/11\/20\/falta-de-energia-eletrica-afeta-empresarios-de-diferentes-setores\/#primaryimage"},"thumbnailUrl":"https:\/\/folhapopular.info\/wp-content\/uploads\/2021\/11\/WhatsApp-Image-2021-11-17-at-12.17.02-e1637411332722.jpeg","keywords":["Empres\u00e1rios","Falta de energia el\u00e9trica","Regi\u00e3o","Setores"],"articleSection":["Conte\u00fado Exclusivo","Destaques","Geral"],"inLanguage":"pt-BR","potentialAction":[{"@type":"CommentAction","name":"Comment","target":["https:\/\/folhapopular.info\/index.php\/2021\/11\/20\/falta-de-energia-eletrica-afeta-empresarios-de-diferentes-setores\/#respond"]}]},{"@type":"WebPage","@id":"https:\/\/folhapopular.info\/index.php\/2021\/11\/20\/falta-de-energia-eletrica-afeta-empresarios-de-diferentes-setores\/","url":"https:\/\/folhapopular.info\/index.php\/2021\/11\/20\/falta-de-energia-eletrica-afeta-empresarios-de-diferentes-setores\/","name":"Falta de energia el\u00e9trica afeta empres\u00e1rios de diferentes setores - Folha Popular","isPartOf":{"@id":"https:\/\/folhapopular.info\/#website"},"primaryImageOfPage":{"@id":"https:\/\/folhapopular.info\/index.php\/2021\/11\/20\/falta-de-energia-eletrica-afeta-empresarios-de-diferentes-setores\/#primaryimage"},"image":{"@id":"https:\/\/folhapopular.info\/index.php\/2021\/11\/20\/falta-de-energia-eletrica-afeta-empresarios-de-diferentes-setores\/#primaryimage"},"thumbnailUrl":"https:\/\/folhapopular.info\/wp-content\/uploads\/2021\/11\/WhatsApp-Image-2021-11-17-at-12.17.02-e1637411332722.jpeg","datePublished":"2021-11-20T12:30:09+00:00","dateModified":"2021-11-20T12:30:14+00:00","author":{"@id":"https:\/\/folhapopular.info\/#\/schema\/person\/2814e8a0df7643585a9ca38bc6eb9d4b"},"breadcrumb":{"@id":"https:\/\/folhapopular.info\/index.php\/2021\/11\/20\/falta-de-energia-eletrica-afeta-empresarios-de-diferentes-setores\/#breadcrumb"},"inLanguage":"pt-BR","potentialAction":[{"@type":"ReadAction","target":["https:\/\/folhapopular.info\/index.php\/2021\/11\/20\/falta-de-energia-eletrica-afeta-empresarios-de-diferentes-setores\/"]}]},{"@type":"ImageObject","inLanguage":"pt-BR","@id":"https:\/\/folhapopular.info\/index.php\/2021\/11\/20\/falta-de-energia-eletrica-afeta-empresarios-de-diferentes-setores\/#primaryimage","url":"https:\/\/folhapopular.info\/wp-content\/uploads\/2021\/11\/WhatsApp-Image-2021-11-17-at-12.17.02-e1637411332722.jpeg","contentUrl":"https:\/\/folhapopular.info\/wp-content\/uploads\/2021\/11\/WhatsApp-Image-2021-11-17-at-12.17.02-e1637411332722.jpeg","width":800,"height":612,"caption":"Cr\u00e9dito: Daniel Luis Sechi \/ Divulga\u00e7\u00e3o"},{"@type":"BreadcrumbList","@id":"https:\/\/folhapopular.info\/index.php\/2021\/11\/20\/falta-de-energia-eletrica-afeta-empresarios-de-diferentes-setores\/#breadcrumb","itemListElement":[{"@type":"ListItem","position":1,"name":"In\u00edcio","item":"https:\/\/folhapopular.info\/"},{"@type":"ListItem","position":2,"name":"Falta de energia el\u00e9trica afeta empres\u00e1rios de diferentes setores"}]},{"@type":"WebSite","@id":"https:\/\/folhapopular.info\/#website","url":"https:\/\/folhapopular.info\/","name":"Folha Popular","description":"Onde voc\u00ea tem vez e voz","potentialAction":[{"@type":"SearchAction","target":{"@type":"EntryPoint","urlTemplate":"https:\/\/folhapopular.info\/?s={search_term_string}"},"query-input":{"@type":"PropertyValueSpecification","valueRequired":true,"valueName":"search_term_string"}}],"inLanguage":"pt-BR"},{"@type":"Person","@id":"https:\/\/folhapopular.info\/#\/schema\/person\/2814e8a0df7643585a9ca38bc6eb9d4b","name":"Reda\u00e7\u00e3o Folha Popular","image":{"@type":"ImageObject","inLanguage":"pt-BR","@id":"https:\/\/folhapopular.info\/wp-content\/uploads\/2026\/04\/Folha-1.webp","url":"https:\/\/folhapopular.info\/wp-content\/uploads\/2026\/04\/Folha-1.webp","contentUrl":"https:\/\/folhapopular.info\/wp-content\/uploads\/2026\/04\/Folha-1.webp","caption":"Reda\u00e7\u00e3o Folha Popular"},"url":"https:\/\/folhapopular.info\/index.php\/author\/redacao\/"}]}},"jetpack_featured_media_url":"https:\/\/folhapopular.info\/wp-content\/uploads\/2021\/11\/WhatsApp-Image-2021-11-17-at-12.17.02-e1637411332722.jpeg","jetpack_sharing_enabled":true,"amp_enabled":true,"_links":{"self":[{"href":"https:\/\/folhapopular.info\/index.php\/wp-json\/wp\/v2\/posts\/93014","targetHints":{"allow":["GET"]}}],"collection":[{"href":"https:\/\/folhapopular.info\/index.php\/wp-json\/wp\/v2\/posts"}],"about":[{"href":"https:\/\/folhapopular.info\/index.php\/wp-json\/wp\/v2\/types\/post"}],"author":[{"embeddable":true,"href":"https:\/\/folhapopular.info\/index.php\/wp-json\/wp\/v2\/users\/8"}],"replies":[{"embeddable":true,"href":"https:\/\/folhapopular.info\/index.php\/wp-json\/wp\/v2\/comments?post=93014"}],"version-history":[{"count":0,"href":"https:\/\/folhapopular.info\/index.php\/wp-json\/wp\/v2\/posts\/93014\/revisions"}],"wp:featuredmedia":[{"embeddable":true,"href":"https:\/\/folhapopular.info\/index.php\/wp-json\/wp\/v2\/media\/93015"}],"wp:attachment":[{"href":"https:\/\/folhapopular.info\/index.php\/wp-json\/wp\/v2\/media?parent=93014"}],"wp:term":[{"taxonomy":"category","embeddable":true,"href":"https:\/\/folhapopular.info\/index.php\/wp-json\/wp\/v2\/categories?post=93014"},{"taxonomy":"post_tag","embeddable":true,"href":"https:\/\/folhapopular.info\/index.php\/wp-json\/wp\/v2\/tags?post=93014"}],"curies":[{"name":"wp","href":"https:\/\/api.w.org\/{rel}","templated":true}]}}