{"id":93052,"date":"2021-11-20T11:16:54","date_gmt":"2021-11-20T14:16:54","guid":{"rendered":"https:\/\/folhapopular.info\/?p=93052"},"modified":"2021-11-20T11:16:57","modified_gmt":"2021-11-20T14:16:57","slug":"inicia-hoje-a-16a-edicao-do-intercamping-de-marques-de-souza","status":"publish","type":"post","link":"https:\/\/folhapopular.info\/index.php\/2021\/11\/20\/inicia-hoje-a-16a-edicao-do-intercamping-de-marques-de-souza\/","title":{"rendered":"Inicia hoje a 16\u00aa Edi\u00e7\u00e3o do Intercamping de Marques de Souza"},"content":{"rendered":"\n<p>A 16\u00aa edi\u00e7\u00e3o do Intercamping 2021\/2022 inicia hoje (20\/11), no Camping do Germano, em Linha Perau \u2013 Marques de Souza. A competi\u00e7\u00e3o \u00e9 uma das maiores do ver\u00e3o no Vale do Taquari e nesta temporada receber\u00e1 33 equipes em quatro categorias. \u00c9 a maior edi\u00e7\u00e3o de todas, com finais previstas para 19 de fevereiro de 2022.<\/p>\n\n\n\n<p>Na For\u00e7a Livre ser\u00e3o 19 equipes, divididas em 4 chaves \u2013 3 chaves com 5 equipes, e a \u00faltima colocada n\u00e3o passar\u00e1 \u00e0 pr\u00f3xima fase \u2013 e 1 chave com 4 equipes \u2013 todas classificadas \u00e0s oitavas de finais.<\/p>\n\n\n\n<p>Na Sub-21, as seis equipes foram divididas em duas chaves de tr\u00eas. Jogam chave contra chave e os dois primeiros v\u00e3o para a semifinal \u2013 o 1\u00ba enfrentar\u00e1 o 2\u00ba dentro da chave.<\/p>\n\n\n\n<p>Quatro equipes disputam a primeira fase do Feminino e outras quatro disputam o Veterano. S\u00e3o duas categorias estreantes. A primeira fase ter\u00e1 jogos para definir a coloca\u00e7\u00e3o para as semifinais.<\/p>\n\n\n\n<p><strong>INTERCAMPING 2021\/2022<\/strong><\/p>\n\n\n\n<p><strong>1\u00aa Rodada &#8211; Camping do Germano &#8211; Linha Perau<\/strong><\/p>\n\n\n\n<p>12h30 Sub-21 Picada Flor x Bragantino<\/p>\n\n\n\n<p>13h20 For\u00e7a Livre Largados x Nova Berlim<\/p>\n\n\n\n<p>14h10 For\u00e7a Livre News Car x Os Parceiros<\/p>\n\n\n\n<p>15h00 Veteranos Picada May x Futuros Velhos<\/p>\n\n\n\n<p>15h50 For\u00e7a Livre Galatassarafo x S\u00f3 nos Aparelhos<\/p>\n\n\n\n<p>16h40 Feminino S\u00e3o Luis\/Capit\u00e3o x Trave City<\/p>\n\n\n\n<p>17h30 For\u00e7a Livre Arranca Toko x Real Matismo<\/p>\n","protected":false},"excerpt":{"rendered":"<p>A 16\u00aa edi\u00e7\u00e3o do Intercamping 2021\/2022 inicia hoje (20\/11), no Camping do Germano, em Linha Perau \u2013 Marques de Souza. A competi\u00e7\u00e3o \u00e9 uma das maiores do ver\u00e3o no Vale do Taquari e nesta temporada receber\u00e1 33 equipes em quatro categorias. \u00c9 a maior edi\u00e7\u00e3o de todas, com finais previstas para 19 de fevereiro de [&hellip;]<\/p>\n","protected":false},"author":8,"featured_media":93054,"comment_status":"open","ping_status":"open","sticky":false,"template":"","format":"standard","meta":{"pmpro_default_level":"","_jetpack_memberships_contains_paid_content":false,"footnotes":""},"categories":[5,240],"tags":[137,498,2122,555],"class_list":{"0":"post-93052","1":"post","2":"type-post","3":"status-publish","4":"format-standard","5":"has-post-thumbnail","7":"category-esportes","8":"category-futebol-amador","9":"tag-esporte","10":"tag-futebol","11":"tag-intercamping","12":"tag-marques-de-souza","13":"pmpro-has-access"},"yoast_head":"<!-- This site is optimized with the Yoast SEO plugin v27.5 - https:\/\/yoast.com\/product\/yoast-seo-wordpress\/ -->\n<title>Inicia hoje a 16\u00aa Edi\u00e7\u00e3o do Intercamping de Marques de Souza - Folha Popular<\/title>\n<meta name=\"robots\" content=\"index, follow, max-snippet:-1, max-image-preview:large, max-video-preview:-1\" \/>\n<link rel=\"canonical\" href=\"https:\/\/folhapopular.info\/index.php\/2021\/11\/20\/inicia-hoje-a-16a-edicao-do-intercamping-de-marques-de-souza\/\" \/>\n<meta property=\"og:locale\" content=\"pt_BR\" \/>\n<meta property=\"og:type\" content=\"article\" \/>\n<meta property=\"og:title\" content=\"Inicia hoje a 16\u00aa Edi\u00e7\u00e3o do Intercamping de Marques de Souza - Folha Popular\" \/>\n<meta property=\"og:description\" content=\"A 16\u00aa edi\u00e7\u00e3o do Intercamping 2021\/2022 inicia hoje (20\/11), no Camping do Germano, em Linha Perau \u2013 Marques de Souza. A competi\u00e7\u00e3o \u00e9 uma das maiores do ver\u00e3o no Vale do Taquari e nesta temporada receber\u00e1 33 equipes em quatro categorias. \u00c9 a maior edi\u00e7\u00e3o de todas, com finais previstas para 19 de fevereiro de [&hellip;]\" \/>\n<meta property=\"og:url\" content=\"https:\/\/folhapopular.info\/index.php\/2021\/11\/20\/inicia-hoje-a-16a-edicao-do-intercamping-de-marques-de-souza\/\" \/>\n<meta property=\"og:site_name\" content=\"Folha Popular\" \/>\n<meta property=\"article:published_time\" content=\"2021-11-20T14:16:54+00:00\" \/>\n<meta property=\"article:modified_time\" content=\"2021-11-20T14:16:57+00:00\" \/>\n<meta property=\"og:image\" content=\"http:\/\/folhapopular.info\/wp-content\/uploads\/2021\/11\/Desimpedidos-conquistou-o-titulo-da-categoria-Sub-21_Divulgacao-scaled-e1637417673384.jpg\" \/>\n\t<meta property=\"og:image:width\" content=\"800\" \/>\n\t<meta property=\"og:image:height\" content=\"532\" \/>\n\t<meta property=\"og:image:type\" content=\"image\/jpeg\" \/>\n<meta name=\"author\" content=\"Reda\u00e7\u00e3o Folha Popular\" \/>\n<meta name=\"twitter:card\" content=\"summary_large_image\" \/>\n<meta name=\"twitter:label1\" content=\"Escrito por\" \/>\n\t<meta name=\"twitter:data1\" content=\"Reda\u00e7\u00e3o Folha Popular\" \/>\n\t<meta name=\"twitter:label2\" content=\"Est. tempo de leitura\" \/>\n\t<meta name=\"twitter:data2\" content=\"1 minuto\" \/>\n<script type=\"application\/ld+json\" class=\"yoast-schema-graph\">{\"@context\":\"https:\\\/\\\/schema.org\",\"@graph\":[{\"@type\":\"Article\",\"@id\":\"https:\\\/\\\/folhapopular.info\\\/index.php\\\/2021\\\/11\\\/20\\\/inicia-hoje-a-16a-edicao-do-intercamping-de-marques-de-souza\\\/#article\",\"isPartOf\":{\"@id\":\"https:\\\/\\\/folhapopular.info\\\/index.php\\\/2021\\\/11\\\/20\\\/inicia-hoje-a-16a-edicao-do-intercamping-de-marques-de-souza\\\/\"},\"author\":{\"name\":\"Reda\u00e7\u00e3o Folha Popular\",\"@id\":\"https:\\\/\\\/folhapopular.info\\\/#\\\/schema\\\/person\\\/2814e8a0df7643585a9ca38bc6eb9d4b\"},\"headline\":\"Inicia hoje a 16\u00aa Edi\u00e7\u00e3o do Intercamping de Marques de Souza\",\"datePublished\":\"2021-11-20T14:16:54+00:00\",\"dateModified\":\"2021-11-20T14:16:57+00:00\",\"mainEntityOfPage\":{\"@id\":\"https:\\\/\\\/folhapopular.info\\\/index.php\\\/2021\\\/11\\\/20\\\/inicia-hoje-a-16a-edicao-do-intercamping-de-marques-de-souza\\\/\"},\"wordCount\":226,\"commentCount\":0,\"image\":{\"@id\":\"https:\\\/\\\/folhapopular.info\\\/index.php\\\/2021\\\/11\\\/20\\\/inicia-hoje-a-16a-edicao-do-intercamping-de-marques-de-souza\\\/#primaryimage\"},\"thumbnailUrl\":\"https:\\\/\\\/folhapopular.info\\\/wp-content\\\/uploads\\\/2021\\\/11\\\/Desimpedidos-conquistou-o-titulo-da-categoria-Sub-21_Divulgacao-scaled-e1637417673384.jpg\",\"keywords\":[\"Esporte\",\"Futebol\",\"Intercamping\",\"Marques de Souza\"],\"articleSection\":[\"Esportes\",\"Futebol Amador\"],\"inLanguage\":\"pt-BR\",\"potentialAction\":[{\"@type\":\"CommentAction\",\"name\":\"Comment\",\"target\":[\"https:\\\/\\\/folhapopular.info\\\/index.php\\\/2021\\\/11\\\/20\\\/inicia-hoje-a-16a-edicao-do-intercamping-de-marques-de-souza\\\/#respond\"]}]},{\"@type\":\"WebPage\",\"@id\":\"https:\\\/\\\/folhapopular.info\\\/index.php\\\/2021\\\/11\\\/20\\\/inicia-hoje-a-16a-edicao-do-intercamping-de-marques-de-souza\\\/\",\"url\":\"https:\\\/\\\/folhapopular.info\\\/index.php\\\/2021\\\/11\\\/20\\\/inicia-hoje-a-16a-edicao-do-intercamping-de-marques-de-souza\\\/\",\"name\":\"Inicia hoje a 16\u00aa Edi\u00e7\u00e3o do Intercamping de Marques de Souza - Folha Popular\",\"isPartOf\":{\"@id\":\"https:\\\/\\\/folhapopular.info\\\/#website\"},\"primaryImageOfPage\":{\"@id\":\"https:\\\/\\\/folhapopular.info\\\/index.php\\\/2021\\\/11\\\/20\\\/inicia-hoje-a-16a-edicao-do-intercamping-de-marques-de-souza\\\/#primaryimage\"},\"image\":{\"@id\":\"https:\\\/\\\/folhapopular.info\\\/index.php\\\/2021\\\/11\\\/20\\\/inicia-hoje-a-16a-edicao-do-intercamping-de-marques-de-souza\\\/#primaryimage\"},\"thumbnailUrl\":\"https:\\\/\\\/folhapopular.info\\\/wp-content\\\/uploads\\\/2021\\\/11\\\/Desimpedidos-conquistou-o-titulo-da-categoria-Sub-21_Divulgacao-scaled-e1637417673384.jpg\",\"datePublished\":\"2021-11-20T14:16:54+00:00\",\"dateModified\":\"2021-11-20T14:16:57+00:00\",\"author\":{\"@id\":\"https:\\\/\\\/folhapopular.info\\\/#\\\/schema\\\/person\\\/2814e8a0df7643585a9ca38bc6eb9d4b\"},\"breadcrumb\":{\"@id\":\"https:\\\/\\\/folhapopular.info\\\/index.php\\\/2021\\\/11\\\/20\\\/inicia-hoje-a-16a-edicao-do-intercamping-de-marques-de-souza\\\/#breadcrumb\"},\"inLanguage\":\"pt-BR\",\"potentialAction\":[{\"@type\":\"ReadAction\",\"target\":[\"https:\\\/\\\/folhapopular.info\\\/index.php\\\/2021\\\/11\\\/20\\\/inicia-hoje-a-16a-edicao-do-intercamping-de-marques-de-souza\\\/\"]}]},{\"@type\":\"ImageObject\",\"inLanguage\":\"pt-BR\",\"@id\":\"https:\\\/\\\/folhapopular.info\\\/index.php\\\/2021\\\/11\\\/20\\\/inicia-hoje-a-16a-edicao-do-intercamping-de-marques-de-souza\\\/#primaryimage\",\"url\":\"https:\\\/\\\/folhapopular.info\\\/wp-content\\\/uploads\\\/2021\\\/11\\\/Desimpedidos-conquistou-o-titulo-da-categoria-Sub-21_Divulgacao-scaled-e1637417673384.jpg\",\"contentUrl\":\"https:\\\/\\\/folhapopular.info\\\/wp-content\\\/uploads\\\/2021\\\/11\\\/Desimpedidos-conquistou-o-titulo-da-categoria-Sub-21_Divulgacao-scaled-e1637417673384.jpg\",\"width\":800,\"height\":532,\"caption\":\"Desimpedidos conquistou o t\u00edtulo da categoria Sub-21 \\\/ Cr\u00e9dito: Divulga\u00e7\u00e3o\"},{\"@type\":\"BreadcrumbList\",\"@id\":\"https:\\\/\\\/folhapopular.info\\\/index.php\\\/2021\\\/11\\\/20\\\/inicia-hoje-a-16a-edicao-do-intercamping-de-marques-de-souza\\\/#breadcrumb\",\"itemListElement\":[{\"@type\":\"ListItem\",\"position\":1,\"name\":\"In\u00edcio\",\"item\":\"https:\\\/\\\/folhapopular.info\\\/\"},{\"@type\":\"ListItem\",\"position\":2,\"name\":\"Inicia hoje a 16\u00aa Edi\u00e7\u00e3o do Intercamping de Marques de Souza\"}]},{\"@type\":\"WebSite\",\"@id\":\"https:\\\/\\\/folhapopular.info\\\/#website\",\"url\":\"https:\\\/\\\/folhapopular.info\\\/\",\"name\":\"Folha Popular\",\"description\":\"Onde voc\u00ea tem vez e voz\",\"potentialAction\":[{\"@type\":\"SearchAction\",\"target\":{\"@type\":\"EntryPoint\",\"urlTemplate\":\"https:\\\/\\\/folhapopular.info\\\/?s={search_term_string}\"},\"query-input\":{\"@type\":\"PropertyValueSpecification\",\"valueRequired\":true,\"valueName\":\"search_term_string\"}}],\"inLanguage\":\"pt-BR\"},{\"@type\":\"Person\",\"@id\":\"https:\\\/\\\/folhapopular.info\\\/#\\\/schema\\\/person\\\/2814e8a0df7643585a9ca38bc6eb9d4b\",\"name\":\"Reda\u00e7\u00e3o Folha Popular\",\"image\":{\"@type\":\"ImageObject\",\"inLanguage\":\"pt-BR\",\"@id\":\"https:\\\/\\\/folhapopular.info\\\/wp-content\\\/uploads\\\/2026\\\/04\\\/Folha-1.webp\",\"url\":\"https:\\\/\\\/folhapopular.info\\\/wp-content\\\/uploads\\\/2026\\\/04\\\/Folha-1.webp\",\"contentUrl\":\"https:\\\/\\\/folhapopular.info\\\/wp-content\\\/uploads\\\/2026\\\/04\\\/Folha-1.webp\",\"caption\":\"Reda\u00e7\u00e3o Folha Popular\"},\"url\":\"https:\\\/\\\/folhapopular.info\\\/index.php\\\/author\\\/redacao\\\/\"}]}<\/script>\n<!-- \/ Yoast SEO plugin. -->","yoast_head_json":{"title":"Inicia hoje a 16\u00aa Edi\u00e7\u00e3o do Intercamping de Marques de Souza - Folha Popular","robots":{"index":"index","follow":"follow","max-snippet":"max-snippet:-1","max-image-preview":"max-image-preview:large","max-video-preview":"max-video-preview:-1"},"canonical":"https:\/\/folhapopular.info\/index.php\/2021\/11\/20\/inicia-hoje-a-16a-edicao-do-intercamping-de-marques-de-souza\/","og_locale":"pt_BR","og_type":"article","og_title":"Inicia hoje a 16\u00aa Edi\u00e7\u00e3o do Intercamping de Marques de Souza - Folha Popular","og_description":"A 16\u00aa edi\u00e7\u00e3o do Intercamping 2021\/2022 inicia hoje (20\/11), no Camping do Germano, em Linha Perau \u2013 Marques de Souza. A competi\u00e7\u00e3o \u00e9 uma das maiores do ver\u00e3o no Vale do Taquari e nesta temporada receber\u00e1 33 equipes em quatro categorias. \u00c9 a maior edi\u00e7\u00e3o de todas, com finais previstas para 19 de fevereiro de [&hellip;]","og_url":"https:\/\/folhapopular.info\/index.php\/2021\/11\/20\/inicia-hoje-a-16a-edicao-do-intercamping-de-marques-de-souza\/","og_site_name":"Folha Popular","article_published_time":"2021-11-20T14:16:54+00:00","article_modified_time":"2021-11-20T14:16:57+00:00","og_image":[{"width":800,"height":532,"url":"http:\/\/folhapopular.info\/wp-content\/uploads\/2021\/11\/Desimpedidos-conquistou-o-titulo-da-categoria-Sub-21_Divulgacao-scaled-e1637417673384.jpg","type":"image\/jpeg"}],"author":"Reda\u00e7\u00e3o Folha Popular","twitter_card":"summary_large_image","twitter_misc":{"Escrito por":"Reda\u00e7\u00e3o Folha Popular","Est. tempo de leitura":"1 minuto"},"schema":{"@context":"https:\/\/schema.org","@graph":[{"@type":"Article","@id":"https:\/\/folhapopular.info\/index.php\/2021\/11\/20\/inicia-hoje-a-16a-edicao-do-intercamping-de-marques-de-souza\/#article","isPartOf":{"@id":"https:\/\/folhapopular.info\/index.php\/2021\/11\/20\/inicia-hoje-a-16a-edicao-do-intercamping-de-marques-de-souza\/"},"author":{"name":"Reda\u00e7\u00e3o Folha Popular","@id":"https:\/\/folhapopular.info\/#\/schema\/person\/2814e8a0df7643585a9ca38bc6eb9d4b"},"headline":"Inicia hoje a 16\u00aa Edi\u00e7\u00e3o do Intercamping de Marques de Souza","datePublished":"2021-11-20T14:16:54+00:00","dateModified":"2021-11-20T14:16:57+00:00","mainEntityOfPage":{"@id":"https:\/\/folhapopular.info\/index.php\/2021\/11\/20\/inicia-hoje-a-16a-edicao-do-intercamping-de-marques-de-souza\/"},"wordCount":226,"commentCount":0,"image":{"@id":"https:\/\/folhapopular.info\/index.php\/2021\/11\/20\/inicia-hoje-a-16a-edicao-do-intercamping-de-marques-de-souza\/#primaryimage"},"thumbnailUrl":"https:\/\/folhapopular.info\/wp-content\/uploads\/2021\/11\/Desimpedidos-conquistou-o-titulo-da-categoria-Sub-21_Divulgacao-scaled-e1637417673384.jpg","keywords":["Esporte","Futebol","Intercamping","Marques de Souza"],"articleSection":["Esportes","Futebol Amador"],"inLanguage":"pt-BR","potentialAction":[{"@type":"CommentAction","name":"Comment","target":["https:\/\/folhapopular.info\/index.php\/2021\/11\/20\/inicia-hoje-a-16a-edicao-do-intercamping-de-marques-de-souza\/#respond"]}]},{"@type":"WebPage","@id":"https:\/\/folhapopular.info\/index.php\/2021\/11\/20\/inicia-hoje-a-16a-edicao-do-intercamping-de-marques-de-souza\/","url":"https:\/\/folhapopular.info\/index.php\/2021\/11\/20\/inicia-hoje-a-16a-edicao-do-intercamping-de-marques-de-souza\/","name":"Inicia hoje a 16\u00aa Edi\u00e7\u00e3o do Intercamping de Marques de Souza - Folha Popular","isPartOf":{"@id":"https:\/\/folhapopular.info\/#website"},"primaryImageOfPage":{"@id":"https:\/\/folhapopular.info\/index.php\/2021\/11\/20\/inicia-hoje-a-16a-edicao-do-intercamping-de-marques-de-souza\/#primaryimage"},"image":{"@id":"https:\/\/folhapopular.info\/index.php\/2021\/11\/20\/inicia-hoje-a-16a-edicao-do-intercamping-de-marques-de-souza\/#primaryimage"},"thumbnailUrl":"https:\/\/folhapopular.info\/wp-content\/uploads\/2021\/11\/Desimpedidos-conquistou-o-titulo-da-categoria-Sub-21_Divulgacao-scaled-e1637417673384.jpg","datePublished":"2021-11-20T14:16:54+00:00","dateModified":"2021-11-20T14:16:57+00:00","author":{"@id":"https:\/\/folhapopular.info\/#\/schema\/person\/2814e8a0df7643585a9ca38bc6eb9d4b"},"breadcrumb":{"@id":"https:\/\/folhapopular.info\/index.php\/2021\/11\/20\/inicia-hoje-a-16a-edicao-do-intercamping-de-marques-de-souza\/#breadcrumb"},"inLanguage":"pt-BR","potentialAction":[{"@type":"ReadAction","target":["https:\/\/folhapopular.info\/index.php\/2021\/11\/20\/inicia-hoje-a-16a-edicao-do-intercamping-de-marques-de-souza\/"]}]},{"@type":"ImageObject","inLanguage":"pt-BR","@id":"https:\/\/folhapopular.info\/index.php\/2021\/11\/20\/inicia-hoje-a-16a-edicao-do-intercamping-de-marques-de-souza\/#primaryimage","url":"https:\/\/folhapopular.info\/wp-content\/uploads\/2021\/11\/Desimpedidos-conquistou-o-titulo-da-categoria-Sub-21_Divulgacao-scaled-e1637417673384.jpg","contentUrl":"https:\/\/folhapopular.info\/wp-content\/uploads\/2021\/11\/Desimpedidos-conquistou-o-titulo-da-categoria-Sub-21_Divulgacao-scaled-e1637417673384.jpg","width":800,"height":532,"caption":"Desimpedidos conquistou o t\u00edtulo da categoria Sub-21 \/ Cr\u00e9dito: Divulga\u00e7\u00e3o"},{"@type":"BreadcrumbList","@id":"https:\/\/folhapopular.info\/index.php\/2021\/11\/20\/inicia-hoje-a-16a-edicao-do-intercamping-de-marques-de-souza\/#breadcrumb","itemListElement":[{"@type":"ListItem","position":1,"name":"In\u00edcio","item":"https:\/\/folhapopular.info\/"},{"@type":"ListItem","position":2,"name":"Inicia hoje a 16\u00aa Edi\u00e7\u00e3o do Intercamping de Marques de Souza"}]},{"@type":"WebSite","@id":"https:\/\/folhapopular.info\/#website","url":"https:\/\/folhapopular.info\/","name":"Folha Popular","description":"Onde voc\u00ea tem vez e voz","potentialAction":[{"@type":"SearchAction","target":{"@type":"EntryPoint","urlTemplate":"https:\/\/folhapopular.info\/?s={search_term_string}"},"query-input":{"@type":"PropertyValueSpecification","valueRequired":true,"valueName":"search_term_string"}}],"inLanguage":"pt-BR"},{"@type":"Person","@id":"https:\/\/folhapopular.info\/#\/schema\/person\/2814e8a0df7643585a9ca38bc6eb9d4b","name":"Reda\u00e7\u00e3o Folha Popular","image":{"@type":"ImageObject","inLanguage":"pt-BR","@id":"https:\/\/folhapopular.info\/wp-content\/uploads\/2026\/04\/Folha-1.webp","url":"https:\/\/folhapopular.info\/wp-content\/uploads\/2026\/04\/Folha-1.webp","contentUrl":"https:\/\/folhapopular.info\/wp-content\/uploads\/2026\/04\/Folha-1.webp","caption":"Reda\u00e7\u00e3o Folha Popular"},"url":"https:\/\/folhapopular.info\/index.php\/author\/redacao\/"}]}},"jetpack_featured_media_url":"https:\/\/folhapopular.info\/wp-content\/uploads\/2021\/11\/Desimpedidos-conquistou-o-titulo-da-categoria-Sub-21_Divulgacao-scaled-e1637417673384.jpg","jetpack_sharing_enabled":true,"amp_enabled":true,"_links":{"self":[{"href":"https:\/\/folhapopular.info\/index.php\/wp-json\/wp\/v2\/posts\/93052","targetHints":{"allow":["GET"]}}],"collection":[{"href":"https:\/\/folhapopular.info\/index.php\/wp-json\/wp\/v2\/posts"}],"about":[{"href":"https:\/\/folhapopular.info\/index.php\/wp-json\/wp\/v2\/types\/post"}],"author":[{"embeddable":true,"href":"https:\/\/folhapopular.info\/index.php\/wp-json\/wp\/v2\/users\/8"}],"replies":[{"embeddable":true,"href":"https:\/\/folhapopular.info\/index.php\/wp-json\/wp\/v2\/comments?post=93052"}],"version-history":[{"count":0,"href":"https:\/\/folhapopular.info\/index.php\/wp-json\/wp\/v2\/posts\/93052\/revisions"}],"wp:featuredmedia":[{"embeddable":true,"href":"https:\/\/folhapopular.info\/index.php\/wp-json\/wp\/v2\/media\/93054"}],"wp:attachment":[{"href":"https:\/\/folhapopular.info\/index.php\/wp-json\/wp\/v2\/media?parent=93052"}],"wp:term":[{"taxonomy":"category","embeddable":true,"href":"https:\/\/folhapopular.info\/index.php\/wp-json\/wp\/v2\/categories?post=93052"},{"taxonomy":"post_tag","embeddable":true,"href":"https:\/\/folhapopular.info\/index.php\/wp-json\/wp\/v2\/tags?post=93052"}],"curies":[{"name":"wp","href":"https:\/\/api.w.org\/{rel}","templated":true}]}}