{"id":93448,"date":"2021-11-27T08:52:14","date_gmt":"2021-11-27T11:52:14","guid":{"rendered":"https:\/\/folhapopular.info\/?p=93448"},"modified":"2021-11-27T08:55:11","modified_gmt":"2021-11-27T11:55:11","slug":"equipes-da-teutonia-futsal-encerram-temporada","status":"publish","type":"post","link":"https:\/\/folhapopular.info\/index.php\/2021\/11\/27\/equipes-da-teutonia-futsal-encerram-temporada\/","title":{"rendered":"Equipes da Teut\u00f4nia Futsal encerram temporada"},"content":{"rendered":"\n<p>As categorias Sub-13 e Sub-15 da Teut\u00f4nia Futsal encerraram suas participa\u00e7\u00f5es em competi\u00e7\u00f5es em 2021. Apenas a Sub-11 ter\u00e1 um torneio em S\u00e3o Pedro da Serra, no dia 5 de dezembro. Essa ser\u00e1 a \u00faltima competi\u00e7\u00e3o da temporada.<\/p>\n\n\n\n<p>Carlos Dion\u00edzio da Silva \u00e9 treinador das categorias Sub-11 e da Sub-13. Explica que a categoria Sub-11 foi desclassificada na 1\u00aa fase do Gauch\u00e3o Sicoob de Futsal 2021. \u00c9 uma categoria de 10 a 11 anos, todos iniciantes no projeto. \u201cEsse ano foi a primeira participa\u00e7\u00e3o em competi\u00e7\u00f5es. Ano que vem esperamos nos sair melhor\u201d, disse.<\/p>\n\n\n\n<p>A categoria Sub-13 foi desclassificada no domingo (21\/11), ap\u00f3s perder os jogos pelo triangular, em Caxias do Sul. \u201cNosso time sofreu com desfalque dos sete principais jogadores, que tiveram outro compromisso\u201d, explica. O t\u00e9cnico ressalta essa dificuldade durante o campeonato inteiro.<\/p>\n\n\n\n<figure class=\"wp-block-image size-large is-resized\"><img loading=\"lazy\" decoding=\"async\" src=\"https:\/\/folhapopular.info\/wp-content\/uploads\/2021\/11\/Sub-13-1024x768.jpeg\" alt=\"\" class=\"wp-image-93452\" width=\"330\" height=\"248\" srcset=\"https:\/\/folhapopular.info\/wp-content\/uploads\/2021\/11\/Sub-13-1024x768.jpeg 1024w, https:\/\/folhapopular.info\/wp-content\/uploads\/2021\/11\/Sub-13-300x225.jpeg 300w, https:\/\/folhapopular.info\/wp-content\/uploads\/2021\/11\/Sub-13-768x576.jpeg 768w, https:\/\/folhapopular.info\/wp-content\/uploads\/2021\/11\/Sub-13-1536x1152.jpeg 1536w, https:\/\/folhapopular.info\/wp-content\/uploads\/2021\/11\/Sub-13-696x522.jpeg 696w, https:\/\/folhapopular.info\/wp-content\/uploads\/2021\/11\/Sub-13-1068x801.jpeg 1068w, https:\/\/folhapopular.info\/wp-content\/uploads\/2021\/11\/Sub-13.jpeg 1600w\" sizes=\"auto, (max-width: 330px) 100vw, 330px\" \/><figcaption>Sub-13 jogou com equipe desfalcada \/ Cr\u00e9dito: Divulga\u00e7\u00e3o<\/figcaption><\/figure>\n\n\n\n<p>De acordo com Dion\u00edzio, o trabalho de implementar a base do futsal est\u00e1 s\u00f3 no in\u00edcio. \u201cA ideia \u00e9 come\u00e7ar com as categorias menores e ir dando sequ\u00eancia ao passar dos anos\u201d, destaca.<\/p>\n\n\n\n<p>A categoria Sub-15, treinada pelo t\u00e9cnico Laudenor Brune, tamb\u00e9m foi desclassificada da competi\u00e7\u00e3o ap\u00f3s perder os dois jogos, em Rolante. \u201cO placar n\u00e3o diz muito como foram os jogos, porque o primeiro jogo n\u00f3s sa\u00edmos vencendo, mas falhamos e tomamos a virada. N\u00e3o conseguimos buscar o empate contra o time da casa\u201d, destaca. Segundo Brune, os atletas n\u00e3o se encontraram na quadra. \u201cN\u00e3o conseguimos desempenhar um jogo como vinhamos fazendo\u201d, conta.<\/p>\n\n\n\n<figure class=\"wp-block-image size-large is-resized\"><img loading=\"lazy\" decoding=\"async\" src=\"https:\/\/folhapopular.info\/wp-content\/uploads\/2021\/11\/Sub-15-1024x768.jpeg\" alt=\"\" class=\"wp-image-93453\" width=\"349\" height=\"251\"\/><figcaption>Sub-15 perdeu os dois jogos fora de casa \/ Cr\u00e9dito: Divulga\u00e7\u00e3o<\/figcaption><\/figure>\n\n\n\n<p>Depois da derrota do primeiro jogo, n\u00e3o tinham mais como garantir a classifica\u00e7\u00e3o no segundo confronto. \u201cN\u00f3s jogamos bem at\u00e9 um certo momento, depois entramos com um goleiro linha, fizemos dois gols. Depois eles fizeram um e outro gol no contra-ataque. Tamb\u00e9m tivemos falhas que n\u00e3o aconteciam\u201d, avalia Brune. A equipe treinar\u00e1 at\u00e9 dezembro e far\u00e3o amistosos para finalizar o ano. Ap\u00f3s isso, come\u00e7aram a preparar a equipe para 2022.<\/p>\n\n\n\n<p><strong>GAUCH\u00c3O SICOOB DE FUTSAL \u2013 SUB-15 \u2013 2021<\/strong><\/p>\n\n\n\n<p><strong>2\u00aa Fase \u2013 20\/11 \u2013 Gin\u00e1sio Municipal do Rio Branco \u2013 Rolante<\/strong><\/p>\n\n\n\n<p>Rolante Sports 3&#215;1 Teut\u00f4nia Futsal\/Col\u00e9gio Teut\u00f4nia<\/p>\n\n\n\n<p>Sercesa 7&#215;4 Teut\u00f4nia Futsal\/Col\u00e9gio Teut\u00f4nia<\/p>\n\n\n\n<p><strong>GAUCH\u00c3O SICOOB DE FUTSAL \u2013 SUB-13 \u2013 2021<\/strong><\/p>\n\n\n\n<p><strong>2\u00aa Fase \u2013 21\/11 \u2013 Homero Miorin de Abreu \u2013 Caxias do Sul<\/strong><\/p>\n\n\n\n<p>AABB 14&#215;1 Teut\u00f4nia Futsal\/Col\u00e9gio Teut\u00f4nia<\/p>\n\n\n\n<p>Clube Brilhante 7&#215;4 Teut\u00f4nia Futsal\/Col\u00e9gio Teut\u00f4nia<\/p>\n","protected":false},"excerpt":{"rendered":"<p>As categorias Sub-13 e Sub-15 da Teut\u00f4nia Futsal encerraram suas participa\u00e7\u00f5es em competi\u00e7\u00f5es em 2021. Apenas a Sub-11 ter\u00e1 um torneio em S\u00e3o Pedro da Serra, no dia 5 de dezembro. Essa ser\u00e1 a \u00faltima competi\u00e7\u00e3o da temporada. Carlos Dion\u00edzio da Silva \u00e9 treinador das categorias Sub-11 e da Sub-13. Explica que a categoria Sub-11 [&hellip;]<\/p>\n","protected":false},"author":601,"featured_media":93449,"comment_status":"open","ping_status":"open","sticky":false,"template":"","format":"standard","meta":{"pmpro_default_level":"","_jetpack_memberships_contains_paid_content":false,"footnotes":""},"categories":[2,5,530],"tags":[7493,6974,6975,3297,26,242],"class_list":{"0":"post-93448","1":"post","2":"type-post","3":"status-publish","4":"format-standard","5":"has-post-thumbnail","7":"category-featured","8":"category-esportes","9":"category-futsal","10":"tag-fim-de-temporada","11":"tag-sub-11-2","12":"tag-sub-13-2","13":"tag-sub-15","14":"tag-teutonia","15":"tag-teutonia-futsal","16":"pmpro-has-access"},"yoast_head":"<!-- This site is optimized with the Yoast SEO plugin v27.5 - https:\/\/yoast.com\/product\/yoast-seo-wordpress\/ -->\n<title>Equipes da Teut\u00f4nia Futsal encerram temporada - Folha Popular<\/title>\n<meta name=\"robots\" content=\"index, follow, max-snippet:-1, max-image-preview:large, max-video-preview:-1\" \/>\n<link rel=\"canonical\" href=\"https:\/\/folhapopular.info\/index.php\/2021\/11\/27\/equipes-da-teutonia-futsal-encerram-temporada\/\" \/>\n<meta property=\"og:locale\" content=\"pt_BR\" \/>\n<meta property=\"og:type\" content=\"article\" \/>\n<meta property=\"og:title\" content=\"Equipes da Teut\u00f4nia Futsal encerram temporada - Folha Popular\" \/>\n<meta property=\"og:description\" content=\"As categorias Sub-13 e Sub-15 da Teut\u00f4nia Futsal encerraram suas participa\u00e7\u00f5es em competi\u00e7\u00f5es em 2021. Apenas a Sub-11 ter\u00e1 um torneio em S\u00e3o Pedro da Serra, no dia 5 de dezembro. Essa ser\u00e1 a \u00faltima competi\u00e7\u00e3o da temporada. Carlos Dion\u00edzio da Silva \u00e9 treinador das categorias Sub-11 e da Sub-13. Explica que a categoria Sub-11 [&hellip;]\" \/>\n<meta property=\"og:url\" content=\"https:\/\/folhapopular.info\/index.php\/2021\/11\/27\/equipes-da-teutonia-futsal-encerram-temporada\/\" \/>\n<meta property=\"og:site_name\" content=\"Folha Popular\" \/>\n<meta property=\"article:published_time\" content=\"2021-11-27T11:52:14+00:00\" \/>\n<meta property=\"article:modified_time\" content=\"2021-11-27T11:55:11+00:00\" \/>\n<meta property=\"og:image\" content=\"http:\/\/folhapopular.info\/wp-content\/uploads\/2021\/11\/Sub-11-e1638013874430.jpeg\" \/>\n\t<meta property=\"og:image:width\" content=\"800\" \/>\n\t<meta property=\"og:image:height\" content=\"600\" \/>\n\t<meta property=\"og:image:type\" content=\"image\/jpeg\" \/>\n<meta name=\"author\" content=\"Carla Beckmann\" \/>\n<meta name=\"twitter:card\" content=\"summary_large_image\" \/>\n<meta name=\"twitter:label1\" content=\"Escrito por\" \/>\n\t<meta name=\"twitter:data1\" content=\"Carla Beckmann\" \/>\n\t<meta name=\"twitter:label2\" content=\"Est. tempo de leitura\" \/>\n\t<meta name=\"twitter:data2\" content=\"3 minutos\" \/>\n<script type=\"application\/ld+json\" class=\"yoast-schema-graph\">{\"@context\":\"https:\\\/\\\/schema.org\",\"@graph\":[{\"@type\":\"Article\",\"@id\":\"https:\\\/\\\/folhapopular.info\\\/index.php\\\/2021\\\/11\\\/27\\\/equipes-da-teutonia-futsal-encerram-temporada\\\/#article\",\"isPartOf\":{\"@id\":\"https:\\\/\\\/folhapopular.info\\\/index.php\\\/2021\\\/11\\\/27\\\/equipes-da-teutonia-futsal-encerram-temporada\\\/\"},\"author\":{\"name\":\"Carla Beckmann\",\"@id\":\"https:\\\/\\\/folhapopular.info\\\/#\\\/schema\\\/person\\\/c9138938e4781f3e1ca513f9bea5659c\"},\"headline\":\"Equipes da Teut\u00f4nia Futsal encerram temporada\",\"datePublished\":\"2021-11-27T11:52:14+00:00\",\"dateModified\":\"2021-11-27T11:55:11+00:00\",\"mainEntityOfPage\":{\"@id\":\"https:\\\/\\\/folhapopular.info\\\/index.php\\\/2021\\\/11\\\/27\\\/equipes-da-teutonia-futsal-encerram-temporada\\\/\"},\"wordCount\":425,\"commentCount\":0,\"image\":{\"@id\":\"https:\\\/\\\/folhapopular.info\\\/index.php\\\/2021\\\/11\\\/27\\\/equipes-da-teutonia-futsal-encerram-temporada\\\/#primaryimage\"},\"thumbnailUrl\":\"https:\\\/\\\/folhapopular.info\\\/wp-content\\\/uploads\\\/2021\\\/11\\\/Sub-11-e1638013874430.jpeg\",\"keywords\":[\"Fim de temporada\",\"Sub 11\",\"Sub 13\",\"Sub 15\",\"Teut\u00f4nia\",\"Teut\u00f4nia Futsal\"],\"articleSection\":[\"Destaques\",\"Esportes\",\"Futsal\"],\"inLanguage\":\"pt-BR\",\"potentialAction\":[{\"@type\":\"CommentAction\",\"name\":\"Comment\",\"target\":[\"https:\\\/\\\/folhapopular.info\\\/index.php\\\/2021\\\/11\\\/27\\\/equipes-da-teutonia-futsal-encerram-temporada\\\/#respond\"]}]},{\"@type\":\"WebPage\",\"@id\":\"https:\\\/\\\/folhapopular.info\\\/index.php\\\/2021\\\/11\\\/27\\\/equipes-da-teutonia-futsal-encerram-temporada\\\/\",\"url\":\"https:\\\/\\\/folhapopular.info\\\/index.php\\\/2021\\\/11\\\/27\\\/equipes-da-teutonia-futsal-encerram-temporada\\\/\",\"name\":\"Equipes da Teut\u00f4nia Futsal encerram temporada - Folha Popular\",\"isPartOf\":{\"@id\":\"https:\\\/\\\/folhapopular.info\\\/#website\"},\"primaryImageOfPage\":{\"@id\":\"https:\\\/\\\/folhapopular.info\\\/index.php\\\/2021\\\/11\\\/27\\\/equipes-da-teutonia-futsal-encerram-temporada\\\/#primaryimage\"},\"image\":{\"@id\":\"https:\\\/\\\/folhapopular.info\\\/index.php\\\/2021\\\/11\\\/27\\\/equipes-da-teutonia-futsal-encerram-temporada\\\/#primaryimage\"},\"thumbnailUrl\":\"https:\\\/\\\/folhapopular.info\\\/wp-content\\\/uploads\\\/2021\\\/11\\\/Sub-11-e1638013874430.jpeg\",\"datePublished\":\"2021-11-27T11:52:14+00:00\",\"dateModified\":\"2021-11-27T11:55:11+00:00\",\"author\":{\"@id\":\"https:\\\/\\\/folhapopular.info\\\/#\\\/schema\\\/person\\\/c9138938e4781f3e1ca513f9bea5659c\"},\"breadcrumb\":{\"@id\":\"https:\\\/\\\/folhapopular.info\\\/index.php\\\/2021\\\/11\\\/27\\\/equipes-da-teutonia-futsal-encerram-temporada\\\/#breadcrumb\"},\"inLanguage\":\"pt-BR\",\"potentialAction\":[{\"@type\":\"ReadAction\",\"target\":[\"https:\\\/\\\/folhapopular.info\\\/index.php\\\/2021\\\/11\\\/27\\\/equipes-da-teutonia-futsal-encerram-temporada\\\/\"]}]},{\"@type\":\"ImageObject\",\"inLanguage\":\"pt-BR\",\"@id\":\"https:\\\/\\\/folhapopular.info\\\/index.php\\\/2021\\\/11\\\/27\\\/equipes-da-teutonia-futsal-encerram-temporada\\\/#primaryimage\",\"url\":\"https:\\\/\\\/folhapopular.info\\\/wp-content\\\/uploads\\\/2021\\\/11\\\/Sub-11-e1638013874430.jpeg\",\"contentUrl\":\"https:\\\/\\\/folhapopular.info\\\/wp-content\\\/uploads\\\/2021\\\/11\\\/Sub-11-e1638013874430.jpeg\",\"width\":800,\"height\":600,\"caption\":\"Sub-11 encerrou sua participa\u00e7\u00e3o na 1\u00aa fase \\\/ Cr\u00e9dito: Divulga\u00e7\u00e3o\"},{\"@type\":\"BreadcrumbList\",\"@id\":\"https:\\\/\\\/folhapopular.info\\\/index.php\\\/2021\\\/11\\\/27\\\/equipes-da-teutonia-futsal-encerram-temporada\\\/#breadcrumb\",\"itemListElement\":[{\"@type\":\"ListItem\",\"position\":1,\"name\":\"In\u00edcio\",\"item\":\"https:\\\/\\\/folhapopular.info\\\/\"},{\"@type\":\"ListItem\",\"position\":2,\"name\":\"Equipes da Teut\u00f4nia Futsal encerram temporada\"}]},{\"@type\":\"WebSite\",\"@id\":\"https:\\\/\\\/folhapopular.info\\\/#website\",\"url\":\"https:\\\/\\\/folhapopular.info\\\/\",\"name\":\"Folha Popular\",\"description\":\"Onde voc\u00ea tem vez e voz\",\"potentialAction\":[{\"@type\":\"SearchAction\",\"target\":{\"@type\":\"EntryPoint\",\"urlTemplate\":\"https:\\\/\\\/folhapopular.info\\\/?s={search_term_string}\"},\"query-input\":{\"@type\":\"PropertyValueSpecification\",\"valueRequired\":true,\"valueName\":\"search_term_string\"}}],\"inLanguage\":\"pt-BR\"},{\"@type\":\"Person\",\"@id\":\"https:\\\/\\\/folhapopular.info\\\/#\\\/schema\\\/person\\\/c9138938e4781f3e1ca513f9bea5659c\",\"name\":\"Carla Beckmann\",\"image\":{\"@type\":\"ImageObject\",\"inLanguage\":\"pt-BR\",\"@id\":\"https:\\\/\\\/secure.gravatar.com\\\/avatar\\\/790078f6ade9f70c31db5a673b88c15df0904c2847c456b3599f72843ac11eb9?s=96&d=mm&r=g\",\"url\":\"https:\\\/\\\/secure.gravatar.com\\\/avatar\\\/790078f6ade9f70c31db5a673b88c15df0904c2847c456b3599f72843ac11eb9?s=96&d=mm&r=g\",\"contentUrl\":\"https:\\\/\\\/secure.gravatar.com\\\/avatar\\\/790078f6ade9f70c31db5a673b88c15df0904c2847c456b3599f72843ac11eb9?s=96&d=mm&r=g\",\"caption\":\"Carla Beckmann\"},\"url\":\"https:\\\/\\\/folhapopular.info\\\/index.php\\\/author\\\/carlabeckmann03gmail-com\\\/\"}]}<\/script>\n<!-- \/ Yoast SEO plugin. -->","yoast_head_json":{"title":"Equipes da Teut\u00f4nia Futsal encerram temporada - Folha Popular","robots":{"index":"index","follow":"follow","max-snippet":"max-snippet:-1","max-image-preview":"max-image-preview:large","max-video-preview":"max-video-preview:-1"},"canonical":"https:\/\/folhapopular.info\/index.php\/2021\/11\/27\/equipes-da-teutonia-futsal-encerram-temporada\/","og_locale":"pt_BR","og_type":"article","og_title":"Equipes da Teut\u00f4nia Futsal encerram temporada - Folha Popular","og_description":"As categorias Sub-13 e Sub-15 da Teut\u00f4nia Futsal encerraram suas participa\u00e7\u00f5es em competi\u00e7\u00f5es em 2021. Apenas a Sub-11 ter\u00e1 um torneio em S\u00e3o Pedro da Serra, no dia 5 de dezembro. Essa ser\u00e1 a \u00faltima competi\u00e7\u00e3o da temporada. Carlos Dion\u00edzio da Silva \u00e9 treinador das categorias Sub-11 e da Sub-13. Explica que a categoria Sub-11 [&hellip;]","og_url":"https:\/\/folhapopular.info\/index.php\/2021\/11\/27\/equipes-da-teutonia-futsal-encerram-temporada\/","og_site_name":"Folha Popular","article_published_time":"2021-11-27T11:52:14+00:00","article_modified_time":"2021-11-27T11:55:11+00:00","og_image":[{"width":800,"height":600,"url":"http:\/\/folhapopular.info\/wp-content\/uploads\/2021\/11\/Sub-11-e1638013874430.jpeg","type":"image\/jpeg"}],"author":"Carla Beckmann","twitter_card":"summary_large_image","twitter_misc":{"Escrito por":"Carla Beckmann","Est. tempo de leitura":"3 minutos"},"schema":{"@context":"https:\/\/schema.org","@graph":[{"@type":"Article","@id":"https:\/\/folhapopular.info\/index.php\/2021\/11\/27\/equipes-da-teutonia-futsal-encerram-temporada\/#article","isPartOf":{"@id":"https:\/\/folhapopular.info\/index.php\/2021\/11\/27\/equipes-da-teutonia-futsal-encerram-temporada\/"},"author":{"name":"Carla Beckmann","@id":"https:\/\/folhapopular.info\/#\/schema\/person\/c9138938e4781f3e1ca513f9bea5659c"},"headline":"Equipes da Teut\u00f4nia Futsal encerram temporada","datePublished":"2021-11-27T11:52:14+00:00","dateModified":"2021-11-27T11:55:11+00:00","mainEntityOfPage":{"@id":"https:\/\/folhapopular.info\/index.php\/2021\/11\/27\/equipes-da-teutonia-futsal-encerram-temporada\/"},"wordCount":425,"commentCount":0,"image":{"@id":"https:\/\/folhapopular.info\/index.php\/2021\/11\/27\/equipes-da-teutonia-futsal-encerram-temporada\/#primaryimage"},"thumbnailUrl":"https:\/\/folhapopular.info\/wp-content\/uploads\/2021\/11\/Sub-11-e1638013874430.jpeg","keywords":["Fim de temporada","Sub 11","Sub 13","Sub 15","Teut\u00f4nia","Teut\u00f4nia Futsal"],"articleSection":["Destaques","Esportes","Futsal"],"inLanguage":"pt-BR","potentialAction":[{"@type":"CommentAction","name":"Comment","target":["https:\/\/folhapopular.info\/index.php\/2021\/11\/27\/equipes-da-teutonia-futsal-encerram-temporada\/#respond"]}]},{"@type":"WebPage","@id":"https:\/\/folhapopular.info\/index.php\/2021\/11\/27\/equipes-da-teutonia-futsal-encerram-temporada\/","url":"https:\/\/folhapopular.info\/index.php\/2021\/11\/27\/equipes-da-teutonia-futsal-encerram-temporada\/","name":"Equipes da Teut\u00f4nia Futsal encerram temporada - Folha Popular","isPartOf":{"@id":"https:\/\/folhapopular.info\/#website"},"primaryImageOfPage":{"@id":"https:\/\/folhapopular.info\/index.php\/2021\/11\/27\/equipes-da-teutonia-futsal-encerram-temporada\/#primaryimage"},"image":{"@id":"https:\/\/folhapopular.info\/index.php\/2021\/11\/27\/equipes-da-teutonia-futsal-encerram-temporada\/#primaryimage"},"thumbnailUrl":"https:\/\/folhapopular.info\/wp-content\/uploads\/2021\/11\/Sub-11-e1638013874430.jpeg","datePublished":"2021-11-27T11:52:14+00:00","dateModified":"2021-11-27T11:55:11+00:00","author":{"@id":"https:\/\/folhapopular.info\/#\/schema\/person\/c9138938e4781f3e1ca513f9bea5659c"},"breadcrumb":{"@id":"https:\/\/folhapopular.info\/index.php\/2021\/11\/27\/equipes-da-teutonia-futsal-encerram-temporada\/#breadcrumb"},"inLanguage":"pt-BR","potentialAction":[{"@type":"ReadAction","target":["https:\/\/folhapopular.info\/index.php\/2021\/11\/27\/equipes-da-teutonia-futsal-encerram-temporada\/"]}]},{"@type":"ImageObject","inLanguage":"pt-BR","@id":"https:\/\/folhapopular.info\/index.php\/2021\/11\/27\/equipes-da-teutonia-futsal-encerram-temporada\/#primaryimage","url":"https:\/\/folhapopular.info\/wp-content\/uploads\/2021\/11\/Sub-11-e1638013874430.jpeg","contentUrl":"https:\/\/folhapopular.info\/wp-content\/uploads\/2021\/11\/Sub-11-e1638013874430.jpeg","width":800,"height":600,"caption":"Sub-11 encerrou sua participa\u00e7\u00e3o na 1\u00aa fase \/ Cr\u00e9dito: Divulga\u00e7\u00e3o"},{"@type":"BreadcrumbList","@id":"https:\/\/folhapopular.info\/index.php\/2021\/11\/27\/equipes-da-teutonia-futsal-encerram-temporada\/#breadcrumb","itemListElement":[{"@type":"ListItem","position":1,"name":"In\u00edcio","item":"https:\/\/folhapopular.info\/"},{"@type":"ListItem","position":2,"name":"Equipes da Teut\u00f4nia Futsal encerram temporada"}]},{"@type":"WebSite","@id":"https:\/\/folhapopular.info\/#website","url":"https:\/\/folhapopular.info\/","name":"Folha Popular","description":"Onde voc\u00ea tem vez e voz","potentialAction":[{"@type":"SearchAction","target":{"@type":"EntryPoint","urlTemplate":"https:\/\/folhapopular.info\/?s={search_term_string}"},"query-input":{"@type":"PropertyValueSpecification","valueRequired":true,"valueName":"search_term_string"}}],"inLanguage":"pt-BR"},{"@type":"Person","@id":"https:\/\/folhapopular.info\/#\/schema\/person\/c9138938e4781f3e1ca513f9bea5659c","name":"Carla Beckmann","image":{"@type":"ImageObject","inLanguage":"pt-BR","@id":"https:\/\/secure.gravatar.com\/avatar\/790078f6ade9f70c31db5a673b88c15df0904c2847c456b3599f72843ac11eb9?s=96&d=mm&r=g","url":"https:\/\/secure.gravatar.com\/avatar\/790078f6ade9f70c31db5a673b88c15df0904c2847c456b3599f72843ac11eb9?s=96&d=mm&r=g","contentUrl":"https:\/\/secure.gravatar.com\/avatar\/790078f6ade9f70c31db5a673b88c15df0904c2847c456b3599f72843ac11eb9?s=96&d=mm&r=g","caption":"Carla Beckmann"},"url":"https:\/\/folhapopular.info\/index.php\/author\/carlabeckmann03gmail-com\/"}]}},"jetpack_featured_media_url":"https:\/\/folhapopular.info\/wp-content\/uploads\/2021\/11\/Sub-11-e1638013874430.jpeg","jetpack_sharing_enabled":true,"amp_enabled":true,"_links":{"self":[{"href":"https:\/\/folhapopular.info\/index.php\/wp-json\/wp\/v2\/posts\/93448","targetHints":{"allow":["GET"]}}],"collection":[{"href":"https:\/\/folhapopular.info\/index.php\/wp-json\/wp\/v2\/posts"}],"about":[{"href":"https:\/\/folhapopular.info\/index.php\/wp-json\/wp\/v2\/types\/post"}],"author":[{"embeddable":true,"href":"https:\/\/folhapopular.info\/index.php\/wp-json\/wp\/v2\/users\/601"}],"replies":[{"embeddable":true,"href":"https:\/\/folhapopular.info\/index.php\/wp-json\/wp\/v2\/comments?post=93448"}],"version-history":[{"count":0,"href":"https:\/\/folhapopular.info\/index.php\/wp-json\/wp\/v2\/posts\/93448\/revisions"}],"wp:featuredmedia":[{"embeddable":true,"href":"https:\/\/folhapopular.info\/index.php\/wp-json\/wp\/v2\/media\/93449"}],"wp:attachment":[{"href":"https:\/\/folhapopular.info\/index.php\/wp-json\/wp\/v2\/media?parent=93448"}],"wp:term":[{"taxonomy":"category","embeddable":true,"href":"https:\/\/folhapopular.info\/index.php\/wp-json\/wp\/v2\/categories?post=93448"},{"taxonomy":"post_tag","embeddable":true,"href":"https:\/\/folhapopular.info\/index.php\/wp-json\/wp\/v2\/tags?post=93448"}],"curies":[{"name":"wp","href":"https:\/\/api.w.org\/{rel}","templated":true}]}}