{"id":93887,"date":"2021-12-05T10:20:00","date_gmt":"2021-12-05T13:20:00","guid":{"rendered":"https:\/\/folhapopular.info\/?p=93887"},"modified":"2021-12-04T12:19:41","modified_gmt":"2021-12-04T15:19:41","slug":"decisao-da-copa-35-anos-da-aslivata-e-hoje","status":"publish","type":"post","link":"https:\/\/folhapopular.info\/index.php\/2021\/12\/05\/decisao-da-copa-35-anos-da-aslivata-e-hoje\/","title":{"rendered":"Decis\u00e3o da Copa 35 anos da Aslivata \u00e9 hoje"},"content":{"rendered":"\n<p>Os primeiros 90 minutos da decis\u00e3o ser\u00e3o disputados na tarde deste domingo (5\/12), em Boa Vista do Sul. O anfitri\u00e3o Boavistense receber\u00e1 o Juventude da Berlim (Westf\u00e1lia) para a partida de ida das finais da Copa 35 anos da Aslivata \u2013 Ta\u00e7a da Amizade 2020. A R\u00e1dio Popular transmite o confronto que reedita a final de 2019, quando o Boavistense conquistou o t\u00edtulo.<\/p>\n\n\n\n<p>Os dois times chegam \u00e0 final com boas campanhas e excelente desempenho nos \u00faltimos jogos. O melhor aproveitamento do Juventude n\u00e3o lhe dar\u00e1 vantagem; apenas a disciplina definiu a ordem dos jogos. Ambos t\u00eam desfalques, mas contam com a for\u00e7a dos elencos para superar eventuais adversidades.<\/p>\n\n\n\n<p>Nos Aspirantes, a final ser\u00e1 entre Juventude de Brochier e Ecas de Imigrante. Nas duas categorias, em caso de dois empates ou uma vit\u00f3ria de cada equipe, a decis\u00e3o vai para os p\u00eanaltis.<\/p>\n\n\n\n<figure class=\"wp-block-image size-large is-resized\"><img loading=\"lazy\" decoding=\"async\" src=\"https:\/\/folhapopular.info\/wp-content\/uploads\/2021\/12\/2021_11_28_BLF_Juventude-joga-a-segunda-final-em-casa-1024x768.jpeg\" alt=\"\" class=\"wp-image-93890\" width=\"748\" height=\"561\" srcset=\"https:\/\/folhapopular.info\/wp-content\/uploads\/2021\/12\/2021_11_28_BLF_Juventude-joga-a-segunda-final-em-casa-1024x768.jpeg 1024w, https:\/\/folhapopular.info\/wp-content\/uploads\/2021\/12\/2021_11_28_BLF_Juventude-joga-a-segunda-final-em-casa-300x225.jpeg 300w, https:\/\/folhapopular.info\/wp-content\/uploads\/2021\/12\/2021_11_28_BLF_Juventude-joga-a-segunda-final-em-casa-768x576.jpeg 768w, https:\/\/folhapopular.info\/wp-content\/uploads\/2021\/12\/2021_11_28_BLF_Juventude-joga-a-segunda-final-em-casa-696x522.jpeg 696w, https:\/\/folhapopular.info\/wp-content\/uploads\/2021\/12\/2021_11_28_BLF_Juventude-joga-a-segunda-final-em-casa-1068x801.jpeg 1068w, https:\/\/folhapopular.info\/wp-content\/uploads\/2021\/12\/2021_11_28_BLF_Juventude-joga-a-segunda-final-em-casa.jpeg 1280w\" sizes=\"auto, (max-width: 748px) 100vw, 748px\" \/><figcaption>Juventude joga a segunda final em casa \/ Cr\u00e9dito da foto: Bianca Let\u00edcia Fritscher \/ Especial FP<\/figcaption><\/figure>\n","protected":false},"excerpt":{"rendered":"<p>Os primeiros 90 minutos da decis\u00e3o ser\u00e3o disputados na tarde deste domingo (5\/12), em Boa Vista do Sul. O anfitri\u00e3o Boavistense receber\u00e1 o Juventude da Berlim (Westf\u00e1lia) para a partida de ida das finais da Copa 35 anos da Aslivata \u2013 Ta\u00e7a da Amizade 2020. A R\u00e1dio Popular transmite o confronto que reedita a final [&hellip;]<\/p>\n","protected":false},"author":7,"featured_media":93888,"comment_status":"open","ping_status":"open","sticky":false,"template":"","format":"standard","meta":{"pmpro_default_level":"","_jetpack_memberships_contains_paid_content":false,"footnotes":""},"categories":[2,5],"tags":[5385,137],"class_list":{"0":"post-93887","1":"post","2":"type-post","3":"status-publish","4":"format-standard","5":"has-post-thumbnail","7":"category-featured","8":"category-esportes","9":"tag-copa-35-anos-aslivata","10":"tag-esporte","11":"pmpro-has-access"},"yoast_head":"<!-- This site is optimized with the Yoast SEO plugin v27.5 - https:\/\/yoast.com\/product\/yoast-seo-wordpress\/ -->\n<title>Decis\u00e3o da Copa 35 anos da Aslivata \u00e9 hoje - Folha Popular<\/title>\n<meta name=\"robots\" content=\"index, follow, max-snippet:-1, max-image-preview:large, max-video-preview:-1\" \/>\n<link rel=\"canonical\" href=\"https:\/\/folhapopular.info\/index.php\/2021\/12\/05\/decisao-da-copa-35-anos-da-aslivata-e-hoje\/\" \/>\n<meta property=\"og:locale\" content=\"pt_BR\" \/>\n<meta property=\"og:type\" content=\"article\" \/>\n<meta property=\"og:title\" content=\"Decis\u00e3o da Copa 35 anos da Aslivata \u00e9 hoje - Folha Popular\" \/>\n<meta property=\"og:description\" content=\"Os primeiros 90 minutos da decis\u00e3o ser\u00e3o disputados na tarde deste domingo (5\/12), em Boa Vista do Sul. O anfitri\u00e3o Boavistense receber\u00e1 o Juventude da Berlim (Westf\u00e1lia) para a partida de ida das finais da Copa 35 anos da Aslivata \u2013 Ta\u00e7a da Amizade 2020. A R\u00e1dio Popular transmite o confronto que reedita a final [&hellip;]\" \/>\n<meta property=\"og:url\" content=\"https:\/\/folhapopular.info\/index.php\/2021\/12\/05\/decisao-da-copa-35-anos-da-aslivata-e-hoje\/\" \/>\n<meta property=\"og:site_name\" content=\"Folha Popular\" \/>\n<meta property=\"article:published_time\" content=\"2021-12-05T13:20:00+00:00\" \/>\n<meta property=\"og:image\" content=\"https:\/\/folhapopular.info\/wp-content\/uploads\/2021\/12\/2021_11_28_RS_Boavistense-comeca-a-decidir-em-casa-e1638630943799.jpeg\" \/>\n\t<meta property=\"og:image:width\" content=\"800\" \/>\n\t<meta property=\"og:image:height\" content=\"369\" \/>\n\t<meta property=\"og:image:type\" content=\"image\/jpeg\" \/>\n<meta name=\"author\" content=\"Lucas Leandro Brune\" \/>\n<meta name=\"twitter:card\" content=\"summary_large_image\" \/>\n<meta name=\"twitter:label1\" content=\"Escrito por\" \/>\n\t<meta name=\"twitter:data1\" content=\"Lucas Leandro Brune\" \/>\n\t<meta name=\"twitter:label2\" content=\"Est. tempo de leitura\" \/>\n\t<meta name=\"twitter:data2\" content=\"1 minuto\" \/>\n<script type=\"application\/ld+json\" class=\"yoast-schema-graph\">{\"@context\":\"https:\\\/\\\/schema.org\",\"@graph\":[{\"@type\":\"Article\",\"@id\":\"https:\\\/\\\/folhapopular.info\\\/index.php\\\/2021\\\/12\\\/05\\\/decisao-da-copa-35-anos-da-aslivata-e-hoje\\\/#article\",\"isPartOf\":{\"@id\":\"https:\\\/\\\/folhapopular.info\\\/index.php\\\/2021\\\/12\\\/05\\\/decisao-da-copa-35-anos-da-aslivata-e-hoje\\\/\"},\"author\":{\"name\":\"Lucas Leandro Brune\",\"@id\":\"https:\\\/\\\/folhapopular.info\\\/#\\\/schema\\\/person\\\/533a15f60cd49e81ab3a90b4ca33cb36\"},\"headline\":\"Decis\u00e3o da Copa 35 anos da Aslivata \u00e9 hoje\",\"datePublished\":\"2021-12-05T13:20:00+00:00\",\"mainEntityOfPage\":{\"@id\":\"https:\\\/\\\/folhapopular.info\\\/index.php\\\/2021\\\/12\\\/05\\\/decisao-da-copa-35-anos-da-aslivata-e-hoje\\\/\"},\"wordCount\":173,\"commentCount\":0,\"image\":{\"@id\":\"https:\\\/\\\/folhapopular.info\\\/index.php\\\/2021\\\/12\\\/05\\\/decisao-da-copa-35-anos-da-aslivata-e-hoje\\\/#primaryimage\"},\"thumbnailUrl\":\"https:\\\/\\\/folhapopular.info\\\/wp-content\\\/uploads\\\/2021\\\/12\\\/2021_11_28_RS_Boavistense-comeca-a-decidir-em-casa-e1638630943799.jpeg\",\"keywords\":[\"Copa 35 anos Aslivata\",\"Esporte\"],\"articleSection\":[\"Destaques\",\"Esportes\"],\"inLanguage\":\"pt-BR\",\"potentialAction\":[{\"@type\":\"CommentAction\",\"name\":\"Comment\",\"target\":[\"https:\\\/\\\/folhapopular.info\\\/index.php\\\/2021\\\/12\\\/05\\\/decisao-da-copa-35-anos-da-aslivata-e-hoje\\\/#respond\"]}]},{\"@type\":\"WebPage\",\"@id\":\"https:\\\/\\\/folhapopular.info\\\/index.php\\\/2021\\\/12\\\/05\\\/decisao-da-copa-35-anos-da-aslivata-e-hoje\\\/\",\"url\":\"https:\\\/\\\/folhapopular.info\\\/index.php\\\/2021\\\/12\\\/05\\\/decisao-da-copa-35-anos-da-aslivata-e-hoje\\\/\",\"name\":\"Decis\u00e3o da Copa 35 anos da Aslivata \u00e9 hoje - Folha Popular\",\"isPartOf\":{\"@id\":\"https:\\\/\\\/folhapopular.info\\\/#website\"},\"primaryImageOfPage\":{\"@id\":\"https:\\\/\\\/folhapopular.info\\\/index.php\\\/2021\\\/12\\\/05\\\/decisao-da-copa-35-anos-da-aslivata-e-hoje\\\/#primaryimage\"},\"image\":{\"@id\":\"https:\\\/\\\/folhapopular.info\\\/index.php\\\/2021\\\/12\\\/05\\\/decisao-da-copa-35-anos-da-aslivata-e-hoje\\\/#primaryimage\"},\"thumbnailUrl\":\"https:\\\/\\\/folhapopular.info\\\/wp-content\\\/uploads\\\/2021\\\/12\\\/2021_11_28_RS_Boavistense-comeca-a-decidir-em-casa-e1638630943799.jpeg\",\"datePublished\":\"2021-12-05T13:20:00+00:00\",\"author\":{\"@id\":\"https:\\\/\\\/folhapopular.info\\\/#\\\/schema\\\/person\\\/533a15f60cd49e81ab3a90b4ca33cb36\"},\"breadcrumb\":{\"@id\":\"https:\\\/\\\/folhapopular.info\\\/index.php\\\/2021\\\/12\\\/05\\\/decisao-da-copa-35-anos-da-aslivata-e-hoje\\\/#breadcrumb\"},\"inLanguage\":\"pt-BR\",\"potentialAction\":[{\"@type\":\"ReadAction\",\"target\":[\"https:\\\/\\\/folhapopular.info\\\/index.php\\\/2021\\\/12\\\/05\\\/decisao-da-copa-35-anos-da-aslivata-e-hoje\\\/\"]}]},{\"@type\":\"ImageObject\",\"inLanguage\":\"pt-BR\",\"@id\":\"https:\\\/\\\/folhapopular.info\\\/index.php\\\/2021\\\/12\\\/05\\\/decisao-da-copa-35-anos-da-aslivata-e-hoje\\\/#primaryimage\",\"url\":\"https:\\\/\\\/folhapopular.info\\\/wp-content\\\/uploads\\\/2021\\\/12\\\/2021_11_28_RS_Boavistense-comeca-a-decidir-em-casa-e1638630943799.jpeg\",\"contentUrl\":\"https:\\\/\\\/folhapopular.info\\\/wp-content\\\/uploads\\\/2021\\\/12\\\/2021_11_28_RS_Boavistense-comeca-a-decidir-em-casa-e1638630943799.jpeg\",\"width\":800,\"height\":369,\"caption\":\"Boavistense come\u00e7a a decidir em casa \\\/ Cr\u00e9dito da foto: Rodrigo Schons \\\/ Especial FP\"},{\"@type\":\"BreadcrumbList\",\"@id\":\"https:\\\/\\\/folhapopular.info\\\/index.php\\\/2021\\\/12\\\/05\\\/decisao-da-copa-35-anos-da-aslivata-e-hoje\\\/#breadcrumb\",\"itemListElement\":[{\"@type\":\"ListItem\",\"position\":1,\"name\":\"In\u00edcio\",\"item\":\"https:\\\/\\\/folhapopular.info\\\/\"},{\"@type\":\"ListItem\",\"position\":2,\"name\":\"Decis\u00e3o da Copa 35 anos da Aslivata \u00e9 hoje\"}]},{\"@type\":\"WebSite\",\"@id\":\"https:\\\/\\\/folhapopular.info\\\/#website\",\"url\":\"https:\\\/\\\/folhapopular.info\\\/\",\"name\":\"Folha Popular\",\"description\":\"Onde voc\u00ea tem vez e voz\",\"potentialAction\":[{\"@type\":\"SearchAction\",\"target\":{\"@type\":\"EntryPoint\",\"urlTemplate\":\"https:\\\/\\\/folhapopular.info\\\/?s={search_term_string}\"},\"query-input\":{\"@type\":\"PropertyValueSpecification\",\"valueRequired\":true,\"valueName\":\"search_term_string\"}}],\"inLanguage\":\"pt-BR\"},{\"@type\":\"Person\",\"@id\":\"https:\\\/\\\/folhapopular.info\\\/#\\\/schema\\\/person\\\/533a15f60cd49e81ab3a90b4ca33cb36\",\"name\":\"Lucas Leandro Brune\",\"image\":{\"@type\":\"ImageObject\",\"inLanguage\":\"pt-BR\",\"@id\":\"https:\\\/\\\/folhapopular.info\\\/wp-content\\\/uploads\\\/2026\\\/04\\\/LUCAS-1-1.webp\",\"url\":\"https:\\\/\\\/folhapopular.info\\\/wp-content\\\/uploads\\\/2026\\\/04\\\/LUCAS-1-1.webp\",\"contentUrl\":\"https:\\\/\\\/folhapopular.info\\\/wp-content\\\/uploads\\\/2026\\\/04\\\/LUCAS-1-1.webp\",\"caption\":\"Lucas Leandro Brune\"},\"description\":\"Jornalista Profissional Diplomado MTB\\\/RS 14.333\",\"url\":\"https:\\\/\\\/folhapopular.info\\\/index.php\\\/author\\\/lucas-brune\\\/\"}]}<\/script>\n<!-- \/ Yoast SEO plugin. -->","yoast_head_json":{"title":"Decis\u00e3o da Copa 35 anos da Aslivata \u00e9 hoje - Folha Popular","robots":{"index":"index","follow":"follow","max-snippet":"max-snippet:-1","max-image-preview":"max-image-preview:large","max-video-preview":"max-video-preview:-1"},"canonical":"https:\/\/folhapopular.info\/index.php\/2021\/12\/05\/decisao-da-copa-35-anos-da-aslivata-e-hoje\/","og_locale":"pt_BR","og_type":"article","og_title":"Decis\u00e3o da Copa 35 anos da Aslivata \u00e9 hoje - Folha Popular","og_description":"Os primeiros 90 minutos da decis\u00e3o ser\u00e3o disputados na tarde deste domingo (5\/12), em Boa Vista do Sul. O anfitri\u00e3o Boavistense receber\u00e1 o Juventude da Berlim (Westf\u00e1lia) para a partida de ida das finais da Copa 35 anos da Aslivata \u2013 Ta\u00e7a da Amizade 2020. A R\u00e1dio Popular transmite o confronto que reedita a final [&hellip;]","og_url":"https:\/\/folhapopular.info\/index.php\/2021\/12\/05\/decisao-da-copa-35-anos-da-aslivata-e-hoje\/","og_site_name":"Folha Popular","article_published_time":"2021-12-05T13:20:00+00:00","og_image":[{"width":800,"height":369,"url":"https:\/\/folhapopular.info\/wp-content\/uploads\/2021\/12\/2021_11_28_RS_Boavistense-comeca-a-decidir-em-casa-e1638630943799.jpeg","type":"image\/jpeg"}],"author":"Lucas Leandro Brune","twitter_card":"summary_large_image","twitter_misc":{"Escrito por":"Lucas Leandro Brune","Est. tempo de leitura":"1 minuto"},"schema":{"@context":"https:\/\/schema.org","@graph":[{"@type":"Article","@id":"https:\/\/folhapopular.info\/index.php\/2021\/12\/05\/decisao-da-copa-35-anos-da-aslivata-e-hoje\/#article","isPartOf":{"@id":"https:\/\/folhapopular.info\/index.php\/2021\/12\/05\/decisao-da-copa-35-anos-da-aslivata-e-hoje\/"},"author":{"name":"Lucas Leandro Brune","@id":"https:\/\/folhapopular.info\/#\/schema\/person\/533a15f60cd49e81ab3a90b4ca33cb36"},"headline":"Decis\u00e3o da Copa 35 anos da Aslivata \u00e9 hoje","datePublished":"2021-12-05T13:20:00+00:00","mainEntityOfPage":{"@id":"https:\/\/folhapopular.info\/index.php\/2021\/12\/05\/decisao-da-copa-35-anos-da-aslivata-e-hoje\/"},"wordCount":173,"commentCount":0,"image":{"@id":"https:\/\/folhapopular.info\/index.php\/2021\/12\/05\/decisao-da-copa-35-anos-da-aslivata-e-hoje\/#primaryimage"},"thumbnailUrl":"https:\/\/folhapopular.info\/wp-content\/uploads\/2021\/12\/2021_11_28_RS_Boavistense-comeca-a-decidir-em-casa-e1638630943799.jpeg","keywords":["Copa 35 anos Aslivata","Esporte"],"articleSection":["Destaques","Esportes"],"inLanguage":"pt-BR","potentialAction":[{"@type":"CommentAction","name":"Comment","target":["https:\/\/folhapopular.info\/index.php\/2021\/12\/05\/decisao-da-copa-35-anos-da-aslivata-e-hoje\/#respond"]}]},{"@type":"WebPage","@id":"https:\/\/folhapopular.info\/index.php\/2021\/12\/05\/decisao-da-copa-35-anos-da-aslivata-e-hoje\/","url":"https:\/\/folhapopular.info\/index.php\/2021\/12\/05\/decisao-da-copa-35-anos-da-aslivata-e-hoje\/","name":"Decis\u00e3o da Copa 35 anos da Aslivata \u00e9 hoje - Folha Popular","isPartOf":{"@id":"https:\/\/folhapopular.info\/#website"},"primaryImageOfPage":{"@id":"https:\/\/folhapopular.info\/index.php\/2021\/12\/05\/decisao-da-copa-35-anos-da-aslivata-e-hoje\/#primaryimage"},"image":{"@id":"https:\/\/folhapopular.info\/index.php\/2021\/12\/05\/decisao-da-copa-35-anos-da-aslivata-e-hoje\/#primaryimage"},"thumbnailUrl":"https:\/\/folhapopular.info\/wp-content\/uploads\/2021\/12\/2021_11_28_RS_Boavistense-comeca-a-decidir-em-casa-e1638630943799.jpeg","datePublished":"2021-12-05T13:20:00+00:00","author":{"@id":"https:\/\/folhapopular.info\/#\/schema\/person\/533a15f60cd49e81ab3a90b4ca33cb36"},"breadcrumb":{"@id":"https:\/\/folhapopular.info\/index.php\/2021\/12\/05\/decisao-da-copa-35-anos-da-aslivata-e-hoje\/#breadcrumb"},"inLanguage":"pt-BR","potentialAction":[{"@type":"ReadAction","target":["https:\/\/folhapopular.info\/index.php\/2021\/12\/05\/decisao-da-copa-35-anos-da-aslivata-e-hoje\/"]}]},{"@type":"ImageObject","inLanguage":"pt-BR","@id":"https:\/\/folhapopular.info\/index.php\/2021\/12\/05\/decisao-da-copa-35-anos-da-aslivata-e-hoje\/#primaryimage","url":"https:\/\/folhapopular.info\/wp-content\/uploads\/2021\/12\/2021_11_28_RS_Boavistense-comeca-a-decidir-em-casa-e1638630943799.jpeg","contentUrl":"https:\/\/folhapopular.info\/wp-content\/uploads\/2021\/12\/2021_11_28_RS_Boavistense-comeca-a-decidir-em-casa-e1638630943799.jpeg","width":800,"height":369,"caption":"Boavistense come\u00e7a a decidir em casa \/ Cr\u00e9dito da foto: Rodrigo Schons \/ Especial FP"},{"@type":"BreadcrumbList","@id":"https:\/\/folhapopular.info\/index.php\/2021\/12\/05\/decisao-da-copa-35-anos-da-aslivata-e-hoje\/#breadcrumb","itemListElement":[{"@type":"ListItem","position":1,"name":"In\u00edcio","item":"https:\/\/folhapopular.info\/"},{"@type":"ListItem","position":2,"name":"Decis\u00e3o da Copa 35 anos da Aslivata \u00e9 hoje"}]},{"@type":"WebSite","@id":"https:\/\/folhapopular.info\/#website","url":"https:\/\/folhapopular.info\/","name":"Folha Popular","description":"Onde voc\u00ea tem vez e voz","potentialAction":[{"@type":"SearchAction","target":{"@type":"EntryPoint","urlTemplate":"https:\/\/folhapopular.info\/?s={search_term_string}"},"query-input":{"@type":"PropertyValueSpecification","valueRequired":true,"valueName":"search_term_string"}}],"inLanguage":"pt-BR"},{"@type":"Person","@id":"https:\/\/folhapopular.info\/#\/schema\/person\/533a15f60cd49e81ab3a90b4ca33cb36","name":"Lucas Leandro Brune","image":{"@type":"ImageObject","inLanguage":"pt-BR","@id":"https:\/\/folhapopular.info\/wp-content\/uploads\/2026\/04\/LUCAS-1-1.webp","url":"https:\/\/folhapopular.info\/wp-content\/uploads\/2026\/04\/LUCAS-1-1.webp","contentUrl":"https:\/\/folhapopular.info\/wp-content\/uploads\/2026\/04\/LUCAS-1-1.webp","caption":"Lucas Leandro Brune"},"description":"Jornalista Profissional Diplomado MTB\/RS 14.333","url":"https:\/\/folhapopular.info\/index.php\/author\/lucas-brune\/"}]}},"jetpack_featured_media_url":"https:\/\/folhapopular.info\/wp-content\/uploads\/2021\/12\/2021_11_28_RS_Boavistense-comeca-a-decidir-em-casa-e1638630943799.jpeg","jetpack_sharing_enabled":true,"amp_enabled":true,"_links":{"self":[{"href":"https:\/\/folhapopular.info\/index.php\/wp-json\/wp\/v2\/posts\/93887","targetHints":{"allow":["GET"]}}],"collection":[{"href":"https:\/\/folhapopular.info\/index.php\/wp-json\/wp\/v2\/posts"}],"about":[{"href":"https:\/\/folhapopular.info\/index.php\/wp-json\/wp\/v2\/types\/post"}],"author":[{"embeddable":true,"href":"https:\/\/folhapopular.info\/index.php\/wp-json\/wp\/v2\/users\/7"}],"replies":[{"embeddable":true,"href":"https:\/\/folhapopular.info\/index.php\/wp-json\/wp\/v2\/comments?post=93887"}],"version-history":[{"count":0,"href":"https:\/\/folhapopular.info\/index.php\/wp-json\/wp\/v2\/posts\/93887\/revisions"}],"wp:featuredmedia":[{"embeddable":true,"href":"https:\/\/folhapopular.info\/index.php\/wp-json\/wp\/v2\/media\/93888"}],"wp:attachment":[{"href":"https:\/\/folhapopular.info\/index.php\/wp-json\/wp\/v2\/media?parent=93887"}],"wp:term":[{"taxonomy":"category","embeddable":true,"href":"https:\/\/folhapopular.info\/index.php\/wp-json\/wp\/v2\/categories?post=93887"},{"taxonomy":"post_tag","embeddable":true,"href":"https:\/\/folhapopular.info\/index.php\/wp-json\/wp\/v2\/tags?post=93887"}],"curies":[{"name":"wp","href":"https:\/\/api.w.org\/{rel}","templated":true}]}}