{"id":93917,"date":"2021-12-05T18:58:44","date_gmt":"2021-12-05T21:58:44","guid":{"rendered":"https:\/\/folhapopular.info\/?p=93917"},"modified":"2021-12-05T19:08:15","modified_gmt":"2021-12-05T22:08:15","slug":"juventude-da-berlim-vence-primeira-final-da-copa-35-anos-aslivata","status":"publish","type":"post","link":"https:\/\/folhapopular.info\/index.php\/2021\/12\/05\/juventude-da-berlim-vence-primeira-final-da-copa-35-anos-aslivata\/","title":{"rendered":"Juventude da Berlim vence primeira final da Copa 35 anos Aslivata"},"content":{"rendered":"\n<p>O Juventude de Berlim &#8211; Westf\u00e1lia &#8211; venceu a primeira partida da final da Copa 35 anos da Aslivata &#8211; Ta\u00e7a da Amizade 2020. Na tarde deste domingo (5\/12), o Ju ganhou do Boavistense, em Boa Vista do Sul, por 2 a 1. O resultado deixa a equipe alviverde a um empate de seu segundo t\u00edtulo da competi\u00e7\u00e3o na categoria Titulares.<\/p>\n\n\n\n<p>O Juventude abriu o placar com Capela aos 31 minutos da etapa inicial. Manteve o resultado e ampliou a vantagem aos 33 minutos do segundo tempo com o meia Amarelinho: 2 a 0. O Boavistense descontou o placar aos 41 minutos da etapa final com Nani.<\/p>\n\n\n\n<p>O empate no jogo de volta dar\u00e1 o t\u00edtulo ao Juventude e evitar\u00e1 o quinto vice-campeonato. Para o Boavistense, s\u00f3 a vit\u00f3ria interessa para levar aos p\u00eanaltis e buscar o bicampeonato consecutivo.<\/p>\n\n\n\n<p>O jogo da volta est\u00e1 marcado para o pr\u00f3ximo domingo (12\/12), em Linha Berlim &#8211; Westf\u00e1lia. Os Aspirantes jogam \u00e0s 14h e os Titulares entram em campo \u00e0s 16h.<\/p>\n\n\n\n<figure class=\"wp-block-table is-style-stripes\"><table><tbody><tr><td><strong>Titulares<\/strong><\/td><\/tr><tr><td><strong>ANO<\/strong><\/td><td><strong>CAMPE\u00c3O<\/strong><\/td><td><strong>VICE-CAMPE\u00c3O<\/strong><\/td><\/tr><tr><td><strong>2013<\/strong><\/td><td><strong>Palmeiras<\/strong><\/td><td><strong>ECAS<\/strong><\/td><\/tr><tr><td><strong>2014<\/strong><\/td><td><strong>Juventude-We<\/strong><\/td><td><strong>ECAS<\/strong><\/td><\/tr><tr><td><strong>2015<\/strong><\/td><td><strong>ECAS<\/strong><\/td><td><strong>Juventude-We<\/strong><\/td><\/tr><tr><td><strong>2016<\/strong><\/td><td><strong>ECAS<\/strong><\/td><td><strong>Juventude-We<\/strong><\/td><\/tr><tr><td><strong>2017<\/strong><\/td><td><strong>ECAS<\/strong><\/td><td><strong>Juventude-We<\/strong><\/td><\/tr><tr><td><strong>2018<\/strong><\/td><td><strong>ECAS<\/strong><\/td><td><strong>Fluminense-We<\/strong><\/td><\/tr><tr><td><strong>2019<\/strong><\/td><td><strong>Boavistense<\/strong><\/td><td><strong>Juventude-We<\/strong><\/td><\/tr><\/tbody><\/table><\/figure>\n\n\n\n<figure class=\"wp-block-gallery columns-3 is-cropped wp-block-gallery-1 is-layout-flex wp-block-gallery-is-layout-flex\"><ul class=\"blocks-gallery-grid\"><li class=\"blocks-gallery-item\"><figure><img loading=\"lazy\" decoding=\"async\" width=\"1024\" height=\"472\" src=\"https:\/\/folhapopular.info\/wp-content\/uploads\/2021\/12\/WhatsApp-Image-2021-12-05-at-18.20.04-2-1024x472.jpeg\" alt=\"\" data-id=\"93921\" data-full-url=\"https:\/\/folhapopular.info\/wp-content\/uploads\/2021\/12\/WhatsApp-Image-2021-12-05-at-18.20.04-2.jpeg\" data-link=\"https:\/\/folhapopular.info\/?attachment_id=93921\" class=\"wp-image-93921\" srcset=\"https:\/\/folhapopular.info\/wp-content\/uploads\/2021\/12\/WhatsApp-Image-2021-12-05-at-18.20.04-2-1024x472.jpeg 1024w, https:\/\/folhapopular.info\/wp-content\/uploads\/2021\/12\/WhatsApp-Image-2021-12-05-at-18.20.04-2-300x138.jpeg 300w, https:\/\/folhapopular.info\/wp-content\/uploads\/2021\/12\/WhatsApp-Image-2021-12-05-at-18.20.04-2-768x354.jpeg 768w, https:\/\/folhapopular.info\/wp-content\/uploads\/2021\/12\/WhatsApp-Image-2021-12-05-at-18.20.04-2-1536x708.jpeg 1536w, https:\/\/folhapopular.info\/wp-content\/uploads\/2021\/12\/WhatsApp-Image-2021-12-05-at-18.20.04-2-696x321.jpeg 696w, https:\/\/folhapopular.info\/wp-content\/uploads\/2021\/12\/WhatsApp-Image-2021-12-05-at-18.20.04-2-1068x493.jpeg 1068w, https:\/\/folhapopular.info\/wp-content\/uploads\/2021\/12\/WhatsApp-Image-2021-12-05-at-18.20.04-2.jpeg 1600w\" sizes=\"auto, (max-width: 1024px) 100vw, 1024px\" \/><\/figure><\/li><li class=\"blocks-gallery-item\"><figure><img loading=\"lazy\" decoding=\"async\" width=\"1024\" height=\"472\" src=\"https:\/\/folhapopular.info\/wp-content\/uploads\/2021\/12\/WhatsApp-Image-2021-12-05-at-18.02.21-1024x472.jpeg\" alt=\"\" data-id=\"93922\" data-full-url=\"https:\/\/folhapopular.info\/wp-content\/uploads\/2021\/12\/WhatsApp-Image-2021-12-05-at-18.02.21.jpeg\" data-link=\"https:\/\/folhapopular.info\/?attachment_id=93922\" class=\"wp-image-93922\" srcset=\"https:\/\/folhapopular.info\/wp-content\/uploads\/2021\/12\/WhatsApp-Image-2021-12-05-at-18.02.21-1024x472.jpeg 1024w, https:\/\/folhapopular.info\/wp-content\/uploads\/2021\/12\/WhatsApp-Image-2021-12-05-at-18.02.21-300x138.jpeg 300w, https:\/\/folhapopular.info\/wp-content\/uploads\/2021\/12\/WhatsApp-Image-2021-12-05-at-18.02.21-768x354.jpeg 768w, https:\/\/folhapopular.info\/wp-content\/uploads\/2021\/12\/WhatsApp-Image-2021-12-05-at-18.02.21-1536x708.jpeg 1536w, https:\/\/folhapopular.info\/wp-content\/uploads\/2021\/12\/WhatsApp-Image-2021-12-05-at-18.02.21-696x321.jpeg 696w, https:\/\/folhapopular.info\/wp-content\/uploads\/2021\/12\/WhatsApp-Image-2021-12-05-at-18.02.21-1068x493.jpeg 1068w, https:\/\/folhapopular.info\/wp-content\/uploads\/2021\/12\/WhatsApp-Image-2021-12-05-at-18.02.21.jpeg 1600w\" sizes=\"auto, (max-width: 1024px) 100vw, 1024px\" \/><\/figure><\/li><li class=\"blocks-gallery-item\"><figure><img loading=\"lazy\" decoding=\"async\" width=\"1024\" height=\"472\" src=\"https:\/\/folhapopular.info\/wp-content\/uploads\/2021\/12\/WhatsApp-Image-2021-12-05-at-18.02.31-1024x472.jpeg\" alt=\"\" data-id=\"93923\" data-full-url=\"https:\/\/folhapopular.info\/wp-content\/uploads\/2021\/12\/WhatsApp-Image-2021-12-05-at-18.02.31.jpeg\" data-link=\"https:\/\/folhapopular.info\/?attachment_id=93923\" class=\"wp-image-93923\" srcset=\"https:\/\/folhapopular.info\/wp-content\/uploads\/2021\/12\/WhatsApp-Image-2021-12-05-at-18.02.31-1024x472.jpeg 1024w, https:\/\/folhapopular.info\/wp-content\/uploads\/2021\/12\/WhatsApp-Image-2021-12-05-at-18.02.31-300x138.jpeg 300w, https:\/\/folhapopular.info\/wp-content\/uploads\/2021\/12\/WhatsApp-Image-2021-12-05-at-18.02.31-768x354.jpeg 768w, https:\/\/folhapopular.info\/wp-content\/uploads\/2021\/12\/WhatsApp-Image-2021-12-05-at-18.02.31-1536x708.jpeg 1536w, https:\/\/folhapopular.info\/wp-content\/uploads\/2021\/12\/WhatsApp-Image-2021-12-05-at-18.02.31-696x321.jpeg 696w, https:\/\/folhapopular.info\/wp-content\/uploads\/2021\/12\/WhatsApp-Image-2021-12-05-at-18.02.31-1068x493.jpeg 1068w, https:\/\/folhapopular.info\/wp-content\/uploads\/2021\/12\/WhatsApp-Image-2021-12-05-at-18.02.31.jpeg 1600w\" sizes=\"auto, (max-width: 1024px) 100vw, 1024px\" \/><\/figure><\/li><li class=\"blocks-gallery-item\"><figure><img loading=\"lazy\" decoding=\"async\" width=\"1024\" height=\"472\" src=\"https:\/\/folhapopular.info\/wp-content\/uploads\/2021\/12\/WhatsApp-Image-2021-12-05-at-18.02.32-1024x472.jpeg\" alt=\"\" data-id=\"93924\" data-full-url=\"https:\/\/folhapopular.info\/wp-content\/uploads\/2021\/12\/WhatsApp-Image-2021-12-05-at-18.02.32.jpeg\" data-link=\"https:\/\/folhapopular.info\/?attachment_id=93924\" class=\"wp-image-93924\" srcset=\"https:\/\/folhapopular.info\/wp-content\/uploads\/2021\/12\/WhatsApp-Image-2021-12-05-at-18.02.32-1024x472.jpeg 1024w, https:\/\/folhapopular.info\/wp-content\/uploads\/2021\/12\/WhatsApp-Image-2021-12-05-at-18.02.32-300x138.jpeg 300w, https:\/\/folhapopular.info\/wp-content\/uploads\/2021\/12\/WhatsApp-Image-2021-12-05-at-18.02.32-768x354.jpeg 768w, https:\/\/folhapopular.info\/wp-content\/uploads\/2021\/12\/WhatsApp-Image-2021-12-05-at-18.02.32-1536x708.jpeg 1536w, https:\/\/folhapopular.info\/wp-content\/uploads\/2021\/12\/WhatsApp-Image-2021-12-05-at-18.02.32-696x321.jpeg 696w, https:\/\/folhapopular.info\/wp-content\/uploads\/2021\/12\/WhatsApp-Image-2021-12-05-at-18.02.32-1068x493.jpeg 1068w, https:\/\/folhapopular.info\/wp-content\/uploads\/2021\/12\/WhatsApp-Image-2021-12-05-at-18.02.32.jpeg 1600w\" sizes=\"auto, (max-width: 1024px) 100vw, 1024px\" \/><\/figure><\/li><li class=\"blocks-gallery-item\"><figure><img loading=\"lazy\" decoding=\"async\" width=\"1024\" height=\"472\" src=\"https:\/\/folhapopular.info\/wp-content\/uploads\/2021\/12\/WhatsApp-Image-2021-12-05-at-18.02.33-1024x472.jpeg\" alt=\"\" data-id=\"93925\" data-full-url=\"https:\/\/folhapopular.info\/wp-content\/uploads\/2021\/12\/WhatsApp-Image-2021-12-05-at-18.02.33.jpeg\" data-link=\"https:\/\/folhapopular.info\/?attachment_id=93925\" class=\"wp-image-93925\" srcset=\"https:\/\/folhapopular.info\/wp-content\/uploads\/2021\/12\/WhatsApp-Image-2021-12-05-at-18.02.33-1024x472.jpeg 1024w, https:\/\/folhapopular.info\/wp-content\/uploads\/2021\/12\/WhatsApp-Image-2021-12-05-at-18.02.33-300x138.jpeg 300w, https:\/\/folhapopular.info\/wp-content\/uploads\/2021\/12\/WhatsApp-Image-2021-12-05-at-18.02.33-768x354.jpeg 768w, https:\/\/folhapopular.info\/wp-content\/uploads\/2021\/12\/WhatsApp-Image-2021-12-05-at-18.02.33-1536x708.jpeg 1536w, https:\/\/folhapopular.info\/wp-content\/uploads\/2021\/12\/WhatsApp-Image-2021-12-05-at-18.02.33-696x321.jpeg 696w, https:\/\/folhapopular.info\/wp-content\/uploads\/2021\/12\/WhatsApp-Image-2021-12-05-at-18.02.33-1068x493.jpeg 1068w, https:\/\/folhapopular.info\/wp-content\/uploads\/2021\/12\/WhatsApp-Image-2021-12-05-at-18.02.33.jpeg 1600w\" sizes=\"auto, (max-width: 1024px) 100vw, 1024px\" \/><\/figure><\/li><li class=\"blocks-gallery-item\"><figure><img loading=\"lazy\" decoding=\"async\" width=\"1024\" height=\"472\" src=\"https:\/\/folhapopular.info\/wp-content\/uploads\/2021\/12\/WhatsApp-Image-2021-12-05-at-18.02.35-1024x472.jpeg\" alt=\"\" data-id=\"93926\" data-full-url=\"https:\/\/folhapopular.info\/wp-content\/uploads\/2021\/12\/WhatsApp-Image-2021-12-05-at-18.02.35.jpeg\" data-link=\"https:\/\/folhapopular.info\/?attachment_id=93926\" class=\"wp-image-93926\" srcset=\"https:\/\/folhapopular.info\/wp-content\/uploads\/2021\/12\/WhatsApp-Image-2021-12-05-at-18.02.35-1024x472.jpeg 1024w, https:\/\/folhapopular.info\/wp-content\/uploads\/2021\/12\/WhatsApp-Image-2021-12-05-at-18.02.35-300x138.jpeg 300w, https:\/\/folhapopular.info\/wp-content\/uploads\/2021\/12\/WhatsApp-Image-2021-12-05-at-18.02.35-768x354.jpeg 768w, https:\/\/folhapopular.info\/wp-content\/uploads\/2021\/12\/WhatsApp-Image-2021-12-05-at-18.02.35-1536x708.jpeg 1536w, https:\/\/folhapopular.info\/wp-content\/uploads\/2021\/12\/WhatsApp-Image-2021-12-05-at-18.02.35-696x321.jpeg 696w, https:\/\/folhapopular.info\/wp-content\/uploads\/2021\/12\/WhatsApp-Image-2021-12-05-at-18.02.35-1068x493.jpeg 1068w, https:\/\/folhapopular.info\/wp-content\/uploads\/2021\/12\/WhatsApp-Image-2021-12-05-at-18.02.35.jpeg 1600w\" sizes=\"auto, (max-width: 1024px) 100vw, 1024px\" \/><\/figure><\/li><li class=\"blocks-gallery-item\"><figure><img loading=\"lazy\" decoding=\"async\" width=\"1024\" height=\"472\" src=\"https:\/\/folhapopular.info\/wp-content\/uploads\/2021\/12\/WhatsApp-Image-2021-12-05-at-18.02.41-1024x472.jpeg\" alt=\"\" data-id=\"93927\" data-full-url=\"https:\/\/folhapopular.info\/wp-content\/uploads\/2021\/12\/WhatsApp-Image-2021-12-05-at-18.02.41.jpeg\" data-link=\"https:\/\/folhapopular.info\/?attachment_id=93927\" class=\"wp-image-93927\" srcset=\"https:\/\/folhapopular.info\/wp-content\/uploads\/2021\/12\/WhatsApp-Image-2021-12-05-at-18.02.41-1024x472.jpeg 1024w, https:\/\/folhapopular.info\/wp-content\/uploads\/2021\/12\/WhatsApp-Image-2021-12-05-at-18.02.41-300x138.jpeg 300w, https:\/\/folhapopular.info\/wp-content\/uploads\/2021\/12\/WhatsApp-Image-2021-12-05-at-18.02.41-768x354.jpeg 768w, https:\/\/folhapopular.info\/wp-content\/uploads\/2021\/12\/WhatsApp-Image-2021-12-05-at-18.02.41-1536x708.jpeg 1536w, https:\/\/folhapopular.info\/wp-content\/uploads\/2021\/12\/WhatsApp-Image-2021-12-05-at-18.02.41-696x321.jpeg 696w, https:\/\/folhapopular.info\/wp-content\/uploads\/2021\/12\/WhatsApp-Image-2021-12-05-at-18.02.41-1068x493.jpeg 1068w, https:\/\/folhapopular.info\/wp-content\/uploads\/2021\/12\/WhatsApp-Image-2021-12-05-at-18.02.41.jpeg 1600w\" sizes=\"auto, (max-width: 1024px) 100vw, 1024px\" \/><\/figure><\/li><li class=\"blocks-gallery-item\"><figure><img loading=\"lazy\" decoding=\"async\" width=\"1024\" height=\"472\" src=\"https:\/\/folhapopular.info\/wp-content\/uploads\/2021\/12\/WhatsApp-Image-2021-12-05-at-18.02.53-1024x472.jpeg\" alt=\"\" data-id=\"93928\" data-full-url=\"https:\/\/folhapopular.info\/wp-content\/uploads\/2021\/12\/WhatsApp-Image-2021-12-05-at-18.02.53.jpeg\" data-link=\"https:\/\/folhapopular.info\/?attachment_id=93928\" class=\"wp-image-93928\" srcset=\"https:\/\/folhapopular.info\/wp-content\/uploads\/2021\/12\/WhatsApp-Image-2021-12-05-at-18.02.53-1024x472.jpeg 1024w, https:\/\/folhapopular.info\/wp-content\/uploads\/2021\/12\/WhatsApp-Image-2021-12-05-at-18.02.53-300x138.jpeg 300w, https:\/\/folhapopular.info\/wp-content\/uploads\/2021\/12\/WhatsApp-Image-2021-12-05-at-18.02.53-768x354.jpeg 768w, https:\/\/folhapopular.info\/wp-content\/uploads\/2021\/12\/WhatsApp-Image-2021-12-05-at-18.02.53-1536x708.jpeg 1536w, https:\/\/folhapopular.info\/wp-content\/uploads\/2021\/12\/WhatsApp-Image-2021-12-05-at-18.02.53-696x321.jpeg 696w, https:\/\/folhapopular.info\/wp-content\/uploads\/2021\/12\/WhatsApp-Image-2021-12-05-at-18.02.53-1068x493.jpeg 1068w, https:\/\/folhapopular.info\/wp-content\/uploads\/2021\/12\/WhatsApp-Image-2021-12-05-at-18.02.53.jpeg 1600w\" sizes=\"auto, (max-width: 1024px) 100vw, 1024px\" \/><figcaption class=\"blocks-gallery-item__caption\">Juventude tenta seu segundo t\u00edtulo na competi\u00e7\u00e3o \/\/ Cr\u00e9dito: Rodrigo Schons \/ Especial FP<\/figcaption><\/figure><\/li><li class=\"blocks-gallery-item\"><figure><img loading=\"lazy\" decoding=\"async\" width=\"1024\" height=\"472\" src=\"https:\/\/folhapopular.info\/wp-content\/uploads\/2021\/12\/WhatsApp-Image-2021-12-05-at-18.20.03-1-1024x472.jpeg\" alt=\"\" data-id=\"93929\" data-full-url=\"https:\/\/folhapopular.info\/wp-content\/uploads\/2021\/12\/WhatsApp-Image-2021-12-05-at-18.20.03-1.jpeg\" data-link=\"https:\/\/folhapopular.info\/?attachment_id=93929\" class=\"wp-image-93929\" srcset=\"https:\/\/folhapopular.info\/wp-content\/uploads\/2021\/12\/WhatsApp-Image-2021-12-05-at-18.20.03-1-1024x472.jpeg 1024w, https:\/\/folhapopular.info\/wp-content\/uploads\/2021\/12\/WhatsApp-Image-2021-12-05-at-18.20.03-1-300x138.jpeg 300w, https:\/\/folhapopular.info\/wp-content\/uploads\/2021\/12\/WhatsApp-Image-2021-12-05-at-18.20.03-1-768x354.jpeg 768w, https:\/\/folhapopular.info\/wp-content\/uploads\/2021\/12\/WhatsApp-Image-2021-12-05-at-18.20.03-1-1536x708.jpeg 1536w, https:\/\/folhapopular.info\/wp-content\/uploads\/2021\/12\/WhatsApp-Image-2021-12-05-at-18.20.03-1-696x321.jpeg 696w, https:\/\/folhapopular.info\/wp-content\/uploads\/2021\/12\/WhatsApp-Image-2021-12-05-at-18.20.03-1-1068x493.jpeg 1068w, https:\/\/folhapopular.info\/wp-content\/uploads\/2021\/12\/WhatsApp-Image-2021-12-05-at-18.20.03-1.jpeg 1600w\" sizes=\"auto, (max-width: 1024px) 100vw, 1024px\" \/><figcaption class=\"blocks-gallery-item__caption\">Boavistense perdeu em casa e precisa vencer fora para levar a p\u00eanaltis \/\/ Cr\u00e9dito: Rodrigo Schons \/ Especial FP<\/figcaption><\/figure><\/li><li class=\"blocks-gallery-item\"><figure><img loading=\"lazy\" decoding=\"async\" width=\"1024\" height=\"472\" src=\"https:\/\/folhapopular.info\/wp-content\/uploads\/2021\/12\/WhatsApp-Image-2021-12-05-at-18.20.03-2-1024x472.jpeg\" alt=\"\" data-id=\"93930\" data-full-url=\"https:\/\/folhapopular.info\/wp-content\/uploads\/2021\/12\/WhatsApp-Image-2021-12-05-at-18.20.03-2.jpeg\" data-link=\"https:\/\/folhapopular.info\/?attachment_id=93930\" class=\"wp-image-93930\" srcset=\"https:\/\/folhapopular.info\/wp-content\/uploads\/2021\/12\/WhatsApp-Image-2021-12-05-at-18.20.03-2-1024x472.jpeg 1024w, https:\/\/folhapopular.info\/wp-content\/uploads\/2021\/12\/WhatsApp-Image-2021-12-05-at-18.20.03-2-300x138.jpeg 300w, https:\/\/folhapopular.info\/wp-content\/uploads\/2021\/12\/WhatsApp-Image-2021-12-05-at-18.20.03-2-768x354.jpeg 768w, https:\/\/folhapopular.info\/wp-content\/uploads\/2021\/12\/WhatsApp-Image-2021-12-05-at-18.20.03-2-1536x708.jpeg 1536w, https:\/\/folhapopular.info\/wp-content\/uploads\/2021\/12\/WhatsApp-Image-2021-12-05-at-18.20.03-2-696x321.jpeg 696w, https:\/\/folhapopular.info\/wp-content\/uploads\/2021\/12\/WhatsApp-Image-2021-12-05-at-18.20.03-2-1068x493.jpeg 1068w, https:\/\/folhapopular.info\/wp-content\/uploads\/2021\/12\/WhatsApp-Image-2021-12-05-at-18.20.03-2.jpeg 1600w\" sizes=\"auto, (max-width: 1024px) 100vw, 1024px\" \/><\/figure><\/li><li class=\"blocks-gallery-item\"><figure><img loading=\"lazy\" decoding=\"async\" width=\"1024\" height=\"472\" src=\"https:\/\/folhapopular.info\/wp-content\/uploads\/2021\/12\/WhatsApp-Image-2021-12-05-at-18.02.38-1024x472.jpeg\" alt=\"\" data-id=\"93919\" data-full-url=\"https:\/\/folhapopular.info\/wp-content\/uploads\/2021\/12\/WhatsApp-Image-2021-12-05-at-18.02.38.jpeg\" data-link=\"https:\/\/folhapopular.info\/?attachment_id=93919\" class=\"wp-image-93919\" srcset=\"https:\/\/folhapopular.info\/wp-content\/uploads\/2021\/12\/WhatsApp-Image-2021-12-05-at-18.02.38-1024x472.jpeg 1024w, https:\/\/folhapopular.info\/wp-content\/uploads\/2021\/12\/WhatsApp-Image-2021-12-05-at-18.02.38-300x138.jpeg 300w, https:\/\/folhapopular.info\/wp-content\/uploads\/2021\/12\/WhatsApp-Image-2021-12-05-at-18.02.38-768x354.jpeg 768w, https:\/\/folhapopular.info\/wp-content\/uploads\/2021\/12\/WhatsApp-Image-2021-12-05-at-18.02.38-1536x708.jpeg 1536w, https:\/\/folhapopular.info\/wp-content\/uploads\/2021\/12\/WhatsApp-Image-2021-12-05-at-18.02.38-696x321.jpeg 696w, https:\/\/folhapopular.info\/wp-content\/uploads\/2021\/12\/WhatsApp-Image-2021-12-05-at-18.02.38-1068x493.jpeg 1068w, https:\/\/folhapopular.info\/wp-content\/uploads\/2021\/12\/WhatsApp-Image-2021-12-05-at-18.02.38.jpeg 1600w\" sizes=\"auto, (max-width: 1024px) 100vw, 1024px\" \/><\/figure><\/li><\/ul><\/figure>\n","protected":false},"excerpt":{"rendered":"<p>O Juventude de Berlim &#8211; Westf\u00e1lia &#8211; venceu a primeira partida da final da Copa 35 anos da Aslivata &#8211; Ta\u00e7a da Amizade 2020. Na tarde deste domingo (5\/12), o Ju ganhou do Boavistense, em Boa Vista do Sul, por 2 a 1. O resultado deixa a equipe alviverde a um empate de seu segundo [&hellip;]<\/p>\n","protected":false},"author":7,"featured_media":93920,"comment_status":"open","ping_status":"open","sticky":false,"template":"","format":"standard","meta":{"pmpro_default_level":"","_jetpack_memberships_contains_paid_content":false,"footnotes":""},"categories":[5,240,50],"tags":[1404,5385,25],"class_list":{"0":"post-93917","1":"post","2":"type-post","3":"status-publish","4":"format-standard","5":"has-post-thumbnail","7":"category-esportes","8":"category-futebol-amador","9":"category-taca_amizade","10":"tag-boa-vista-do-sul","11":"tag-copa-35-anos-aslivata","12":"tag-westfalia","13":"pmpro-has-access"},"yoast_head":"<!-- This site is optimized with the Yoast SEO plugin v27.5 - https:\/\/yoast.com\/product\/yoast-seo-wordpress\/ -->\n<title>Juventude da Berlim vence primeira final da Copa 35 anos Aslivata - Folha Popular<\/title>\n<meta name=\"robots\" content=\"index, follow, max-snippet:-1, max-image-preview:large, max-video-preview:-1\" \/>\n<link rel=\"canonical\" href=\"https:\/\/folhapopular.info\/index.php\/2021\/12\/05\/juventude-da-berlim-vence-primeira-final-da-copa-35-anos-aslivata\/\" \/>\n<meta property=\"og:locale\" content=\"pt_BR\" \/>\n<meta property=\"og:type\" content=\"article\" \/>\n<meta property=\"og:title\" content=\"Juventude da Berlim vence primeira final da Copa 35 anos Aslivata - Folha Popular\" \/>\n<meta property=\"og:description\" content=\"O Juventude de Berlim &#8211; Westf\u00e1lia &#8211; venceu a primeira partida da final da Copa 35 anos da Aslivata &#8211; Ta\u00e7a da Amizade 2020. Na tarde deste domingo (5\/12), o Ju ganhou do Boavistense, em Boa Vista do Sul, por 2 a 1. O resultado deixa a equipe alviverde a um empate de seu segundo [&hellip;]\" \/>\n<meta property=\"og:url\" content=\"https:\/\/folhapopular.info\/index.php\/2021\/12\/05\/juventude-da-berlim-vence-primeira-final-da-copa-35-anos-aslivata\/\" \/>\n<meta property=\"og:site_name\" content=\"Folha Popular\" \/>\n<meta property=\"article:published_time\" content=\"2021-12-05T21:58:44+00:00\" \/>\n<meta property=\"article:modified_time\" content=\"2021-12-05T22:08:15+00:00\" \/>\n<meta property=\"og:image\" content=\"http:\/\/folhapopular.info\/wp-content\/uploads\/2021\/12\/WhatsApp-Image-2021-12-05-at-18.20.03-3.jpeg\" \/>\n\t<meta property=\"og:image:width\" content=\"1600\" \/>\n\t<meta property=\"og:image:height\" content=\"738\" \/>\n\t<meta property=\"og:image:type\" content=\"image\/jpeg\" \/>\n<meta name=\"author\" content=\"Lucas Leandro Brune\" \/>\n<meta name=\"twitter:card\" content=\"summary_large_image\" \/>\n<meta name=\"twitter:label1\" content=\"Escrito por\" \/>\n\t<meta name=\"twitter:data1\" content=\"Lucas Leandro Brune\" \/>\n\t<meta name=\"twitter:label2\" content=\"Est. tempo de leitura\" \/>\n\t<meta name=\"twitter:data2\" content=\"4 minutos\" \/>\n<script type=\"application\/ld+json\" class=\"yoast-schema-graph\">{\"@context\":\"https:\\\/\\\/schema.org\",\"@graph\":[{\"@type\":\"Article\",\"@id\":\"https:\\\/\\\/folhapopular.info\\\/index.php\\\/2021\\\/12\\\/05\\\/juventude-da-berlim-vence-primeira-final-da-copa-35-anos-aslivata\\\/#article\",\"isPartOf\":{\"@id\":\"https:\\\/\\\/folhapopular.info\\\/index.php\\\/2021\\\/12\\\/05\\\/juventude-da-berlim-vence-primeira-final-da-copa-35-anos-aslivata\\\/\"},\"author\":{\"name\":\"Lucas Leandro Brune\",\"@id\":\"https:\\\/\\\/folhapopular.info\\\/#\\\/schema\\\/person\\\/533a15f60cd49e81ab3a90b4ca33cb36\"},\"headline\":\"Juventude da Berlim vence primeira final da Copa 35 anos Aslivata\",\"datePublished\":\"2021-12-05T21:58:44+00:00\",\"dateModified\":\"2021-12-05T22:08:15+00:00\",\"mainEntityOfPage\":{\"@id\":\"https:\\\/\\\/folhapopular.info\\\/index.php\\\/2021\\\/12\\\/05\\\/juventude-da-berlim-vence-primeira-final-da-copa-35-anos-aslivata\\\/\"},\"wordCount\":230,\"commentCount\":0,\"image\":{\"@id\":\"https:\\\/\\\/folhapopular.info\\\/index.php\\\/2021\\\/12\\\/05\\\/juventude-da-berlim-vence-primeira-final-da-copa-35-anos-aslivata\\\/#primaryimage\"},\"thumbnailUrl\":\"https:\\\/\\\/folhapopular.info\\\/wp-content\\\/uploads\\\/2021\\\/12\\\/WhatsApp-Image-2021-12-05-at-18.20.03-3.jpeg\",\"keywords\":[\"Boa Vista do Sul\",\"Copa 35 anos Aslivata\",\"Westf\u00e1lia\"],\"articleSection\":[\"Esportes\",\"Futebol Amador\",\"Ta\u00e7a da Amizade\"],\"inLanguage\":\"pt-BR\",\"potentialAction\":[{\"@type\":\"CommentAction\",\"name\":\"Comment\",\"target\":[\"https:\\\/\\\/folhapopular.info\\\/index.php\\\/2021\\\/12\\\/05\\\/juventude-da-berlim-vence-primeira-final-da-copa-35-anos-aslivata\\\/#respond\"]}]},{\"@type\":\"WebPage\",\"@id\":\"https:\\\/\\\/folhapopular.info\\\/index.php\\\/2021\\\/12\\\/05\\\/juventude-da-berlim-vence-primeira-final-da-copa-35-anos-aslivata\\\/\",\"url\":\"https:\\\/\\\/folhapopular.info\\\/index.php\\\/2021\\\/12\\\/05\\\/juventude-da-berlim-vence-primeira-final-da-copa-35-anos-aslivata\\\/\",\"name\":\"Juventude da Berlim vence primeira final da Copa 35 anos Aslivata - Folha Popular\",\"isPartOf\":{\"@id\":\"https:\\\/\\\/folhapopular.info\\\/#website\"},\"primaryImageOfPage\":{\"@id\":\"https:\\\/\\\/folhapopular.info\\\/index.php\\\/2021\\\/12\\\/05\\\/juventude-da-berlim-vence-primeira-final-da-copa-35-anos-aslivata\\\/#primaryimage\"},\"image\":{\"@id\":\"https:\\\/\\\/folhapopular.info\\\/index.php\\\/2021\\\/12\\\/05\\\/juventude-da-berlim-vence-primeira-final-da-copa-35-anos-aslivata\\\/#primaryimage\"},\"thumbnailUrl\":\"https:\\\/\\\/folhapopular.info\\\/wp-content\\\/uploads\\\/2021\\\/12\\\/WhatsApp-Image-2021-12-05-at-18.20.03-3.jpeg\",\"datePublished\":\"2021-12-05T21:58:44+00:00\",\"dateModified\":\"2021-12-05T22:08:15+00:00\",\"author\":{\"@id\":\"https:\\\/\\\/folhapopular.info\\\/#\\\/schema\\\/person\\\/533a15f60cd49e81ab3a90b4ca33cb36\"},\"breadcrumb\":{\"@id\":\"https:\\\/\\\/folhapopular.info\\\/index.php\\\/2021\\\/12\\\/05\\\/juventude-da-berlim-vence-primeira-final-da-copa-35-anos-aslivata\\\/#breadcrumb\"},\"inLanguage\":\"pt-BR\",\"potentialAction\":[{\"@type\":\"ReadAction\",\"target\":[\"https:\\\/\\\/folhapopular.info\\\/index.php\\\/2021\\\/12\\\/05\\\/juventude-da-berlim-vence-primeira-final-da-copa-35-anos-aslivata\\\/\"]}]},{\"@type\":\"ImageObject\",\"inLanguage\":\"pt-BR\",\"@id\":\"https:\\\/\\\/folhapopular.info\\\/index.php\\\/2021\\\/12\\\/05\\\/juventude-da-berlim-vence-primeira-final-da-copa-35-anos-aslivata\\\/#primaryimage\",\"url\":\"https:\\\/\\\/folhapopular.info\\\/wp-content\\\/uploads\\\/2021\\\/12\\\/WhatsApp-Image-2021-12-05-at-18.20.03-3.jpeg\",\"contentUrl\":\"https:\\\/\\\/folhapopular.info\\\/wp-content\\\/uploads\\\/2021\\\/12\\\/WhatsApp-Image-2021-12-05-at-18.20.03-3.jpeg\",\"width\":1600,\"height\":738,\"caption\":\"Capela (com a bola) e Amarelinho (e) fizeram os gols da vit\u00f3ria do Juventude \\\/\\\/ Cr\u00e9dito: Rodrigo Schons \\\/ Especial FP\"},{\"@type\":\"BreadcrumbList\",\"@id\":\"https:\\\/\\\/folhapopular.info\\\/index.php\\\/2021\\\/12\\\/05\\\/juventude-da-berlim-vence-primeira-final-da-copa-35-anos-aslivata\\\/#breadcrumb\",\"itemListElement\":[{\"@type\":\"ListItem\",\"position\":1,\"name\":\"In\u00edcio\",\"item\":\"https:\\\/\\\/folhapopular.info\\\/\"},{\"@type\":\"ListItem\",\"position\":2,\"name\":\"Juventude da Berlim vence primeira final da Copa 35 anos Aslivata\"}]},{\"@type\":\"WebSite\",\"@id\":\"https:\\\/\\\/folhapopular.info\\\/#website\",\"url\":\"https:\\\/\\\/folhapopular.info\\\/\",\"name\":\"Folha Popular\",\"description\":\"Onde voc\u00ea tem vez e voz\",\"potentialAction\":[{\"@type\":\"SearchAction\",\"target\":{\"@type\":\"EntryPoint\",\"urlTemplate\":\"https:\\\/\\\/folhapopular.info\\\/?s={search_term_string}\"},\"query-input\":{\"@type\":\"PropertyValueSpecification\",\"valueRequired\":true,\"valueName\":\"search_term_string\"}}],\"inLanguage\":\"pt-BR\"},{\"@type\":\"Person\",\"@id\":\"https:\\\/\\\/folhapopular.info\\\/#\\\/schema\\\/person\\\/533a15f60cd49e81ab3a90b4ca33cb36\",\"name\":\"Lucas Leandro Brune\",\"image\":{\"@type\":\"ImageObject\",\"inLanguage\":\"pt-BR\",\"@id\":\"https:\\\/\\\/folhapopular.info\\\/wp-content\\\/uploads\\\/2026\\\/04\\\/LUCAS-1-1.webp\",\"url\":\"https:\\\/\\\/folhapopular.info\\\/wp-content\\\/uploads\\\/2026\\\/04\\\/LUCAS-1-1.webp\",\"contentUrl\":\"https:\\\/\\\/folhapopular.info\\\/wp-content\\\/uploads\\\/2026\\\/04\\\/LUCAS-1-1.webp\",\"caption\":\"Lucas Leandro Brune\"},\"description\":\"Jornalista Profissional Diplomado MTB\\\/RS 14.333\",\"url\":\"https:\\\/\\\/folhapopular.info\\\/index.php\\\/author\\\/lucas-brune\\\/\"}]}<\/script>\n<!-- \/ Yoast SEO plugin. -->","yoast_head_json":{"title":"Juventude da Berlim vence primeira final da Copa 35 anos Aslivata - Folha Popular","robots":{"index":"index","follow":"follow","max-snippet":"max-snippet:-1","max-image-preview":"max-image-preview:large","max-video-preview":"max-video-preview:-1"},"canonical":"https:\/\/folhapopular.info\/index.php\/2021\/12\/05\/juventude-da-berlim-vence-primeira-final-da-copa-35-anos-aslivata\/","og_locale":"pt_BR","og_type":"article","og_title":"Juventude da Berlim vence primeira final da Copa 35 anos Aslivata - Folha Popular","og_description":"O Juventude de Berlim &#8211; Westf\u00e1lia &#8211; venceu a primeira partida da final da Copa 35 anos da Aslivata &#8211; Ta\u00e7a da Amizade 2020. Na tarde deste domingo (5\/12), o Ju ganhou do Boavistense, em Boa Vista do Sul, por 2 a 1. O resultado deixa a equipe alviverde a um empate de seu segundo [&hellip;]","og_url":"https:\/\/folhapopular.info\/index.php\/2021\/12\/05\/juventude-da-berlim-vence-primeira-final-da-copa-35-anos-aslivata\/","og_site_name":"Folha Popular","article_published_time":"2021-12-05T21:58:44+00:00","article_modified_time":"2021-12-05T22:08:15+00:00","og_image":[{"width":1600,"height":738,"url":"http:\/\/folhapopular.info\/wp-content\/uploads\/2021\/12\/WhatsApp-Image-2021-12-05-at-18.20.03-3.jpeg","type":"image\/jpeg"}],"author":"Lucas Leandro Brune","twitter_card":"summary_large_image","twitter_misc":{"Escrito por":"Lucas Leandro Brune","Est. tempo de leitura":"4 minutos"},"schema":{"@context":"https:\/\/schema.org","@graph":[{"@type":"Article","@id":"https:\/\/folhapopular.info\/index.php\/2021\/12\/05\/juventude-da-berlim-vence-primeira-final-da-copa-35-anos-aslivata\/#article","isPartOf":{"@id":"https:\/\/folhapopular.info\/index.php\/2021\/12\/05\/juventude-da-berlim-vence-primeira-final-da-copa-35-anos-aslivata\/"},"author":{"name":"Lucas Leandro Brune","@id":"https:\/\/folhapopular.info\/#\/schema\/person\/533a15f60cd49e81ab3a90b4ca33cb36"},"headline":"Juventude da Berlim vence primeira final da Copa 35 anos Aslivata","datePublished":"2021-12-05T21:58:44+00:00","dateModified":"2021-12-05T22:08:15+00:00","mainEntityOfPage":{"@id":"https:\/\/folhapopular.info\/index.php\/2021\/12\/05\/juventude-da-berlim-vence-primeira-final-da-copa-35-anos-aslivata\/"},"wordCount":230,"commentCount":0,"image":{"@id":"https:\/\/folhapopular.info\/index.php\/2021\/12\/05\/juventude-da-berlim-vence-primeira-final-da-copa-35-anos-aslivata\/#primaryimage"},"thumbnailUrl":"https:\/\/folhapopular.info\/wp-content\/uploads\/2021\/12\/WhatsApp-Image-2021-12-05-at-18.20.03-3.jpeg","keywords":["Boa Vista do Sul","Copa 35 anos Aslivata","Westf\u00e1lia"],"articleSection":["Esportes","Futebol Amador","Ta\u00e7a da Amizade"],"inLanguage":"pt-BR","potentialAction":[{"@type":"CommentAction","name":"Comment","target":["https:\/\/folhapopular.info\/index.php\/2021\/12\/05\/juventude-da-berlim-vence-primeira-final-da-copa-35-anos-aslivata\/#respond"]}]},{"@type":"WebPage","@id":"https:\/\/folhapopular.info\/index.php\/2021\/12\/05\/juventude-da-berlim-vence-primeira-final-da-copa-35-anos-aslivata\/","url":"https:\/\/folhapopular.info\/index.php\/2021\/12\/05\/juventude-da-berlim-vence-primeira-final-da-copa-35-anos-aslivata\/","name":"Juventude da Berlim vence primeira final da Copa 35 anos Aslivata - Folha Popular","isPartOf":{"@id":"https:\/\/folhapopular.info\/#website"},"primaryImageOfPage":{"@id":"https:\/\/folhapopular.info\/index.php\/2021\/12\/05\/juventude-da-berlim-vence-primeira-final-da-copa-35-anos-aslivata\/#primaryimage"},"image":{"@id":"https:\/\/folhapopular.info\/index.php\/2021\/12\/05\/juventude-da-berlim-vence-primeira-final-da-copa-35-anos-aslivata\/#primaryimage"},"thumbnailUrl":"https:\/\/folhapopular.info\/wp-content\/uploads\/2021\/12\/WhatsApp-Image-2021-12-05-at-18.20.03-3.jpeg","datePublished":"2021-12-05T21:58:44+00:00","dateModified":"2021-12-05T22:08:15+00:00","author":{"@id":"https:\/\/folhapopular.info\/#\/schema\/person\/533a15f60cd49e81ab3a90b4ca33cb36"},"breadcrumb":{"@id":"https:\/\/folhapopular.info\/index.php\/2021\/12\/05\/juventude-da-berlim-vence-primeira-final-da-copa-35-anos-aslivata\/#breadcrumb"},"inLanguage":"pt-BR","potentialAction":[{"@type":"ReadAction","target":["https:\/\/folhapopular.info\/index.php\/2021\/12\/05\/juventude-da-berlim-vence-primeira-final-da-copa-35-anos-aslivata\/"]}]},{"@type":"ImageObject","inLanguage":"pt-BR","@id":"https:\/\/folhapopular.info\/index.php\/2021\/12\/05\/juventude-da-berlim-vence-primeira-final-da-copa-35-anos-aslivata\/#primaryimage","url":"https:\/\/folhapopular.info\/wp-content\/uploads\/2021\/12\/WhatsApp-Image-2021-12-05-at-18.20.03-3.jpeg","contentUrl":"https:\/\/folhapopular.info\/wp-content\/uploads\/2021\/12\/WhatsApp-Image-2021-12-05-at-18.20.03-3.jpeg","width":1600,"height":738,"caption":"Capela (com a bola) e Amarelinho (e) fizeram os gols da vit\u00f3ria do Juventude \/\/ Cr\u00e9dito: Rodrigo Schons \/ Especial FP"},{"@type":"BreadcrumbList","@id":"https:\/\/folhapopular.info\/index.php\/2021\/12\/05\/juventude-da-berlim-vence-primeira-final-da-copa-35-anos-aslivata\/#breadcrumb","itemListElement":[{"@type":"ListItem","position":1,"name":"In\u00edcio","item":"https:\/\/folhapopular.info\/"},{"@type":"ListItem","position":2,"name":"Juventude da Berlim vence primeira final da Copa 35 anos Aslivata"}]},{"@type":"WebSite","@id":"https:\/\/folhapopular.info\/#website","url":"https:\/\/folhapopular.info\/","name":"Folha Popular","description":"Onde voc\u00ea tem vez e voz","potentialAction":[{"@type":"SearchAction","target":{"@type":"EntryPoint","urlTemplate":"https:\/\/folhapopular.info\/?s={search_term_string}"},"query-input":{"@type":"PropertyValueSpecification","valueRequired":true,"valueName":"search_term_string"}}],"inLanguage":"pt-BR"},{"@type":"Person","@id":"https:\/\/folhapopular.info\/#\/schema\/person\/533a15f60cd49e81ab3a90b4ca33cb36","name":"Lucas Leandro Brune","image":{"@type":"ImageObject","inLanguage":"pt-BR","@id":"https:\/\/folhapopular.info\/wp-content\/uploads\/2026\/04\/LUCAS-1-1.webp","url":"https:\/\/folhapopular.info\/wp-content\/uploads\/2026\/04\/LUCAS-1-1.webp","contentUrl":"https:\/\/folhapopular.info\/wp-content\/uploads\/2026\/04\/LUCAS-1-1.webp","caption":"Lucas Leandro Brune"},"description":"Jornalista Profissional Diplomado MTB\/RS 14.333","url":"https:\/\/folhapopular.info\/index.php\/author\/lucas-brune\/"}]}},"jetpack_featured_media_url":"https:\/\/folhapopular.info\/wp-content\/uploads\/2021\/12\/WhatsApp-Image-2021-12-05-at-18.20.03-3.jpeg","jetpack_sharing_enabled":true,"amp_enabled":true,"_links":{"self":[{"href":"https:\/\/folhapopular.info\/index.php\/wp-json\/wp\/v2\/posts\/93917","targetHints":{"allow":["GET"]}}],"collection":[{"href":"https:\/\/folhapopular.info\/index.php\/wp-json\/wp\/v2\/posts"}],"about":[{"href":"https:\/\/folhapopular.info\/index.php\/wp-json\/wp\/v2\/types\/post"}],"author":[{"embeddable":true,"href":"https:\/\/folhapopular.info\/index.php\/wp-json\/wp\/v2\/users\/7"}],"replies":[{"embeddable":true,"href":"https:\/\/folhapopular.info\/index.php\/wp-json\/wp\/v2\/comments?post=93917"}],"version-history":[{"count":0,"href":"https:\/\/folhapopular.info\/index.php\/wp-json\/wp\/v2\/posts\/93917\/revisions"}],"wp:featuredmedia":[{"embeddable":true,"href":"https:\/\/folhapopular.info\/index.php\/wp-json\/wp\/v2\/media\/93920"}],"wp:attachment":[{"href":"https:\/\/folhapopular.info\/index.php\/wp-json\/wp\/v2\/media?parent=93917"}],"wp:term":[{"taxonomy":"category","embeddable":true,"href":"https:\/\/folhapopular.info\/index.php\/wp-json\/wp\/v2\/categories?post=93917"},{"taxonomy":"post_tag","embeddable":true,"href":"https:\/\/folhapopular.info\/index.php\/wp-json\/wp\/v2\/tags?post=93917"}],"curies":[{"name":"wp","href":"https:\/\/api.w.org\/{rel}","templated":true}]}}