{"id":94545,"date":"2021-12-13T14:52:39","date_gmt":"2021-12-13T17:52:39","guid":{"rendered":"https:\/\/folhapopular.info\/?p=94545"},"modified":"2021-12-13T15:06:29","modified_gmt":"2021-12-13T18:06:29","slug":"festival-internacional-de-estrela-de-volei-feminino-iniciou-na-sexta-feira","status":"publish","type":"post","link":"https:\/\/folhapopular.info\/index.php\/2021\/12\/13\/festival-internacional-de-estrela-de-volei-feminino-iniciou-na-sexta-feira\/","title":{"rendered":"Festival Internacional de Estrela de V\u00f4lei Feminino iniciou na sexta-feira"},"content":{"rendered":"\n<p> O 14\u00ba\u00a0Festival\u00a0Internacional\u00a0Cidade de\u00a0Estrela\u00a0de V\u00f4lei Feminino, promovido pela Avates, come\u00e7ou nesta sexta-feira (10\/12), \u00e0s 16h, e se estende at\u00e9 a segunda-feira (13\/12). Para evitar aglomera\u00e7\u00f5es e manter as precau\u00e7\u00f5es contra a Covid-19, neste ano o evento n\u00e3o ter\u00e1 uma cerim\u00f4nia de abertura. As equipes foram apenas recepcionadas nos gin\u00e1sios Ito Snel e Cristo Rei no in\u00edcio dos jogos.<\/p>\n\n\n\n<p> O&nbsp;Festival, tradicionalmente, recebia equipes de clubes, escolas e sele\u00e7\u00f5es de voleibol de toda a Am\u00e9rica Latina, chegando a reunir cerca de 90 times. Em raz\u00e3o da pandemia, foi cancelado em 2020 e retorna em um formato menor neste ano, sem nenhuma equipe estrangeira. O evento ter\u00e1 um total de 21 equipes &#8211; 12 na categoria Infantil e 9 na categoria Infantojuvenil, de cidades do Rio Grande do Sul, Santa Catarina, S\u00e3o Paulo e Rio de Janeiro.&nbsp;<\/p>\n\n\n\n<p> \u201cAbrimos inscri\u00e7\u00f5es somente nas categorias Sub16 e Sub19, pois as atletas j\u00e1 est\u00e3o numa idade onde a vacina\u00e7\u00e3o est\u00e1 mais avan\u00e7ada em todo o pa\u00eds e nos pa\u00edses vizinhos\u201d, destaca o presidente e coordenador t\u00e9cnico da Avates, Rodrigo Rother.<\/p>\n\n\n\n<p><\/p>\n\n\n\n<p><strong>Protocolos<\/strong><\/p>\n\n\n\n<p> A 14\u00aa edi\u00e7\u00e3o do&nbsp;Festival, al\u00e9m de n\u00e3o ter uma solenidade de abertura, n\u00e3o ter\u00e1 cerim\u00f4nia de premia\u00e7\u00e3o das atletas. As entregas de medalhas ser\u00e3o feitas logo ap\u00f3s o final das partidas, evitando concentra\u00e7\u00e3o.<\/p>\n\n\n\n<p> Entre outras medidas, n\u00e3o haver\u00e1 alojamento para as equipes e nem transporte coletivo. As refei\u00e7\u00f5es ser\u00e3o feitas separadamente e todos os participantes &#8211; atletas, t\u00e9cnicos e demais envolvidos &#8211; dever\u00e3o usar m\u00e1scara durante todo o evento.<\/p>\n\n\n\n<p> Tamb\u00e9m h\u00e1 obrigatoriedade do passaporte vacinal ou da apresenta\u00e7\u00e3o de um teste negativo at\u00e9 48 horas antes do in\u00edcio da competi\u00e7\u00e3o. Maiores de 18 anos, atletas ou t\u00e9cnicos, precisam ter as duas doses da vacina no certificado de vacina\u00e7\u00e3o, enquanto que menores de 18 anos necessitam apresentar apenas a primeira dose.<\/p>\n\n\n\n<p> Os jogos poder\u00e3o ter a presen\u00e7a de p\u00fablico, com uso de m\u00e1scara e respeito ao distanciamento. Conforme Rother, a Avates decidiu realizar o&nbsp;Festival&nbsp;ainda neste ano para evitar uma lacuna de dois anos entre as edi\u00e7\u00f5es. \u201cO&nbsp;Festival&nbsp;\u00e9 um evento consolidado no cen\u00e1rio sul americano. Este ano o formato ser\u00e1 diferente, em fun\u00e7\u00e3o de todo o contexto que estamos passando. Mas nossa inten\u00e7\u00e3o \u00e9 colocar as equipes para jogar num bom n\u00edvel e retomar o&nbsp;festival&nbsp;com for\u00e7a total em 2022\u201d, observa Rother.<\/p>\n\n\n\n<p><\/p>\n\n\n\n<p>Equipes participantes:<\/p>\n\n\n\n<figure class=\"wp-block-table\"><table><tbody><tr><td><strong>Categoria Infantil<\/strong>2006 \/ 2007<\/td><td>&nbsp;<\/td><td><strong>Categoria Infantojuvenil<\/strong>2003 \/ 2004 \/ 2005<\/td><\/tr><tr><td>Avates<\/td><td>RS<\/td><td>Avates<\/td><td>RS<\/td><\/tr><tr><td>Martin Luther<\/td><td>RS<\/td><td>Bento V\u00f4lei<\/td><td>RS<\/td><\/tr><tr><td>Voleibol Horizontina\/CFJL<\/td><td>RS<\/td><td>Juventus\/Teut\u00f4nia<\/td><td>RS<\/td><\/tr><tr><td>Sociedade Gin\u00e1stica Novo Hamburgo<\/td><td>RS<\/td><td>Recreio da Juventude<\/td><td>RS<\/td><\/tr><tr><td>Juventus\/Teut\u00f4nia<\/td><td>RS<\/td><td>V\u00f4lei Nova Petr\u00f3polis<\/td><td>RS<\/td><\/tr><tr><td>Recreio da Juventude<\/td><td>RS<\/td><td>Mun. Guaraciaba\/ADG<\/td><td>SC<\/td><\/tr><tr><td>Mun. Guaraciaba\/ADG<\/td><td>SC<\/td><td>ADV\/Jaragu\u00e1 do Sul<\/td><td>SC<\/td><\/tr><tr><td>FMEL Gaspar\/AEEG<\/td><td>SC<\/td><td>Nova Trento\/TIM<\/td><td>SC<\/td><\/tr><tr><td>ADV\/Jaragu\u00e1 do Sul<\/td><td>SC<\/td><td>Esporte Clube Pinheiros<\/td><td>SP<\/td><\/tr><tr><td>Nova Trento\/TIM<\/td><td>SC<\/td><td>&nbsp;<\/td><\/tr><tr><td>Tijuca T\u00eanis Clube<\/td><td>RJ<\/td><\/tr><tr><td>Esporte Clube Pinheiros<\/td><td>SP<\/td><\/tr><\/tbody><\/table><\/figure>\n","protected":false},"excerpt":{"rendered":"<p>O 14\u00ba\u00a0Festival\u00a0Internacional\u00a0Cidade de\u00a0Estrela\u00a0de V\u00f4lei Feminino, promovido pela Avates, come\u00e7ou nesta sexta-feira (10\/12), \u00e0s 16h, e se estende at\u00e9 a segunda-feira (13\/12). Para evitar aglomera\u00e7\u00f5es e manter as precau\u00e7\u00f5es contra a Covid-19, neste ano o evento n\u00e3o ter\u00e1 uma cerim\u00f4nia de abertura. As equipes foram apenas recepcionadas nos gin\u00e1sios Ito Snel e Cristo Rei no in\u00edcio [&hellip;]<\/p>\n","protected":false},"author":8,"featured_media":94547,"comment_status":"open","ping_status":"open","sticky":false,"template":"","format":"standard","meta":{"pmpro_default_level":"","_jetpack_memberships_contains_paid_content":false,"footnotes":""},"categories":[5,3],"tags":[5075,8,4845,6078,2851],"class_list":{"0":"post-94545","1":"post","2":"type-post","3":"status-publish","4":"format-standard","5":"has-post-thumbnail","7":"category-esportes","8":"category-geral","9":"tag-categorias","10":"tag-estrela","11":"tag-festival","12":"tag-festival-de-volei-feminino","13":"tag-volei-festival-internacional-de-voleibol","14":"pmpro-has-access"},"yoast_head":"<!-- This site is optimized with the Yoast SEO plugin v27.5 - https:\/\/yoast.com\/product\/yoast-seo-wordpress\/ -->\n<title>Festival Internacional de Estrela de V\u00f4lei Feminino iniciou na sexta-feira - Folha Popular<\/title>\n<meta name=\"robots\" content=\"index, follow, max-snippet:-1, max-image-preview:large, max-video-preview:-1\" \/>\n<link rel=\"canonical\" href=\"https:\/\/folhapopular.info\/index.php\/2021\/12\/13\/festival-internacional-de-estrela-de-volei-feminino-iniciou-na-sexta-feira\/\" \/>\n<meta property=\"og:locale\" content=\"pt_BR\" \/>\n<meta property=\"og:type\" content=\"article\" \/>\n<meta property=\"og:title\" content=\"Festival Internacional de Estrela de V\u00f4lei Feminino iniciou na sexta-feira - Folha Popular\" \/>\n<meta property=\"og:description\" content=\"O 14\u00ba\u00a0Festival\u00a0Internacional\u00a0Cidade de\u00a0Estrela\u00a0de V\u00f4lei Feminino, promovido pela Avates, come\u00e7ou nesta sexta-feira (10\/12), \u00e0s 16h, e se estende at\u00e9 a segunda-feira (13\/12). Para evitar aglomera\u00e7\u00f5es e manter as precau\u00e7\u00f5es contra a Covid-19, neste ano o evento n\u00e3o ter\u00e1 uma cerim\u00f4nia de abertura. As equipes foram apenas recepcionadas nos gin\u00e1sios Ito Snel e Cristo Rei no in\u00edcio [&hellip;]\" \/>\n<meta property=\"og:url\" content=\"https:\/\/folhapopular.info\/index.php\/2021\/12\/13\/festival-internacional-de-estrela-de-volei-feminino-iniciou-na-sexta-feira\/\" \/>\n<meta property=\"og:site_name\" content=\"Folha Popular\" \/>\n<meta property=\"article:published_time\" content=\"2021-12-13T17:52:39+00:00\" \/>\n<meta property=\"article:modified_time\" content=\"2021-12-13T18:06:29+00:00\" \/>\n<meta property=\"og:image\" content=\"http:\/\/folhapopular.info\/wp-content\/uploads\/2021\/12\/volei1-1-e1639417582837.jpg\" \/>\n\t<meta property=\"og:image:width\" content=\"800\" \/>\n\t<meta property=\"og:image:height\" content=\"533\" \/>\n\t<meta property=\"og:image:type\" content=\"image\/jpeg\" \/>\n<meta name=\"author\" content=\"Reda\u00e7\u00e3o Folha Popular\" \/>\n<meta name=\"twitter:card\" content=\"summary_large_image\" \/>\n<meta name=\"twitter:label1\" content=\"Escrito por\" \/>\n\t<meta name=\"twitter:data1\" content=\"Reda\u00e7\u00e3o Folha Popular\" \/>\n\t<meta name=\"twitter:label2\" content=\"Est. tempo de leitura\" \/>\n\t<meta name=\"twitter:data2\" content=\"3 minutos\" \/>\n<script type=\"application\/ld+json\" class=\"yoast-schema-graph\">{\"@context\":\"https:\\\/\\\/schema.org\",\"@graph\":[{\"@type\":\"Article\",\"@id\":\"https:\\\/\\\/folhapopular.info\\\/index.php\\\/2021\\\/12\\\/13\\\/festival-internacional-de-estrela-de-volei-feminino-iniciou-na-sexta-feira\\\/#article\",\"isPartOf\":{\"@id\":\"https:\\\/\\\/folhapopular.info\\\/index.php\\\/2021\\\/12\\\/13\\\/festival-internacional-de-estrela-de-volei-feminino-iniciou-na-sexta-feira\\\/\"},\"author\":{\"name\":\"Reda\u00e7\u00e3o Folha Popular\",\"@id\":\"https:\\\/\\\/folhapopular.info\\\/#\\\/schema\\\/person\\\/2814e8a0df7643585a9ca38bc6eb9d4b\"},\"headline\":\"Festival Internacional de Estrela de V\u00f4lei Feminino iniciou na sexta-feira\",\"datePublished\":\"2021-12-13T17:52:39+00:00\",\"dateModified\":\"2021-12-13T18:06:29+00:00\",\"mainEntityOfPage\":{\"@id\":\"https:\\\/\\\/folhapopular.info\\\/index.php\\\/2021\\\/12\\\/13\\\/festival-internacional-de-estrela-de-volei-feminino-iniciou-na-sexta-feira\\\/\"},\"wordCount\":534,\"commentCount\":0,\"image\":{\"@id\":\"https:\\\/\\\/folhapopular.info\\\/index.php\\\/2021\\\/12\\\/13\\\/festival-internacional-de-estrela-de-volei-feminino-iniciou-na-sexta-feira\\\/#primaryimage\"},\"thumbnailUrl\":\"https:\\\/\\\/folhapopular.info\\\/wp-content\\\/uploads\\\/2021\\\/12\\\/volei1-1-e1639417582837.jpg\",\"keywords\":[\"categorias\",\"Estrela\",\"Festival\",\"Festival de V\u00f4lei Feminino\",\"V\u00f4lei. Festival Internacional de Voleibol\"],\"articleSection\":[\"Esportes\",\"Geral\"],\"inLanguage\":\"pt-BR\",\"potentialAction\":[{\"@type\":\"CommentAction\",\"name\":\"Comment\",\"target\":[\"https:\\\/\\\/folhapopular.info\\\/index.php\\\/2021\\\/12\\\/13\\\/festival-internacional-de-estrela-de-volei-feminino-iniciou-na-sexta-feira\\\/#respond\"]}]},{\"@type\":\"WebPage\",\"@id\":\"https:\\\/\\\/folhapopular.info\\\/index.php\\\/2021\\\/12\\\/13\\\/festival-internacional-de-estrela-de-volei-feminino-iniciou-na-sexta-feira\\\/\",\"url\":\"https:\\\/\\\/folhapopular.info\\\/index.php\\\/2021\\\/12\\\/13\\\/festival-internacional-de-estrela-de-volei-feminino-iniciou-na-sexta-feira\\\/\",\"name\":\"Festival Internacional de Estrela de V\u00f4lei Feminino iniciou na sexta-feira - Folha Popular\",\"isPartOf\":{\"@id\":\"https:\\\/\\\/folhapopular.info\\\/#website\"},\"primaryImageOfPage\":{\"@id\":\"https:\\\/\\\/folhapopular.info\\\/index.php\\\/2021\\\/12\\\/13\\\/festival-internacional-de-estrela-de-volei-feminino-iniciou-na-sexta-feira\\\/#primaryimage\"},\"image\":{\"@id\":\"https:\\\/\\\/folhapopular.info\\\/index.php\\\/2021\\\/12\\\/13\\\/festival-internacional-de-estrela-de-volei-feminino-iniciou-na-sexta-feira\\\/#primaryimage\"},\"thumbnailUrl\":\"https:\\\/\\\/folhapopular.info\\\/wp-content\\\/uploads\\\/2021\\\/12\\\/volei1-1-e1639417582837.jpg\",\"datePublished\":\"2021-12-13T17:52:39+00:00\",\"dateModified\":\"2021-12-13T18:06:29+00:00\",\"author\":{\"@id\":\"https:\\\/\\\/folhapopular.info\\\/#\\\/schema\\\/person\\\/2814e8a0df7643585a9ca38bc6eb9d4b\"},\"breadcrumb\":{\"@id\":\"https:\\\/\\\/folhapopular.info\\\/index.php\\\/2021\\\/12\\\/13\\\/festival-internacional-de-estrela-de-volei-feminino-iniciou-na-sexta-feira\\\/#breadcrumb\"},\"inLanguage\":\"pt-BR\",\"potentialAction\":[{\"@type\":\"ReadAction\",\"target\":[\"https:\\\/\\\/folhapopular.info\\\/index.php\\\/2021\\\/12\\\/13\\\/festival-internacional-de-estrela-de-volei-feminino-iniciou-na-sexta-feira\\\/\"]}]},{\"@type\":\"ImageObject\",\"inLanguage\":\"pt-BR\",\"@id\":\"https:\\\/\\\/folhapopular.info\\\/index.php\\\/2021\\\/12\\\/13\\\/festival-internacional-de-estrela-de-volei-feminino-iniciou-na-sexta-feira\\\/#primaryimage\",\"url\":\"https:\\\/\\\/folhapopular.info\\\/wp-content\\\/uploads\\\/2021\\\/12\\\/volei1-1-e1639417582837.jpg\",\"contentUrl\":\"https:\\\/\\\/folhapopular.info\\\/wp-content\\\/uploads\\\/2021\\\/12\\\/volei1-1-e1639417582837.jpg\",\"width\":800,\"height\":533,\"caption\":\"Em edi\u00e7\u00f5es anteriores, festival chegou a receber cerca de 90 equipes \\\/\\\/ Cr\u00e9dito: Est\u00fadio A \\\/ Divulga\u00e7\u00e3o\"},{\"@type\":\"BreadcrumbList\",\"@id\":\"https:\\\/\\\/folhapopular.info\\\/index.php\\\/2021\\\/12\\\/13\\\/festival-internacional-de-estrela-de-volei-feminino-iniciou-na-sexta-feira\\\/#breadcrumb\",\"itemListElement\":[{\"@type\":\"ListItem\",\"position\":1,\"name\":\"In\u00edcio\",\"item\":\"https:\\\/\\\/folhapopular.info\\\/\"},{\"@type\":\"ListItem\",\"position\":2,\"name\":\"Festival Internacional de Estrela de V\u00f4lei Feminino iniciou na sexta-feira\"}]},{\"@type\":\"WebSite\",\"@id\":\"https:\\\/\\\/folhapopular.info\\\/#website\",\"url\":\"https:\\\/\\\/folhapopular.info\\\/\",\"name\":\"Folha Popular\",\"description\":\"Onde voc\u00ea tem vez e voz\",\"potentialAction\":[{\"@type\":\"SearchAction\",\"target\":{\"@type\":\"EntryPoint\",\"urlTemplate\":\"https:\\\/\\\/folhapopular.info\\\/?s={search_term_string}\"},\"query-input\":{\"@type\":\"PropertyValueSpecification\",\"valueRequired\":true,\"valueName\":\"search_term_string\"}}],\"inLanguage\":\"pt-BR\"},{\"@type\":\"Person\",\"@id\":\"https:\\\/\\\/folhapopular.info\\\/#\\\/schema\\\/person\\\/2814e8a0df7643585a9ca38bc6eb9d4b\",\"name\":\"Reda\u00e7\u00e3o Folha Popular\",\"image\":{\"@type\":\"ImageObject\",\"inLanguage\":\"pt-BR\",\"@id\":\"https:\\\/\\\/folhapopular.info\\\/wp-content\\\/uploads\\\/2026\\\/04\\\/Folha-1.webp\",\"url\":\"https:\\\/\\\/folhapopular.info\\\/wp-content\\\/uploads\\\/2026\\\/04\\\/Folha-1.webp\",\"contentUrl\":\"https:\\\/\\\/folhapopular.info\\\/wp-content\\\/uploads\\\/2026\\\/04\\\/Folha-1.webp\",\"caption\":\"Reda\u00e7\u00e3o Folha Popular\"},\"url\":\"https:\\\/\\\/folhapopular.info\\\/index.php\\\/author\\\/redacao\\\/\"}]}<\/script>\n<!-- \/ Yoast SEO plugin. -->","yoast_head_json":{"title":"Festival Internacional de Estrela de V\u00f4lei Feminino iniciou na sexta-feira - Folha Popular","robots":{"index":"index","follow":"follow","max-snippet":"max-snippet:-1","max-image-preview":"max-image-preview:large","max-video-preview":"max-video-preview:-1"},"canonical":"https:\/\/folhapopular.info\/index.php\/2021\/12\/13\/festival-internacional-de-estrela-de-volei-feminino-iniciou-na-sexta-feira\/","og_locale":"pt_BR","og_type":"article","og_title":"Festival Internacional de Estrela de V\u00f4lei Feminino iniciou na sexta-feira - Folha Popular","og_description":"O 14\u00ba\u00a0Festival\u00a0Internacional\u00a0Cidade de\u00a0Estrela\u00a0de V\u00f4lei Feminino, promovido pela Avates, come\u00e7ou nesta sexta-feira (10\/12), \u00e0s 16h, e se estende at\u00e9 a segunda-feira (13\/12). Para evitar aglomera\u00e7\u00f5es e manter as precau\u00e7\u00f5es contra a Covid-19, neste ano o evento n\u00e3o ter\u00e1 uma cerim\u00f4nia de abertura. As equipes foram apenas recepcionadas nos gin\u00e1sios Ito Snel e Cristo Rei no in\u00edcio [&hellip;]","og_url":"https:\/\/folhapopular.info\/index.php\/2021\/12\/13\/festival-internacional-de-estrela-de-volei-feminino-iniciou-na-sexta-feira\/","og_site_name":"Folha Popular","article_published_time":"2021-12-13T17:52:39+00:00","article_modified_time":"2021-12-13T18:06:29+00:00","og_image":[{"width":800,"height":533,"url":"http:\/\/folhapopular.info\/wp-content\/uploads\/2021\/12\/volei1-1-e1639417582837.jpg","type":"image\/jpeg"}],"author":"Reda\u00e7\u00e3o Folha Popular","twitter_card":"summary_large_image","twitter_misc":{"Escrito por":"Reda\u00e7\u00e3o Folha Popular","Est. tempo de leitura":"3 minutos"},"schema":{"@context":"https:\/\/schema.org","@graph":[{"@type":"Article","@id":"https:\/\/folhapopular.info\/index.php\/2021\/12\/13\/festival-internacional-de-estrela-de-volei-feminino-iniciou-na-sexta-feira\/#article","isPartOf":{"@id":"https:\/\/folhapopular.info\/index.php\/2021\/12\/13\/festival-internacional-de-estrela-de-volei-feminino-iniciou-na-sexta-feira\/"},"author":{"name":"Reda\u00e7\u00e3o Folha Popular","@id":"https:\/\/folhapopular.info\/#\/schema\/person\/2814e8a0df7643585a9ca38bc6eb9d4b"},"headline":"Festival Internacional de Estrela de V\u00f4lei Feminino iniciou na sexta-feira","datePublished":"2021-12-13T17:52:39+00:00","dateModified":"2021-12-13T18:06:29+00:00","mainEntityOfPage":{"@id":"https:\/\/folhapopular.info\/index.php\/2021\/12\/13\/festival-internacional-de-estrela-de-volei-feminino-iniciou-na-sexta-feira\/"},"wordCount":534,"commentCount":0,"image":{"@id":"https:\/\/folhapopular.info\/index.php\/2021\/12\/13\/festival-internacional-de-estrela-de-volei-feminino-iniciou-na-sexta-feira\/#primaryimage"},"thumbnailUrl":"https:\/\/folhapopular.info\/wp-content\/uploads\/2021\/12\/volei1-1-e1639417582837.jpg","keywords":["categorias","Estrela","Festival","Festival de V\u00f4lei Feminino","V\u00f4lei. Festival Internacional de Voleibol"],"articleSection":["Esportes","Geral"],"inLanguage":"pt-BR","potentialAction":[{"@type":"CommentAction","name":"Comment","target":["https:\/\/folhapopular.info\/index.php\/2021\/12\/13\/festival-internacional-de-estrela-de-volei-feminino-iniciou-na-sexta-feira\/#respond"]}]},{"@type":"WebPage","@id":"https:\/\/folhapopular.info\/index.php\/2021\/12\/13\/festival-internacional-de-estrela-de-volei-feminino-iniciou-na-sexta-feira\/","url":"https:\/\/folhapopular.info\/index.php\/2021\/12\/13\/festival-internacional-de-estrela-de-volei-feminino-iniciou-na-sexta-feira\/","name":"Festival Internacional de Estrela de V\u00f4lei Feminino iniciou na sexta-feira - Folha Popular","isPartOf":{"@id":"https:\/\/folhapopular.info\/#website"},"primaryImageOfPage":{"@id":"https:\/\/folhapopular.info\/index.php\/2021\/12\/13\/festival-internacional-de-estrela-de-volei-feminino-iniciou-na-sexta-feira\/#primaryimage"},"image":{"@id":"https:\/\/folhapopular.info\/index.php\/2021\/12\/13\/festival-internacional-de-estrela-de-volei-feminino-iniciou-na-sexta-feira\/#primaryimage"},"thumbnailUrl":"https:\/\/folhapopular.info\/wp-content\/uploads\/2021\/12\/volei1-1-e1639417582837.jpg","datePublished":"2021-12-13T17:52:39+00:00","dateModified":"2021-12-13T18:06:29+00:00","author":{"@id":"https:\/\/folhapopular.info\/#\/schema\/person\/2814e8a0df7643585a9ca38bc6eb9d4b"},"breadcrumb":{"@id":"https:\/\/folhapopular.info\/index.php\/2021\/12\/13\/festival-internacional-de-estrela-de-volei-feminino-iniciou-na-sexta-feira\/#breadcrumb"},"inLanguage":"pt-BR","potentialAction":[{"@type":"ReadAction","target":["https:\/\/folhapopular.info\/index.php\/2021\/12\/13\/festival-internacional-de-estrela-de-volei-feminino-iniciou-na-sexta-feira\/"]}]},{"@type":"ImageObject","inLanguage":"pt-BR","@id":"https:\/\/folhapopular.info\/index.php\/2021\/12\/13\/festival-internacional-de-estrela-de-volei-feminino-iniciou-na-sexta-feira\/#primaryimage","url":"https:\/\/folhapopular.info\/wp-content\/uploads\/2021\/12\/volei1-1-e1639417582837.jpg","contentUrl":"https:\/\/folhapopular.info\/wp-content\/uploads\/2021\/12\/volei1-1-e1639417582837.jpg","width":800,"height":533,"caption":"Em edi\u00e7\u00f5es anteriores, festival chegou a receber cerca de 90 equipes \/\/ Cr\u00e9dito: Est\u00fadio A \/ Divulga\u00e7\u00e3o"},{"@type":"BreadcrumbList","@id":"https:\/\/folhapopular.info\/index.php\/2021\/12\/13\/festival-internacional-de-estrela-de-volei-feminino-iniciou-na-sexta-feira\/#breadcrumb","itemListElement":[{"@type":"ListItem","position":1,"name":"In\u00edcio","item":"https:\/\/folhapopular.info\/"},{"@type":"ListItem","position":2,"name":"Festival Internacional de Estrela de V\u00f4lei Feminino iniciou na sexta-feira"}]},{"@type":"WebSite","@id":"https:\/\/folhapopular.info\/#website","url":"https:\/\/folhapopular.info\/","name":"Folha Popular","description":"Onde voc\u00ea tem vez e voz","potentialAction":[{"@type":"SearchAction","target":{"@type":"EntryPoint","urlTemplate":"https:\/\/folhapopular.info\/?s={search_term_string}"},"query-input":{"@type":"PropertyValueSpecification","valueRequired":true,"valueName":"search_term_string"}}],"inLanguage":"pt-BR"},{"@type":"Person","@id":"https:\/\/folhapopular.info\/#\/schema\/person\/2814e8a0df7643585a9ca38bc6eb9d4b","name":"Reda\u00e7\u00e3o Folha Popular","image":{"@type":"ImageObject","inLanguage":"pt-BR","@id":"https:\/\/folhapopular.info\/wp-content\/uploads\/2026\/04\/Folha-1.webp","url":"https:\/\/folhapopular.info\/wp-content\/uploads\/2026\/04\/Folha-1.webp","contentUrl":"https:\/\/folhapopular.info\/wp-content\/uploads\/2026\/04\/Folha-1.webp","caption":"Reda\u00e7\u00e3o Folha Popular"},"url":"https:\/\/folhapopular.info\/index.php\/author\/redacao\/"}]}},"jetpack_featured_media_url":"https:\/\/folhapopular.info\/wp-content\/uploads\/2021\/12\/volei1-1-e1639417582837.jpg","jetpack_sharing_enabled":true,"amp_enabled":true,"_links":{"self":[{"href":"https:\/\/folhapopular.info\/index.php\/wp-json\/wp\/v2\/posts\/94545","targetHints":{"allow":["GET"]}}],"collection":[{"href":"https:\/\/folhapopular.info\/index.php\/wp-json\/wp\/v2\/posts"}],"about":[{"href":"https:\/\/folhapopular.info\/index.php\/wp-json\/wp\/v2\/types\/post"}],"author":[{"embeddable":true,"href":"https:\/\/folhapopular.info\/index.php\/wp-json\/wp\/v2\/users\/8"}],"replies":[{"embeddable":true,"href":"https:\/\/folhapopular.info\/index.php\/wp-json\/wp\/v2\/comments?post=94545"}],"version-history":[{"count":0,"href":"https:\/\/folhapopular.info\/index.php\/wp-json\/wp\/v2\/posts\/94545\/revisions"}],"wp:featuredmedia":[{"embeddable":true,"href":"https:\/\/folhapopular.info\/index.php\/wp-json\/wp\/v2\/media\/94547"}],"wp:attachment":[{"href":"https:\/\/folhapopular.info\/index.php\/wp-json\/wp\/v2\/media?parent=94545"}],"wp:term":[{"taxonomy":"category","embeddable":true,"href":"https:\/\/folhapopular.info\/index.php\/wp-json\/wp\/v2\/categories?post=94545"},{"taxonomy":"post_tag","embeddable":true,"href":"https:\/\/folhapopular.info\/index.php\/wp-json\/wp\/v2\/tags?post=94545"}],"curies":[{"name":"wp","href":"https:\/\/api.w.org\/{rel}","templated":true}]}}