{"id":94737,"date":"2021-12-15T16:30:00","date_gmt":"2021-12-15T19:30:00","guid":{"rendered":"https:\/\/folhapopular.info\/?p=94737"},"modified":"2021-12-15T14:24:59","modified_gmt":"2021-12-15T17:24:59","slug":"proerd-forma-47-alunos-em-cruzeiro-do-sul","status":"publish","type":"post","link":"https:\/\/folhapopular.info\/index.php\/2021\/12\/15\/proerd-forma-47-alunos-em-cruzeiro-do-sul\/","title":{"rendered":"Proerd forma 47 alunos em Cruzeiro do Sul"},"content":{"rendered":"\n<p>Na noite desta segunda-feira (13\/12), nas depend\u00eancias da Casa do Morro, em Cruzeiro do Sul, foi realizada a cerim\u00f4nia de formatura do Programa Educacional de Resist\u00eancia \u00e0s Drogas e a Viol\u00eancia (Proerd). Diversas autoridades estiveram presentes, entre elas: o vice-prefeito, Jo\u00e3o Celso F\u00fchr, o comandante do batalh\u00e3o da Brigada Militar de Cruzeiro do Sul, tenente Juliano Bidinoto da Silva e o comandante do Comando Regional de Pol\u00edcia Ostensiva do Vale do Taquari (CRPO VT), tenente coronel Jo\u00e3o Ailton Iaruchewski. Neste semestre a Brigada Militar de Cruzeiro do Sul desenvolveu, o Proerd nas escolas S\u00e3o Felipe, da localidade de Linha S\u00edtio, e Anita Garibaldi, no Centro. Foram dez encontros com as turmas do 4\u00ba e 5\u00ba anos totalizando 47 alunos. As aulas foram ministradas pela instrutora soldada Elizandra Schenkartczuk.<\/p>\n\n\n\n<p>O Proerd \u00e9 a vers\u00e3o brasileira de um programa surgido em 1983 nos Estados Unidos da Am\u00e9rica, o \u201cDare\u201d. No Brasil, em 1992 a Pol\u00edcia Militar do Rio de Janeiro foi a pioneira no programa. A Brigada Militar (BM) o implantou em 1998. Completando 23 anos no Estado do Rio Grande do Sul, s\u00e3o cerca de 1,3 milh\u00e3o de alunos que frequentaram as aulas.&nbsp; O Programa \u00e9 mais um fator de prote\u00e7\u00e3o desenvolvido pela BM para a valoriza\u00e7\u00e3o da vida, contribuindo para o fortalecimento da cultura da paz e a constru\u00e7\u00e3o de uma sociedade mais saud\u00e1vel e feliz. Nas aulas s\u00e3o enfatizados assuntos como respeito e responsabilidade; os alunos t\u00eam informa\u00e7\u00f5es sobre danos \u00e0 sa\u00fade provocados pelo uso de \u00e1lcool, cigarros e outras drogas. Aprendem sobre riscos e consequ\u00eancias de suas decis\u00f5es; como resistir \u00e0 press\u00e3o dos colegas; e como lidar com situa\u00e7\u00f5es de tens\u00e3o.<\/p>\n\n\n\n<p>Neste ano foi abordado o tema comunica\u00e7\u00e3o: como se comunicar de forma confiante, comunica\u00e7\u00e3o n\u00e3o verbal e escuta ativa. Os estudantes aprenderam a identificar diferentes formas de bullying e como ajudar uma v\u00edtima utilizando formas seguras, como relatar a um adulto de confian\u00e7a o bullying. Descobriram que \u00e9 importante ter empatia e ajudar os outros. Al\u00e9m disso, aprenderam a definir sua pr\u00f3pria rede de ajuda, para utilizarem quando necessitarem.<\/p>\n\n\n\n<p>Durante a formatura tamb\u00e9m foram premiados alunos de cada turma os quais foram destaque com suas reda\u00e7\u00f5es, assim como o aluno destaque de cada turma, pelo comprometimento com as tarefas e com o material, pela disciplina e participa\u00e7\u00e3o em sala de aula.<\/p>\n","protected":false},"excerpt":{"rendered":"<p>Na noite desta segunda-feira (13\/12), nas depend\u00eancias da Casa do Morro, em Cruzeiro do Sul, foi realizada a cerim\u00f4nia de formatura do Programa Educacional de Resist\u00eancia \u00e0s Drogas e a Viol\u00eancia (Proerd). Diversas autoridades estiveram presentes, entre elas: o vice-prefeito, Jo\u00e3o Celso F\u00fchr, o comandante do batalh\u00e3o da Brigada Militar de Cruzeiro do Sul, tenente [&hellip;]<\/p>\n","protected":false},"author":8,"featured_media":94738,"comment_status":"open","ping_status":"open","sticky":false,"template":"","format":"standard","meta":{"pmpro_default_level":"","_jetpack_memberships_contains_paid_content":false,"footnotes":""},"categories":[2,3],"tags":[7683,7682,1989,166,1444,329],"class_list":{"0":"post-94737","1":"post","2":"type-post","3":"status-publish","4":"format-standard","5":"has-post-thumbnail","7":"category-featured","8":"category-geral","9":"tag-bullying","10":"tag-comunicacao","11":"tag-cruzeiro-do-sul","12":"tag-drogas","13":"tag-formatura","14":"tag-proerd","15":"pmpro-has-access"},"yoast_head":"<!-- This site is optimized with the Yoast SEO plugin v27.5 - https:\/\/yoast.com\/product\/yoast-seo-wordpress\/ -->\n<title>Proerd forma 47 alunos em Cruzeiro do Sul - Folha Popular<\/title>\n<meta name=\"robots\" content=\"index, follow, max-snippet:-1, max-image-preview:large, max-video-preview:-1\" \/>\n<link rel=\"canonical\" href=\"https:\/\/folhapopular.info\/index.php\/2021\/12\/15\/proerd-forma-47-alunos-em-cruzeiro-do-sul\/\" \/>\n<meta property=\"og:locale\" content=\"pt_BR\" \/>\n<meta property=\"og:type\" content=\"article\" \/>\n<meta property=\"og:title\" content=\"Proerd forma 47 alunos em Cruzeiro do Sul - Folha Popular\" \/>\n<meta property=\"og:description\" content=\"Na noite desta segunda-feira (13\/12), nas depend\u00eancias da Casa do Morro, em Cruzeiro do Sul, foi realizada a cerim\u00f4nia de formatura do Programa Educacional de Resist\u00eancia \u00e0s Drogas e a Viol\u00eancia (Proerd). Diversas autoridades estiveram presentes, entre elas: o vice-prefeito, Jo\u00e3o Celso F\u00fchr, o comandante do batalh\u00e3o da Brigada Militar de Cruzeiro do Sul, tenente [&hellip;]\" \/>\n<meta property=\"og:url\" content=\"https:\/\/folhapopular.info\/index.php\/2021\/12\/15\/proerd-forma-47-alunos-em-cruzeiro-do-sul\/\" \/>\n<meta property=\"og:site_name\" content=\"Folha Popular\" \/>\n<meta property=\"article:published_time\" content=\"2021-12-15T19:30:00+00:00\" \/>\n<meta property=\"og:image\" content=\"https:\/\/folhapopular.info\/wp-content\/uploads\/2021\/12\/formatura_proerd-e1639586891491.jpeg\" \/>\n\t<meta property=\"og:image:width\" content=\"800\" \/>\n\t<meta property=\"og:image:height\" content=\"360\" \/>\n\t<meta property=\"og:image:type\" content=\"image\/jpeg\" \/>\n<meta name=\"author\" content=\"Reda\u00e7\u00e3o Folha Popular\" \/>\n<meta name=\"twitter:card\" content=\"summary_large_image\" \/>\n<meta name=\"twitter:label1\" content=\"Escrito por\" \/>\n\t<meta name=\"twitter:data1\" content=\"Reda\u00e7\u00e3o Folha Popular\" \/>\n\t<meta name=\"twitter:label2\" content=\"Est. tempo de leitura\" \/>\n\t<meta name=\"twitter:data2\" content=\"3 minutos\" \/>\n<script type=\"application\/ld+json\" class=\"yoast-schema-graph\">{\"@context\":\"https:\\\/\\\/schema.org\",\"@graph\":[{\"@type\":\"Article\",\"@id\":\"https:\\\/\\\/folhapopular.info\\\/index.php\\\/2021\\\/12\\\/15\\\/proerd-forma-47-alunos-em-cruzeiro-do-sul\\\/#article\",\"isPartOf\":{\"@id\":\"https:\\\/\\\/folhapopular.info\\\/index.php\\\/2021\\\/12\\\/15\\\/proerd-forma-47-alunos-em-cruzeiro-do-sul\\\/\"},\"author\":{\"name\":\"Reda\u00e7\u00e3o Folha Popular\",\"@id\":\"https:\\\/\\\/folhapopular.info\\\/#\\\/schema\\\/person\\\/2814e8a0df7643585a9ca38bc6eb9d4b\"},\"headline\":\"Proerd forma 47 alunos em Cruzeiro do Sul\",\"datePublished\":\"2021-12-15T19:30:00+00:00\",\"mainEntityOfPage\":{\"@id\":\"https:\\\/\\\/folhapopular.info\\\/index.php\\\/2021\\\/12\\\/15\\\/proerd-forma-47-alunos-em-cruzeiro-do-sul\\\/\"},\"wordCount\":417,\"commentCount\":0,\"image\":{\"@id\":\"https:\\\/\\\/folhapopular.info\\\/index.php\\\/2021\\\/12\\\/15\\\/proerd-forma-47-alunos-em-cruzeiro-do-sul\\\/#primaryimage\"},\"thumbnailUrl\":\"https:\\\/\\\/folhapopular.info\\\/wp-content\\\/uploads\\\/2021\\\/12\\\/formatura_proerd-e1639586891491.jpeg\",\"keywords\":[\"bullying\",\"comunica\u00e7\u00e3o\",\"Cruzeiro do Sul\",\"Drogas\",\"Formatura\",\"Proerd\"],\"articleSection\":[\"Destaques\",\"Geral\"],\"inLanguage\":\"pt-BR\",\"potentialAction\":[{\"@type\":\"CommentAction\",\"name\":\"Comment\",\"target\":[\"https:\\\/\\\/folhapopular.info\\\/index.php\\\/2021\\\/12\\\/15\\\/proerd-forma-47-alunos-em-cruzeiro-do-sul\\\/#respond\"]}]},{\"@type\":\"WebPage\",\"@id\":\"https:\\\/\\\/folhapopular.info\\\/index.php\\\/2021\\\/12\\\/15\\\/proerd-forma-47-alunos-em-cruzeiro-do-sul\\\/\",\"url\":\"https:\\\/\\\/folhapopular.info\\\/index.php\\\/2021\\\/12\\\/15\\\/proerd-forma-47-alunos-em-cruzeiro-do-sul\\\/\",\"name\":\"Proerd forma 47 alunos em Cruzeiro do Sul - Folha Popular\",\"isPartOf\":{\"@id\":\"https:\\\/\\\/folhapopular.info\\\/#website\"},\"primaryImageOfPage\":{\"@id\":\"https:\\\/\\\/folhapopular.info\\\/index.php\\\/2021\\\/12\\\/15\\\/proerd-forma-47-alunos-em-cruzeiro-do-sul\\\/#primaryimage\"},\"image\":{\"@id\":\"https:\\\/\\\/folhapopular.info\\\/index.php\\\/2021\\\/12\\\/15\\\/proerd-forma-47-alunos-em-cruzeiro-do-sul\\\/#primaryimage\"},\"thumbnailUrl\":\"https:\\\/\\\/folhapopular.info\\\/wp-content\\\/uploads\\\/2021\\\/12\\\/formatura_proerd-e1639586891491.jpeg\",\"datePublished\":\"2021-12-15T19:30:00+00:00\",\"author\":{\"@id\":\"https:\\\/\\\/folhapopular.info\\\/#\\\/schema\\\/person\\\/2814e8a0df7643585a9ca38bc6eb9d4b\"},\"breadcrumb\":{\"@id\":\"https:\\\/\\\/folhapopular.info\\\/index.php\\\/2021\\\/12\\\/15\\\/proerd-forma-47-alunos-em-cruzeiro-do-sul\\\/#breadcrumb\"},\"inLanguage\":\"pt-BR\",\"potentialAction\":[{\"@type\":\"ReadAction\",\"target\":[\"https:\\\/\\\/folhapopular.info\\\/index.php\\\/2021\\\/12\\\/15\\\/proerd-forma-47-alunos-em-cruzeiro-do-sul\\\/\"]}]},{\"@type\":\"ImageObject\",\"inLanguage\":\"pt-BR\",\"@id\":\"https:\\\/\\\/folhapopular.info\\\/index.php\\\/2021\\\/12\\\/15\\\/proerd-forma-47-alunos-em-cruzeiro-do-sul\\\/#primaryimage\",\"url\":\"https:\\\/\\\/folhapopular.info\\\/wp-content\\\/uploads\\\/2021\\\/12\\\/formatura_proerd-e1639586891491.jpeg\",\"contentUrl\":\"https:\\\/\\\/folhapopular.info\\\/wp-content\\\/uploads\\\/2021\\\/12\\\/formatura_proerd-e1639586891491.jpeg\",\"width\":800,\"height\":360,\"caption\":\"Cr\u00e9dito da foto: Brigada Militar \\\/ Divulga\u00e7\u00e3o\"},{\"@type\":\"BreadcrumbList\",\"@id\":\"https:\\\/\\\/folhapopular.info\\\/index.php\\\/2021\\\/12\\\/15\\\/proerd-forma-47-alunos-em-cruzeiro-do-sul\\\/#breadcrumb\",\"itemListElement\":[{\"@type\":\"ListItem\",\"position\":1,\"name\":\"In\u00edcio\",\"item\":\"https:\\\/\\\/folhapopular.info\\\/\"},{\"@type\":\"ListItem\",\"position\":2,\"name\":\"Proerd forma 47 alunos em Cruzeiro do Sul\"}]},{\"@type\":\"WebSite\",\"@id\":\"https:\\\/\\\/folhapopular.info\\\/#website\",\"url\":\"https:\\\/\\\/folhapopular.info\\\/\",\"name\":\"Folha Popular\",\"description\":\"Onde voc\u00ea tem vez e voz\",\"potentialAction\":[{\"@type\":\"SearchAction\",\"target\":{\"@type\":\"EntryPoint\",\"urlTemplate\":\"https:\\\/\\\/folhapopular.info\\\/?s={search_term_string}\"},\"query-input\":{\"@type\":\"PropertyValueSpecification\",\"valueRequired\":true,\"valueName\":\"search_term_string\"}}],\"inLanguage\":\"pt-BR\"},{\"@type\":\"Person\",\"@id\":\"https:\\\/\\\/folhapopular.info\\\/#\\\/schema\\\/person\\\/2814e8a0df7643585a9ca38bc6eb9d4b\",\"name\":\"Reda\u00e7\u00e3o Folha Popular\",\"image\":{\"@type\":\"ImageObject\",\"inLanguage\":\"pt-BR\",\"@id\":\"https:\\\/\\\/folhapopular.info\\\/wp-content\\\/uploads\\\/2026\\\/04\\\/Folha-1.webp\",\"url\":\"https:\\\/\\\/folhapopular.info\\\/wp-content\\\/uploads\\\/2026\\\/04\\\/Folha-1.webp\",\"contentUrl\":\"https:\\\/\\\/folhapopular.info\\\/wp-content\\\/uploads\\\/2026\\\/04\\\/Folha-1.webp\",\"caption\":\"Reda\u00e7\u00e3o Folha Popular\"},\"url\":\"https:\\\/\\\/folhapopular.info\\\/index.php\\\/author\\\/redacao\\\/\"}]}<\/script>\n<!-- \/ Yoast SEO plugin. -->","yoast_head_json":{"title":"Proerd forma 47 alunos em Cruzeiro do Sul - Folha Popular","robots":{"index":"index","follow":"follow","max-snippet":"max-snippet:-1","max-image-preview":"max-image-preview:large","max-video-preview":"max-video-preview:-1"},"canonical":"https:\/\/folhapopular.info\/index.php\/2021\/12\/15\/proerd-forma-47-alunos-em-cruzeiro-do-sul\/","og_locale":"pt_BR","og_type":"article","og_title":"Proerd forma 47 alunos em Cruzeiro do Sul - Folha Popular","og_description":"Na noite desta segunda-feira (13\/12), nas depend\u00eancias da Casa do Morro, em Cruzeiro do Sul, foi realizada a cerim\u00f4nia de formatura do Programa Educacional de Resist\u00eancia \u00e0s Drogas e a Viol\u00eancia (Proerd). Diversas autoridades estiveram presentes, entre elas: o vice-prefeito, Jo\u00e3o Celso F\u00fchr, o comandante do batalh\u00e3o da Brigada Militar de Cruzeiro do Sul, tenente [&hellip;]","og_url":"https:\/\/folhapopular.info\/index.php\/2021\/12\/15\/proerd-forma-47-alunos-em-cruzeiro-do-sul\/","og_site_name":"Folha Popular","article_published_time":"2021-12-15T19:30:00+00:00","og_image":[{"width":800,"height":360,"url":"https:\/\/folhapopular.info\/wp-content\/uploads\/2021\/12\/formatura_proerd-e1639586891491.jpeg","type":"image\/jpeg"}],"author":"Reda\u00e7\u00e3o Folha Popular","twitter_card":"summary_large_image","twitter_misc":{"Escrito por":"Reda\u00e7\u00e3o Folha Popular","Est. tempo de leitura":"3 minutos"},"schema":{"@context":"https:\/\/schema.org","@graph":[{"@type":"Article","@id":"https:\/\/folhapopular.info\/index.php\/2021\/12\/15\/proerd-forma-47-alunos-em-cruzeiro-do-sul\/#article","isPartOf":{"@id":"https:\/\/folhapopular.info\/index.php\/2021\/12\/15\/proerd-forma-47-alunos-em-cruzeiro-do-sul\/"},"author":{"name":"Reda\u00e7\u00e3o Folha Popular","@id":"https:\/\/folhapopular.info\/#\/schema\/person\/2814e8a0df7643585a9ca38bc6eb9d4b"},"headline":"Proerd forma 47 alunos em Cruzeiro do Sul","datePublished":"2021-12-15T19:30:00+00:00","mainEntityOfPage":{"@id":"https:\/\/folhapopular.info\/index.php\/2021\/12\/15\/proerd-forma-47-alunos-em-cruzeiro-do-sul\/"},"wordCount":417,"commentCount":0,"image":{"@id":"https:\/\/folhapopular.info\/index.php\/2021\/12\/15\/proerd-forma-47-alunos-em-cruzeiro-do-sul\/#primaryimage"},"thumbnailUrl":"https:\/\/folhapopular.info\/wp-content\/uploads\/2021\/12\/formatura_proerd-e1639586891491.jpeg","keywords":["bullying","comunica\u00e7\u00e3o","Cruzeiro do Sul","Drogas","Formatura","Proerd"],"articleSection":["Destaques","Geral"],"inLanguage":"pt-BR","potentialAction":[{"@type":"CommentAction","name":"Comment","target":["https:\/\/folhapopular.info\/index.php\/2021\/12\/15\/proerd-forma-47-alunos-em-cruzeiro-do-sul\/#respond"]}]},{"@type":"WebPage","@id":"https:\/\/folhapopular.info\/index.php\/2021\/12\/15\/proerd-forma-47-alunos-em-cruzeiro-do-sul\/","url":"https:\/\/folhapopular.info\/index.php\/2021\/12\/15\/proerd-forma-47-alunos-em-cruzeiro-do-sul\/","name":"Proerd forma 47 alunos em Cruzeiro do Sul - Folha Popular","isPartOf":{"@id":"https:\/\/folhapopular.info\/#website"},"primaryImageOfPage":{"@id":"https:\/\/folhapopular.info\/index.php\/2021\/12\/15\/proerd-forma-47-alunos-em-cruzeiro-do-sul\/#primaryimage"},"image":{"@id":"https:\/\/folhapopular.info\/index.php\/2021\/12\/15\/proerd-forma-47-alunos-em-cruzeiro-do-sul\/#primaryimage"},"thumbnailUrl":"https:\/\/folhapopular.info\/wp-content\/uploads\/2021\/12\/formatura_proerd-e1639586891491.jpeg","datePublished":"2021-12-15T19:30:00+00:00","author":{"@id":"https:\/\/folhapopular.info\/#\/schema\/person\/2814e8a0df7643585a9ca38bc6eb9d4b"},"breadcrumb":{"@id":"https:\/\/folhapopular.info\/index.php\/2021\/12\/15\/proerd-forma-47-alunos-em-cruzeiro-do-sul\/#breadcrumb"},"inLanguage":"pt-BR","potentialAction":[{"@type":"ReadAction","target":["https:\/\/folhapopular.info\/index.php\/2021\/12\/15\/proerd-forma-47-alunos-em-cruzeiro-do-sul\/"]}]},{"@type":"ImageObject","inLanguage":"pt-BR","@id":"https:\/\/folhapopular.info\/index.php\/2021\/12\/15\/proerd-forma-47-alunos-em-cruzeiro-do-sul\/#primaryimage","url":"https:\/\/folhapopular.info\/wp-content\/uploads\/2021\/12\/formatura_proerd-e1639586891491.jpeg","contentUrl":"https:\/\/folhapopular.info\/wp-content\/uploads\/2021\/12\/formatura_proerd-e1639586891491.jpeg","width":800,"height":360,"caption":"Cr\u00e9dito da foto: Brigada Militar \/ Divulga\u00e7\u00e3o"},{"@type":"BreadcrumbList","@id":"https:\/\/folhapopular.info\/index.php\/2021\/12\/15\/proerd-forma-47-alunos-em-cruzeiro-do-sul\/#breadcrumb","itemListElement":[{"@type":"ListItem","position":1,"name":"In\u00edcio","item":"https:\/\/folhapopular.info\/"},{"@type":"ListItem","position":2,"name":"Proerd forma 47 alunos em Cruzeiro do Sul"}]},{"@type":"WebSite","@id":"https:\/\/folhapopular.info\/#website","url":"https:\/\/folhapopular.info\/","name":"Folha Popular","description":"Onde voc\u00ea tem vez e voz","potentialAction":[{"@type":"SearchAction","target":{"@type":"EntryPoint","urlTemplate":"https:\/\/folhapopular.info\/?s={search_term_string}"},"query-input":{"@type":"PropertyValueSpecification","valueRequired":true,"valueName":"search_term_string"}}],"inLanguage":"pt-BR"},{"@type":"Person","@id":"https:\/\/folhapopular.info\/#\/schema\/person\/2814e8a0df7643585a9ca38bc6eb9d4b","name":"Reda\u00e7\u00e3o Folha Popular","image":{"@type":"ImageObject","inLanguage":"pt-BR","@id":"https:\/\/folhapopular.info\/wp-content\/uploads\/2026\/04\/Folha-1.webp","url":"https:\/\/folhapopular.info\/wp-content\/uploads\/2026\/04\/Folha-1.webp","contentUrl":"https:\/\/folhapopular.info\/wp-content\/uploads\/2026\/04\/Folha-1.webp","caption":"Reda\u00e7\u00e3o Folha Popular"},"url":"https:\/\/folhapopular.info\/index.php\/author\/redacao\/"}]}},"jetpack_featured_media_url":"https:\/\/folhapopular.info\/wp-content\/uploads\/2021\/12\/formatura_proerd-e1639586891491.jpeg","jetpack_sharing_enabled":true,"amp_enabled":true,"_links":{"self":[{"href":"https:\/\/folhapopular.info\/index.php\/wp-json\/wp\/v2\/posts\/94737","targetHints":{"allow":["GET"]}}],"collection":[{"href":"https:\/\/folhapopular.info\/index.php\/wp-json\/wp\/v2\/posts"}],"about":[{"href":"https:\/\/folhapopular.info\/index.php\/wp-json\/wp\/v2\/types\/post"}],"author":[{"embeddable":true,"href":"https:\/\/folhapopular.info\/index.php\/wp-json\/wp\/v2\/users\/8"}],"replies":[{"embeddable":true,"href":"https:\/\/folhapopular.info\/index.php\/wp-json\/wp\/v2\/comments?post=94737"}],"version-history":[{"count":0,"href":"https:\/\/folhapopular.info\/index.php\/wp-json\/wp\/v2\/posts\/94737\/revisions"}],"wp:featuredmedia":[{"embeddable":true,"href":"https:\/\/folhapopular.info\/index.php\/wp-json\/wp\/v2\/media\/94738"}],"wp:attachment":[{"href":"https:\/\/folhapopular.info\/index.php\/wp-json\/wp\/v2\/media?parent=94737"}],"wp:term":[{"taxonomy":"category","embeddable":true,"href":"https:\/\/folhapopular.info\/index.php\/wp-json\/wp\/v2\/categories?post=94737"},{"taxonomy":"post_tag","embeddable":true,"href":"https:\/\/folhapopular.info\/index.php\/wp-json\/wp\/v2\/tags?post=94737"}],"curies":[{"name":"wp","href":"https:\/\/api.w.org\/{rel}","templated":true}]}}