{"id":94751,"date":"2021-12-15T17:30:00","date_gmt":"2021-12-15T20:30:00","guid":{"rendered":"https:\/\/folhapopular.info\/?p=94751"},"modified":"2021-12-15T15:19:29","modified_gmt":"2021-12-15T18:19:29","slug":"curso-de-dancas-gauchas-de-salao-encerra-com-formatura-e-fandango-em-poco-das-antas","status":"publish","type":"post","link":"https:\/\/folhapopular.info\/index.php\/2021\/12\/15\/curso-de-dancas-gauchas-de-salao-encerra-com-formatura-e-fandango-em-poco-das-antas\/","title":{"rendered":"Curso de Dan\u00e7as Ga\u00fachas de Sal\u00e3o encerra com formatura e fandango, em Po\u00e7o das Antas"},"content":{"rendered":"\n<p>No s\u00e1bado (11\/12), ocorreu na Sociedade Esperan\u00e7a, em Po\u00e7o das Antas, o evento de encerramento e formatura do Curso de Dan\u00e7as Ga\u00fachas de Sal\u00e3o. A atividade, ofertada&nbsp;pela Administra\u00e7\u00e3o Municipal de Po\u00e7o das Antas atrav\u00e9s da Secretaria de Educa\u00e7\u00e3o, Cultura, Desporto e Turismo, teve como objetivo potencializar o tradicionalismo ga\u00facho no Munic\u00edpio, especialmente atrav\u00e9s da dan\u00e7a e seus ritmos, como tamb\u00e9m proporcionar um momento de conhecimento, aprendizado e encontro comunit\u00e1rio.&nbsp;<\/p>\n\n\n\n<p>O curso foi coordenado pelo professor Diego de Oliveira, graduado e p\u00f3s graduado em Educa\u00e7\u00e3o F\u00edsica pela Universidade Federal de Santa Maria (UFSM) e com forma\u00e7\u00e3o como instrutor de Dan\u00e7as Ga\u00fachas de Sal\u00e3o pelo Movimento Tradicionalista Ga\u00facho (MTG). Com in\u00edcio em 5 de outubro desse ano, oito casais conclu\u00edram o total de 10 encontros e receberam o seu certificado de participa\u00e7\u00e3o e conclus\u00e3o da atividade no \u00faltimo s\u00e1bado. O curso ofertado em Po\u00e7o das Antas teve a sua estrutura baseada no&nbsp;Comp\u00eandio T\u00e9cnico e Ilustrado de Dan\u00e7as Ga\u00fachas de Sal\u00e3o, que atende a um total de nove ritmos, todos explorados durante os encontros, sendo eles: milonga, chamam\u00e9, valsa, bugio, rancheira, xote, vaneira, vaner\u00e3o e polka.<\/p>\n\n\n\n<p>O evento iniciou com o pronunciamento do professor Diego, que agradeceu a receptividade e ressaltou a dedica\u00e7\u00e3o do grupo de formandos. Elogiando a Administra\u00e7\u00e3o Municipal pela iniciativa, Oliveira desejou que a valoriza\u00e7\u00e3o da cultura ga\u00facha permane\u00e7a e proporcione bons frutos em Po\u00e7o das Antas. Na sequ\u00eancia, a prefeita V\u00e2nia Brackmann (PDT) destacou que uma das inten\u00e7\u00f5es da gest\u00e3o municipal \u00e9 proporcionar programa\u00e7\u00f5es e atividades que valorizem a cultura do Rio Grande do Sul, tal qual j\u00e1 foi a Cavalgada de Po\u00e7o das Antas, ocorrida em setembro, e agora o encerramento do Curso de Dan\u00e7as Ga\u00fachas de Sal\u00e3o. Segundo a chefe do Poder Executivo, esse tipo de iniciativa \u00e9 o pontap\u00e9 inicial para, num futuro breve, formalizar uma entidade tradicionalista no Munic\u00edpio que proporcione a aproxima\u00e7\u00e3o da cultura ga\u00facha da comunidade de forma que isso perpasse o desenvolvimento de valores, do respeito e os ideais de responsabilidade, principalmente entre crian\u00e7as e jovens.<\/p>\n\n\n\n<p>A parte cultural da programa\u00e7\u00e3o contou com uma apresenta\u00e7\u00e3o solo do professor Diego de Oliveira e sua prenda, Daiana Dickel, que abriram a pista com uma milonga e um chamam\u00e9. Na sequ\u00eancia, os po\u00e7oantenses concluintes do curso tamb\u00e9m apresentaram tr\u00eas dan\u00e7as:&nbsp;uma milonga, um bugio e uma vaneira. Ap\u00f3s mostrarem para a comunidade o aprendizado obtido nesses 10 encontros, foi hora de receber o certificado das m\u00e3os do instrutor e da prefeita municipal. O evento seguiu com janta e posterior fandango com o Grupo Luz de Candieiro.<\/p>\n\n\n\n<div class=\"wp-block-jetpack-tiled-gallery aligncenter is-style-rectangular\"><div class=\"tiled-gallery__gallery\"><div class=\"tiled-gallery__row\"><div class=\"tiled-gallery__col\" style=\"flex-basis:66.80961%\"><figure class=\"tiled-gallery__item\"><img decoding=\"async\" srcset=\"https:\/\/i0.wp.com\/folhapopular.info\/wp-content\/uploads\/2021\/12\/2-Curso-de-Dancas-Gauchas-de-Salao-encerra-com-formatura-e-fandango-1024x683.jpg?strip=info&#038;w=600 600w,https:\/\/i0.wp.com\/folhapopular.info\/wp-content\/uploads\/2021\/12\/2-Curso-de-Dancas-Gauchas-de-Salao-encerra-com-formatura-e-fandango-1024x683.jpg?strip=info&#038;w=800 800w\" alt=\"\" data-height=\"533\" data-id=\"94754\" data-link=\"https:\/\/folhapopular.info\/?attachment_id=94754\" data-url=\"https:\/\/folhapopular.info\/wp-content\/uploads\/2021\/12\/2-Curso-de-Dancas-Gauchas-de-Salao-encerra-com-formatura-e-fandango-1024x683.jpg\" data-width=\"800\" src=\"https:\/\/i0.wp.com\/folhapopular.info\/wp-content\/uploads\/2021\/12\/2-Curso-de-Dancas-Gauchas-de-Salao-encerra-com-formatura-e-fandango-1024x683.jpg\" data-amp-layout=\"responsive\"\/><\/figure><\/div><div class=\"tiled-gallery__col\" style=\"flex-basis:33.19039%\"><figure class=\"tiled-gallery__item\"><img decoding=\"async\" srcset=\"https:\/\/i2.wp.com\/folhapopular.info\/wp-content\/uploads\/2021\/12\/3-Curso-de-Dancas-Gauchas-de-Salao-encerra-com-formatura-e-fandango-1024x683.jpg?strip=info&#038;w=600 600w,https:\/\/i2.wp.com\/folhapopular.info\/wp-content\/uploads\/2021\/12\/3-Curso-de-Dancas-Gauchas-de-Salao-encerra-com-formatura-e-fandango-1024x683.jpg?strip=info&#038;w=800 800w\" alt=\"\" data-height=\"533\" data-id=\"94755\" data-link=\"https:\/\/folhapopular.info\/?attachment_id=94755\" data-url=\"https:\/\/folhapopular.info\/wp-content\/uploads\/2021\/12\/3-Curso-de-Dancas-Gauchas-de-Salao-encerra-com-formatura-e-fandango-1024x683.jpg\" data-width=\"800\" src=\"https:\/\/i2.wp.com\/folhapopular.info\/wp-content\/uploads\/2021\/12\/3-Curso-de-Dancas-Gauchas-de-Salao-encerra-com-formatura-e-fandango-1024x683.jpg\" data-amp-layout=\"responsive\"\/><\/figure><figure class=\"tiled-gallery__item\"><img decoding=\"async\" srcset=\"https:\/\/i0.wp.com\/folhapopular.info\/wp-content\/uploads\/2021\/12\/4-Curso-de-Dancas-Gauchas-de-Salao-encerra-com-formatura-e-fandango-1024x683.jpg?strip=info&#038;w=600 600w,https:\/\/i0.wp.com\/folhapopular.info\/wp-content\/uploads\/2021\/12\/4-Curso-de-Dancas-Gauchas-de-Salao-encerra-com-formatura-e-fandango-1024x683.jpg?strip=info&#038;w=800 800w\" alt=\"\" data-height=\"533\" data-id=\"94756\" data-link=\"https:\/\/folhapopular.info\/?attachment_id=94756\" data-url=\"https:\/\/folhapopular.info\/wp-content\/uploads\/2021\/12\/4-Curso-de-Dancas-Gauchas-de-Salao-encerra-com-formatura-e-fandango-1024x683.jpg\" data-width=\"800\" src=\"https:\/\/i0.wp.com\/folhapopular.info\/wp-content\/uploads\/2021\/12\/4-Curso-de-Dancas-Gauchas-de-Salao-encerra-com-formatura-e-fandango-1024x683.jpg\" data-amp-layout=\"responsive\"\/><\/figure><\/div><\/div><\/div><\/div>\n","protected":false},"excerpt":{"rendered":"<p>No s\u00e1bado (11\/12), ocorreu na Sociedade Esperan\u00e7a, em Po\u00e7o das Antas, o evento de encerramento e formatura do Curso de Dan\u00e7as Ga\u00fachas de Sal\u00e3o. A atividade, ofertada&nbsp;pela Administra\u00e7\u00e3o Municipal de Po\u00e7o das Antas atrav\u00e9s da Secretaria de Educa\u00e7\u00e3o, Cultura, Desporto e Turismo, teve como objetivo potencializar o tradicionalismo ga\u00facho no Munic\u00edpio, especialmente atrav\u00e9s da dan\u00e7a [&hellip;]<\/p>\n","protected":false},"author":8,"featured_media":94752,"comment_status":"open","ping_status":"open","sticky":false,"template":"","format":"standard","meta":{"pmpro_default_level":"","_jetpack_memberships_contains_paid_content":false,"footnotes":""},"categories":[2,3],"tags":[364,7600,5015,1444,7684,40],"class_list":{"0":"post-94751","1":"post","2":"type-post","3":"status-publish","4":"format-standard","5":"has-post-thumbnail","7":"category-featured","8":"category-geral","9":"tag-curso","10":"tag-dancas-gauchas-de-salao","11":"tag-fandango","12":"tag-formatura","13":"tag-luz-de-candieiro","14":"tag-poco-das-antas","15":"pmpro-has-access"},"yoast_head":"<!-- This site is optimized with the Yoast SEO plugin v27.5 - https:\/\/yoast.com\/product\/yoast-seo-wordpress\/ -->\n<title>Curso de Dan\u00e7as Ga\u00fachas de Sal\u00e3o encerra com formatura e fandango, em Po\u00e7o das Antas - Folha Popular<\/title>\n<meta name=\"robots\" content=\"index, follow, max-snippet:-1, max-image-preview:large, max-video-preview:-1\" \/>\n<link rel=\"canonical\" href=\"https:\/\/folhapopular.info\/index.php\/2021\/12\/15\/curso-de-dancas-gauchas-de-salao-encerra-com-formatura-e-fandango-em-poco-das-antas\/\" \/>\n<meta property=\"og:locale\" content=\"pt_BR\" \/>\n<meta property=\"og:type\" content=\"article\" \/>\n<meta property=\"og:title\" content=\"Curso de Dan\u00e7as Ga\u00fachas de Sal\u00e3o encerra com formatura e fandango, em Po\u00e7o das Antas - Folha Popular\" \/>\n<meta property=\"og:description\" content=\"No s\u00e1bado (11\/12), ocorreu na Sociedade Esperan\u00e7a, em Po\u00e7o das Antas, o evento de encerramento e formatura do Curso de Dan\u00e7as Ga\u00fachas de Sal\u00e3o. A atividade, ofertada&nbsp;pela Administra\u00e7\u00e3o Municipal de Po\u00e7o das Antas atrav\u00e9s da Secretaria de Educa\u00e7\u00e3o, Cultura, Desporto e Turismo, teve como objetivo potencializar o tradicionalismo ga\u00facho no Munic\u00edpio, especialmente atrav\u00e9s da dan\u00e7a [&hellip;]\" \/>\n<meta property=\"og:url\" content=\"https:\/\/folhapopular.info\/index.php\/2021\/12\/15\/curso-de-dancas-gauchas-de-salao-encerra-com-formatura-e-fandango-em-poco-das-antas\/\" \/>\n<meta property=\"og:site_name\" content=\"Folha Popular\" \/>\n<meta property=\"article:published_time\" content=\"2021-12-15T20:30:00+00:00\" \/>\n<meta property=\"og:image\" content=\"https:\/\/folhapopular.info\/wp-content\/uploads\/2021\/12\/1-Curso-de-Dancas-Gauchas-de-Salao-encerra-com-formatura-e-fandango-scaled-e1639591694125.jpg\" \/>\n\t<meta property=\"og:image:width\" content=\"800\" \/>\n\t<meta property=\"og:image:height\" content=\"533\" \/>\n\t<meta property=\"og:image:type\" content=\"image\/jpeg\" \/>\n<meta name=\"author\" content=\"Reda\u00e7\u00e3o Folha Popular\" \/>\n<meta name=\"twitter:card\" content=\"summary_large_image\" \/>\n<meta name=\"twitter:label1\" content=\"Escrito por\" \/>\n\t<meta name=\"twitter:data1\" content=\"Reda\u00e7\u00e3o Folha Popular\" \/>\n\t<meta name=\"twitter:label2\" content=\"Est. tempo de leitura\" \/>\n\t<meta name=\"twitter:data2\" content=\"3 minutos\" \/>\n<script type=\"application\/ld+json\" class=\"yoast-schema-graph\">{\"@context\":\"https:\\\/\\\/schema.org\",\"@graph\":[{\"@type\":\"Article\",\"@id\":\"https:\\\/\\\/folhapopular.info\\\/index.php\\\/2021\\\/12\\\/15\\\/curso-de-dancas-gauchas-de-salao-encerra-com-formatura-e-fandango-em-poco-das-antas\\\/#article\",\"isPartOf\":{\"@id\":\"https:\\\/\\\/folhapopular.info\\\/index.php\\\/2021\\\/12\\\/15\\\/curso-de-dancas-gauchas-de-salao-encerra-com-formatura-e-fandango-em-poco-das-antas\\\/\"},\"author\":{\"name\":\"Reda\u00e7\u00e3o Folha Popular\",\"@id\":\"https:\\\/\\\/folhapopular.info\\\/#\\\/schema\\\/person\\\/2814e8a0df7643585a9ca38bc6eb9d4b\"},\"headline\":\"Curso de Dan\u00e7as Ga\u00fachas de Sal\u00e3o encerra com formatura e fandango, em Po\u00e7o das Antas\",\"datePublished\":\"2021-12-15T20:30:00+00:00\",\"mainEntityOfPage\":{\"@id\":\"https:\\\/\\\/folhapopular.info\\\/index.php\\\/2021\\\/12\\\/15\\\/curso-de-dancas-gauchas-de-salao-encerra-com-formatura-e-fandango-em-poco-das-antas\\\/\"},\"wordCount\":504,\"commentCount\":0,\"image\":{\"@id\":\"https:\\\/\\\/folhapopular.info\\\/index.php\\\/2021\\\/12\\\/15\\\/curso-de-dancas-gauchas-de-salao-encerra-com-formatura-e-fandango-em-poco-das-antas\\\/#primaryimage\"},\"thumbnailUrl\":\"https:\\\/\\\/folhapopular.info\\\/wp-content\\\/uploads\\\/2021\\\/12\\\/1-Curso-de-Dancas-Gauchas-de-Salao-encerra-com-formatura-e-fandango-scaled-e1639591694125.jpg\",\"keywords\":[\"Curso\",\"Dan\u00e7as Ga\u00fachas de Sal\u00e3o\",\"Fandango\",\"Formatura\",\"Luz de Candieiro\",\"Po\u00e7o das Antas\"],\"articleSection\":[\"Destaques\",\"Geral\"],\"inLanguage\":\"pt-BR\",\"potentialAction\":[{\"@type\":\"CommentAction\",\"name\":\"Comment\",\"target\":[\"https:\\\/\\\/folhapopular.info\\\/index.php\\\/2021\\\/12\\\/15\\\/curso-de-dancas-gauchas-de-salao-encerra-com-formatura-e-fandango-em-poco-das-antas\\\/#respond\"]}]},{\"@type\":\"WebPage\",\"@id\":\"https:\\\/\\\/folhapopular.info\\\/index.php\\\/2021\\\/12\\\/15\\\/curso-de-dancas-gauchas-de-salao-encerra-com-formatura-e-fandango-em-poco-das-antas\\\/\",\"url\":\"https:\\\/\\\/folhapopular.info\\\/index.php\\\/2021\\\/12\\\/15\\\/curso-de-dancas-gauchas-de-salao-encerra-com-formatura-e-fandango-em-poco-das-antas\\\/\",\"name\":\"Curso de Dan\u00e7as Ga\u00fachas de Sal\u00e3o encerra com formatura e fandango, em Po\u00e7o das Antas - Folha Popular\",\"isPartOf\":{\"@id\":\"https:\\\/\\\/folhapopular.info\\\/#website\"},\"primaryImageOfPage\":{\"@id\":\"https:\\\/\\\/folhapopular.info\\\/index.php\\\/2021\\\/12\\\/15\\\/curso-de-dancas-gauchas-de-salao-encerra-com-formatura-e-fandango-em-poco-das-antas\\\/#primaryimage\"},\"image\":{\"@id\":\"https:\\\/\\\/folhapopular.info\\\/index.php\\\/2021\\\/12\\\/15\\\/curso-de-dancas-gauchas-de-salao-encerra-com-formatura-e-fandango-em-poco-das-antas\\\/#primaryimage\"},\"thumbnailUrl\":\"https:\\\/\\\/folhapopular.info\\\/wp-content\\\/uploads\\\/2021\\\/12\\\/1-Curso-de-Dancas-Gauchas-de-Salao-encerra-com-formatura-e-fandango-scaled-e1639591694125.jpg\",\"datePublished\":\"2021-12-15T20:30:00+00:00\",\"author\":{\"@id\":\"https:\\\/\\\/folhapopular.info\\\/#\\\/schema\\\/person\\\/2814e8a0df7643585a9ca38bc6eb9d4b\"},\"breadcrumb\":{\"@id\":\"https:\\\/\\\/folhapopular.info\\\/index.php\\\/2021\\\/12\\\/15\\\/curso-de-dancas-gauchas-de-salao-encerra-com-formatura-e-fandango-em-poco-das-antas\\\/#breadcrumb\"},\"inLanguage\":\"pt-BR\",\"potentialAction\":[{\"@type\":\"ReadAction\",\"target\":[\"https:\\\/\\\/folhapopular.info\\\/index.php\\\/2021\\\/12\\\/15\\\/curso-de-dancas-gauchas-de-salao-encerra-com-formatura-e-fandango-em-poco-das-antas\\\/\"]}]},{\"@type\":\"ImageObject\",\"inLanguage\":\"pt-BR\",\"@id\":\"https:\\\/\\\/folhapopular.info\\\/index.php\\\/2021\\\/12\\\/15\\\/curso-de-dancas-gauchas-de-salao-encerra-com-formatura-e-fandango-em-poco-das-antas\\\/#primaryimage\",\"url\":\"https:\\\/\\\/folhapopular.info\\\/wp-content\\\/uploads\\\/2021\\\/12\\\/1-Curso-de-Dancas-Gauchas-de-Salao-encerra-com-formatura-e-fandango-scaled-e1639591694125.jpg\",\"contentUrl\":\"https:\\\/\\\/folhapopular.info\\\/wp-content\\\/uploads\\\/2021\\\/12\\\/1-Curso-de-Dancas-Gauchas-de-Salao-encerra-com-formatura-e-fandango-scaled-e1639591694125.jpg\",\"width\":800,\"height\":533,\"caption\":\"No total, oito casais conclu\u00edram os 10 encontros e receberam seus certificados \\\/ Cr\u00e9dito da foto: Assessoria de Comunica\u00e7\u00e3o (ASCOM) de Po\u00e7o das Antas \\\/ Divulga\u00e7\u00e3o\"},{\"@type\":\"BreadcrumbList\",\"@id\":\"https:\\\/\\\/folhapopular.info\\\/index.php\\\/2021\\\/12\\\/15\\\/curso-de-dancas-gauchas-de-salao-encerra-com-formatura-e-fandango-em-poco-das-antas\\\/#breadcrumb\",\"itemListElement\":[{\"@type\":\"ListItem\",\"position\":1,\"name\":\"In\u00edcio\",\"item\":\"https:\\\/\\\/folhapopular.info\\\/\"},{\"@type\":\"ListItem\",\"position\":2,\"name\":\"Curso de Dan\u00e7as Ga\u00fachas de Sal\u00e3o encerra com formatura e fandango, em Po\u00e7o das Antas\"}]},{\"@type\":\"WebSite\",\"@id\":\"https:\\\/\\\/folhapopular.info\\\/#website\",\"url\":\"https:\\\/\\\/folhapopular.info\\\/\",\"name\":\"Folha Popular\",\"description\":\"Onde voc\u00ea tem vez e voz\",\"potentialAction\":[{\"@type\":\"SearchAction\",\"target\":{\"@type\":\"EntryPoint\",\"urlTemplate\":\"https:\\\/\\\/folhapopular.info\\\/?s={search_term_string}\"},\"query-input\":{\"@type\":\"PropertyValueSpecification\",\"valueRequired\":true,\"valueName\":\"search_term_string\"}}],\"inLanguage\":\"pt-BR\"},{\"@type\":\"Person\",\"@id\":\"https:\\\/\\\/folhapopular.info\\\/#\\\/schema\\\/person\\\/2814e8a0df7643585a9ca38bc6eb9d4b\",\"name\":\"Reda\u00e7\u00e3o Folha Popular\",\"image\":{\"@type\":\"ImageObject\",\"inLanguage\":\"pt-BR\",\"@id\":\"https:\\\/\\\/folhapopular.info\\\/wp-content\\\/uploads\\\/2026\\\/04\\\/Folha-1.webp\",\"url\":\"https:\\\/\\\/folhapopular.info\\\/wp-content\\\/uploads\\\/2026\\\/04\\\/Folha-1.webp\",\"contentUrl\":\"https:\\\/\\\/folhapopular.info\\\/wp-content\\\/uploads\\\/2026\\\/04\\\/Folha-1.webp\",\"caption\":\"Reda\u00e7\u00e3o Folha Popular\"},\"url\":\"https:\\\/\\\/folhapopular.info\\\/index.php\\\/author\\\/redacao\\\/\"}]}<\/script>\n<!-- \/ Yoast SEO plugin. -->","yoast_head_json":{"title":"Curso de Dan\u00e7as Ga\u00fachas de Sal\u00e3o encerra com formatura e fandango, em Po\u00e7o das Antas - Folha Popular","robots":{"index":"index","follow":"follow","max-snippet":"max-snippet:-1","max-image-preview":"max-image-preview:large","max-video-preview":"max-video-preview:-1"},"canonical":"https:\/\/folhapopular.info\/index.php\/2021\/12\/15\/curso-de-dancas-gauchas-de-salao-encerra-com-formatura-e-fandango-em-poco-das-antas\/","og_locale":"pt_BR","og_type":"article","og_title":"Curso de Dan\u00e7as Ga\u00fachas de Sal\u00e3o encerra com formatura e fandango, em Po\u00e7o das Antas - Folha Popular","og_description":"No s\u00e1bado (11\/12), ocorreu na Sociedade Esperan\u00e7a, em Po\u00e7o das Antas, o evento de encerramento e formatura do Curso de Dan\u00e7as Ga\u00fachas de Sal\u00e3o. A atividade, ofertada&nbsp;pela Administra\u00e7\u00e3o Municipal de Po\u00e7o das Antas atrav\u00e9s da Secretaria de Educa\u00e7\u00e3o, Cultura, Desporto e Turismo, teve como objetivo potencializar o tradicionalismo ga\u00facho no Munic\u00edpio, especialmente atrav\u00e9s da dan\u00e7a [&hellip;]","og_url":"https:\/\/folhapopular.info\/index.php\/2021\/12\/15\/curso-de-dancas-gauchas-de-salao-encerra-com-formatura-e-fandango-em-poco-das-antas\/","og_site_name":"Folha Popular","article_published_time":"2021-12-15T20:30:00+00:00","og_image":[{"width":800,"height":533,"url":"https:\/\/folhapopular.info\/wp-content\/uploads\/2021\/12\/1-Curso-de-Dancas-Gauchas-de-Salao-encerra-com-formatura-e-fandango-scaled-e1639591694125.jpg","type":"image\/jpeg"}],"author":"Reda\u00e7\u00e3o Folha Popular","twitter_card":"summary_large_image","twitter_misc":{"Escrito por":"Reda\u00e7\u00e3o Folha Popular","Est. tempo de leitura":"3 minutos"},"schema":{"@context":"https:\/\/schema.org","@graph":[{"@type":"Article","@id":"https:\/\/folhapopular.info\/index.php\/2021\/12\/15\/curso-de-dancas-gauchas-de-salao-encerra-com-formatura-e-fandango-em-poco-das-antas\/#article","isPartOf":{"@id":"https:\/\/folhapopular.info\/index.php\/2021\/12\/15\/curso-de-dancas-gauchas-de-salao-encerra-com-formatura-e-fandango-em-poco-das-antas\/"},"author":{"name":"Reda\u00e7\u00e3o Folha Popular","@id":"https:\/\/folhapopular.info\/#\/schema\/person\/2814e8a0df7643585a9ca38bc6eb9d4b"},"headline":"Curso de Dan\u00e7as Ga\u00fachas de Sal\u00e3o encerra com formatura e fandango, em Po\u00e7o das Antas","datePublished":"2021-12-15T20:30:00+00:00","mainEntityOfPage":{"@id":"https:\/\/folhapopular.info\/index.php\/2021\/12\/15\/curso-de-dancas-gauchas-de-salao-encerra-com-formatura-e-fandango-em-poco-das-antas\/"},"wordCount":504,"commentCount":0,"image":{"@id":"https:\/\/folhapopular.info\/index.php\/2021\/12\/15\/curso-de-dancas-gauchas-de-salao-encerra-com-formatura-e-fandango-em-poco-das-antas\/#primaryimage"},"thumbnailUrl":"https:\/\/folhapopular.info\/wp-content\/uploads\/2021\/12\/1-Curso-de-Dancas-Gauchas-de-Salao-encerra-com-formatura-e-fandango-scaled-e1639591694125.jpg","keywords":["Curso","Dan\u00e7as Ga\u00fachas de Sal\u00e3o","Fandango","Formatura","Luz de Candieiro","Po\u00e7o das Antas"],"articleSection":["Destaques","Geral"],"inLanguage":"pt-BR","potentialAction":[{"@type":"CommentAction","name":"Comment","target":["https:\/\/folhapopular.info\/index.php\/2021\/12\/15\/curso-de-dancas-gauchas-de-salao-encerra-com-formatura-e-fandango-em-poco-das-antas\/#respond"]}]},{"@type":"WebPage","@id":"https:\/\/folhapopular.info\/index.php\/2021\/12\/15\/curso-de-dancas-gauchas-de-salao-encerra-com-formatura-e-fandango-em-poco-das-antas\/","url":"https:\/\/folhapopular.info\/index.php\/2021\/12\/15\/curso-de-dancas-gauchas-de-salao-encerra-com-formatura-e-fandango-em-poco-das-antas\/","name":"Curso de Dan\u00e7as Ga\u00fachas de Sal\u00e3o encerra com formatura e fandango, em Po\u00e7o das Antas - Folha Popular","isPartOf":{"@id":"https:\/\/folhapopular.info\/#website"},"primaryImageOfPage":{"@id":"https:\/\/folhapopular.info\/index.php\/2021\/12\/15\/curso-de-dancas-gauchas-de-salao-encerra-com-formatura-e-fandango-em-poco-das-antas\/#primaryimage"},"image":{"@id":"https:\/\/folhapopular.info\/index.php\/2021\/12\/15\/curso-de-dancas-gauchas-de-salao-encerra-com-formatura-e-fandango-em-poco-das-antas\/#primaryimage"},"thumbnailUrl":"https:\/\/folhapopular.info\/wp-content\/uploads\/2021\/12\/1-Curso-de-Dancas-Gauchas-de-Salao-encerra-com-formatura-e-fandango-scaled-e1639591694125.jpg","datePublished":"2021-12-15T20:30:00+00:00","author":{"@id":"https:\/\/folhapopular.info\/#\/schema\/person\/2814e8a0df7643585a9ca38bc6eb9d4b"},"breadcrumb":{"@id":"https:\/\/folhapopular.info\/index.php\/2021\/12\/15\/curso-de-dancas-gauchas-de-salao-encerra-com-formatura-e-fandango-em-poco-das-antas\/#breadcrumb"},"inLanguage":"pt-BR","potentialAction":[{"@type":"ReadAction","target":["https:\/\/folhapopular.info\/index.php\/2021\/12\/15\/curso-de-dancas-gauchas-de-salao-encerra-com-formatura-e-fandango-em-poco-das-antas\/"]}]},{"@type":"ImageObject","inLanguage":"pt-BR","@id":"https:\/\/folhapopular.info\/index.php\/2021\/12\/15\/curso-de-dancas-gauchas-de-salao-encerra-com-formatura-e-fandango-em-poco-das-antas\/#primaryimage","url":"https:\/\/folhapopular.info\/wp-content\/uploads\/2021\/12\/1-Curso-de-Dancas-Gauchas-de-Salao-encerra-com-formatura-e-fandango-scaled-e1639591694125.jpg","contentUrl":"https:\/\/folhapopular.info\/wp-content\/uploads\/2021\/12\/1-Curso-de-Dancas-Gauchas-de-Salao-encerra-com-formatura-e-fandango-scaled-e1639591694125.jpg","width":800,"height":533,"caption":"No total, oito casais conclu\u00edram os 10 encontros e receberam seus certificados \/ Cr\u00e9dito da foto: Assessoria de Comunica\u00e7\u00e3o (ASCOM) de Po\u00e7o das Antas \/ Divulga\u00e7\u00e3o"},{"@type":"BreadcrumbList","@id":"https:\/\/folhapopular.info\/index.php\/2021\/12\/15\/curso-de-dancas-gauchas-de-salao-encerra-com-formatura-e-fandango-em-poco-das-antas\/#breadcrumb","itemListElement":[{"@type":"ListItem","position":1,"name":"In\u00edcio","item":"https:\/\/folhapopular.info\/"},{"@type":"ListItem","position":2,"name":"Curso de Dan\u00e7as Ga\u00fachas de Sal\u00e3o encerra com formatura e fandango, em Po\u00e7o das Antas"}]},{"@type":"WebSite","@id":"https:\/\/folhapopular.info\/#website","url":"https:\/\/folhapopular.info\/","name":"Folha Popular","description":"Onde voc\u00ea tem vez e voz","potentialAction":[{"@type":"SearchAction","target":{"@type":"EntryPoint","urlTemplate":"https:\/\/folhapopular.info\/?s={search_term_string}"},"query-input":{"@type":"PropertyValueSpecification","valueRequired":true,"valueName":"search_term_string"}}],"inLanguage":"pt-BR"},{"@type":"Person","@id":"https:\/\/folhapopular.info\/#\/schema\/person\/2814e8a0df7643585a9ca38bc6eb9d4b","name":"Reda\u00e7\u00e3o Folha Popular","image":{"@type":"ImageObject","inLanguage":"pt-BR","@id":"https:\/\/folhapopular.info\/wp-content\/uploads\/2026\/04\/Folha-1.webp","url":"https:\/\/folhapopular.info\/wp-content\/uploads\/2026\/04\/Folha-1.webp","contentUrl":"https:\/\/folhapopular.info\/wp-content\/uploads\/2026\/04\/Folha-1.webp","caption":"Reda\u00e7\u00e3o Folha Popular"},"url":"https:\/\/folhapopular.info\/index.php\/author\/redacao\/"}]}},"jetpack_featured_media_url":"https:\/\/folhapopular.info\/wp-content\/uploads\/2021\/12\/1-Curso-de-Dancas-Gauchas-de-Salao-encerra-com-formatura-e-fandango-scaled-e1639591694125.jpg","jetpack_sharing_enabled":true,"amp_enabled":true,"_links":{"self":[{"href":"https:\/\/folhapopular.info\/index.php\/wp-json\/wp\/v2\/posts\/94751","targetHints":{"allow":["GET"]}}],"collection":[{"href":"https:\/\/folhapopular.info\/index.php\/wp-json\/wp\/v2\/posts"}],"about":[{"href":"https:\/\/folhapopular.info\/index.php\/wp-json\/wp\/v2\/types\/post"}],"author":[{"embeddable":true,"href":"https:\/\/folhapopular.info\/index.php\/wp-json\/wp\/v2\/users\/8"}],"replies":[{"embeddable":true,"href":"https:\/\/folhapopular.info\/index.php\/wp-json\/wp\/v2\/comments?post=94751"}],"version-history":[{"count":0,"href":"https:\/\/folhapopular.info\/index.php\/wp-json\/wp\/v2\/posts\/94751\/revisions"}],"wp:featuredmedia":[{"embeddable":true,"href":"https:\/\/folhapopular.info\/index.php\/wp-json\/wp\/v2\/media\/94752"}],"wp:attachment":[{"href":"https:\/\/folhapopular.info\/index.php\/wp-json\/wp\/v2\/media?parent=94751"}],"wp:term":[{"taxonomy":"category","embeddable":true,"href":"https:\/\/folhapopular.info\/index.php\/wp-json\/wp\/v2\/categories?post=94751"},{"taxonomy":"post_tag","embeddable":true,"href":"https:\/\/folhapopular.info\/index.php\/wp-json\/wp\/v2\/tags?post=94751"}],"curies":[{"name":"wp","href":"https:\/\/api.w.org\/{rel}","templated":true}]}}