{"id":94772,"date":"2021-12-16T08:30:00","date_gmt":"2021-12-16T11:30:00","guid":{"rendered":"https:\/\/folhapopular.info\/?p=94772"},"modified":"2021-12-15T17:42:09","modified_gmt":"2021-12-15T20:42:09","slug":"encontro-de-jovens-rurais-planeja-futuro-da-agricultura-familiar-em-cruzeiro-do-sul","status":"publish","type":"post","link":"https:\/\/folhapopular.info\/index.php\/2021\/12\/16\/encontro-de-jovens-rurais-planeja-futuro-da-agricultura-familiar-em-cruzeiro-do-sul\/","title":{"rendered":"Encontro de jovens rurais planeja futuro da agricultura familiar, em Cruzeiro do Sul"},"content":{"rendered":"\n<p>Na quinta-feira (9\/12), em torno de 15 jovens de Cruzeiro do Sul participaram de um encontro para debater a respeito da Juventude Rural. O evento foi organizado pela Secretaria Municipal da Agricultura e Meio Ambiente, Emater\/RS-Ascar, Sindicato dos Trabalhadores Rurais (STR) de Cruzeiro do Sul e Pastoral da Terra. As atividades foram realizadas na comunidade S\u00e3o Francisco, na localidade de Boa Esperan\u00e7a Baixa com o objetivo de sensibilizar e estimular o jovem para o tema da sucess\u00e3o rural, buscando o fortalecimento de sua atua\u00e7\u00e3o no campo.\u00a0 <br><br>Num primeiro momento foram executadas m\u00fasicas por integrantes da Escola Municipal de M\u00fasica de Cruzeiro do Sul. Posteriormente, os presentes participaram de uma din\u00e2mica inicial com a apresenta\u00e7\u00e3o individual e, na sequ\u00eancia, visita\u00e7\u00e3o a horta comunit\u00e1ria e rel\u00f3gio do corpo humano, que ficam juntos a comunidade S\u00e3o Francisco. Tamb\u00e9m esteve entre os momentos, a divis\u00e3o dos jovens em grupos, visando a discuss\u00e3o de pontos que consideram importantes para sua perman\u00eancia no campo e temas para serem tratados nos pr\u00f3ximos encontros. <br><br>Entre os itens apontados est\u00e3o: realiza\u00e7\u00e3o de encontros em outras sociedades e aos s\u00e1bados; o munic\u00edpio dar apoio com cursos t\u00e9cnicos de agricultura; incentivar mais jovens a comparecer nos encontros; possibilitar recursos para que as atividades continuem sendo seguidas; fazer com que a tecnologia seja um m\u00e9todo de compartilhamento do projeto; criar um nome para o projeto; promover din\u00e2micas nos encontros; abordar sobre o tema meio ambiente; cria\u00e7\u00e3o de uma plataforma online para comercializa\u00e7\u00e3o dos produtos produzidos no campo; debater o custo da produ\u00e7\u00e3o. Tamb\u00e9m foi considerado o que precisa melhorar, sendo apontado: estradas; comunica\u00e7\u00e3o; apoio\/incentivo; articula\u00e7\u00e3o entre as financeiras e bancos para ajudar os jovens; e auxilio no per\u00edodo de seca, principalmente com sistema de irriga\u00e7\u00e3o. Numa avalia\u00e7\u00e3o do que est\u00e1 bom, apareceram: que o campo \u00e9 mais livre; permite a conex\u00e3o com a natureza; alimentos frescos e sem agrot\u00f3xicos; maior seguran\u00e7a; menor polui\u00e7\u00e3o; e contato com o ambiente natural. <br><br>A partir destas propostas, foram apresentadas aos demais e em acordo de todos os participantes ser\u00e1 dado continuidade aos encontros no pr\u00f3ximo ano, e o primeiro de 2022 ser\u00e1 realizado em mar\u00e7o. Para as entidades envolvidas na organiza\u00e7\u00e3o do evento, proporcionar momentos como este s\u00e3o importantes para reflex\u00e3o sobre a identidade cultural do jovem rural, sendo tamb\u00e9m a oportunidade de se ouvir propostas, debater alguns assuntos e apontar poss\u00edveis encaminhamentos. &#8220;Acreditamos que s\u00e3o muitos os desafios e uma a\u00e7\u00e3o como essa refor\u00e7a o compromisso das entidades na busca por uma agricultura familiar mais forte, que gere renda e qualidade de vida&#8221;, frisa a extensionista da Emater\/RS-Ascar, Let\u00edcia Mairesse.<\/p>\n","protected":false},"excerpt":{"rendered":"<p>Na quinta-feira (9\/12), em torno de 15 jovens de Cruzeiro do Sul participaram de um encontro para debater a respeito da Juventude Rural. O evento foi organizado pela Secretaria Municipal da Agricultura e Meio Ambiente, Emater\/RS-Ascar, Sindicato dos Trabalhadores Rurais (STR) de Cruzeiro do Sul e Pastoral da Terra. As atividades foram realizadas na comunidade [&hellip;]<\/p>\n","protected":false},"author":8,"featured_media":94773,"comment_status":"open","ping_status":"open","sticky":false,"template":"","format":"standard","meta":{"pmpro_default_level":"","_jetpack_memberships_contains_paid_content":false,"footnotes":""},"categories":[2,3],"tags":[6378,160,1989,369,535],"class_list":{"0":"post-94772","1":"post","2":"type-post","3":"status-publish","4":"format-standard","5":"has-post-thumbnail","7":"category-featured","8":"category-geral","9":"tag-6378","10":"tag-agricultura-familiar","11":"tag-cruzeiro-do-sul","12":"tag-encontro","13":"tag-juventude-rural","14":"pmpro-has-access"},"yoast_head":"<!-- This site is optimized with the Yoast SEO plugin v27.5 - https:\/\/yoast.com\/product\/yoast-seo-wordpress\/ -->\n<title>Encontro de jovens rurais planeja futuro da agricultura familiar, em Cruzeiro do Sul - Folha Popular<\/title>\n<meta name=\"robots\" content=\"index, follow, max-snippet:-1, max-image-preview:large, max-video-preview:-1\" \/>\n<link rel=\"canonical\" href=\"https:\/\/folhapopular.info\/index.php\/2021\/12\/16\/encontro-de-jovens-rurais-planeja-futuro-da-agricultura-familiar-em-cruzeiro-do-sul\/\" \/>\n<meta property=\"og:locale\" content=\"pt_BR\" \/>\n<meta property=\"og:type\" content=\"article\" \/>\n<meta property=\"og:title\" content=\"Encontro de jovens rurais planeja futuro da agricultura familiar, em Cruzeiro do Sul - Folha Popular\" \/>\n<meta property=\"og:description\" content=\"Na quinta-feira (9\/12), em torno de 15 jovens de Cruzeiro do Sul participaram de um encontro para debater a respeito da Juventude Rural. O evento foi organizado pela Secretaria Municipal da Agricultura e Meio Ambiente, Emater\/RS-Ascar, Sindicato dos Trabalhadores Rurais (STR) de Cruzeiro do Sul e Pastoral da Terra. As atividades foram realizadas na comunidade [&hellip;]\" \/>\n<meta property=\"og:url\" content=\"https:\/\/folhapopular.info\/index.php\/2021\/12\/16\/encontro-de-jovens-rurais-planeja-futuro-da-agricultura-familiar-em-cruzeiro-do-sul\/\" \/>\n<meta property=\"og:site_name\" content=\"Folha Popular\" \/>\n<meta property=\"article:published_time\" content=\"2021-12-16T11:30:00+00:00\" \/>\n<meta property=\"og:image\" content=\"https:\/\/folhapopular.info\/wp-content\/uploads\/2021\/12\/encontro_jovens-e1639598915791.jpeg\" \/>\n\t<meta property=\"og:image:width\" content=\"800\" \/>\n\t<meta property=\"og:image:height\" content=\"466\" \/>\n\t<meta property=\"og:image:type\" content=\"image\/jpeg\" \/>\n<meta name=\"author\" content=\"Reda\u00e7\u00e3o Folha Popular\" \/>\n<meta name=\"twitter:card\" content=\"summary_large_image\" \/>\n<meta name=\"twitter:label1\" content=\"Escrito por\" \/>\n\t<meta name=\"twitter:data1\" content=\"Reda\u00e7\u00e3o Folha Popular\" \/>\n\t<meta name=\"twitter:label2\" content=\"Est. tempo de leitura\" \/>\n\t<meta name=\"twitter:data2\" content=\"3 minutos\" \/>\n<script type=\"application\/ld+json\" class=\"yoast-schema-graph\">{\"@context\":\"https:\\\/\\\/schema.org\",\"@graph\":[{\"@type\":\"Article\",\"@id\":\"https:\\\/\\\/folhapopular.info\\\/index.php\\\/2021\\\/12\\\/16\\\/encontro-de-jovens-rurais-planeja-futuro-da-agricultura-familiar-em-cruzeiro-do-sul\\\/#article\",\"isPartOf\":{\"@id\":\"https:\\\/\\\/folhapopular.info\\\/index.php\\\/2021\\\/12\\\/16\\\/encontro-de-jovens-rurais-planeja-futuro-da-agricultura-familiar-em-cruzeiro-do-sul\\\/\"},\"author\":{\"name\":\"Reda\u00e7\u00e3o Folha Popular\",\"@id\":\"https:\\\/\\\/folhapopular.info\\\/#\\\/schema\\\/person\\\/2814e8a0df7643585a9ca38bc6eb9d4b\"},\"headline\":\"Encontro de jovens rurais planeja futuro da agricultura familiar, em Cruzeiro do Sul\",\"datePublished\":\"2021-12-16T11:30:00+00:00\",\"mainEntityOfPage\":{\"@id\":\"https:\\\/\\\/folhapopular.info\\\/index.php\\\/2021\\\/12\\\/16\\\/encontro-de-jovens-rurais-planeja-futuro-da-agricultura-familiar-em-cruzeiro-do-sul\\\/\"},\"wordCount\":486,\"commentCount\":0,\"image\":{\"@id\":\"https:\\\/\\\/folhapopular.info\\\/index.php\\\/2021\\\/12\\\/16\\\/encontro-de-jovens-rurais-planeja-futuro-da-agricultura-familiar-em-cruzeiro-do-sul\\\/#primaryimage\"},\"thumbnailUrl\":\"https:\\\/\\\/folhapopular.info\\\/wp-content\\\/uploads\\\/2021\\\/12\\\/encontro_jovens-e1639598915791.jpeg\",\"keywords\":[\"2022\",\"Agricultura Familiar\",\"Cruzeiro do Sul\",\"Encontro\",\"juventude rural\"],\"articleSection\":[\"Destaques\",\"Geral\"],\"inLanguage\":\"pt-BR\",\"potentialAction\":[{\"@type\":\"CommentAction\",\"name\":\"Comment\",\"target\":[\"https:\\\/\\\/folhapopular.info\\\/index.php\\\/2021\\\/12\\\/16\\\/encontro-de-jovens-rurais-planeja-futuro-da-agricultura-familiar-em-cruzeiro-do-sul\\\/#respond\"]}]},{\"@type\":\"WebPage\",\"@id\":\"https:\\\/\\\/folhapopular.info\\\/index.php\\\/2021\\\/12\\\/16\\\/encontro-de-jovens-rurais-planeja-futuro-da-agricultura-familiar-em-cruzeiro-do-sul\\\/\",\"url\":\"https:\\\/\\\/folhapopular.info\\\/index.php\\\/2021\\\/12\\\/16\\\/encontro-de-jovens-rurais-planeja-futuro-da-agricultura-familiar-em-cruzeiro-do-sul\\\/\",\"name\":\"Encontro de jovens rurais planeja futuro da agricultura familiar, em Cruzeiro do Sul - Folha Popular\",\"isPartOf\":{\"@id\":\"https:\\\/\\\/folhapopular.info\\\/#website\"},\"primaryImageOfPage\":{\"@id\":\"https:\\\/\\\/folhapopular.info\\\/index.php\\\/2021\\\/12\\\/16\\\/encontro-de-jovens-rurais-planeja-futuro-da-agricultura-familiar-em-cruzeiro-do-sul\\\/#primaryimage\"},\"image\":{\"@id\":\"https:\\\/\\\/folhapopular.info\\\/index.php\\\/2021\\\/12\\\/16\\\/encontro-de-jovens-rurais-planeja-futuro-da-agricultura-familiar-em-cruzeiro-do-sul\\\/#primaryimage\"},\"thumbnailUrl\":\"https:\\\/\\\/folhapopular.info\\\/wp-content\\\/uploads\\\/2021\\\/12\\\/encontro_jovens-e1639598915791.jpeg\",\"datePublished\":\"2021-12-16T11:30:00+00:00\",\"author\":{\"@id\":\"https:\\\/\\\/folhapopular.info\\\/#\\\/schema\\\/person\\\/2814e8a0df7643585a9ca38bc6eb9d4b\"},\"breadcrumb\":{\"@id\":\"https:\\\/\\\/folhapopular.info\\\/index.php\\\/2021\\\/12\\\/16\\\/encontro-de-jovens-rurais-planeja-futuro-da-agricultura-familiar-em-cruzeiro-do-sul\\\/#breadcrumb\"},\"inLanguage\":\"pt-BR\",\"potentialAction\":[{\"@type\":\"ReadAction\",\"target\":[\"https:\\\/\\\/folhapopular.info\\\/index.php\\\/2021\\\/12\\\/16\\\/encontro-de-jovens-rurais-planeja-futuro-da-agricultura-familiar-em-cruzeiro-do-sul\\\/\"]}]},{\"@type\":\"ImageObject\",\"inLanguage\":\"pt-BR\",\"@id\":\"https:\\\/\\\/folhapopular.info\\\/index.php\\\/2021\\\/12\\\/16\\\/encontro-de-jovens-rurais-planeja-futuro-da-agricultura-familiar-em-cruzeiro-do-sul\\\/#primaryimage\",\"url\":\"https:\\\/\\\/folhapopular.info\\\/wp-content\\\/uploads\\\/2021\\\/12\\\/encontro_jovens-e1639598915791.jpeg\",\"contentUrl\":\"https:\\\/\\\/folhapopular.info\\\/wp-content\\\/uploads\\\/2021\\\/12\\\/encontro_jovens-e1639598915791.jpeg\",\"width\":800,\"height\":466,\"caption\":\"Cr\u00e9dito da foto: Marcio Steiner \\\/ Divulga\u00e7\u00e3o\"},{\"@type\":\"BreadcrumbList\",\"@id\":\"https:\\\/\\\/folhapopular.info\\\/index.php\\\/2021\\\/12\\\/16\\\/encontro-de-jovens-rurais-planeja-futuro-da-agricultura-familiar-em-cruzeiro-do-sul\\\/#breadcrumb\",\"itemListElement\":[{\"@type\":\"ListItem\",\"position\":1,\"name\":\"In\u00edcio\",\"item\":\"https:\\\/\\\/folhapopular.info\\\/\"},{\"@type\":\"ListItem\",\"position\":2,\"name\":\"Encontro de jovens rurais planeja futuro da agricultura familiar, em Cruzeiro do Sul\"}]},{\"@type\":\"WebSite\",\"@id\":\"https:\\\/\\\/folhapopular.info\\\/#website\",\"url\":\"https:\\\/\\\/folhapopular.info\\\/\",\"name\":\"Folha Popular\",\"description\":\"Onde voc\u00ea tem vez e voz\",\"potentialAction\":[{\"@type\":\"SearchAction\",\"target\":{\"@type\":\"EntryPoint\",\"urlTemplate\":\"https:\\\/\\\/folhapopular.info\\\/?s={search_term_string}\"},\"query-input\":{\"@type\":\"PropertyValueSpecification\",\"valueRequired\":true,\"valueName\":\"search_term_string\"}}],\"inLanguage\":\"pt-BR\"},{\"@type\":\"Person\",\"@id\":\"https:\\\/\\\/folhapopular.info\\\/#\\\/schema\\\/person\\\/2814e8a0df7643585a9ca38bc6eb9d4b\",\"name\":\"Reda\u00e7\u00e3o Folha Popular\",\"image\":{\"@type\":\"ImageObject\",\"inLanguage\":\"pt-BR\",\"@id\":\"https:\\\/\\\/folhapopular.info\\\/wp-content\\\/uploads\\\/2026\\\/04\\\/Folha-1.webp\",\"url\":\"https:\\\/\\\/folhapopular.info\\\/wp-content\\\/uploads\\\/2026\\\/04\\\/Folha-1.webp\",\"contentUrl\":\"https:\\\/\\\/folhapopular.info\\\/wp-content\\\/uploads\\\/2026\\\/04\\\/Folha-1.webp\",\"caption\":\"Reda\u00e7\u00e3o Folha Popular\"},\"url\":\"https:\\\/\\\/folhapopular.info\\\/index.php\\\/author\\\/redacao\\\/\"}]}<\/script>\n<!-- \/ Yoast SEO plugin. -->","yoast_head_json":{"title":"Encontro de jovens rurais planeja futuro da agricultura familiar, em Cruzeiro do Sul - Folha Popular","robots":{"index":"index","follow":"follow","max-snippet":"max-snippet:-1","max-image-preview":"max-image-preview:large","max-video-preview":"max-video-preview:-1"},"canonical":"https:\/\/folhapopular.info\/index.php\/2021\/12\/16\/encontro-de-jovens-rurais-planeja-futuro-da-agricultura-familiar-em-cruzeiro-do-sul\/","og_locale":"pt_BR","og_type":"article","og_title":"Encontro de jovens rurais planeja futuro da agricultura familiar, em Cruzeiro do Sul - Folha Popular","og_description":"Na quinta-feira (9\/12), em torno de 15 jovens de Cruzeiro do Sul participaram de um encontro para debater a respeito da Juventude Rural. O evento foi organizado pela Secretaria Municipal da Agricultura e Meio Ambiente, Emater\/RS-Ascar, Sindicato dos Trabalhadores Rurais (STR) de Cruzeiro do Sul e Pastoral da Terra. As atividades foram realizadas na comunidade [&hellip;]","og_url":"https:\/\/folhapopular.info\/index.php\/2021\/12\/16\/encontro-de-jovens-rurais-planeja-futuro-da-agricultura-familiar-em-cruzeiro-do-sul\/","og_site_name":"Folha Popular","article_published_time":"2021-12-16T11:30:00+00:00","og_image":[{"width":800,"height":466,"url":"https:\/\/folhapopular.info\/wp-content\/uploads\/2021\/12\/encontro_jovens-e1639598915791.jpeg","type":"image\/jpeg"}],"author":"Reda\u00e7\u00e3o Folha Popular","twitter_card":"summary_large_image","twitter_misc":{"Escrito por":"Reda\u00e7\u00e3o Folha Popular","Est. tempo de leitura":"3 minutos"},"schema":{"@context":"https:\/\/schema.org","@graph":[{"@type":"Article","@id":"https:\/\/folhapopular.info\/index.php\/2021\/12\/16\/encontro-de-jovens-rurais-planeja-futuro-da-agricultura-familiar-em-cruzeiro-do-sul\/#article","isPartOf":{"@id":"https:\/\/folhapopular.info\/index.php\/2021\/12\/16\/encontro-de-jovens-rurais-planeja-futuro-da-agricultura-familiar-em-cruzeiro-do-sul\/"},"author":{"name":"Reda\u00e7\u00e3o Folha Popular","@id":"https:\/\/folhapopular.info\/#\/schema\/person\/2814e8a0df7643585a9ca38bc6eb9d4b"},"headline":"Encontro de jovens rurais planeja futuro da agricultura familiar, em Cruzeiro do Sul","datePublished":"2021-12-16T11:30:00+00:00","mainEntityOfPage":{"@id":"https:\/\/folhapopular.info\/index.php\/2021\/12\/16\/encontro-de-jovens-rurais-planeja-futuro-da-agricultura-familiar-em-cruzeiro-do-sul\/"},"wordCount":486,"commentCount":0,"image":{"@id":"https:\/\/folhapopular.info\/index.php\/2021\/12\/16\/encontro-de-jovens-rurais-planeja-futuro-da-agricultura-familiar-em-cruzeiro-do-sul\/#primaryimage"},"thumbnailUrl":"https:\/\/folhapopular.info\/wp-content\/uploads\/2021\/12\/encontro_jovens-e1639598915791.jpeg","keywords":["2022","Agricultura Familiar","Cruzeiro do Sul","Encontro","juventude rural"],"articleSection":["Destaques","Geral"],"inLanguage":"pt-BR","potentialAction":[{"@type":"CommentAction","name":"Comment","target":["https:\/\/folhapopular.info\/index.php\/2021\/12\/16\/encontro-de-jovens-rurais-planeja-futuro-da-agricultura-familiar-em-cruzeiro-do-sul\/#respond"]}]},{"@type":"WebPage","@id":"https:\/\/folhapopular.info\/index.php\/2021\/12\/16\/encontro-de-jovens-rurais-planeja-futuro-da-agricultura-familiar-em-cruzeiro-do-sul\/","url":"https:\/\/folhapopular.info\/index.php\/2021\/12\/16\/encontro-de-jovens-rurais-planeja-futuro-da-agricultura-familiar-em-cruzeiro-do-sul\/","name":"Encontro de jovens rurais planeja futuro da agricultura familiar, em Cruzeiro do Sul - Folha Popular","isPartOf":{"@id":"https:\/\/folhapopular.info\/#website"},"primaryImageOfPage":{"@id":"https:\/\/folhapopular.info\/index.php\/2021\/12\/16\/encontro-de-jovens-rurais-planeja-futuro-da-agricultura-familiar-em-cruzeiro-do-sul\/#primaryimage"},"image":{"@id":"https:\/\/folhapopular.info\/index.php\/2021\/12\/16\/encontro-de-jovens-rurais-planeja-futuro-da-agricultura-familiar-em-cruzeiro-do-sul\/#primaryimage"},"thumbnailUrl":"https:\/\/folhapopular.info\/wp-content\/uploads\/2021\/12\/encontro_jovens-e1639598915791.jpeg","datePublished":"2021-12-16T11:30:00+00:00","author":{"@id":"https:\/\/folhapopular.info\/#\/schema\/person\/2814e8a0df7643585a9ca38bc6eb9d4b"},"breadcrumb":{"@id":"https:\/\/folhapopular.info\/index.php\/2021\/12\/16\/encontro-de-jovens-rurais-planeja-futuro-da-agricultura-familiar-em-cruzeiro-do-sul\/#breadcrumb"},"inLanguage":"pt-BR","potentialAction":[{"@type":"ReadAction","target":["https:\/\/folhapopular.info\/index.php\/2021\/12\/16\/encontro-de-jovens-rurais-planeja-futuro-da-agricultura-familiar-em-cruzeiro-do-sul\/"]}]},{"@type":"ImageObject","inLanguage":"pt-BR","@id":"https:\/\/folhapopular.info\/index.php\/2021\/12\/16\/encontro-de-jovens-rurais-planeja-futuro-da-agricultura-familiar-em-cruzeiro-do-sul\/#primaryimage","url":"https:\/\/folhapopular.info\/wp-content\/uploads\/2021\/12\/encontro_jovens-e1639598915791.jpeg","contentUrl":"https:\/\/folhapopular.info\/wp-content\/uploads\/2021\/12\/encontro_jovens-e1639598915791.jpeg","width":800,"height":466,"caption":"Cr\u00e9dito da foto: Marcio Steiner \/ Divulga\u00e7\u00e3o"},{"@type":"BreadcrumbList","@id":"https:\/\/folhapopular.info\/index.php\/2021\/12\/16\/encontro-de-jovens-rurais-planeja-futuro-da-agricultura-familiar-em-cruzeiro-do-sul\/#breadcrumb","itemListElement":[{"@type":"ListItem","position":1,"name":"In\u00edcio","item":"https:\/\/folhapopular.info\/"},{"@type":"ListItem","position":2,"name":"Encontro de jovens rurais planeja futuro da agricultura familiar, em Cruzeiro do Sul"}]},{"@type":"WebSite","@id":"https:\/\/folhapopular.info\/#website","url":"https:\/\/folhapopular.info\/","name":"Folha Popular","description":"Onde voc\u00ea tem vez e voz","potentialAction":[{"@type":"SearchAction","target":{"@type":"EntryPoint","urlTemplate":"https:\/\/folhapopular.info\/?s={search_term_string}"},"query-input":{"@type":"PropertyValueSpecification","valueRequired":true,"valueName":"search_term_string"}}],"inLanguage":"pt-BR"},{"@type":"Person","@id":"https:\/\/folhapopular.info\/#\/schema\/person\/2814e8a0df7643585a9ca38bc6eb9d4b","name":"Reda\u00e7\u00e3o Folha Popular","image":{"@type":"ImageObject","inLanguage":"pt-BR","@id":"https:\/\/folhapopular.info\/wp-content\/uploads\/2026\/04\/Folha-1.webp","url":"https:\/\/folhapopular.info\/wp-content\/uploads\/2026\/04\/Folha-1.webp","contentUrl":"https:\/\/folhapopular.info\/wp-content\/uploads\/2026\/04\/Folha-1.webp","caption":"Reda\u00e7\u00e3o Folha Popular"},"url":"https:\/\/folhapopular.info\/index.php\/author\/redacao\/"}]}},"jetpack_featured_media_url":"https:\/\/folhapopular.info\/wp-content\/uploads\/2021\/12\/encontro_jovens-e1639598915791.jpeg","jetpack_sharing_enabled":true,"amp_enabled":true,"_links":{"self":[{"href":"https:\/\/folhapopular.info\/index.php\/wp-json\/wp\/v2\/posts\/94772","targetHints":{"allow":["GET"]}}],"collection":[{"href":"https:\/\/folhapopular.info\/index.php\/wp-json\/wp\/v2\/posts"}],"about":[{"href":"https:\/\/folhapopular.info\/index.php\/wp-json\/wp\/v2\/types\/post"}],"author":[{"embeddable":true,"href":"https:\/\/folhapopular.info\/index.php\/wp-json\/wp\/v2\/users\/8"}],"replies":[{"embeddable":true,"href":"https:\/\/folhapopular.info\/index.php\/wp-json\/wp\/v2\/comments?post=94772"}],"version-history":[{"count":0,"href":"https:\/\/folhapopular.info\/index.php\/wp-json\/wp\/v2\/posts\/94772\/revisions"}],"wp:featuredmedia":[{"embeddable":true,"href":"https:\/\/folhapopular.info\/index.php\/wp-json\/wp\/v2\/media\/94773"}],"wp:attachment":[{"href":"https:\/\/folhapopular.info\/index.php\/wp-json\/wp\/v2\/media?parent=94772"}],"wp:term":[{"taxonomy":"category","embeddable":true,"href":"https:\/\/folhapopular.info\/index.php\/wp-json\/wp\/v2\/categories?post=94772"},{"taxonomy":"post_tag","embeddable":true,"href":"https:\/\/folhapopular.info\/index.php\/wp-json\/wp\/v2\/tags?post=94772"}],"curies":[{"name":"wp","href":"https:\/\/api.w.org\/{rel}","templated":true}]}}