{"id":94808,"date":"2021-12-16T17:58:34","date_gmt":"2021-12-16T20:58:34","guid":{"rendered":"https:\/\/folhapopular.info\/?p=94808"},"modified":"2021-12-16T17:58:38","modified_gmt":"2021-12-16T20:58:38","slug":"dois-homens-foram-presos-por-crimes-ligados-a-abuso-sexual-de-criancas-e-adolescentes","status":"publish","type":"post","link":"https:\/\/folhapopular.info\/index.php\/2021\/12\/16\/dois-homens-foram-presos-por-crimes-ligados-a-abuso-sexual-de-criancas-e-adolescentes\/","title":{"rendered":"Dois homens foram presos por crimes ligados a abuso sexual de crian\u00e7as e adolescentes"},"content":{"rendered":"\n<p>A Pol\u00edcia Federal cumpriu dois mandados de busca e apreens\u00e3o em resid\u00eancias nas cidades de S\u00e3o Leopoldo e Gravata\u00ed, na manh\u00e3 desta quinta-feira (16\/12). Dois homens foram presos em flagrante.<\/p>\n\n\n\n<p>Os policiais pretendiam coletar evid\u00eancias de crimes de abuso sexual de crian\u00e7as e adolescentes, em investiga\u00e7\u00e3o desenvolvida pelo Servi\u00e7o de Repress\u00e3o aos Crimes de \u00d3dio e Pornografia Infantil, de Bras\u00edlia.<\/p>\n\n\n\n<p>Durante as buscas, nos dois locais, foram apreendidos celulares contendo centenas de imagens sexuais envolvendo menores.<\/p>\n\n\n\n<p>Na cidade de Gravata\u00ed foi preso em flagrante um homem, de 42 anos. Em S\u00e3o Leopoldo, outro homem, de 18 anos, tamb\u00e9m foi preso em flagrante. Ambos ser\u00e3o indiciados por armazenamento, compartilhamento e venda de imagens (fotos e v\u00eddeos) ou outro registro que contenha abuso sexual envolvendo crian\u00e7a ou adolescente.<\/p>\n\n\n\n<figure class=\"wp-block-image size-large\"><img loading=\"lazy\" decoding=\"async\" width=\"576\" height=\"1024\" src=\"https:\/\/folhapopular.info\/wp-content\/uploads\/2021\/12\/WhatsApp-Image-2021-12-16-at-13.11.49-576x1024.jpeg\" alt=\"\" class=\"wp-image-94803\" srcset=\"https:\/\/folhapopular.info\/wp-content\/uploads\/2021\/12\/WhatsApp-Image-2021-12-16-at-13.11.49-576x1024.jpeg 576w, https:\/\/folhapopular.info\/wp-content\/uploads\/2021\/12\/WhatsApp-Image-2021-12-16-at-13.11.49-169x300.jpeg 169w, https:\/\/folhapopular.info\/wp-content\/uploads\/2021\/12\/WhatsApp-Image-2021-12-16-at-13.11.49-768x1366.jpeg 768w, https:\/\/folhapopular.info\/wp-content\/uploads\/2021\/12\/WhatsApp-Image-2021-12-16-at-13.11.49-864x1536.jpeg 864w, https:\/\/folhapopular.info\/wp-content\/uploads\/2021\/12\/WhatsApp-Image-2021-12-16-at-13.11.49-696x1238.jpeg 696w, https:\/\/folhapopular.info\/wp-content\/uploads\/2021\/12\/WhatsApp-Image-2021-12-16-at-13.11.49.jpeg 899w\" sizes=\"auto, (max-width: 576px) 100vw, 576px\" \/><figcaption>Materiais foram apreendidos nos dois locais \/\/\/ Cr\u00e9dito: Pol\u00edcia Federal \/ Divulga\u00e7\u00e3o<\/figcaption><\/figure>\n","protected":false},"excerpt":{"rendered":"<p>A Pol\u00edcia Federal cumpriu dois mandados de busca e apreens\u00e3o em resid\u00eancias nas cidades de S\u00e3o Leopoldo e Gravata\u00ed, na manh\u00e3 desta quinta-feira (16\/12). Dois homens foram presos em flagrante. Os policiais pretendiam coletar evid\u00eancias de crimes de abuso sexual de crian\u00e7as e adolescentes, em investiga\u00e7\u00e3o desenvolvida pelo Servi\u00e7o de Repress\u00e3o aos Crimes de \u00d3dio [&hellip;]<\/p>\n","protected":false},"author":8,"featured_media":94802,"comment_status":"open","ping_status":"open","sticky":false,"template":"","format":"standard","meta":{"pmpro_default_level":"","_jetpack_memberships_contains_paid_content":false,"footnotes":""},"categories":[7],"tags":[1794],"class_list":{"0":"post-94808","1":"post","2":"type-post","3":"status-publish","4":"format-standard","5":"has-post-thumbnail","7":"category-seguranca","8":"tag-rio-grande-do-sul","9":"pmpro-has-access"},"yoast_head":"<!-- This site is optimized with the Yoast SEO plugin v27.5 - https:\/\/yoast.com\/product\/yoast-seo-wordpress\/ -->\n<title>Dois homens foram presos por crimes ligados a abuso sexual de crian\u00e7as e adolescentes - Folha Popular<\/title>\n<meta name=\"robots\" content=\"index, follow, max-snippet:-1, max-image-preview:large, max-video-preview:-1\" \/>\n<link rel=\"canonical\" href=\"https:\/\/folhapopular.info\/index.php\/2021\/12\/16\/dois-homens-foram-presos-por-crimes-ligados-a-abuso-sexual-de-criancas-e-adolescentes\/\" \/>\n<meta property=\"og:locale\" content=\"pt_BR\" \/>\n<meta property=\"og:type\" content=\"article\" \/>\n<meta property=\"og:title\" content=\"Dois homens foram presos por crimes ligados a abuso sexual de crian\u00e7as e adolescentes - Folha Popular\" \/>\n<meta property=\"og:description\" content=\"A Pol\u00edcia Federal cumpriu dois mandados de busca e apreens\u00e3o em resid\u00eancias nas cidades de S\u00e3o Leopoldo e Gravata\u00ed, na manh\u00e3 desta quinta-feira (16\/12). Dois homens foram presos em flagrante. Os policiais pretendiam coletar evid\u00eancias de crimes de abuso sexual de crian\u00e7as e adolescentes, em investiga\u00e7\u00e3o desenvolvida pelo Servi\u00e7o de Repress\u00e3o aos Crimes de \u00d3dio [&hellip;]\" \/>\n<meta property=\"og:url\" content=\"https:\/\/folhapopular.info\/index.php\/2021\/12\/16\/dois-homens-foram-presos-por-crimes-ligados-a-abuso-sexual-de-criancas-e-adolescentes\/\" \/>\n<meta property=\"og:site_name\" content=\"Folha Popular\" \/>\n<meta property=\"article:published_time\" content=\"2021-12-16T20:58:34+00:00\" \/>\n<meta property=\"article:modified_time\" content=\"2021-12-16T20:58:38+00:00\" \/>\n<meta property=\"og:image\" content=\"http:\/\/folhapopular.info\/wp-content\/uploads\/2021\/12\/WhatsApp-Image-2021-12-16-at-13.11.38.jpeg\" \/>\n\t<meta property=\"og:image:width\" content=\"899\" \/>\n\t<meta property=\"og:image:height\" content=\"1599\" \/>\n\t<meta property=\"og:image:type\" content=\"image\/jpeg\" \/>\n<meta name=\"author\" content=\"Reda\u00e7\u00e3o Folha Popular\" \/>\n<meta name=\"twitter:card\" content=\"summary_large_image\" \/>\n<meta name=\"twitter:label1\" content=\"Escrito por\" \/>\n\t<meta name=\"twitter:data1\" content=\"Reda\u00e7\u00e3o Folha Popular\" \/>\n\t<meta name=\"twitter:label2\" content=\"Est. tempo de leitura\" \/>\n\t<meta name=\"twitter:data2\" content=\"1 minuto\" \/>\n<script type=\"application\/ld+json\" class=\"yoast-schema-graph\">{\"@context\":\"https:\\\/\\\/schema.org\",\"@graph\":[{\"@type\":\"Article\",\"@id\":\"https:\\\/\\\/folhapopular.info\\\/index.php\\\/2021\\\/12\\\/16\\\/dois-homens-foram-presos-por-crimes-ligados-a-abuso-sexual-de-criancas-e-adolescentes\\\/#article\",\"isPartOf\":{\"@id\":\"https:\\\/\\\/folhapopular.info\\\/index.php\\\/2021\\\/12\\\/16\\\/dois-homens-foram-presos-por-crimes-ligados-a-abuso-sexual-de-criancas-e-adolescentes\\\/\"},\"author\":{\"name\":\"Reda\u00e7\u00e3o Folha Popular\",\"@id\":\"https:\\\/\\\/folhapopular.info\\\/#\\\/schema\\\/person\\\/2814e8a0df7643585a9ca38bc6eb9d4b\"},\"headline\":\"Dois homens foram presos por crimes ligados a abuso sexual de crian\u00e7as e adolescentes\",\"datePublished\":\"2021-12-16T20:58:34+00:00\",\"dateModified\":\"2021-12-16T20:58:38+00:00\",\"mainEntityOfPage\":{\"@id\":\"https:\\\/\\\/folhapopular.info\\\/index.php\\\/2021\\\/12\\\/16\\\/dois-homens-foram-presos-por-crimes-ligados-a-abuso-sexual-de-criancas-e-adolescentes\\\/\"},\"wordCount\":166,\"commentCount\":0,\"image\":{\"@id\":\"https:\\\/\\\/folhapopular.info\\\/index.php\\\/2021\\\/12\\\/16\\\/dois-homens-foram-presos-por-crimes-ligados-a-abuso-sexual-de-criancas-e-adolescentes\\\/#primaryimage\"},\"thumbnailUrl\":\"https:\\\/\\\/folhapopular.info\\\/wp-content\\\/uploads\\\/2021\\\/12\\\/WhatsApp-Image-2021-12-16-at-13.11.38.jpeg\",\"keywords\":[\"Rio Grande do Sul\"],\"articleSection\":[\"Seguran\u00e7a\"],\"inLanguage\":\"pt-BR\",\"potentialAction\":[{\"@type\":\"CommentAction\",\"name\":\"Comment\",\"target\":[\"https:\\\/\\\/folhapopular.info\\\/index.php\\\/2021\\\/12\\\/16\\\/dois-homens-foram-presos-por-crimes-ligados-a-abuso-sexual-de-criancas-e-adolescentes\\\/#respond\"]}]},{\"@type\":\"WebPage\",\"@id\":\"https:\\\/\\\/folhapopular.info\\\/index.php\\\/2021\\\/12\\\/16\\\/dois-homens-foram-presos-por-crimes-ligados-a-abuso-sexual-de-criancas-e-adolescentes\\\/\",\"url\":\"https:\\\/\\\/folhapopular.info\\\/index.php\\\/2021\\\/12\\\/16\\\/dois-homens-foram-presos-por-crimes-ligados-a-abuso-sexual-de-criancas-e-adolescentes\\\/\",\"name\":\"Dois homens foram presos por crimes ligados a abuso sexual de crian\u00e7as e adolescentes - Folha Popular\",\"isPartOf\":{\"@id\":\"https:\\\/\\\/folhapopular.info\\\/#website\"},\"primaryImageOfPage\":{\"@id\":\"https:\\\/\\\/folhapopular.info\\\/index.php\\\/2021\\\/12\\\/16\\\/dois-homens-foram-presos-por-crimes-ligados-a-abuso-sexual-de-criancas-e-adolescentes\\\/#primaryimage\"},\"image\":{\"@id\":\"https:\\\/\\\/folhapopular.info\\\/index.php\\\/2021\\\/12\\\/16\\\/dois-homens-foram-presos-por-crimes-ligados-a-abuso-sexual-de-criancas-e-adolescentes\\\/#primaryimage\"},\"thumbnailUrl\":\"https:\\\/\\\/folhapopular.info\\\/wp-content\\\/uploads\\\/2021\\\/12\\\/WhatsApp-Image-2021-12-16-at-13.11.38.jpeg\",\"datePublished\":\"2021-12-16T20:58:34+00:00\",\"dateModified\":\"2021-12-16T20:58:38+00:00\",\"author\":{\"@id\":\"https:\\\/\\\/folhapopular.info\\\/#\\\/schema\\\/person\\\/2814e8a0df7643585a9ca38bc6eb9d4b\"},\"breadcrumb\":{\"@id\":\"https:\\\/\\\/folhapopular.info\\\/index.php\\\/2021\\\/12\\\/16\\\/dois-homens-foram-presos-por-crimes-ligados-a-abuso-sexual-de-criancas-e-adolescentes\\\/#breadcrumb\"},\"inLanguage\":\"pt-BR\",\"potentialAction\":[{\"@type\":\"ReadAction\",\"target\":[\"https:\\\/\\\/folhapopular.info\\\/index.php\\\/2021\\\/12\\\/16\\\/dois-homens-foram-presos-por-crimes-ligados-a-abuso-sexual-de-criancas-e-adolescentes\\\/\"]}]},{\"@type\":\"ImageObject\",\"inLanguage\":\"pt-BR\",\"@id\":\"https:\\\/\\\/folhapopular.info\\\/index.php\\\/2021\\\/12\\\/16\\\/dois-homens-foram-presos-por-crimes-ligados-a-abuso-sexual-de-criancas-e-adolescentes\\\/#primaryimage\",\"url\":\"https:\\\/\\\/folhapopular.info\\\/wp-content\\\/uploads\\\/2021\\\/12\\\/WhatsApp-Image-2021-12-16-at-13.11.38.jpeg\",\"contentUrl\":\"https:\\\/\\\/folhapopular.info\\\/wp-content\\\/uploads\\\/2021\\\/12\\\/WhatsApp-Image-2021-12-16-at-13.11.38.jpeg\",\"width\":899,\"height\":1599,\"caption\":\"Ambos ser\u00e3o indiciados por armazenamento, compartilhamento e venda de imagens (fotos e v\u00eddeos) ou outro registro que contenha abuso sexual envolvendo crian\u00e7a ou adolescente \\\/\\\/\\\/ Cr\u00e9dito: Pol\u00edcia Federal \\\/ Divulga\u00e7\u00e3o\"},{\"@type\":\"BreadcrumbList\",\"@id\":\"https:\\\/\\\/folhapopular.info\\\/index.php\\\/2021\\\/12\\\/16\\\/dois-homens-foram-presos-por-crimes-ligados-a-abuso-sexual-de-criancas-e-adolescentes\\\/#breadcrumb\",\"itemListElement\":[{\"@type\":\"ListItem\",\"position\":1,\"name\":\"In\u00edcio\",\"item\":\"https:\\\/\\\/folhapopular.info\\\/\"},{\"@type\":\"ListItem\",\"position\":2,\"name\":\"Dois homens foram presos por crimes ligados a abuso sexual de crian\u00e7as e adolescentes\"}]},{\"@type\":\"WebSite\",\"@id\":\"https:\\\/\\\/folhapopular.info\\\/#website\",\"url\":\"https:\\\/\\\/folhapopular.info\\\/\",\"name\":\"Folha Popular\",\"description\":\"Onde voc\u00ea tem vez e voz\",\"potentialAction\":[{\"@type\":\"SearchAction\",\"target\":{\"@type\":\"EntryPoint\",\"urlTemplate\":\"https:\\\/\\\/folhapopular.info\\\/?s={search_term_string}\"},\"query-input\":{\"@type\":\"PropertyValueSpecification\",\"valueRequired\":true,\"valueName\":\"search_term_string\"}}],\"inLanguage\":\"pt-BR\"},{\"@type\":\"Person\",\"@id\":\"https:\\\/\\\/folhapopular.info\\\/#\\\/schema\\\/person\\\/2814e8a0df7643585a9ca38bc6eb9d4b\",\"name\":\"Reda\u00e7\u00e3o Folha Popular\",\"image\":{\"@type\":\"ImageObject\",\"inLanguage\":\"pt-BR\",\"@id\":\"https:\\\/\\\/folhapopular.info\\\/wp-content\\\/uploads\\\/2026\\\/04\\\/Folha-1.webp\",\"url\":\"https:\\\/\\\/folhapopular.info\\\/wp-content\\\/uploads\\\/2026\\\/04\\\/Folha-1.webp\",\"contentUrl\":\"https:\\\/\\\/folhapopular.info\\\/wp-content\\\/uploads\\\/2026\\\/04\\\/Folha-1.webp\",\"caption\":\"Reda\u00e7\u00e3o Folha Popular\"},\"url\":\"https:\\\/\\\/folhapopular.info\\\/index.php\\\/author\\\/redacao\\\/\"}]}<\/script>\n<!-- \/ Yoast SEO plugin. -->","yoast_head_json":{"title":"Dois homens foram presos por crimes ligados a abuso sexual de crian\u00e7as e adolescentes - Folha Popular","robots":{"index":"index","follow":"follow","max-snippet":"max-snippet:-1","max-image-preview":"max-image-preview:large","max-video-preview":"max-video-preview:-1"},"canonical":"https:\/\/folhapopular.info\/index.php\/2021\/12\/16\/dois-homens-foram-presos-por-crimes-ligados-a-abuso-sexual-de-criancas-e-adolescentes\/","og_locale":"pt_BR","og_type":"article","og_title":"Dois homens foram presos por crimes ligados a abuso sexual de crian\u00e7as e adolescentes - Folha Popular","og_description":"A Pol\u00edcia Federal cumpriu dois mandados de busca e apreens\u00e3o em resid\u00eancias nas cidades de S\u00e3o Leopoldo e Gravata\u00ed, na manh\u00e3 desta quinta-feira (16\/12). Dois homens foram presos em flagrante. Os policiais pretendiam coletar evid\u00eancias de crimes de abuso sexual de crian\u00e7as e adolescentes, em investiga\u00e7\u00e3o desenvolvida pelo Servi\u00e7o de Repress\u00e3o aos Crimes de \u00d3dio [&hellip;]","og_url":"https:\/\/folhapopular.info\/index.php\/2021\/12\/16\/dois-homens-foram-presos-por-crimes-ligados-a-abuso-sexual-de-criancas-e-adolescentes\/","og_site_name":"Folha Popular","article_published_time":"2021-12-16T20:58:34+00:00","article_modified_time":"2021-12-16T20:58:38+00:00","og_image":[{"width":899,"height":1599,"url":"http:\/\/folhapopular.info\/wp-content\/uploads\/2021\/12\/WhatsApp-Image-2021-12-16-at-13.11.38.jpeg","type":"image\/jpeg"}],"author":"Reda\u00e7\u00e3o Folha Popular","twitter_card":"summary_large_image","twitter_misc":{"Escrito por":"Reda\u00e7\u00e3o Folha Popular","Est. tempo de leitura":"1 minuto"},"schema":{"@context":"https:\/\/schema.org","@graph":[{"@type":"Article","@id":"https:\/\/folhapopular.info\/index.php\/2021\/12\/16\/dois-homens-foram-presos-por-crimes-ligados-a-abuso-sexual-de-criancas-e-adolescentes\/#article","isPartOf":{"@id":"https:\/\/folhapopular.info\/index.php\/2021\/12\/16\/dois-homens-foram-presos-por-crimes-ligados-a-abuso-sexual-de-criancas-e-adolescentes\/"},"author":{"name":"Reda\u00e7\u00e3o Folha Popular","@id":"https:\/\/folhapopular.info\/#\/schema\/person\/2814e8a0df7643585a9ca38bc6eb9d4b"},"headline":"Dois homens foram presos por crimes ligados a abuso sexual de crian\u00e7as e adolescentes","datePublished":"2021-12-16T20:58:34+00:00","dateModified":"2021-12-16T20:58:38+00:00","mainEntityOfPage":{"@id":"https:\/\/folhapopular.info\/index.php\/2021\/12\/16\/dois-homens-foram-presos-por-crimes-ligados-a-abuso-sexual-de-criancas-e-adolescentes\/"},"wordCount":166,"commentCount":0,"image":{"@id":"https:\/\/folhapopular.info\/index.php\/2021\/12\/16\/dois-homens-foram-presos-por-crimes-ligados-a-abuso-sexual-de-criancas-e-adolescentes\/#primaryimage"},"thumbnailUrl":"https:\/\/folhapopular.info\/wp-content\/uploads\/2021\/12\/WhatsApp-Image-2021-12-16-at-13.11.38.jpeg","keywords":["Rio Grande do Sul"],"articleSection":["Seguran\u00e7a"],"inLanguage":"pt-BR","potentialAction":[{"@type":"CommentAction","name":"Comment","target":["https:\/\/folhapopular.info\/index.php\/2021\/12\/16\/dois-homens-foram-presos-por-crimes-ligados-a-abuso-sexual-de-criancas-e-adolescentes\/#respond"]}]},{"@type":"WebPage","@id":"https:\/\/folhapopular.info\/index.php\/2021\/12\/16\/dois-homens-foram-presos-por-crimes-ligados-a-abuso-sexual-de-criancas-e-adolescentes\/","url":"https:\/\/folhapopular.info\/index.php\/2021\/12\/16\/dois-homens-foram-presos-por-crimes-ligados-a-abuso-sexual-de-criancas-e-adolescentes\/","name":"Dois homens foram presos por crimes ligados a abuso sexual de crian\u00e7as e adolescentes - Folha Popular","isPartOf":{"@id":"https:\/\/folhapopular.info\/#website"},"primaryImageOfPage":{"@id":"https:\/\/folhapopular.info\/index.php\/2021\/12\/16\/dois-homens-foram-presos-por-crimes-ligados-a-abuso-sexual-de-criancas-e-adolescentes\/#primaryimage"},"image":{"@id":"https:\/\/folhapopular.info\/index.php\/2021\/12\/16\/dois-homens-foram-presos-por-crimes-ligados-a-abuso-sexual-de-criancas-e-adolescentes\/#primaryimage"},"thumbnailUrl":"https:\/\/folhapopular.info\/wp-content\/uploads\/2021\/12\/WhatsApp-Image-2021-12-16-at-13.11.38.jpeg","datePublished":"2021-12-16T20:58:34+00:00","dateModified":"2021-12-16T20:58:38+00:00","author":{"@id":"https:\/\/folhapopular.info\/#\/schema\/person\/2814e8a0df7643585a9ca38bc6eb9d4b"},"breadcrumb":{"@id":"https:\/\/folhapopular.info\/index.php\/2021\/12\/16\/dois-homens-foram-presos-por-crimes-ligados-a-abuso-sexual-de-criancas-e-adolescentes\/#breadcrumb"},"inLanguage":"pt-BR","potentialAction":[{"@type":"ReadAction","target":["https:\/\/folhapopular.info\/index.php\/2021\/12\/16\/dois-homens-foram-presos-por-crimes-ligados-a-abuso-sexual-de-criancas-e-adolescentes\/"]}]},{"@type":"ImageObject","inLanguage":"pt-BR","@id":"https:\/\/folhapopular.info\/index.php\/2021\/12\/16\/dois-homens-foram-presos-por-crimes-ligados-a-abuso-sexual-de-criancas-e-adolescentes\/#primaryimage","url":"https:\/\/folhapopular.info\/wp-content\/uploads\/2021\/12\/WhatsApp-Image-2021-12-16-at-13.11.38.jpeg","contentUrl":"https:\/\/folhapopular.info\/wp-content\/uploads\/2021\/12\/WhatsApp-Image-2021-12-16-at-13.11.38.jpeg","width":899,"height":1599,"caption":"Ambos ser\u00e3o indiciados por armazenamento, compartilhamento e venda de imagens (fotos e v\u00eddeos) ou outro registro que contenha abuso sexual envolvendo crian\u00e7a ou adolescente \/\/\/ Cr\u00e9dito: Pol\u00edcia Federal \/ Divulga\u00e7\u00e3o"},{"@type":"BreadcrumbList","@id":"https:\/\/folhapopular.info\/index.php\/2021\/12\/16\/dois-homens-foram-presos-por-crimes-ligados-a-abuso-sexual-de-criancas-e-adolescentes\/#breadcrumb","itemListElement":[{"@type":"ListItem","position":1,"name":"In\u00edcio","item":"https:\/\/folhapopular.info\/"},{"@type":"ListItem","position":2,"name":"Dois homens foram presos por crimes ligados a abuso sexual de crian\u00e7as e adolescentes"}]},{"@type":"WebSite","@id":"https:\/\/folhapopular.info\/#website","url":"https:\/\/folhapopular.info\/","name":"Folha Popular","description":"Onde voc\u00ea tem vez e voz","potentialAction":[{"@type":"SearchAction","target":{"@type":"EntryPoint","urlTemplate":"https:\/\/folhapopular.info\/?s={search_term_string}"},"query-input":{"@type":"PropertyValueSpecification","valueRequired":true,"valueName":"search_term_string"}}],"inLanguage":"pt-BR"},{"@type":"Person","@id":"https:\/\/folhapopular.info\/#\/schema\/person\/2814e8a0df7643585a9ca38bc6eb9d4b","name":"Reda\u00e7\u00e3o Folha Popular","image":{"@type":"ImageObject","inLanguage":"pt-BR","@id":"https:\/\/folhapopular.info\/wp-content\/uploads\/2026\/04\/Folha-1.webp","url":"https:\/\/folhapopular.info\/wp-content\/uploads\/2026\/04\/Folha-1.webp","contentUrl":"https:\/\/folhapopular.info\/wp-content\/uploads\/2026\/04\/Folha-1.webp","caption":"Reda\u00e7\u00e3o Folha Popular"},"url":"https:\/\/folhapopular.info\/index.php\/author\/redacao\/"}]}},"jetpack_featured_media_url":"https:\/\/folhapopular.info\/wp-content\/uploads\/2021\/12\/WhatsApp-Image-2021-12-16-at-13.11.38.jpeg","jetpack_sharing_enabled":true,"amp_enabled":true,"_links":{"self":[{"href":"https:\/\/folhapopular.info\/index.php\/wp-json\/wp\/v2\/posts\/94808","targetHints":{"allow":["GET"]}}],"collection":[{"href":"https:\/\/folhapopular.info\/index.php\/wp-json\/wp\/v2\/posts"}],"about":[{"href":"https:\/\/folhapopular.info\/index.php\/wp-json\/wp\/v2\/types\/post"}],"author":[{"embeddable":true,"href":"https:\/\/folhapopular.info\/index.php\/wp-json\/wp\/v2\/users\/8"}],"replies":[{"embeddable":true,"href":"https:\/\/folhapopular.info\/index.php\/wp-json\/wp\/v2\/comments?post=94808"}],"version-history":[{"count":0,"href":"https:\/\/folhapopular.info\/index.php\/wp-json\/wp\/v2\/posts\/94808\/revisions"}],"wp:featuredmedia":[{"embeddable":true,"href":"https:\/\/folhapopular.info\/index.php\/wp-json\/wp\/v2\/media\/94802"}],"wp:attachment":[{"href":"https:\/\/folhapopular.info\/index.php\/wp-json\/wp\/v2\/media?parent=94808"}],"wp:term":[{"taxonomy":"category","embeddable":true,"href":"https:\/\/folhapopular.info\/index.php\/wp-json\/wp\/v2\/categories?post=94808"},{"taxonomy":"post_tag","embeddable":true,"href":"https:\/\/folhapopular.info\/index.php\/wp-json\/wp\/v2\/tags?post=94808"}],"curies":[{"name":"wp","href":"https:\/\/api.w.org\/{rel}","templated":true}]}}