{"id":95242,"date":"2021-12-22T14:41:05","date_gmt":"2021-12-22T17:41:05","guid":{"rendered":"https:\/\/folhapopular.info\/?p=95242"},"modified":"2021-12-22T14:41:09","modified_gmt":"2021-12-22T17:41:09","slug":"espetaculo-natalino-encanta-e-emociona-o-publico-em-poco-das-antas","status":"publish","type":"post","link":"https:\/\/folhapopular.info\/index.php\/2021\/12\/22\/espetaculo-natalino-encanta-e-emociona-o-publico-em-poco-das-antas\/","title":{"rendered":"Espet\u00e1culo natalino encanta e emociona o p\u00fablico em Po\u00e7o das Antas"},"content":{"rendered":"\n<p>No \u00faltimo domingo (19\/12), o clima de magia, esperan\u00e7a e a f\u00e9 no recome\u00e7o tomaram conta de Po\u00e7o das Antas. Na data, cerca de mil pessoas se reuniram em frente \u00e0 Prefeitura Municipal para acompanhar a programa\u00e7\u00e3o promovida pela Administra\u00e7\u00e3o Municipal atrav\u00e9s da Secretaria de Educa\u00e7\u00e3o, Cultura, Desporto e Turismo de Po\u00e7o das Antas.\u00a0<\/p>\n\n\n\n<p>A noite de arte e cultura iniciou com apresenta\u00e7\u00f5es de boas-vindas do Grupo Instrumental de Po\u00e7o das Antas com os alunos da Oficina de Flauta, sob coordena\u00e7\u00e3o dos professores Rodrigo de Castro e Jorge Meirer e do Grupo de Dan\u00e7as Tradicionais Ga\u00fachas, sob instru\u00e7\u00e3o do professor Diego de Oliveira.&nbsp;<\/p>\n\n\n\n<div class=\"wp-block-jetpack-tiled-gallery aligncenter is-style-rectangular\"><div class=\"tiled-gallery__gallery\"><div class=\"tiled-gallery__row\"><div class=\"tiled-gallery__col\" style=\"flex-basis:49.97958%\"><figure class=\"tiled-gallery__item\"><img decoding=\"async\" srcset=\"https:\/\/i2.wp.com\/folhapopular.info\/wp-content\/uploads\/2021\/12\/3-1-1024x683.jpg?strip=info&#038;w=600 600w,https:\/\/i2.wp.com\/folhapopular.info\/wp-content\/uploads\/2021\/12\/3-1-1024x683.jpg?strip=info&#038;w=900 900w,https:\/\/i2.wp.com\/folhapopular.info\/wp-content\/uploads\/2021\/12\/3-1-1024x683.jpg?strip=info&#038;w=1200 1200w,https:\/\/i2.wp.com\/folhapopular.info\/wp-content\/uploads\/2021\/12\/3-1-1024x683.jpg?strip=info&#038;w=1500 1500w,https:\/\/i2.wp.com\/folhapopular.info\/wp-content\/uploads\/2021\/12\/3-1-1024x683.jpg?strip=info&#038;w=1800 1800w,https:\/\/i2.wp.com\/folhapopular.info\/wp-content\/uploads\/2021\/12\/3-1-1024x683.jpg?strip=info&#038;w=2000 2000w\" alt=\"\" data-height=\"1707\" data-id=\"95244\" data-link=\"https:\/\/folhapopular.info\/?attachment_id=95244\" data-url=\"https:\/\/folhapopular.info\/wp-content\/uploads\/2021\/12\/3-1-1024x683.jpg\" data-width=\"2560\" src=\"https:\/\/i2.wp.com\/folhapopular.info\/wp-content\/uploads\/2021\/12\/3-1-1024x683.jpg\" data-amp-layout=\"responsive\"\/><\/figure><\/div><div class=\"tiled-gallery__col\" style=\"flex-basis:50.02042%\"><figure class=\"tiled-gallery__item\"><img decoding=\"async\" srcset=\"https:\/\/i0.wp.com\/folhapopular.info\/wp-content\/uploads\/2021\/12\/2-1-1-1024x683.jpg?strip=info&#038;w=600 600w,https:\/\/i0.wp.com\/folhapopular.info\/wp-content\/uploads\/2021\/12\/2-1-1-1024x683.jpg?strip=info&#038;w=800 800w\" alt=\"\" data-height=\"533\" data-id=\"95245\" data-link=\"https:\/\/folhapopular.info\/?attachment_id=95245\" data-url=\"https:\/\/folhapopular.info\/wp-content\/uploads\/2021\/12\/2-1-1-1024x683.jpg\" data-width=\"800\" src=\"https:\/\/i0.wp.com\/folhapopular.info\/wp-content\/uploads\/2021\/12\/2-1-1-1024x683.jpg\" data-amp-layout=\"responsive\"\/><\/figure><\/div><\/div><\/div><\/div>\n\n\n\n<p>Na sequ\u00eancia, a abertura oficial do evento contou com a composi\u00e7\u00e3o do palco de autoridades: a prefeita de Po\u00e7o das Antas, V\u00e2nia Brackmann (PDT), o vice-prefeito de Po\u00e7o das Antas, Laurentino Flach (MDB), a presidente da C\u00e2mara de Vereadores, Andr\u00e9ia Brinckmann Griebeler (PDT), a secret\u00e1ria de Educa\u00e7\u00e3o, Cultura, Desporto e Turismo, Jaqueline Klein (PDT) e as soberanas, rainha Joice Nat\u00e1lia Flach; primeira princesa, Sibeli Kerber e segunda princesa, Ta\u00eds Reinher. No momento de pronunciamentos, as soberanas deixaram a sua mensagem, sucedidas pela sauda\u00e7\u00e3o da prefeita V\u00e2nia, que agradeceu a presen\u00e7a de todos e promoveu uma reflex\u00e3o sobre o real significado e sentido do Natal.&nbsp;<\/p>\n\n\n\n<figure class=\"wp-block-image size-large is-resized\"><img loading=\"lazy\" decoding=\"async\" src=\"https:\/\/folhapopular.info\/wp-content\/uploads\/2021\/12\/4-1-1024x683.jpg\" alt=\"\" class=\"wp-image-95251\" width=\"710\" height=\"467\"\/><figcaption>Autoridades compareceram ao palco oficial e deixaram a sua sauda\u00e7\u00e3o \/ Cr\u00e9dito da foto: Assessoria de Comunica\u00e7\u00e3o (ASCOM) de Po\u00e7o das Antas \/ Divulga\u00e7\u00e3o<\/figcaption><\/figure>\n\n\n\n<p>O ponto alto da noite foi o Espet\u00e1culo Natalino &#8220;\u00c9 tempo de recome\u00e7ar&#8221;. Sob dire\u00e7\u00e3o de Marcelo Brentano e com a participa\u00e7\u00e3o especial da cantora Alissa Maria, o espet\u00e1culo mesclou teatro, dan\u00e7a e canto e envolveu\u00a070 pessoas da comunidade que participaram de forma volunt\u00e1ria como atores e atrizes. Tamb\u00e9m participaram alunos do Munic\u00edpio, o Coral Municipal, o Grupo Vocal de Po\u00e7o das Antas e o\u00a0Grupo de Dan\u00e7as\u00a0Folcl\u00f3ricas Alem\u00e3s Musikfreunde. O espet\u00e1culo contou a hist\u00f3ria do nascimento de Jesus Cristo atrav\u00e9s da narra\u00e7\u00e3o de uma vov\u00f3 para as suas netas. A encena\u00e7\u00e3o estabeleceu um olhar sublime e sens\u00edvel perante a hist\u00f3ria, que complementada com um show de som e luzes, emocionou e tocou o cora\u00e7\u00e3o do p\u00fablico presente, que ao final do espet\u00e1culo saudou os participantes com uma forte salva de palmas.\u00a0<\/p>\n\n\n\n<div class=\"wp-block-jetpack-tiled-gallery aligncenter is-style-rectangular\"><div class=\"tiled-gallery__gallery\"><div class=\"tiled-gallery__row\"><div class=\"tiled-gallery__col\" style=\"flex-basis:50.02042%\"><figure class=\"tiled-gallery__item\"><img decoding=\"async\" srcset=\"https:\/\/i2.wp.com\/folhapopular.info\/wp-content\/uploads\/2021\/12\/1-1-1-1024x683.jpg?strip=info&#038;w=600 600w,https:\/\/i2.wp.com\/folhapopular.info\/wp-content\/uploads\/2021\/12\/1-1-1-1024x683.jpg?strip=info&#038;w=800 800w\" alt=\"\" data-height=\"533\" data-id=\"95253\" data-link=\"https:\/\/folhapopular.info\/?attachment_id=95253\" data-url=\"https:\/\/folhapopular.info\/wp-content\/uploads\/2021\/12\/1-1-1-1024x683.jpg\" data-width=\"800\" src=\"https:\/\/i2.wp.com\/folhapopular.info\/wp-content\/uploads\/2021\/12\/1-1-1-1024x683.jpg\" data-amp-layout=\"responsive\"\/><\/figure><\/div><div class=\"tiled-gallery__col\" style=\"flex-basis:49.97958%\"><figure class=\"tiled-gallery__item\"><img decoding=\"async\" srcset=\"https:\/\/i2.wp.com\/folhapopular.info\/wp-content\/uploads\/2021\/12\/5-1-1024x683.jpg?strip=info&#038;w=600 600w,https:\/\/i2.wp.com\/folhapopular.info\/wp-content\/uploads\/2021\/12\/5-1-1024x683.jpg?strip=info&#038;w=900 900w,https:\/\/i2.wp.com\/folhapopular.info\/wp-content\/uploads\/2021\/12\/5-1-1024x683.jpg?strip=info&#038;w=1200 1200w,https:\/\/i2.wp.com\/folhapopular.info\/wp-content\/uploads\/2021\/12\/5-1-1024x683.jpg?strip=info&#038;w=1500 1500w,https:\/\/i2.wp.com\/folhapopular.info\/wp-content\/uploads\/2021\/12\/5-1-1024x683.jpg?strip=info&#038;w=1800 1800w,https:\/\/i2.wp.com\/folhapopular.info\/wp-content\/uploads\/2021\/12\/5-1-1024x683.jpg?strip=info&#038;w=2000 2000w\" alt=\"\" data-height=\"1707\" data-id=\"95254\" data-link=\"https:\/\/folhapopular.info\/?attachment_id=95254\" data-url=\"https:\/\/folhapopular.info\/wp-content\/uploads\/2021\/12\/5-1-1024x683.jpg\" data-width=\"2560\" src=\"https:\/\/i2.wp.com\/folhapopular.info\/wp-content\/uploads\/2021\/12\/5-1-1024x683.jpg\" data-amp-layout=\"responsive\"\/><\/figure><\/div><\/div><\/div><\/div>\n\n\n\n<p>A programa\u00e7\u00e3o contou ainda com o \u00faltimo sorteio da Campanha Minha Nota Vale Pr\u00eamios 2021. O secret\u00e1rio da Fazenda de Po\u00e7o das Antas, Alfredo Edmundo Klein (MDB), fez uma retrospectiva da campanha e conduziu o protocolo do sorteio, convidando representantes da comunidade para a retirada do bilhete ganhador da moto 160 cilindradas. O sortudo da noite, que recebeu as chaves da prefeita V\u00e2nia Brackmann, foi Jandir Can\u00edsio Flach, morador da localidade de Boa Vista, em Po\u00e7o das Antas. Ap\u00f3s o sorteio, o Papai Noel, um dos grandes esperados da noite, desceu a escadaria da Prefeitura Municipal para transmitir seu carisma e fazer fotos com as crian\u00e7as, que receberam chocolates como forma de presente. A Administra\u00e7\u00e3o Municipal de Po\u00e7o das Antas agradece a presen\u00e7a de todos e reconhece os esfor\u00e7os daqueles que se envolveram na concretiza\u00e7\u00e3o dessa noite especial.<\/p>\n\n\n\n<div class=\"wp-block-jetpack-tiled-gallery aligncenter is-style-rectangular\"><div class=\"tiled-gallery__gallery\"><div class=\"tiled-gallery__row\"><div class=\"tiled-gallery__col\" style=\"flex-basis:50.00000%\"><figure class=\"tiled-gallery__item\"><img decoding=\"async\" srcset=\"https:\/\/i0.wp.com\/folhapopular.info\/wp-content\/uploads\/2021\/12\/7-1024x683.jpg?strip=info&#038;w=600 600w,https:\/\/i0.wp.com\/folhapopular.info\/wp-content\/uploads\/2021\/12\/7-1024x683.jpg?strip=info&#038;w=800 800w\" alt=\"\" data-height=\"533\" data-id=\"95256\" data-link=\"https:\/\/folhapopular.info\/?attachment_id=95256\" data-url=\"https:\/\/folhapopular.info\/wp-content\/uploads\/2021\/12\/7-1024x683.jpg\" data-width=\"800\" src=\"https:\/\/i0.wp.com\/folhapopular.info\/wp-content\/uploads\/2021\/12\/7-1024x683.jpg\" data-amp-layout=\"responsive\"\/><\/figure><\/div><div class=\"tiled-gallery__col\" style=\"flex-basis:50.00000%\"><figure class=\"tiled-gallery__item\"><img decoding=\"async\" srcset=\"https:\/\/i2.wp.com\/folhapopular.info\/wp-content\/uploads\/2021\/12\/8-1024x683.jpg?strip=info&#038;w=600 600w,https:\/\/i2.wp.com\/folhapopular.info\/wp-content\/uploads\/2021\/12\/8-1024x683.jpg?strip=info&#038;w=800 800w\" alt=\"\" data-height=\"533\" data-id=\"95270\" data-link=\"https:\/\/folhapopular.info\/?attachment_id=95270\" data-url=\"https:\/\/folhapopular.info\/wp-content\/uploads\/2021\/12\/8-1024x683.jpg\" data-width=\"800\" src=\"https:\/\/i2.wp.com\/folhapopular.info\/wp-content\/uploads\/2021\/12\/8-1024x683.jpg\" data-amp-layout=\"responsive\"\/><\/figure><\/div><\/div><\/div><\/div>\n","protected":false},"excerpt":{"rendered":"<p>No \u00faltimo domingo (19\/12), o clima de magia, esperan\u00e7a e a f\u00e9 no recome\u00e7o tomaram conta de Po\u00e7o das Antas. Na data, cerca de mil pessoas se reuniram em frente \u00e0 Prefeitura Municipal para acompanhar a programa\u00e7\u00e3o promovida pela Administra\u00e7\u00e3o Municipal atrav\u00e9s da Secretaria de Educa\u00e7\u00e3o, Cultura, Desporto e Turismo de Po\u00e7o das Antas.\u00a0 A [&hellip;]<\/p>\n","protected":false},"author":8,"featured_media":95243,"comment_status":"open","ping_status":"open","sticky":false,"template":"","format":"standard","meta":{"pmpro_default_level":"","_jetpack_memberships_contains_paid_content":false,"footnotes":""},"categories":[2,3],"tags":[417,7161,344,7201,40,603],"class_list":{"0":"post-95242","1":"post","2":"type-post","3":"status-publish","4":"format-standard","5":"has-post-thumbnail","7":"category-featured","8":"category-geral","9":"tag-arte","10":"tag-campanha-minha-nota-vale-premios","11":"tag-cultura","12":"tag-espetaculo-natalino","13":"tag-poco-das-antas","14":"tag-sorteio","15":"pmpro-has-access"},"yoast_head":"<!-- This site is optimized with the Yoast SEO plugin v27.5 - https:\/\/yoast.com\/product\/yoast-seo-wordpress\/ -->\n<title>Espet\u00e1culo natalino encanta e emociona o p\u00fablico em Po\u00e7o das Antas - Folha Popular<\/title>\n<meta name=\"robots\" content=\"index, follow, max-snippet:-1, max-image-preview:large, max-video-preview:-1\" \/>\n<link rel=\"canonical\" href=\"https:\/\/folhapopular.info\/index.php\/2021\/12\/22\/espetaculo-natalino-encanta-e-emociona-o-publico-em-poco-das-antas\/\" \/>\n<meta property=\"og:locale\" content=\"pt_BR\" \/>\n<meta property=\"og:type\" content=\"article\" \/>\n<meta property=\"og:title\" content=\"Espet\u00e1culo natalino encanta e emociona o p\u00fablico em Po\u00e7o das Antas - Folha Popular\" \/>\n<meta property=\"og:description\" content=\"No \u00faltimo domingo (19\/12), o clima de magia, esperan\u00e7a e a f\u00e9 no recome\u00e7o tomaram conta de Po\u00e7o das Antas. Na data, cerca de mil pessoas se reuniram em frente \u00e0 Prefeitura Municipal para acompanhar a programa\u00e7\u00e3o promovida pela Administra\u00e7\u00e3o Municipal atrav\u00e9s da Secretaria de Educa\u00e7\u00e3o, Cultura, Desporto e Turismo de Po\u00e7o das Antas.\u00a0 A [&hellip;]\" \/>\n<meta property=\"og:url\" content=\"https:\/\/folhapopular.info\/index.php\/2021\/12\/22\/espetaculo-natalino-encanta-e-emociona-o-publico-em-poco-das-antas\/\" \/>\n<meta property=\"og:site_name\" content=\"Folha Popular\" \/>\n<meta property=\"article:published_time\" content=\"2021-12-22T17:41:05+00:00\" \/>\n<meta property=\"article:modified_time\" content=\"2021-12-22T17:41:09+00:00\" \/>\n<meta property=\"og:image\" content=\"http:\/\/folhapopular.info\/wp-content\/uploads\/2021\/12\/6-1-scaled-e1640181140268.jpg\" \/>\n\t<meta property=\"og:image:width\" content=\"800\" \/>\n\t<meta property=\"og:image:height\" content=\"533\" \/>\n\t<meta property=\"og:image:type\" content=\"image\/jpeg\" \/>\n<meta name=\"author\" content=\"Reda\u00e7\u00e3o Folha Popular\" \/>\n<meta name=\"twitter:card\" content=\"summary_large_image\" \/>\n<meta name=\"twitter:label1\" content=\"Escrito por\" \/>\n\t<meta name=\"twitter:data1\" content=\"Reda\u00e7\u00e3o Folha Popular\" \/>\n\t<meta name=\"twitter:label2\" content=\"Est. tempo de leitura\" \/>\n\t<meta name=\"twitter:data2\" content=\"5 minutos\" \/>\n<script type=\"application\/ld+json\" class=\"yoast-schema-graph\">{\"@context\":\"https:\\\/\\\/schema.org\",\"@graph\":[{\"@type\":\"Article\",\"@id\":\"https:\\\/\\\/folhapopular.info\\\/index.php\\\/2021\\\/12\\\/22\\\/espetaculo-natalino-encanta-e-emociona-o-publico-em-poco-das-antas\\\/#article\",\"isPartOf\":{\"@id\":\"https:\\\/\\\/folhapopular.info\\\/index.php\\\/2021\\\/12\\\/22\\\/espetaculo-natalino-encanta-e-emociona-o-publico-em-poco-das-antas\\\/\"},\"author\":{\"name\":\"Reda\u00e7\u00e3o Folha Popular\",\"@id\":\"https:\\\/\\\/folhapopular.info\\\/#\\\/schema\\\/person\\\/2814e8a0df7643585a9ca38bc6eb9d4b\"},\"headline\":\"Espet\u00e1culo natalino encanta e emociona o p\u00fablico em Po\u00e7o das Antas\",\"datePublished\":\"2021-12-22T17:41:05+00:00\",\"dateModified\":\"2021-12-22T17:41:09+00:00\",\"mainEntityOfPage\":{\"@id\":\"https:\\\/\\\/folhapopular.info\\\/index.php\\\/2021\\\/12\\\/22\\\/espetaculo-natalino-encanta-e-emociona-o-publico-em-poco-das-antas\\\/\"},\"wordCount\":582,\"commentCount\":0,\"image\":{\"@id\":\"https:\\\/\\\/folhapopular.info\\\/index.php\\\/2021\\\/12\\\/22\\\/espetaculo-natalino-encanta-e-emociona-o-publico-em-poco-das-antas\\\/#primaryimage\"},\"thumbnailUrl\":\"https:\\\/\\\/folhapopular.info\\\/wp-content\\\/uploads\\\/2021\\\/12\\\/6-1-scaled-e1640181140268.jpg\",\"keywords\":[\"Arte\",\"Campanha Minha Nota Vale Pr\u00eamios\",\"Cultura\",\"Espet\u00e1culo natalino\",\"Po\u00e7o das Antas\",\"Sorteio\"],\"articleSection\":[\"Destaques\",\"Geral\"],\"inLanguage\":\"pt-BR\",\"potentialAction\":[{\"@type\":\"CommentAction\",\"name\":\"Comment\",\"target\":[\"https:\\\/\\\/folhapopular.info\\\/index.php\\\/2021\\\/12\\\/22\\\/espetaculo-natalino-encanta-e-emociona-o-publico-em-poco-das-antas\\\/#respond\"]}]},{\"@type\":\"WebPage\",\"@id\":\"https:\\\/\\\/folhapopular.info\\\/index.php\\\/2021\\\/12\\\/22\\\/espetaculo-natalino-encanta-e-emociona-o-publico-em-poco-das-antas\\\/\",\"url\":\"https:\\\/\\\/folhapopular.info\\\/index.php\\\/2021\\\/12\\\/22\\\/espetaculo-natalino-encanta-e-emociona-o-publico-em-poco-das-antas\\\/\",\"name\":\"Espet\u00e1culo natalino encanta e emociona o p\u00fablico em Po\u00e7o das Antas - Folha Popular\",\"isPartOf\":{\"@id\":\"https:\\\/\\\/folhapopular.info\\\/#website\"},\"primaryImageOfPage\":{\"@id\":\"https:\\\/\\\/folhapopular.info\\\/index.php\\\/2021\\\/12\\\/22\\\/espetaculo-natalino-encanta-e-emociona-o-publico-em-poco-das-antas\\\/#primaryimage\"},\"image\":{\"@id\":\"https:\\\/\\\/folhapopular.info\\\/index.php\\\/2021\\\/12\\\/22\\\/espetaculo-natalino-encanta-e-emociona-o-publico-em-poco-das-antas\\\/#primaryimage\"},\"thumbnailUrl\":\"https:\\\/\\\/folhapopular.info\\\/wp-content\\\/uploads\\\/2021\\\/12\\\/6-1-scaled-e1640181140268.jpg\",\"datePublished\":\"2021-12-22T17:41:05+00:00\",\"dateModified\":\"2021-12-22T17:41:09+00:00\",\"author\":{\"@id\":\"https:\\\/\\\/folhapopular.info\\\/#\\\/schema\\\/person\\\/2814e8a0df7643585a9ca38bc6eb9d4b\"},\"breadcrumb\":{\"@id\":\"https:\\\/\\\/folhapopular.info\\\/index.php\\\/2021\\\/12\\\/22\\\/espetaculo-natalino-encanta-e-emociona-o-publico-em-poco-das-antas\\\/#breadcrumb\"},\"inLanguage\":\"pt-BR\",\"potentialAction\":[{\"@type\":\"ReadAction\",\"target\":[\"https:\\\/\\\/folhapopular.info\\\/index.php\\\/2021\\\/12\\\/22\\\/espetaculo-natalino-encanta-e-emociona-o-publico-em-poco-das-antas\\\/\"]}]},{\"@type\":\"ImageObject\",\"inLanguage\":\"pt-BR\",\"@id\":\"https:\\\/\\\/folhapopular.info\\\/index.php\\\/2021\\\/12\\\/22\\\/espetaculo-natalino-encanta-e-emociona-o-publico-em-poco-das-antas\\\/#primaryimage\",\"url\":\"https:\\\/\\\/folhapopular.info\\\/wp-content\\\/uploads\\\/2021\\\/12\\\/6-1-scaled-e1640181140268.jpg\",\"contentUrl\":\"https:\\\/\\\/folhapopular.info\\\/wp-content\\\/uploads\\\/2021\\\/12\\\/6-1-scaled-e1640181140268.jpg\",\"width\":800,\"height\":533,\"caption\":\"Atores e atrizes volunt\u00e1rios e entidades culturais do Munic\u00edpio se envolveram na encena\u00e7\u00e3o \\\/ Cr\u00e9dito da foto: Assessoria de Comunica\u00e7\u00e3o (ASCOM) de Po\u00e7o das Antas \\\/ Divulga\u00e7\u00e3o\"},{\"@type\":\"BreadcrumbList\",\"@id\":\"https:\\\/\\\/folhapopular.info\\\/index.php\\\/2021\\\/12\\\/22\\\/espetaculo-natalino-encanta-e-emociona-o-publico-em-poco-das-antas\\\/#breadcrumb\",\"itemListElement\":[{\"@type\":\"ListItem\",\"position\":1,\"name\":\"In\u00edcio\",\"item\":\"https:\\\/\\\/folhapopular.info\\\/\"},{\"@type\":\"ListItem\",\"position\":2,\"name\":\"Espet\u00e1culo natalino encanta e emociona o p\u00fablico em Po\u00e7o das Antas\"}]},{\"@type\":\"WebSite\",\"@id\":\"https:\\\/\\\/folhapopular.info\\\/#website\",\"url\":\"https:\\\/\\\/folhapopular.info\\\/\",\"name\":\"Folha Popular\",\"description\":\"Onde voc\u00ea tem vez e voz\",\"potentialAction\":[{\"@type\":\"SearchAction\",\"target\":{\"@type\":\"EntryPoint\",\"urlTemplate\":\"https:\\\/\\\/folhapopular.info\\\/?s={search_term_string}\"},\"query-input\":{\"@type\":\"PropertyValueSpecification\",\"valueRequired\":true,\"valueName\":\"search_term_string\"}}],\"inLanguage\":\"pt-BR\"},{\"@type\":\"Person\",\"@id\":\"https:\\\/\\\/folhapopular.info\\\/#\\\/schema\\\/person\\\/2814e8a0df7643585a9ca38bc6eb9d4b\",\"name\":\"Reda\u00e7\u00e3o Folha Popular\",\"image\":{\"@type\":\"ImageObject\",\"inLanguage\":\"pt-BR\",\"@id\":\"https:\\\/\\\/folhapopular.info\\\/wp-content\\\/uploads\\\/2026\\\/04\\\/Folha-1.webp\",\"url\":\"https:\\\/\\\/folhapopular.info\\\/wp-content\\\/uploads\\\/2026\\\/04\\\/Folha-1.webp\",\"contentUrl\":\"https:\\\/\\\/folhapopular.info\\\/wp-content\\\/uploads\\\/2026\\\/04\\\/Folha-1.webp\",\"caption\":\"Reda\u00e7\u00e3o Folha Popular\"},\"url\":\"https:\\\/\\\/folhapopular.info\\\/index.php\\\/author\\\/redacao\\\/\"}]}<\/script>\n<!-- \/ Yoast SEO plugin. -->","yoast_head_json":{"title":"Espet\u00e1culo natalino encanta e emociona o p\u00fablico em Po\u00e7o das Antas - Folha Popular","robots":{"index":"index","follow":"follow","max-snippet":"max-snippet:-1","max-image-preview":"max-image-preview:large","max-video-preview":"max-video-preview:-1"},"canonical":"https:\/\/folhapopular.info\/index.php\/2021\/12\/22\/espetaculo-natalino-encanta-e-emociona-o-publico-em-poco-das-antas\/","og_locale":"pt_BR","og_type":"article","og_title":"Espet\u00e1culo natalino encanta e emociona o p\u00fablico em Po\u00e7o das Antas - Folha Popular","og_description":"No \u00faltimo domingo (19\/12), o clima de magia, esperan\u00e7a e a f\u00e9 no recome\u00e7o tomaram conta de Po\u00e7o das Antas. Na data, cerca de mil pessoas se reuniram em frente \u00e0 Prefeitura Municipal para acompanhar a programa\u00e7\u00e3o promovida pela Administra\u00e7\u00e3o Municipal atrav\u00e9s da Secretaria de Educa\u00e7\u00e3o, Cultura, Desporto e Turismo de Po\u00e7o das Antas.\u00a0 A [&hellip;]","og_url":"https:\/\/folhapopular.info\/index.php\/2021\/12\/22\/espetaculo-natalino-encanta-e-emociona-o-publico-em-poco-das-antas\/","og_site_name":"Folha Popular","article_published_time":"2021-12-22T17:41:05+00:00","article_modified_time":"2021-12-22T17:41:09+00:00","og_image":[{"width":800,"height":533,"url":"http:\/\/folhapopular.info\/wp-content\/uploads\/2021\/12\/6-1-scaled-e1640181140268.jpg","type":"image\/jpeg"}],"author":"Reda\u00e7\u00e3o Folha Popular","twitter_card":"summary_large_image","twitter_misc":{"Escrito por":"Reda\u00e7\u00e3o Folha Popular","Est. tempo de leitura":"5 minutos"},"schema":{"@context":"https:\/\/schema.org","@graph":[{"@type":"Article","@id":"https:\/\/folhapopular.info\/index.php\/2021\/12\/22\/espetaculo-natalino-encanta-e-emociona-o-publico-em-poco-das-antas\/#article","isPartOf":{"@id":"https:\/\/folhapopular.info\/index.php\/2021\/12\/22\/espetaculo-natalino-encanta-e-emociona-o-publico-em-poco-das-antas\/"},"author":{"name":"Reda\u00e7\u00e3o Folha Popular","@id":"https:\/\/folhapopular.info\/#\/schema\/person\/2814e8a0df7643585a9ca38bc6eb9d4b"},"headline":"Espet\u00e1culo natalino encanta e emociona o p\u00fablico em Po\u00e7o das Antas","datePublished":"2021-12-22T17:41:05+00:00","dateModified":"2021-12-22T17:41:09+00:00","mainEntityOfPage":{"@id":"https:\/\/folhapopular.info\/index.php\/2021\/12\/22\/espetaculo-natalino-encanta-e-emociona-o-publico-em-poco-das-antas\/"},"wordCount":582,"commentCount":0,"image":{"@id":"https:\/\/folhapopular.info\/index.php\/2021\/12\/22\/espetaculo-natalino-encanta-e-emociona-o-publico-em-poco-das-antas\/#primaryimage"},"thumbnailUrl":"https:\/\/folhapopular.info\/wp-content\/uploads\/2021\/12\/6-1-scaled-e1640181140268.jpg","keywords":["Arte","Campanha Minha Nota Vale Pr\u00eamios","Cultura","Espet\u00e1culo natalino","Po\u00e7o das Antas","Sorteio"],"articleSection":["Destaques","Geral"],"inLanguage":"pt-BR","potentialAction":[{"@type":"CommentAction","name":"Comment","target":["https:\/\/folhapopular.info\/index.php\/2021\/12\/22\/espetaculo-natalino-encanta-e-emociona-o-publico-em-poco-das-antas\/#respond"]}]},{"@type":"WebPage","@id":"https:\/\/folhapopular.info\/index.php\/2021\/12\/22\/espetaculo-natalino-encanta-e-emociona-o-publico-em-poco-das-antas\/","url":"https:\/\/folhapopular.info\/index.php\/2021\/12\/22\/espetaculo-natalino-encanta-e-emociona-o-publico-em-poco-das-antas\/","name":"Espet\u00e1culo natalino encanta e emociona o p\u00fablico em Po\u00e7o das Antas - Folha Popular","isPartOf":{"@id":"https:\/\/folhapopular.info\/#website"},"primaryImageOfPage":{"@id":"https:\/\/folhapopular.info\/index.php\/2021\/12\/22\/espetaculo-natalino-encanta-e-emociona-o-publico-em-poco-das-antas\/#primaryimage"},"image":{"@id":"https:\/\/folhapopular.info\/index.php\/2021\/12\/22\/espetaculo-natalino-encanta-e-emociona-o-publico-em-poco-das-antas\/#primaryimage"},"thumbnailUrl":"https:\/\/folhapopular.info\/wp-content\/uploads\/2021\/12\/6-1-scaled-e1640181140268.jpg","datePublished":"2021-12-22T17:41:05+00:00","dateModified":"2021-12-22T17:41:09+00:00","author":{"@id":"https:\/\/folhapopular.info\/#\/schema\/person\/2814e8a0df7643585a9ca38bc6eb9d4b"},"breadcrumb":{"@id":"https:\/\/folhapopular.info\/index.php\/2021\/12\/22\/espetaculo-natalino-encanta-e-emociona-o-publico-em-poco-das-antas\/#breadcrumb"},"inLanguage":"pt-BR","potentialAction":[{"@type":"ReadAction","target":["https:\/\/folhapopular.info\/index.php\/2021\/12\/22\/espetaculo-natalino-encanta-e-emociona-o-publico-em-poco-das-antas\/"]}]},{"@type":"ImageObject","inLanguage":"pt-BR","@id":"https:\/\/folhapopular.info\/index.php\/2021\/12\/22\/espetaculo-natalino-encanta-e-emociona-o-publico-em-poco-das-antas\/#primaryimage","url":"https:\/\/folhapopular.info\/wp-content\/uploads\/2021\/12\/6-1-scaled-e1640181140268.jpg","contentUrl":"https:\/\/folhapopular.info\/wp-content\/uploads\/2021\/12\/6-1-scaled-e1640181140268.jpg","width":800,"height":533,"caption":"Atores e atrizes volunt\u00e1rios e entidades culturais do Munic\u00edpio se envolveram na encena\u00e7\u00e3o \/ Cr\u00e9dito da foto: Assessoria de Comunica\u00e7\u00e3o (ASCOM) de Po\u00e7o das Antas \/ Divulga\u00e7\u00e3o"},{"@type":"BreadcrumbList","@id":"https:\/\/folhapopular.info\/index.php\/2021\/12\/22\/espetaculo-natalino-encanta-e-emociona-o-publico-em-poco-das-antas\/#breadcrumb","itemListElement":[{"@type":"ListItem","position":1,"name":"In\u00edcio","item":"https:\/\/folhapopular.info\/"},{"@type":"ListItem","position":2,"name":"Espet\u00e1culo natalino encanta e emociona o p\u00fablico em Po\u00e7o das Antas"}]},{"@type":"WebSite","@id":"https:\/\/folhapopular.info\/#website","url":"https:\/\/folhapopular.info\/","name":"Folha Popular","description":"Onde voc\u00ea tem vez e voz","potentialAction":[{"@type":"SearchAction","target":{"@type":"EntryPoint","urlTemplate":"https:\/\/folhapopular.info\/?s={search_term_string}"},"query-input":{"@type":"PropertyValueSpecification","valueRequired":true,"valueName":"search_term_string"}}],"inLanguage":"pt-BR"},{"@type":"Person","@id":"https:\/\/folhapopular.info\/#\/schema\/person\/2814e8a0df7643585a9ca38bc6eb9d4b","name":"Reda\u00e7\u00e3o Folha Popular","image":{"@type":"ImageObject","inLanguage":"pt-BR","@id":"https:\/\/folhapopular.info\/wp-content\/uploads\/2026\/04\/Folha-1.webp","url":"https:\/\/folhapopular.info\/wp-content\/uploads\/2026\/04\/Folha-1.webp","contentUrl":"https:\/\/folhapopular.info\/wp-content\/uploads\/2026\/04\/Folha-1.webp","caption":"Reda\u00e7\u00e3o Folha Popular"},"url":"https:\/\/folhapopular.info\/index.php\/author\/redacao\/"}]}},"jetpack_featured_media_url":"https:\/\/folhapopular.info\/wp-content\/uploads\/2021\/12\/6-1-scaled-e1640181140268.jpg","jetpack_sharing_enabled":true,"amp_enabled":true,"_links":{"self":[{"href":"https:\/\/folhapopular.info\/index.php\/wp-json\/wp\/v2\/posts\/95242","targetHints":{"allow":["GET"]}}],"collection":[{"href":"https:\/\/folhapopular.info\/index.php\/wp-json\/wp\/v2\/posts"}],"about":[{"href":"https:\/\/folhapopular.info\/index.php\/wp-json\/wp\/v2\/types\/post"}],"author":[{"embeddable":true,"href":"https:\/\/folhapopular.info\/index.php\/wp-json\/wp\/v2\/users\/8"}],"replies":[{"embeddable":true,"href":"https:\/\/folhapopular.info\/index.php\/wp-json\/wp\/v2\/comments?post=95242"}],"version-history":[{"count":0,"href":"https:\/\/folhapopular.info\/index.php\/wp-json\/wp\/v2\/posts\/95242\/revisions"}],"wp:featuredmedia":[{"embeddable":true,"href":"https:\/\/folhapopular.info\/index.php\/wp-json\/wp\/v2\/media\/95243"}],"wp:attachment":[{"href":"https:\/\/folhapopular.info\/index.php\/wp-json\/wp\/v2\/media?parent=95242"}],"wp:term":[{"taxonomy":"category","embeddable":true,"href":"https:\/\/folhapopular.info\/index.php\/wp-json\/wp\/v2\/categories?post=95242"},{"taxonomy":"post_tag","embeddable":true,"href":"https:\/\/folhapopular.info\/index.php\/wp-json\/wp\/v2\/tags?post=95242"}],"curies":[{"name":"wp","href":"https:\/\/api.w.org\/{rel}","templated":true}]}}