{"id":95314,"date":"2021-12-23T09:33:29","date_gmt":"2021-12-23T12:33:29","guid":{"rendered":"https:\/\/folhapopular.info\/?p=95314"},"modified":"2021-12-23T09:33:31","modified_gmt":"2021-12-23T12:33:31","slug":"projeto-jovens-talentos-esportivos-da-univates-tem-primeira-etapa-encerrada","status":"publish","type":"post","link":"https:\/\/folhapopular.info\/index.php\/2021\/12\/23\/projeto-jovens-talentos-esportivos-da-univates-tem-primeira-etapa-encerrada\/","title":{"rendered":"Projeto Jovens Talentos Esportivos da Univates tem primeira etapa encerrada"},"content":{"rendered":"\n<p><a href=\"https:\/\/www.univates.br\/noticia\/30042-estudantes-da-rede-publica-de-colinas-utilizarao-a-estrutura-do-complexo-esportivo-da-univates\" target=\"_blank\" rel=\"noreferrer noopener\">Anunciado em agosto,<\/a> o projeto Jovens Talentos Esportivos, realizado em parceria entre a Prefeitura de Colinas e o <a href=\"https:\/\/www.univates.br\/complexo\" target=\"_blank\" rel=\"noreferrer noopener\">Complexo Esportivo<\/a> da Universidade do Vale do Taquari &#8211; Univates, teve sua primeira etapa encerrada no m\u00eas de dezembro. Dentre os destaques, alguns estudantes colinenses que participam do projeto j\u00e1 despontam em competi\u00e7\u00f5es locais: o caso de uma estudante que conquistou o quarto lugar na corrida de 75 metros e o vice-campeonato nos 250 metros durante o Trof\u00e9u Lajeado de Atletismo.\u00a0<\/p>\n\n\n\n<p>Desde o in\u00edcio do segundo semestre de 2021, cerca de 80 estudantes matriculados nos anos finais do Ensino Fundamental da rede p\u00fablica municipal de educa\u00e7\u00e3o de Colinas frequentam o Complexo Esportivo da Institui\u00e7\u00e3o para a realiza\u00e7\u00e3o de atividades f\u00edsicas nas modalidades de nata\u00e7\u00e3o, gin\u00e1stica, atletismo e basquete.<\/p>\n\n\n\n<div class=\"wp-block-jetpack-tiled-gallery aligncenter is-style-rectangular\"><div class=\"tiled-gallery__gallery\"><div class=\"tiled-gallery__row\"><div class=\"tiled-gallery__col\" style=\"flex-basis:36.96779%\"><figure class=\"tiled-gallery__item\"><img decoding=\"async\" srcset=\"https:\/\/i2.wp.com\/folhapopular.info\/wp-content\/uploads\/2021\/12\/Atividades-dos-estudantes-de-Colinas-na-Univates-ao-longo-do-semestre-Divulgacao-Univates2-1024x768.jpg?strip=info&#038;w=600 600w,https:\/\/i2.wp.com\/folhapopular.info\/wp-content\/uploads\/2021\/12\/Atividades-dos-estudantes-de-Colinas-na-Univates-ao-longo-do-semestre-Divulgacao-Univates2-1024x768.jpg?strip=info&#038;w=800 800w\" alt=\"\" data-height=\"600\" data-id=\"95316\" data-link=\"https:\/\/folhapopular.info\/?attachment_id=95316\" data-url=\"https:\/\/folhapopular.info\/wp-content\/uploads\/2021\/12\/Atividades-dos-estudantes-de-Colinas-na-Univates-ao-longo-do-semestre-Divulgacao-Univates2-1024x768.jpg\" data-width=\"800\" src=\"https:\/\/i2.wp.com\/folhapopular.info\/wp-content\/uploads\/2021\/12\/Atividades-dos-estudantes-de-Colinas-na-Univates-ao-longo-do-semestre-Divulgacao-Univates2-1024x768.jpg\" data-amp-layout=\"responsive\"\/><\/figure><figure class=\"tiled-gallery__item\"><img decoding=\"async\" srcset=\"https:\/\/i1.wp.com\/folhapopular.info\/wp-content\/uploads\/2021\/12\/Atividades-dos-estudantes-de-Colinas-na-Univates-ao-longo-do-semestre-Divulgacao-Univates6-1024x769.jpeg?strip=info&#038;w=600 600w,https:\/\/i1.wp.com\/folhapopular.info\/wp-content\/uploads\/2021\/12\/Atividades-dos-estudantes-de-Colinas-na-Univates-ao-longo-do-semestre-Divulgacao-Univates6-1024x769.jpeg?strip=info&#038;w=800 800w\" alt=\"\" data-height=\"601\" data-id=\"95317\" data-link=\"https:\/\/folhapopular.info\/?attachment_id=95317\" data-url=\"https:\/\/folhapopular.info\/wp-content\/uploads\/2021\/12\/Atividades-dos-estudantes-de-Colinas-na-Univates-ao-longo-do-semestre-Divulgacao-Univates6-1024x769.jpeg\" data-width=\"800\" src=\"https:\/\/i1.wp.com\/folhapopular.info\/wp-content\/uploads\/2021\/12\/Atividades-dos-estudantes-de-Colinas-na-Univates-ao-longo-do-semestre-Divulgacao-Univates6-1024x769.jpeg\" data-amp-layout=\"responsive\"\/><\/figure><figure class=\"tiled-gallery__item\"><img decoding=\"async\" srcset=\"https:\/\/i1.wp.com\/folhapopular.info\/wp-content\/uploads\/2021\/12\/Atividades-dos-estudantes-de-Colinas-na-Univates-ao-longo-do-semestre-Divulgacao-Univates7-1024x769.jpeg?strip=info&#038;w=600 600w,https:\/\/i1.wp.com\/folhapopular.info\/wp-content\/uploads\/2021\/12\/Atividades-dos-estudantes-de-Colinas-na-Univates-ao-longo-do-semestre-Divulgacao-Univates7-1024x769.jpeg?strip=info&#038;w=800 800w\" alt=\"\" data-height=\"601\" data-id=\"95315\" data-link=\"https:\/\/folhapopular.info\/?attachment_id=95315\" data-url=\"https:\/\/folhapopular.info\/wp-content\/uploads\/2021\/12\/Atividades-dos-estudantes-de-Colinas-na-Univates-ao-longo-do-semestre-Divulgacao-Univates7-1024x769.jpeg\" data-width=\"800\" src=\"https:\/\/i1.wp.com\/folhapopular.info\/wp-content\/uploads\/2021\/12\/Atividades-dos-estudantes-de-Colinas-na-Univates-ao-longo-do-semestre-Divulgacao-Univates7-1024x769.jpeg\" data-amp-layout=\"responsive\"\/><\/figure><\/div><div class=\"tiled-gallery__col\" style=\"flex-basis:63.03221%\"><figure class=\"tiled-gallery__item\"><img decoding=\"async\" srcset=\"https:\/\/i2.wp.com\/folhapopular.info\/wp-content\/uploads\/2021\/12\/Atividades-dos-estudantes-de-Colinas-na-Univates-ao-longo-do-semestre-Divulgacao-Univates_Easy-Resize.com_-768x1024.jpg?strip=info&#038;w=600 600w\" alt=\"\" data-height=\"800\" data-id=\"95319\" data-link=\"https:\/\/folhapopular.info\/?attachment_id=95319\" data-url=\"https:\/\/folhapopular.info\/wp-content\/uploads\/2021\/12\/Atividades-dos-estudantes-de-Colinas-na-Univates-ao-longo-do-semestre-Divulgacao-Univates_Easy-Resize.com_-768x1024.jpg\" data-width=\"600\" src=\"https:\/\/i2.wp.com\/folhapopular.info\/wp-content\/uploads\/2021\/12\/Atividades-dos-estudantes-de-Colinas-na-Univates-ao-longo-do-semestre-Divulgacao-Univates_Easy-Resize.com_-768x1024.jpg\" data-amp-layout=\"responsive\"\/><\/figure><\/div><\/div><\/div><\/div>\n\n\n\n<p>Realizadas na forma de rod\u00edzio e com orienta\u00e7\u00e3o de profissionais especializados de cada \u00e1rea, as atividades proporcionam aos estudantes experi\u00eancias em cada uma das quatro modalidades contempladas pelo projeto a cada semana. Al\u00e9m das atividades f\u00edsicas, a iniciativa tamb\u00e9m abordou orienta\u00e7\u00e3o para alimenta\u00e7\u00e3o saud\u00e1vel, trabalhada em palestras mensais com os alunos, ministradas por uma nutricionista especializada.<\/p>\n\n\n\n<p>Ainda, visando ao desenvolvimento integrado dos participantes, entre agosto e dezembro foram feitas reuni\u00f5es mensais para a troca de informa\u00e7\u00f5es entre a equipe do projeto e os respons\u00e1veis, no munic\u00edpio, pela orienta\u00e7\u00e3o f\u00edsica dos alunos.<\/p>\n\n\n\n<p>No m\u00eas de novembro, a partir da evolu\u00e7\u00e3o apresentada pelos participantes, passaram a ser realizadas atividades de competi\u00e7\u00e3o, entre os pr\u00f3prios integrantes do projeto ou enfrentando atletas de outras escolas.&nbsp;<\/p>\n\n\n\n<p>Os acad\u00eamicos dos cursos de Educa\u00e7\u00e3o F\u00edsica, licenciatura e bacharelado, acompanhados por profissionais, tamb\u00e9m foram envolvidos nas atividades como uma maneira de aproximar o contexto da gradua\u00e7\u00e3o com as pr\u00e1ticas do mercado de trabalho<\/p>\n","protected":false},"excerpt":{"rendered":"<p>Anunciado em agosto, o projeto Jovens Talentos Esportivos, realizado em parceria entre a Prefeitura de Colinas e o Complexo Esportivo da Universidade do Vale do Taquari &#8211; Univates, teve sua primeira etapa encerrada no m\u00eas de dezembro. Dentre os destaques, alguns estudantes colinenses que participam do projeto j\u00e1 despontam em competi\u00e7\u00f5es locais: o caso de [&hellip;]<\/p>\n","protected":false},"author":8,"featured_media":95318,"comment_status":"open","ping_status":"open","sticky":false,"template":"","format":"standard","meta":{"pmpro_default_level":"","_jetpack_memberships_contains_paid_content":false,"footnotes":""},"categories":[2,3],"tags":[80,382,183,3675,259,7754,27,3259,1712,83],"class_list":{"0":"post-95314","1":"post","2":"type-post","3":"status-publish","4":"format-standard","5":"has-post-thumbnail","7":"category-featured","8":"category-geral","9":"tag-atletismo","10":"tag-basquete","11":"tag-colinas","12":"tag-emef","13":"tag-ginastica","14":"tag-jovens-talentos-esportivos","15":"tag-lajeado","16":"tag-natacao","17":"tag-projeto","18":"tag-univates","19":"pmpro-has-access"},"yoast_head":"<!-- This site is optimized with the Yoast SEO plugin v27.5 - https:\/\/yoast.com\/product\/yoast-seo-wordpress\/ -->\n<title>Projeto Jovens Talentos Esportivos da Univates tem primeira etapa encerrada - Folha Popular<\/title>\n<meta name=\"robots\" content=\"index, follow, max-snippet:-1, max-image-preview:large, max-video-preview:-1\" \/>\n<link rel=\"canonical\" href=\"https:\/\/folhapopular.info\/index.php\/2021\/12\/23\/projeto-jovens-talentos-esportivos-da-univates-tem-primeira-etapa-encerrada\/\" \/>\n<meta property=\"og:locale\" content=\"pt_BR\" \/>\n<meta property=\"og:type\" content=\"article\" \/>\n<meta property=\"og:title\" content=\"Projeto Jovens Talentos Esportivos da Univates tem primeira etapa encerrada - Folha Popular\" \/>\n<meta property=\"og:description\" content=\"Anunciado em agosto, o projeto Jovens Talentos Esportivos, realizado em parceria entre a Prefeitura de Colinas e o Complexo Esportivo da Universidade do Vale do Taquari &#8211; Univates, teve sua primeira etapa encerrada no m\u00eas de dezembro. Dentre os destaques, alguns estudantes colinenses que participam do projeto j\u00e1 despontam em competi\u00e7\u00f5es locais: o caso de [&hellip;]\" \/>\n<meta property=\"og:url\" content=\"https:\/\/folhapopular.info\/index.php\/2021\/12\/23\/projeto-jovens-talentos-esportivos-da-univates-tem-primeira-etapa-encerrada\/\" \/>\n<meta property=\"og:site_name\" content=\"Folha Popular\" \/>\n<meta property=\"article:published_time\" content=\"2021-12-23T12:33:29+00:00\" \/>\n<meta property=\"article:modified_time\" content=\"2021-12-23T12:33:31+00:00\" \/>\n<meta property=\"og:image\" content=\"http:\/\/folhapopular.info\/wp-content\/uploads\/2021\/12\/Atividades-dos-estudantes-de-Colinas-na-Univates-ao-longo-do-semestre-Divulgacao-Univates8-scaled-e1640261383115.jpg\" \/>\n\t<meta property=\"og:image:width\" content=\"800\" \/>\n\t<meta property=\"og:image:height\" content=\"369\" \/>\n\t<meta property=\"og:image:type\" content=\"image\/jpeg\" \/>\n<meta name=\"author\" content=\"Reda\u00e7\u00e3o Folha Popular\" \/>\n<meta name=\"twitter:card\" content=\"summary_large_image\" \/>\n<meta name=\"twitter:label1\" content=\"Escrito por\" \/>\n\t<meta name=\"twitter:data1\" content=\"Reda\u00e7\u00e3o Folha Popular\" \/>\n\t<meta name=\"twitter:label2\" content=\"Est. tempo de leitura\" \/>\n\t<meta name=\"twitter:data2\" content=\"3 minutos\" \/>\n<script type=\"application\/ld+json\" class=\"yoast-schema-graph\">{\"@context\":\"https:\\\/\\\/schema.org\",\"@graph\":[{\"@type\":\"Article\",\"@id\":\"https:\\\/\\\/folhapopular.info\\\/index.php\\\/2021\\\/12\\\/23\\\/projeto-jovens-talentos-esportivos-da-univates-tem-primeira-etapa-encerrada\\\/#article\",\"isPartOf\":{\"@id\":\"https:\\\/\\\/folhapopular.info\\\/index.php\\\/2021\\\/12\\\/23\\\/projeto-jovens-talentos-esportivos-da-univates-tem-primeira-etapa-encerrada\\\/\"},\"author\":{\"name\":\"Reda\u00e7\u00e3o Folha Popular\",\"@id\":\"https:\\\/\\\/folhapopular.info\\\/#\\\/schema\\\/person\\\/2814e8a0df7643585a9ca38bc6eb9d4b\"},\"headline\":\"Projeto Jovens Talentos Esportivos da Univates tem primeira etapa encerrada\",\"datePublished\":\"2021-12-23T12:33:29+00:00\",\"dateModified\":\"2021-12-23T12:33:31+00:00\",\"mainEntityOfPage\":{\"@id\":\"https:\\\/\\\/folhapopular.info\\\/index.php\\\/2021\\\/12\\\/23\\\/projeto-jovens-talentos-esportivos-da-univates-tem-primeira-etapa-encerrada\\\/\"},\"wordCount\":324,\"commentCount\":0,\"image\":{\"@id\":\"https:\\\/\\\/folhapopular.info\\\/index.php\\\/2021\\\/12\\\/23\\\/projeto-jovens-talentos-esportivos-da-univates-tem-primeira-etapa-encerrada\\\/#primaryimage\"},\"thumbnailUrl\":\"https:\\\/\\\/folhapopular.info\\\/wp-content\\\/uploads\\\/2021\\\/12\\\/Atividades-dos-estudantes-de-Colinas-na-Univates-ao-longo-do-semestre-Divulgacao-Univates8-scaled-e1640261383115.jpg\",\"keywords\":[\"Atletismo\",\"Basquete\",\"Colinas\",\"EMEF\",\"Gin\u00e1stica\",\"Jovens Talentos Esportivos\",\"Lajeado\",\"nata\u00e7\u00e3o\",\"Projeto\",\"Univates\"],\"articleSection\":[\"Destaques\",\"Geral\"],\"inLanguage\":\"pt-BR\",\"potentialAction\":[{\"@type\":\"CommentAction\",\"name\":\"Comment\",\"target\":[\"https:\\\/\\\/folhapopular.info\\\/index.php\\\/2021\\\/12\\\/23\\\/projeto-jovens-talentos-esportivos-da-univates-tem-primeira-etapa-encerrada\\\/#respond\"]}]},{\"@type\":\"WebPage\",\"@id\":\"https:\\\/\\\/folhapopular.info\\\/index.php\\\/2021\\\/12\\\/23\\\/projeto-jovens-talentos-esportivos-da-univates-tem-primeira-etapa-encerrada\\\/\",\"url\":\"https:\\\/\\\/folhapopular.info\\\/index.php\\\/2021\\\/12\\\/23\\\/projeto-jovens-talentos-esportivos-da-univates-tem-primeira-etapa-encerrada\\\/\",\"name\":\"Projeto Jovens Talentos Esportivos da Univates tem primeira etapa encerrada - Folha Popular\",\"isPartOf\":{\"@id\":\"https:\\\/\\\/folhapopular.info\\\/#website\"},\"primaryImageOfPage\":{\"@id\":\"https:\\\/\\\/folhapopular.info\\\/index.php\\\/2021\\\/12\\\/23\\\/projeto-jovens-talentos-esportivos-da-univates-tem-primeira-etapa-encerrada\\\/#primaryimage\"},\"image\":{\"@id\":\"https:\\\/\\\/folhapopular.info\\\/index.php\\\/2021\\\/12\\\/23\\\/projeto-jovens-talentos-esportivos-da-univates-tem-primeira-etapa-encerrada\\\/#primaryimage\"},\"thumbnailUrl\":\"https:\\\/\\\/folhapopular.info\\\/wp-content\\\/uploads\\\/2021\\\/12\\\/Atividades-dos-estudantes-de-Colinas-na-Univates-ao-longo-do-semestre-Divulgacao-Univates8-scaled-e1640261383115.jpg\",\"datePublished\":\"2021-12-23T12:33:29+00:00\",\"dateModified\":\"2021-12-23T12:33:31+00:00\",\"author\":{\"@id\":\"https:\\\/\\\/folhapopular.info\\\/#\\\/schema\\\/person\\\/2814e8a0df7643585a9ca38bc6eb9d4b\"},\"breadcrumb\":{\"@id\":\"https:\\\/\\\/folhapopular.info\\\/index.php\\\/2021\\\/12\\\/23\\\/projeto-jovens-talentos-esportivos-da-univates-tem-primeira-etapa-encerrada\\\/#breadcrumb\"},\"inLanguage\":\"pt-BR\",\"potentialAction\":[{\"@type\":\"ReadAction\",\"target\":[\"https:\\\/\\\/folhapopular.info\\\/index.php\\\/2021\\\/12\\\/23\\\/projeto-jovens-talentos-esportivos-da-univates-tem-primeira-etapa-encerrada\\\/\"]}]},{\"@type\":\"ImageObject\",\"inLanguage\":\"pt-BR\",\"@id\":\"https:\\\/\\\/folhapopular.info\\\/index.php\\\/2021\\\/12\\\/23\\\/projeto-jovens-talentos-esportivos-da-univates-tem-primeira-etapa-encerrada\\\/#primaryimage\",\"url\":\"https:\\\/\\\/folhapopular.info\\\/wp-content\\\/uploads\\\/2021\\\/12\\\/Atividades-dos-estudantes-de-Colinas-na-Univates-ao-longo-do-semestre-Divulgacao-Univates8-scaled-e1640261383115.jpg\",\"contentUrl\":\"https:\\\/\\\/folhapopular.info\\\/wp-content\\\/uploads\\\/2021\\\/12\\\/Atividades-dos-estudantes-de-Colinas-na-Univates-ao-longo-do-semestre-Divulgacao-Univates8-scaled-e1640261383115.jpg\",\"width\":800,\"height\":369,\"caption\":\"Cr\u00e9dito da foto: Divulga\u00e7\u00e3o\"},{\"@type\":\"BreadcrumbList\",\"@id\":\"https:\\\/\\\/folhapopular.info\\\/index.php\\\/2021\\\/12\\\/23\\\/projeto-jovens-talentos-esportivos-da-univates-tem-primeira-etapa-encerrada\\\/#breadcrumb\",\"itemListElement\":[{\"@type\":\"ListItem\",\"position\":1,\"name\":\"In\u00edcio\",\"item\":\"https:\\\/\\\/folhapopular.info\\\/\"},{\"@type\":\"ListItem\",\"position\":2,\"name\":\"Projeto Jovens Talentos Esportivos da Univates tem primeira etapa encerrada\"}]},{\"@type\":\"WebSite\",\"@id\":\"https:\\\/\\\/folhapopular.info\\\/#website\",\"url\":\"https:\\\/\\\/folhapopular.info\\\/\",\"name\":\"Folha Popular\",\"description\":\"Onde voc\u00ea tem vez e voz\",\"potentialAction\":[{\"@type\":\"SearchAction\",\"target\":{\"@type\":\"EntryPoint\",\"urlTemplate\":\"https:\\\/\\\/folhapopular.info\\\/?s={search_term_string}\"},\"query-input\":{\"@type\":\"PropertyValueSpecification\",\"valueRequired\":true,\"valueName\":\"search_term_string\"}}],\"inLanguage\":\"pt-BR\"},{\"@type\":\"Person\",\"@id\":\"https:\\\/\\\/folhapopular.info\\\/#\\\/schema\\\/person\\\/2814e8a0df7643585a9ca38bc6eb9d4b\",\"name\":\"Reda\u00e7\u00e3o Folha Popular\",\"image\":{\"@type\":\"ImageObject\",\"inLanguage\":\"pt-BR\",\"@id\":\"https:\\\/\\\/folhapopular.info\\\/wp-content\\\/uploads\\\/2026\\\/04\\\/Folha-1.webp\",\"url\":\"https:\\\/\\\/folhapopular.info\\\/wp-content\\\/uploads\\\/2026\\\/04\\\/Folha-1.webp\",\"contentUrl\":\"https:\\\/\\\/folhapopular.info\\\/wp-content\\\/uploads\\\/2026\\\/04\\\/Folha-1.webp\",\"caption\":\"Reda\u00e7\u00e3o Folha Popular\"},\"url\":\"https:\\\/\\\/folhapopular.info\\\/index.php\\\/author\\\/redacao\\\/\"}]}<\/script>\n<!-- \/ Yoast SEO plugin. -->","yoast_head_json":{"title":"Projeto Jovens Talentos Esportivos da Univates tem primeira etapa encerrada - Folha Popular","robots":{"index":"index","follow":"follow","max-snippet":"max-snippet:-1","max-image-preview":"max-image-preview:large","max-video-preview":"max-video-preview:-1"},"canonical":"https:\/\/folhapopular.info\/index.php\/2021\/12\/23\/projeto-jovens-talentos-esportivos-da-univates-tem-primeira-etapa-encerrada\/","og_locale":"pt_BR","og_type":"article","og_title":"Projeto Jovens Talentos Esportivos da Univates tem primeira etapa encerrada - Folha Popular","og_description":"Anunciado em agosto, o projeto Jovens Talentos Esportivos, realizado em parceria entre a Prefeitura de Colinas e o Complexo Esportivo da Universidade do Vale do Taquari &#8211; Univates, teve sua primeira etapa encerrada no m\u00eas de dezembro. Dentre os destaques, alguns estudantes colinenses que participam do projeto j\u00e1 despontam em competi\u00e7\u00f5es locais: o caso de [&hellip;]","og_url":"https:\/\/folhapopular.info\/index.php\/2021\/12\/23\/projeto-jovens-talentos-esportivos-da-univates-tem-primeira-etapa-encerrada\/","og_site_name":"Folha Popular","article_published_time":"2021-12-23T12:33:29+00:00","article_modified_time":"2021-12-23T12:33:31+00:00","og_image":[{"width":800,"height":369,"url":"http:\/\/folhapopular.info\/wp-content\/uploads\/2021\/12\/Atividades-dos-estudantes-de-Colinas-na-Univates-ao-longo-do-semestre-Divulgacao-Univates8-scaled-e1640261383115.jpg","type":"image\/jpeg"}],"author":"Reda\u00e7\u00e3o Folha Popular","twitter_card":"summary_large_image","twitter_misc":{"Escrito por":"Reda\u00e7\u00e3o Folha Popular","Est. tempo de leitura":"3 minutos"},"schema":{"@context":"https:\/\/schema.org","@graph":[{"@type":"Article","@id":"https:\/\/folhapopular.info\/index.php\/2021\/12\/23\/projeto-jovens-talentos-esportivos-da-univates-tem-primeira-etapa-encerrada\/#article","isPartOf":{"@id":"https:\/\/folhapopular.info\/index.php\/2021\/12\/23\/projeto-jovens-talentos-esportivos-da-univates-tem-primeira-etapa-encerrada\/"},"author":{"name":"Reda\u00e7\u00e3o Folha Popular","@id":"https:\/\/folhapopular.info\/#\/schema\/person\/2814e8a0df7643585a9ca38bc6eb9d4b"},"headline":"Projeto Jovens Talentos Esportivos da Univates tem primeira etapa encerrada","datePublished":"2021-12-23T12:33:29+00:00","dateModified":"2021-12-23T12:33:31+00:00","mainEntityOfPage":{"@id":"https:\/\/folhapopular.info\/index.php\/2021\/12\/23\/projeto-jovens-talentos-esportivos-da-univates-tem-primeira-etapa-encerrada\/"},"wordCount":324,"commentCount":0,"image":{"@id":"https:\/\/folhapopular.info\/index.php\/2021\/12\/23\/projeto-jovens-talentos-esportivos-da-univates-tem-primeira-etapa-encerrada\/#primaryimage"},"thumbnailUrl":"https:\/\/folhapopular.info\/wp-content\/uploads\/2021\/12\/Atividades-dos-estudantes-de-Colinas-na-Univates-ao-longo-do-semestre-Divulgacao-Univates8-scaled-e1640261383115.jpg","keywords":["Atletismo","Basquete","Colinas","EMEF","Gin\u00e1stica","Jovens Talentos Esportivos","Lajeado","nata\u00e7\u00e3o","Projeto","Univates"],"articleSection":["Destaques","Geral"],"inLanguage":"pt-BR","potentialAction":[{"@type":"CommentAction","name":"Comment","target":["https:\/\/folhapopular.info\/index.php\/2021\/12\/23\/projeto-jovens-talentos-esportivos-da-univates-tem-primeira-etapa-encerrada\/#respond"]}]},{"@type":"WebPage","@id":"https:\/\/folhapopular.info\/index.php\/2021\/12\/23\/projeto-jovens-talentos-esportivos-da-univates-tem-primeira-etapa-encerrada\/","url":"https:\/\/folhapopular.info\/index.php\/2021\/12\/23\/projeto-jovens-talentos-esportivos-da-univates-tem-primeira-etapa-encerrada\/","name":"Projeto Jovens Talentos Esportivos da Univates tem primeira etapa encerrada - Folha Popular","isPartOf":{"@id":"https:\/\/folhapopular.info\/#website"},"primaryImageOfPage":{"@id":"https:\/\/folhapopular.info\/index.php\/2021\/12\/23\/projeto-jovens-talentos-esportivos-da-univates-tem-primeira-etapa-encerrada\/#primaryimage"},"image":{"@id":"https:\/\/folhapopular.info\/index.php\/2021\/12\/23\/projeto-jovens-talentos-esportivos-da-univates-tem-primeira-etapa-encerrada\/#primaryimage"},"thumbnailUrl":"https:\/\/folhapopular.info\/wp-content\/uploads\/2021\/12\/Atividades-dos-estudantes-de-Colinas-na-Univates-ao-longo-do-semestre-Divulgacao-Univates8-scaled-e1640261383115.jpg","datePublished":"2021-12-23T12:33:29+00:00","dateModified":"2021-12-23T12:33:31+00:00","author":{"@id":"https:\/\/folhapopular.info\/#\/schema\/person\/2814e8a0df7643585a9ca38bc6eb9d4b"},"breadcrumb":{"@id":"https:\/\/folhapopular.info\/index.php\/2021\/12\/23\/projeto-jovens-talentos-esportivos-da-univates-tem-primeira-etapa-encerrada\/#breadcrumb"},"inLanguage":"pt-BR","potentialAction":[{"@type":"ReadAction","target":["https:\/\/folhapopular.info\/index.php\/2021\/12\/23\/projeto-jovens-talentos-esportivos-da-univates-tem-primeira-etapa-encerrada\/"]}]},{"@type":"ImageObject","inLanguage":"pt-BR","@id":"https:\/\/folhapopular.info\/index.php\/2021\/12\/23\/projeto-jovens-talentos-esportivos-da-univates-tem-primeira-etapa-encerrada\/#primaryimage","url":"https:\/\/folhapopular.info\/wp-content\/uploads\/2021\/12\/Atividades-dos-estudantes-de-Colinas-na-Univates-ao-longo-do-semestre-Divulgacao-Univates8-scaled-e1640261383115.jpg","contentUrl":"https:\/\/folhapopular.info\/wp-content\/uploads\/2021\/12\/Atividades-dos-estudantes-de-Colinas-na-Univates-ao-longo-do-semestre-Divulgacao-Univates8-scaled-e1640261383115.jpg","width":800,"height":369,"caption":"Cr\u00e9dito da foto: Divulga\u00e7\u00e3o"},{"@type":"BreadcrumbList","@id":"https:\/\/folhapopular.info\/index.php\/2021\/12\/23\/projeto-jovens-talentos-esportivos-da-univates-tem-primeira-etapa-encerrada\/#breadcrumb","itemListElement":[{"@type":"ListItem","position":1,"name":"In\u00edcio","item":"https:\/\/folhapopular.info\/"},{"@type":"ListItem","position":2,"name":"Projeto Jovens Talentos Esportivos da Univates tem primeira etapa encerrada"}]},{"@type":"WebSite","@id":"https:\/\/folhapopular.info\/#website","url":"https:\/\/folhapopular.info\/","name":"Folha Popular","description":"Onde voc\u00ea tem vez e voz","potentialAction":[{"@type":"SearchAction","target":{"@type":"EntryPoint","urlTemplate":"https:\/\/folhapopular.info\/?s={search_term_string}"},"query-input":{"@type":"PropertyValueSpecification","valueRequired":true,"valueName":"search_term_string"}}],"inLanguage":"pt-BR"},{"@type":"Person","@id":"https:\/\/folhapopular.info\/#\/schema\/person\/2814e8a0df7643585a9ca38bc6eb9d4b","name":"Reda\u00e7\u00e3o Folha Popular","image":{"@type":"ImageObject","inLanguage":"pt-BR","@id":"https:\/\/folhapopular.info\/wp-content\/uploads\/2026\/04\/Folha-1.webp","url":"https:\/\/folhapopular.info\/wp-content\/uploads\/2026\/04\/Folha-1.webp","contentUrl":"https:\/\/folhapopular.info\/wp-content\/uploads\/2026\/04\/Folha-1.webp","caption":"Reda\u00e7\u00e3o Folha Popular"},"url":"https:\/\/folhapopular.info\/index.php\/author\/redacao\/"}]}},"jetpack_featured_media_url":"https:\/\/folhapopular.info\/wp-content\/uploads\/2021\/12\/Atividades-dos-estudantes-de-Colinas-na-Univates-ao-longo-do-semestre-Divulgacao-Univates8-scaled-e1640261383115.jpg","jetpack_sharing_enabled":true,"amp_enabled":true,"_links":{"self":[{"href":"https:\/\/folhapopular.info\/index.php\/wp-json\/wp\/v2\/posts\/95314","targetHints":{"allow":["GET"]}}],"collection":[{"href":"https:\/\/folhapopular.info\/index.php\/wp-json\/wp\/v2\/posts"}],"about":[{"href":"https:\/\/folhapopular.info\/index.php\/wp-json\/wp\/v2\/types\/post"}],"author":[{"embeddable":true,"href":"https:\/\/folhapopular.info\/index.php\/wp-json\/wp\/v2\/users\/8"}],"replies":[{"embeddable":true,"href":"https:\/\/folhapopular.info\/index.php\/wp-json\/wp\/v2\/comments?post=95314"}],"version-history":[{"count":0,"href":"https:\/\/folhapopular.info\/index.php\/wp-json\/wp\/v2\/posts\/95314\/revisions"}],"wp:featuredmedia":[{"embeddable":true,"href":"https:\/\/folhapopular.info\/index.php\/wp-json\/wp\/v2\/media\/95318"}],"wp:attachment":[{"href":"https:\/\/folhapopular.info\/index.php\/wp-json\/wp\/v2\/media?parent=95314"}],"wp:term":[{"taxonomy":"category","embeddable":true,"href":"https:\/\/folhapopular.info\/index.php\/wp-json\/wp\/v2\/categories?post=95314"},{"taxonomy":"post_tag","embeddable":true,"href":"https:\/\/folhapopular.info\/index.php\/wp-json\/wp\/v2\/tags?post=95314"}],"curies":[{"name":"wp","href":"https:\/\/api.w.org\/{rel}","templated":true}]}}