{"id":95353,"date":"2021-12-23T17:39:21","date_gmt":"2021-12-23T20:39:21","guid":{"rendered":"https:\/\/folhapopular.info\/?p=95353"},"modified":"2021-12-23T17:39:25","modified_gmt":"2021-12-23T20:39:25","slug":"programacoes-culturais-reascendem-a-magia-do-natal-em-westfalia","status":"publish","type":"post","link":"https:\/\/folhapopular.info\/index.php\/2021\/12\/23\/programacoes-culturais-reascendem-a-magia-do-natal-em-westfalia\/","title":{"rendered":"Programa\u00e7\u00f5es culturais reascendem a magia do Natal em Westf\u00e1lia"},"content":{"rendered":"\n<p>O ano vai chegando ao final. E, para celebrar as conquistas e reascender o esp\u00edrito natalino, a Administra\u00e7\u00e3o Municipal de Westf\u00e1lia, atrav\u00e9s da Secretaria de Educa\u00e7\u00e3o, Cultura, Turismo e Desporto (SMEC), promoveu no s\u00e1bado (18\/12), o Natal no Parque, uma programa\u00e7\u00e3o planejada especialmente para as fam\u00edlias westfalianas.<\/p>\n\n\n\n<p>A atividade cultural iniciou no Parque de Eventos ao entardecer, com brinquedos infl\u00e1veis para as crian\u00e7as. Depois, em frente \u00e0 Prefeitura Municipal, o palco se preencheu com atra\u00e7\u00f5es culturais, com a representa\u00e7\u00e3o da Oficina de Flautas, Coral Municipal, Grupo Instrumental, Coral Juvenil Vozes de Westf\u00e1lia, Oficina de Dan\u00e7a, Escola de Educa\u00e7\u00e3o Infantil (EEI) M\u00f4nica, Grupo de Dan\u00e7as Folcl\u00f3ricas Alem\u00e3s Westf\u00e4lische Tanzgruppe e Grupo Amigos do Sapato de Pau. As soberanas de Westf\u00e1lia e o prefeito do Munic\u00edpio, Joacir Ant\u00f4nio Docena, tamb\u00e9m deixaram as suas mensagens durante a programa\u00e7\u00e3o.<\/p>\n\n\n\n<p>Na noite, ainda foi concedido um reconhecimento especial ao Grupo Volunt\u00e1rias Amigas, mulheres respons\u00e1veis pela execu\u00e7\u00e3o da decora\u00e7\u00e3o natalina do Munic\u00edpio, com aux\u00edlio dos servidores da Secretaria de Obras, Via\u00e7\u00e3o e Interior de Westf\u00e1lia. A programa\u00e7\u00e3o tamb\u00e9m reservou uma atra\u00e7\u00e3o surpresa: a Orquestra de Brinquedos, que, com magia, encanto e repert\u00f3rio natalino, anunciou a chegada do Papai Noel para a alegria da crian\u00e7ada.<\/p>\n\n\n\n<p><strong>Duendes musicais encantaram a comunidade<\/strong><\/p>\n\n\n\n<p>Na segunda-feira \u00e0 noite (20\/12), uma programa\u00e7\u00e3o itinerante tomou conta das ruas centrais de Westf\u00e1lia, quando o Tren\u00f3 do Sexteto: Duendes Musicais levou sua magia e seu repert\u00f3rio natalino \u00e0s resid\u00eancias westfalianas. A comitiva, formada tamb\u00e9m pelas soberanas de Westf\u00e1lia, percorreu as ruas principais do Munic\u00edpio e realizou tr\u00eas paradas especiais: na Pra\u00e7a da Amizade, na Igreja Evang\u00e9lica Bom Pastor e na Prefeitura Municipal. Nesse locais, o p\u00fablico aguardava para acompanhar a apresenta\u00e7\u00e3o e interagir com a atra\u00e7\u00e3o.<\/p>\n\n\n\n<p>A atividade cultural, repleta de luzes, encantos e figurinos especiais, contou com o patroc\u00ednio da empresa Biscoitos Klain.<\/p>\n\n\n\n<p><strong>Canto coral e magia de Natal<\/strong><\/p>\n\n\n\n<p>J\u00e1 na ter\u00e7a-feira (21\/12), o Coral Municipal de Westf\u00e1lia, sob a reg\u00eancia de Leandro Ahlert, levou o esp\u00edrito de Natal a pr\u00e9dios p\u00fablicos. As Cantatas Natalinas foram planejadas com muito carinho pelo grupo j\u00e1 a partir da retomada das atividades presenciais, por volta da metade do ano.<\/p>\n\n\n\n<p>Na Prefeitura Municipal, o repert\u00f3rio sacro e natalino deu clima e esp\u00edrito de final de ano a esse importante espa\u00e7o para o andamento dos servi\u00e7os p\u00fablicos. Outro local tomado pela magia dos cantos de Natal foi a Unidade B\u00e1sica de Sa\u00fade (UBS). Foram momentos especiais nos quais a comunidade pode se encantar presencialmente. As Cantatas Natalinas tamb\u00e9m estar\u00e3o registradas nas redes sociais oficiais da Prefeitura de Westf\u00e1lia.<\/p>\n\n\n\n<p><strong>Caminh\u00e3o Iluminado tamb\u00e9m \u00e9 atra\u00e7\u00e3o no Munic\u00edpio<\/strong><\/p>\n\n\n\n<p>Westf\u00e1lia fez parte do roteiro do Caminh\u00e3o Iluminado dos Bombeiros Volunt\u00e1rios de Teut\u00f4nia na ter\u00e7a-feira (21\/12). Na noite, o Papai Noel, Mam\u00e3e Noel, duendes e soberanas de Westf\u00e1lia, junto de uma comitiva formada por entidades parceiras, percorreram a Avenida Henrique Uebel, com parada em frente \u00e0 Prefeitura Municipal. A iniciativa foi uma realiza\u00e7\u00e3o dos Bombeiros Volunt\u00e1rios de Teut\u00f4nia, com o patroc\u00ednio da Cooperativa Certel e American Nutrients, e apoio da Sicredi, Sicoob, Prefeitura de Westf\u00e1lia, LEO Clube Teut\u00f4nia e Rotaract Club Teut\u00f4nia.<\/p>\n","protected":false},"excerpt":{"rendered":"<p>O ano vai chegando ao final. E, para celebrar as conquistas e reascender o esp\u00edrito natalino, a Administra\u00e7\u00e3o Municipal de Westf\u00e1lia, atrav\u00e9s da Secretaria de Educa\u00e7\u00e3o, Cultura, Turismo e Desporto (SMEC), promoveu no s\u00e1bado (18\/12), o Natal no Parque, uma programa\u00e7\u00e3o planejada especialmente para as fam\u00edlias westfalianas. A atividade cultural iniciou no Parque de Eventos [&hellip;]<\/p>\n","protected":false},"author":8,"featured_media":95358,"comment_status":"open","ping_status":"open","sticky":false,"template":"","format":"standard","meta":{"pmpro_default_level":"","_jetpack_memberships_contains_paid_content":false,"footnotes":""},"categories":[2,3],"tags":[344,1154,7760,25],"class_list":{"0":"post-95353","1":"post","2":"type-post","3":"status-publish","4":"format-standard","5":"has-post-thumbnail","7":"category-featured","8":"category-geral","9":"tag-cultura","10":"tag-natal","11":"tag-programacoes","12":"tag-westfalia","13":"pmpro-has-access"},"yoast_head":"<!-- This site is optimized with the Yoast SEO plugin v27.5 - https:\/\/yoast.com\/product\/yoast-seo-wordpress\/ -->\n<title>Programa\u00e7\u00f5es culturais reascendem a magia do Natal em Westf\u00e1lia - Folha Popular<\/title>\n<meta name=\"robots\" content=\"index, follow, max-snippet:-1, max-image-preview:large, max-video-preview:-1\" \/>\n<link rel=\"canonical\" href=\"https:\/\/folhapopular.info\/index.php\/2021\/12\/23\/programacoes-culturais-reascendem-a-magia-do-natal-em-westfalia\/\" \/>\n<meta property=\"og:locale\" content=\"pt_BR\" \/>\n<meta property=\"og:type\" content=\"article\" \/>\n<meta property=\"og:title\" content=\"Programa\u00e7\u00f5es culturais reascendem a magia do Natal em Westf\u00e1lia - Folha Popular\" \/>\n<meta property=\"og:description\" content=\"O ano vai chegando ao final. E, para celebrar as conquistas e reascender o esp\u00edrito natalino, a Administra\u00e7\u00e3o Municipal de Westf\u00e1lia, atrav\u00e9s da Secretaria de Educa\u00e7\u00e3o, Cultura, Turismo e Desporto (SMEC), promoveu no s\u00e1bado (18\/12), o Natal no Parque, uma programa\u00e7\u00e3o planejada especialmente para as fam\u00edlias westfalianas. A atividade cultural iniciou no Parque de Eventos [&hellip;]\" \/>\n<meta property=\"og:url\" content=\"https:\/\/folhapopular.info\/index.php\/2021\/12\/23\/programacoes-culturais-reascendem-a-magia-do-natal-em-westfalia\/\" \/>\n<meta property=\"og:site_name\" content=\"Folha Popular\" \/>\n<meta property=\"article:published_time\" content=\"2021-12-23T20:39:21+00:00\" \/>\n<meta property=\"article:modified_time\" content=\"2021-12-23T20:39:25+00:00\" \/>\n<meta property=\"og:image\" content=\"http:\/\/folhapopular.info\/wp-content\/uploads\/2021\/12\/Westfalische-Tanzgruppe-encantou-com-a-encenacao-do-nascimento-de-Jesus_PDV-scaled-e1640291613602.jpg\" \/>\n\t<meta property=\"og:image:width\" content=\"800\" \/>\n\t<meta property=\"og:image:height\" content=\"535\" \/>\n\t<meta property=\"og:image:type\" content=\"image\/jpeg\" \/>\n<meta name=\"author\" content=\"Reda\u00e7\u00e3o Folha Popular\" \/>\n<meta name=\"twitter:card\" content=\"summary_large_image\" \/>\n<meta name=\"twitter:label1\" content=\"Escrito por\" \/>\n\t<meta name=\"twitter:data1\" content=\"Reda\u00e7\u00e3o Folha Popular\" \/>\n\t<meta name=\"twitter:label2\" content=\"Est. tempo de leitura\" \/>\n\t<meta name=\"twitter:data2\" content=\"3 minutos\" \/>\n<script type=\"application\/ld+json\" class=\"yoast-schema-graph\">{\"@context\":\"https:\\\/\\\/schema.org\",\"@graph\":[{\"@type\":\"Article\",\"@id\":\"https:\\\/\\\/folhapopular.info\\\/index.php\\\/2021\\\/12\\\/23\\\/programacoes-culturais-reascendem-a-magia-do-natal-em-westfalia\\\/#article\",\"isPartOf\":{\"@id\":\"https:\\\/\\\/folhapopular.info\\\/index.php\\\/2021\\\/12\\\/23\\\/programacoes-culturais-reascendem-a-magia-do-natal-em-westfalia\\\/\"},\"author\":{\"name\":\"Reda\u00e7\u00e3o Folha Popular\",\"@id\":\"https:\\\/\\\/folhapopular.info\\\/#\\\/schema\\\/person\\\/2814e8a0df7643585a9ca38bc6eb9d4b\"},\"headline\":\"Programa\u00e7\u00f5es culturais reascendem a magia do Natal em Westf\u00e1lia\",\"datePublished\":\"2021-12-23T20:39:21+00:00\",\"dateModified\":\"2021-12-23T20:39:25+00:00\",\"mainEntityOfPage\":{\"@id\":\"https:\\\/\\\/folhapopular.info\\\/index.php\\\/2021\\\/12\\\/23\\\/programacoes-culturais-reascendem-a-magia-do-natal-em-westfalia\\\/\"},\"wordCount\":597,\"commentCount\":0,\"image\":{\"@id\":\"https:\\\/\\\/folhapopular.info\\\/index.php\\\/2021\\\/12\\\/23\\\/programacoes-culturais-reascendem-a-magia-do-natal-em-westfalia\\\/#primaryimage\"},\"thumbnailUrl\":\"https:\\\/\\\/folhapopular.info\\\/wp-content\\\/uploads\\\/2021\\\/12\\\/Westfalische-Tanzgruppe-encantou-com-a-encenacao-do-nascimento-de-Jesus_PDV-scaled-e1640291613602.jpg\",\"keywords\":[\"Cultura\",\"Natal\",\"programa\u00e7\u00f5es\",\"Westf\u00e1lia\"],\"articleSection\":[\"Destaques\",\"Geral\"],\"inLanguage\":\"pt-BR\",\"potentialAction\":[{\"@type\":\"CommentAction\",\"name\":\"Comment\",\"target\":[\"https:\\\/\\\/folhapopular.info\\\/index.php\\\/2021\\\/12\\\/23\\\/programacoes-culturais-reascendem-a-magia-do-natal-em-westfalia\\\/#respond\"]}]},{\"@type\":\"WebPage\",\"@id\":\"https:\\\/\\\/folhapopular.info\\\/index.php\\\/2021\\\/12\\\/23\\\/programacoes-culturais-reascendem-a-magia-do-natal-em-westfalia\\\/\",\"url\":\"https:\\\/\\\/folhapopular.info\\\/index.php\\\/2021\\\/12\\\/23\\\/programacoes-culturais-reascendem-a-magia-do-natal-em-westfalia\\\/\",\"name\":\"Programa\u00e7\u00f5es culturais reascendem a magia do Natal em Westf\u00e1lia - Folha Popular\",\"isPartOf\":{\"@id\":\"https:\\\/\\\/folhapopular.info\\\/#website\"},\"primaryImageOfPage\":{\"@id\":\"https:\\\/\\\/folhapopular.info\\\/index.php\\\/2021\\\/12\\\/23\\\/programacoes-culturais-reascendem-a-magia-do-natal-em-westfalia\\\/#primaryimage\"},\"image\":{\"@id\":\"https:\\\/\\\/folhapopular.info\\\/index.php\\\/2021\\\/12\\\/23\\\/programacoes-culturais-reascendem-a-magia-do-natal-em-westfalia\\\/#primaryimage\"},\"thumbnailUrl\":\"https:\\\/\\\/folhapopular.info\\\/wp-content\\\/uploads\\\/2021\\\/12\\\/Westfalische-Tanzgruppe-encantou-com-a-encenacao-do-nascimento-de-Jesus_PDV-scaled-e1640291613602.jpg\",\"datePublished\":\"2021-12-23T20:39:21+00:00\",\"dateModified\":\"2021-12-23T20:39:25+00:00\",\"author\":{\"@id\":\"https:\\\/\\\/folhapopular.info\\\/#\\\/schema\\\/person\\\/2814e8a0df7643585a9ca38bc6eb9d4b\"},\"breadcrumb\":{\"@id\":\"https:\\\/\\\/folhapopular.info\\\/index.php\\\/2021\\\/12\\\/23\\\/programacoes-culturais-reascendem-a-magia-do-natal-em-westfalia\\\/#breadcrumb\"},\"inLanguage\":\"pt-BR\",\"potentialAction\":[{\"@type\":\"ReadAction\",\"target\":[\"https:\\\/\\\/folhapopular.info\\\/index.php\\\/2021\\\/12\\\/23\\\/programacoes-culturais-reascendem-a-magia-do-natal-em-westfalia\\\/\"]}]},{\"@type\":\"ImageObject\",\"inLanguage\":\"pt-BR\",\"@id\":\"https:\\\/\\\/folhapopular.info\\\/index.php\\\/2021\\\/12\\\/23\\\/programacoes-culturais-reascendem-a-magia-do-natal-em-westfalia\\\/#primaryimage\",\"url\":\"https:\\\/\\\/folhapopular.info\\\/wp-content\\\/uploads\\\/2021\\\/12\\\/Westfalische-Tanzgruppe-encantou-com-a-encenacao-do-nascimento-de-Jesus_PDV-scaled-e1640291613602.jpg\",\"contentUrl\":\"https:\\\/\\\/folhapopular.info\\\/wp-content\\\/uploads\\\/2021\\\/12\\\/Westfalische-Tanzgruppe-encantou-com-a-encenacao-do-nascimento-de-Jesus_PDV-scaled-e1640291613602.jpg\",\"width\":800,\"height\":535,\"caption\":\"Cr\u00e9dito da foto: Paloma Driemeyer Valandro\"},{\"@type\":\"BreadcrumbList\",\"@id\":\"https:\\\/\\\/folhapopular.info\\\/index.php\\\/2021\\\/12\\\/23\\\/programacoes-culturais-reascendem-a-magia-do-natal-em-westfalia\\\/#breadcrumb\",\"itemListElement\":[{\"@type\":\"ListItem\",\"position\":1,\"name\":\"In\u00edcio\",\"item\":\"https:\\\/\\\/folhapopular.info\\\/\"},{\"@type\":\"ListItem\",\"position\":2,\"name\":\"Programa\u00e7\u00f5es culturais reascendem a magia do Natal em Westf\u00e1lia\"}]},{\"@type\":\"WebSite\",\"@id\":\"https:\\\/\\\/folhapopular.info\\\/#website\",\"url\":\"https:\\\/\\\/folhapopular.info\\\/\",\"name\":\"Folha Popular\",\"description\":\"Onde voc\u00ea tem vez e voz\",\"potentialAction\":[{\"@type\":\"SearchAction\",\"target\":{\"@type\":\"EntryPoint\",\"urlTemplate\":\"https:\\\/\\\/folhapopular.info\\\/?s={search_term_string}\"},\"query-input\":{\"@type\":\"PropertyValueSpecification\",\"valueRequired\":true,\"valueName\":\"search_term_string\"}}],\"inLanguage\":\"pt-BR\"},{\"@type\":\"Person\",\"@id\":\"https:\\\/\\\/folhapopular.info\\\/#\\\/schema\\\/person\\\/2814e8a0df7643585a9ca38bc6eb9d4b\",\"name\":\"Reda\u00e7\u00e3o Folha Popular\",\"image\":{\"@type\":\"ImageObject\",\"inLanguage\":\"pt-BR\",\"@id\":\"https:\\\/\\\/folhapopular.info\\\/wp-content\\\/uploads\\\/2026\\\/04\\\/Folha-1.webp\",\"url\":\"https:\\\/\\\/folhapopular.info\\\/wp-content\\\/uploads\\\/2026\\\/04\\\/Folha-1.webp\",\"contentUrl\":\"https:\\\/\\\/folhapopular.info\\\/wp-content\\\/uploads\\\/2026\\\/04\\\/Folha-1.webp\",\"caption\":\"Reda\u00e7\u00e3o Folha Popular\"},\"url\":\"https:\\\/\\\/folhapopular.info\\\/index.php\\\/author\\\/redacao\\\/\"}]}<\/script>\n<!-- \/ Yoast SEO plugin. -->","yoast_head_json":{"title":"Programa\u00e7\u00f5es culturais reascendem a magia do Natal em Westf\u00e1lia - Folha Popular","robots":{"index":"index","follow":"follow","max-snippet":"max-snippet:-1","max-image-preview":"max-image-preview:large","max-video-preview":"max-video-preview:-1"},"canonical":"https:\/\/folhapopular.info\/index.php\/2021\/12\/23\/programacoes-culturais-reascendem-a-magia-do-natal-em-westfalia\/","og_locale":"pt_BR","og_type":"article","og_title":"Programa\u00e7\u00f5es culturais reascendem a magia do Natal em Westf\u00e1lia - Folha Popular","og_description":"O ano vai chegando ao final. E, para celebrar as conquistas e reascender o esp\u00edrito natalino, a Administra\u00e7\u00e3o Municipal de Westf\u00e1lia, atrav\u00e9s da Secretaria de Educa\u00e7\u00e3o, Cultura, Turismo e Desporto (SMEC), promoveu no s\u00e1bado (18\/12), o Natal no Parque, uma programa\u00e7\u00e3o planejada especialmente para as fam\u00edlias westfalianas. A atividade cultural iniciou no Parque de Eventos [&hellip;]","og_url":"https:\/\/folhapopular.info\/index.php\/2021\/12\/23\/programacoes-culturais-reascendem-a-magia-do-natal-em-westfalia\/","og_site_name":"Folha Popular","article_published_time":"2021-12-23T20:39:21+00:00","article_modified_time":"2021-12-23T20:39:25+00:00","og_image":[{"width":800,"height":535,"url":"http:\/\/folhapopular.info\/wp-content\/uploads\/2021\/12\/Westfalische-Tanzgruppe-encantou-com-a-encenacao-do-nascimento-de-Jesus_PDV-scaled-e1640291613602.jpg","type":"image\/jpeg"}],"author":"Reda\u00e7\u00e3o Folha Popular","twitter_card":"summary_large_image","twitter_misc":{"Escrito por":"Reda\u00e7\u00e3o Folha Popular","Est. tempo de leitura":"3 minutos"},"schema":{"@context":"https:\/\/schema.org","@graph":[{"@type":"Article","@id":"https:\/\/folhapopular.info\/index.php\/2021\/12\/23\/programacoes-culturais-reascendem-a-magia-do-natal-em-westfalia\/#article","isPartOf":{"@id":"https:\/\/folhapopular.info\/index.php\/2021\/12\/23\/programacoes-culturais-reascendem-a-magia-do-natal-em-westfalia\/"},"author":{"name":"Reda\u00e7\u00e3o Folha Popular","@id":"https:\/\/folhapopular.info\/#\/schema\/person\/2814e8a0df7643585a9ca38bc6eb9d4b"},"headline":"Programa\u00e7\u00f5es culturais reascendem a magia do Natal em Westf\u00e1lia","datePublished":"2021-12-23T20:39:21+00:00","dateModified":"2021-12-23T20:39:25+00:00","mainEntityOfPage":{"@id":"https:\/\/folhapopular.info\/index.php\/2021\/12\/23\/programacoes-culturais-reascendem-a-magia-do-natal-em-westfalia\/"},"wordCount":597,"commentCount":0,"image":{"@id":"https:\/\/folhapopular.info\/index.php\/2021\/12\/23\/programacoes-culturais-reascendem-a-magia-do-natal-em-westfalia\/#primaryimage"},"thumbnailUrl":"https:\/\/folhapopular.info\/wp-content\/uploads\/2021\/12\/Westfalische-Tanzgruppe-encantou-com-a-encenacao-do-nascimento-de-Jesus_PDV-scaled-e1640291613602.jpg","keywords":["Cultura","Natal","programa\u00e7\u00f5es","Westf\u00e1lia"],"articleSection":["Destaques","Geral"],"inLanguage":"pt-BR","potentialAction":[{"@type":"CommentAction","name":"Comment","target":["https:\/\/folhapopular.info\/index.php\/2021\/12\/23\/programacoes-culturais-reascendem-a-magia-do-natal-em-westfalia\/#respond"]}]},{"@type":"WebPage","@id":"https:\/\/folhapopular.info\/index.php\/2021\/12\/23\/programacoes-culturais-reascendem-a-magia-do-natal-em-westfalia\/","url":"https:\/\/folhapopular.info\/index.php\/2021\/12\/23\/programacoes-culturais-reascendem-a-magia-do-natal-em-westfalia\/","name":"Programa\u00e7\u00f5es culturais reascendem a magia do Natal em Westf\u00e1lia - Folha Popular","isPartOf":{"@id":"https:\/\/folhapopular.info\/#website"},"primaryImageOfPage":{"@id":"https:\/\/folhapopular.info\/index.php\/2021\/12\/23\/programacoes-culturais-reascendem-a-magia-do-natal-em-westfalia\/#primaryimage"},"image":{"@id":"https:\/\/folhapopular.info\/index.php\/2021\/12\/23\/programacoes-culturais-reascendem-a-magia-do-natal-em-westfalia\/#primaryimage"},"thumbnailUrl":"https:\/\/folhapopular.info\/wp-content\/uploads\/2021\/12\/Westfalische-Tanzgruppe-encantou-com-a-encenacao-do-nascimento-de-Jesus_PDV-scaled-e1640291613602.jpg","datePublished":"2021-12-23T20:39:21+00:00","dateModified":"2021-12-23T20:39:25+00:00","author":{"@id":"https:\/\/folhapopular.info\/#\/schema\/person\/2814e8a0df7643585a9ca38bc6eb9d4b"},"breadcrumb":{"@id":"https:\/\/folhapopular.info\/index.php\/2021\/12\/23\/programacoes-culturais-reascendem-a-magia-do-natal-em-westfalia\/#breadcrumb"},"inLanguage":"pt-BR","potentialAction":[{"@type":"ReadAction","target":["https:\/\/folhapopular.info\/index.php\/2021\/12\/23\/programacoes-culturais-reascendem-a-magia-do-natal-em-westfalia\/"]}]},{"@type":"ImageObject","inLanguage":"pt-BR","@id":"https:\/\/folhapopular.info\/index.php\/2021\/12\/23\/programacoes-culturais-reascendem-a-magia-do-natal-em-westfalia\/#primaryimage","url":"https:\/\/folhapopular.info\/wp-content\/uploads\/2021\/12\/Westfalische-Tanzgruppe-encantou-com-a-encenacao-do-nascimento-de-Jesus_PDV-scaled-e1640291613602.jpg","contentUrl":"https:\/\/folhapopular.info\/wp-content\/uploads\/2021\/12\/Westfalische-Tanzgruppe-encantou-com-a-encenacao-do-nascimento-de-Jesus_PDV-scaled-e1640291613602.jpg","width":800,"height":535,"caption":"Cr\u00e9dito da foto: Paloma Driemeyer Valandro"},{"@type":"BreadcrumbList","@id":"https:\/\/folhapopular.info\/index.php\/2021\/12\/23\/programacoes-culturais-reascendem-a-magia-do-natal-em-westfalia\/#breadcrumb","itemListElement":[{"@type":"ListItem","position":1,"name":"In\u00edcio","item":"https:\/\/folhapopular.info\/"},{"@type":"ListItem","position":2,"name":"Programa\u00e7\u00f5es culturais reascendem a magia do Natal em Westf\u00e1lia"}]},{"@type":"WebSite","@id":"https:\/\/folhapopular.info\/#website","url":"https:\/\/folhapopular.info\/","name":"Folha Popular","description":"Onde voc\u00ea tem vez e voz","potentialAction":[{"@type":"SearchAction","target":{"@type":"EntryPoint","urlTemplate":"https:\/\/folhapopular.info\/?s={search_term_string}"},"query-input":{"@type":"PropertyValueSpecification","valueRequired":true,"valueName":"search_term_string"}}],"inLanguage":"pt-BR"},{"@type":"Person","@id":"https:\/\/folhapopular.info\/#\/schema\/person\/2814e8a0df7643585a9ca38bc6eb9d4b","name":"Reda\u00e7\u00e3o Folha Popular","image":{"@type":"ImageObject","inLanguage":"pt-BR","@id":"https:\/\/folhapopular.info\/wp-content\/uploads\/2026\/04\/Folha-1.webp","url":"https:\/\/folhapopular.info\/wp-content\/uploads\/2026\/04\/Folha-1.webp","contentUrl":"https:\/\/folhapopular.info\/wp-content\/uploads\/2026\/04\/Folha-1.webp","caption":"Reda\u00e7\u00e3o Folha Popular"},"url":"https:\/\/folhapopular.info\/index.php\/author\/redacao\/"}]}},"jetpack_featured_media_url":"https:\/\/folhapopular.info\/wp-content\/uploads\/2021\/12\/Westfalische-Tanzgruppe-encantou-com-a-encenacao-do-nascimento-de-Jesus_PDV-scaled-e1640291613602.jpg","jetpack_sharing_enabled":true,"amp_enabled":true,"_links":{"self":[{"href":"https:\/\/folhapopular.info\/index.php\/wp-json\/wp\/v2\/posts\/95353","targetHints":{"allow":["GET"]}}],"collection":[{"href":"https:\/\/folhapopular.info\/index.php\/wp-json\/wp\/v2\/posts"}],"about":[{"href":"https:\/\/folhapopular.info\/index.php\/wp-json\/wp\/v2\/types\/post"}],"author":[{"embeddable":true,"href":"https:\/\/folhapopular.info\/index.php\/wp-json\/wp\/v2\/users\/8"}],"replies":[{"embeddable":true,"href":"https:\/\/folhapopular.info\/index.php\/wp-json\/wp\/v2\/comments?post=95353"}],"version-history":[{"count":0,"href":"https:\/\/folhapopular.info\/index.php\/wp-json\/wp\/v2\/posts\/95353\/revisions"}],"wp:featuredmedia":[{"embeddable":true,"href":"https:\/\/folhapopular.info\/index.php\/wp-json\/wp\/v2\/media\/95358"}],"wp:attachment":[{"href":"https:\/\/folhapopular.info\/index.php\/wp-json\/wp\/v2\/media?parent=95353"}],"wp:term":[{"taxonomy":"category","embeddable":true,"href":"https:\/\/folhapopular.info\/index.php\/wp-json\/wp\/v2\/categories?post=95353"},{"taxonomy":"post_tag","embeddable":true,"href":"https:\/\/folhapopular.info\/index.php\/wp-json\/wp\/v2\/tags?post=95353"}],"curies":[{"name":"wp","href":"https:\/\/api.w.org\/{rel}","templated":true}]}}