{"id":95881,"date":"2022-01-03T10:59:55","date_gmt":"2022-01-03T13:59:55","guid":{"rendered":"https:\/\/folhapopular.info\/?p=95881"},"modified":"2022-01-03T10:59:59","modified_gmt":"2022-01-03T13:59:59","slug":"presidente-da-camara-jose-bortolini-assume-como-prefeito-em-exercicio-de-garibaldi","status":"publish","type":"post","link":"https:\/\/folhapopular.info\/index.php\/2022\/01\/03\/presidente-da-camara-jose-bortolini-assume-como-prefeito-em-exercicio-de-garibaldi\/","title":{"rendered":"Presidente da C\u00e2mara, Jos\u00e9 Bortolini assume como prefeito em exerc\u00edcio de Garibaldi"},"content":{"rendered":"\n<p>A Prefeitura de Garibaldi informa que, em cumprimento \u00e0 determina\u00e7\u00e3o do Tribunal Regional Eleitoral do Rio Grande do Sul (TRE RS),\u00a0 o presidente da C\u00e2mara de Vereadores, Jos\u00e9 Bortolini (PDT), assumiu como prefeito em exerc\u00edcio do Munic\u00edpio, a contar de 1\u00b0 de janeiro de 2022. O ato solene, com assinatura da ata, ocorreu em Gabinete e marcou a transmiss\u00e3o do cargo pela ent\u00e3o prefeita, vereadora M\u00e1rcia Pedersetti (PP).<\/p>\n\n\n\n<p><br>Jos\u00e9 Bortolini \u00e9 funcion\u00e1rio p\u00fablico desde 1981. J\u00e1 foi presidente da C\u00e2mara de Vereadores em 2014 e 2020 e est\u00e1 em seu quarto mandato como parlamentar. Foi empossado para presidir o Legislativo em 2022 e automaticamente conduzido ao cargo de prefeito em exerc\u00edcio.<\/p>\n\n\n\n<p><br>&#8220;Assumo essa miss\u00e3o com muita responsabilidade, honrando os anseios dos garibaldenses. Podem ter certeza de que trabalharei pela continuidade das a\u00e7\u00f5es que est\u00e3o em andamento, em favor do desenvolvimento e do desejo de mudan\u00e7a expresso nas urnas\u201d, afirmou Bortolini.<\/p>\n\n\n\n<p><br>Natural de Garibaldi, o novo prefeito em exerc\u00edcio reside em Marcorama. \u00c9 casado com Claudete Turcatti Bortolini, com quem tem duas filhas: Patr\u00edcia e Ja\u00edne. Bortolini \u00e9 av\u00f4 de Valentina e Sophia.<\/p>\n\n\n\n<p><br>Ao se despedir do cargo de prefeita, a vereadora M\u00e1rcia Pedersetti destacou que foi uma satisfa\u00e7\u00e3o ter conduzido o Munic\u00edpio neste per\u00edodo de supera\u00e7\u00e3o, mesmo com todas as dificuldades. &#8220;Cumpri o meu papel de forma s\u00e9ria e respons\u00e1vel, contando com o apoio de uma equipe qualificada de secret\u00e1rios e servidores, mas especialmente com o olhar atento e o apoio da comunidade de Garibaldi. Conseguimos dar continuidade a v\u00e1rias a\u00e7\u00f5es em diversas \u00e1reas. A cidade n\u00e3o parou. Fui leal \u00e0 vontade da nossa popula\u00e7\u00e3o que votou pela renova\u00e7\u00e3o nas \u00faltimas elei\u00e7\u00f5es e mantive o mesmo ritmo e o mesmo padr\u00e3o de exig\u00eancia das entregas, em respeito \u00e0 nossa comunidade que escolheu avan\u00e7ar&#8221;, avaliou.<\/p>\n","protected":false},"excerpt":{"rendered":"<p>A Prefeitura de Garibaldi informa que, em cumprimento \u00e0 determina\u00e7\u00e3o do Tribunal Regional Eleitoral do Rio Grande do Sul (TRE RS),\u00a0 o presidente da C\u00e2mara de Vereadores, Jos\u00e9 Bortolini (PDT), assumiu como prefeito em exerc\u00edcio do Munic\u00edpio, a contar de 1\u00b0 de janeiro de 2022. O ato solene, com assinatura da ata, ocorreu em Gabinete [&hellip;]<\/p>\n","protected":false},"author":8,"featured_media":95882,"comment_status":"open","ping_status":"open","sticky":false,"template":"","format":"standard","meta":{"pmpro_default_level":"","_jetpack_memberships_contains_paid_content":false,"footnotes":""},"categories":[2,3],"tags":[646,28,1855],"class_list":{"0":"post-95881","1":"post","2":"type-post","3":"status-publish","4":"format-standard","5":"has-post-thumbnail","7":"category-featured","8":"category-geral","9":"tag-camara-de-vereadores","10":"tag-garibaldi","11":"tag-prefeitura","12":"pmpro-has-access"},"yoast_head":"<!-- This site is optimized with the Yoast SEO plugin v27.5 - https:\/\/yoast.com\/product\/yoast-seo-wordpress\/ -->\n<title>Presidente da C\u00e2mara, Jos\u00e9 Bortolini assume como prefeito em exerc\u00edcio de Garibaldi - Folha Popular<\/title>\n<meta name=\"robots\" content=\"index, follow, max-snippet:-1, max-image-preview:large, max-video-preview:-1\" \/>\n<link rel=\"canonical\" href=\"https:\/\/folhapopular.info\/index.php\/2022\/01\/03\/presidente-da-camara-jose-bortolini-assume-como-prefeito-em-exercicio-de-garibaldi\/\" \/>\n<meta property=\"og:locale\" content=\"pt_BR\" \/>\n<meta property=\"og:type\" content=\"article\" \/>\n<meta property=\"og:title\" content=\"Presidente da C\u00e2mara, Jos\u00e9 Bortolini assume como prefeito em exerc\u00edcio de Garibaldi - Folha Popular\" \/>\n<meta property=\"og:description\" content=\"A Prefeitura de Garibaldi informa que, em cumprimento \u00e0 determina\u00e7\u00e3o do Tribunal Regional Eleitoral do Rio Grande do Sul (TRE RS),\u00a0 o presidente da C\u00e2mara de Vereadores, Jos\u00e9 Bortolini (PDT), assumiu como prefeito em exerc\u00edcio do Munic\u00edpio, a contar de 1\u00b0 de janeiro de 2022. O ato solene, com assinatura da ata, ocorreu em Gabinete [&hellip;]\" \/>\n<meta property=\"og:url\" content=\"https:\/\/folhapopular.info\/index.php\/2022\/01\/03\/presidente-da-camara-jose-bortolini-assume-como-prefeito-em-exercicio-de-garibaldi\/\" \/>\n<meta property=\"og:site_name\" content=\"Folha Popular\" \/>\n<meta property=\"article:published_time\" content=\"2022-01-03T13:59:55+00:00\" \/>\n<meta property=\"article:modified_time\" content=\"2022-01-03T13:59:59+00:00\" \/>\n<meta property=\"og:image\" content=\"http:\/\/folhapopular.info\/wp-content\/uploads\/2022\/01\/FOTO-001-scaled-e1641218378303.jpg\" \/>\n\t<meta property=\"og:image:width\" content=\"800\" \/>\n\t<meta property=\"og:image:height\" content=\"533\" \/>\n\t<meta property=\"og:image:type\" content=\"image\/jpeg\" \/>\n<meta name=\"author\" content=\"Reda\u00e7\u00e3o Folha Popular\" \/>\n<meta name=\"twitter:card\" content=\"summary_large_image\" \/>\n<meta name=\"twitter:label1\" content=\"Escrito por\" \/>\n\t<meta name=\"twitter:data1\" content=\"Reda\u00e7\u00e3o Folha Popular\" \/>\n\t<meta name=\"twitter:label2\" content=\"Est. tempo de leitura\" \/>\n\t<meta name=\"twitter:data2\" content=\"2 minutos\" \/>\n<script type=\"application\/ld+json\" class=\"yoast-schema-graph\">{\"@context\":\"https:\\\/\\\/schema.org\",\"@graph\":[{\"@type\":\"Article\",\"@id\":\"https:\\\/\\\/folhapopular.info\\\/index.php\\\/2022\\\/01\\\/03\\\/presidente-da-camara-jose-bortolini-assume-como-prefeito-em-exercicio-de-garibaldi\\\/#article\",\"isPartOf\":{\"@id\":\"https:\\\/\\\/folhapopular.info\\\/index.php\\\/2022\\\/01\\\/03\\\/presidente-da-camara-jose-bortolini-assume-como-prefeito-em-exercicio-de-garibaldi\\\/\"},\"author\":{\"name\":\"Reda\u00e7\u00e3o Folha Popular\",\"@id\":\"https:\\\/\\\/folhapopular.info\\\/#\\\/schema\\\/person\\\/2814e8a0df7643585a9ca38bc6eb9d4b\"},\"headline\":\"Presidente da C\u00e2mara, Jos\u00e9 Bortolini assume como prefeito em exerc\u00edcio de Garibaldi\",\"datePublished\":\"2022-01-03T13:59:55+00:00\",\"dateModified\":\"2022-01-03T13:59:59+00:00\",\"mainEntityOfPage\":{\"@id\":\"https:\\\/\\\/folhapopular.info\\\/index.php\\\/2022\\\/01\\\/03\\\/presidente-da-camara-jose-bortolini-assume-como-prefeito-em-exercicio-de-garibaldi\\\/\"},\"wordCount\":331,\"commentCount\":0,\"image\":{\"@id\":\"https:\\\/\\\/folhapopular.info\\\/index.php\\\/2022\\\/01\\\/03\\\/presidente-da-camara-jose-bortolini-assume-como-prefeito-em-exercicio-de-garibaldi\\\/#primaryimage\"},\"thumbnailUrl\":\"https:\\\/\\\/folhapopular.info\\\/wp-content\\\/uploads\\\/2022\\\/01\\\/FOTO-001-scaled-e1641218378303.jpg\",\"keywords\":[\"C\u00e2mara de Vereadores\",\"Garibaldi\",\"Prefeitura\"],\"articleSection\":[\"Destaques\",\"Geral\"],\"inLanguage\":\"pt-BR\",\"potentialAction\":[{\"@type\":\"CommentAction\",\"name\":\"Comment\",\"target\":[\"https:\\\/\\\/folhapopular.info\\\/index.php\\\/2022\\\/01\\\/03\\\/presidente-da-camara-jose-bortolini-assume-como-prefeito-em-exercicio-de-garibaldi\\\/#respond\"]}]},{\"@type\":\"WebPage\",\"@id\":\"https:\\\/\\\/folhapopular.info\\\/index.php\\\/2022\\\/01\\\/03\\\/presidente-da-camara-jose-bortolini-assume-como-prefeito-em-exercicio-de-garibaldi\\\/\",\"url\":\"https:\\\/\\\/folhapopular.info\\\/index.php\\\/2022\\\/01\\\/03\\\/presidente-da-camara-jose-bortolini-assume-como-prefeito-em-exercicio-de-garibaldi\\\/\",\"name\":\"Presidente da C\u00e2mara, Jos\u00e9 Bortolini assume como prefeito em exerc\u00edcio de Garibaldi - Folha Popular\",\"isPartOf\":{\"@id\":\"https:\\\/\\\/folhapopular.info\\\/#website\"},\"primaryImageOfPage\":{\"@id\":\"https:\\\/\\\/folhapopular.info\\\/index.php\\\/2022\\\/01\\\/03\\\/presidente-da-camara-jose-bortolini-assume-como-prefeito-em-exercicio-de-garibaldi\\\/#primaryimage\"},\"image\":{\"@id\":\"https:\\\/\\\/folhapopular.info\\\/index.php\\\/2022\\\/01\\\/03\\\/presidente-da-camara-jose-bortolini-assume-como-prefeito-em-exercicio-de-garibaldi\\\/#primaryimage\"},\"thumbnailUrl\":\"https:\\\/\\\/folhapopular.info\\\/wp-content\\\/uploads\\\/2022\\\/01\\\/FOTO-001-scaled-e1641218378303.jpg\",\"datePublished\":\"2022-01-03T13:59:55+00:00\",\"dateModified\":\"2022-01-03T13:59:59+00:00\",\"author\":{\"@id\":\"https:\\\/\\\/folhapopular.info\\\/#\\\/schema\\\/person\\\/2814e8a0df7643585a9ca38bc6eb9d4b\"},\"breadcrumb\":{\"@id\":\"https:\\\/\\\/folhapopular.info\\\/index.php\\\/2022\\\/01\\\/03\\\/presidente-da-camara-jose-bortolini-assume-como-prefeito-em-exercicio-de-garibaldi\\\/#breadcrumb\"},\"inLanguage\":\"pt-BR\",\"potentialAction\":[{\"@type\":\"ReadAction\",\"target\":[\"https:\\\/\\\/folhapopular.info\\\/index.php\\\/2022\\\/01\\\/03\\\/presidente-da-camara-jose-bortolini-assume-como-prefeito-em-exercicio-de-garibaldi\\\/\"]}]},{\"@type\":\"ImageObject\",\"inLanguage\":\"pt-BR\",\"@id\":\"https:\\\/\\\/folhapopular.info\\\/index.php\\\/2022\\\/01\\\/03\\\/presidente-da-camara-jose-bortolini-assume-como-prefeito-em-exercicio-de-garibaldi\\\/#primaryimage\",\"url\":\"https:\\\/\\\/folhapopular.info\\\/wp-content\\\/uploads\\\/2022\\\/01\\\/FOTO-001-scaled-e1641218378303.jpg\",\"contentUrl\":\"https:\\\/\\\/folhapopular.info\\\/wp-content\\\/uploads\\\/2022\\\/01\\\/FOTO-001-scaled-e1641218378303.jpg\",\"width\":800,\"height\":533,\"caption\":\"Cr\u00e9dito da foto: Marina Teles \\\/ Divulga\u00e7\u00e3o\"},{\"@type\":\"BreadcrumbList\",\"@id\":\"https:\\\/\\\/folhapopular.info\\\/index.php\\\/2022\\\/01\\\/03\\\/presidente-da-camara-jose-bortolini-assume-como-prefeito-em-exercicio-de-garibaldi\\\/#breadcrumb\",\"itemListElement\":[{\"@type\":\"ListItem\",\"position\":1,\"name\":\"In\u00edcio\",\"item\":\"https:\\\/\\\/folhapopular.info\\\/\"},{\"@type\":\"ListItem\",\"position\":2,\"name\":\"Presidente da C\u00e2mara, Jos\u00e9 Bortolini assume como prefeito em exerc\u00edcio de Garibaldi\"}]},{\"@type\":\"WebSite\",\"@id\":\"https:\\\/\\\/folhapopular.info\\\/#website\",\"url\":\"https:\\\/\\\/folhapopular.info\\\/\",\"name\":\"Folha Popular\",\"description\":\"Onde voc\u00ea tem vez e voz\",\"potentialAction\":[{\"@type\":\"SearchAction\",\"target\":{\"@type\":\"EntryPoint\",\"urlTemplate\":\"https:\\\/\\\/folhapopular.info\\\/?s={search_term_string}\"},\"query-input\":{\"@type\":\"PropertyValueSpecification\",\"valueRequired\":true,\"valueName\":\"search_term_string\"}}],\"inLanguage\":\"pt-BR\"},{\"@type\":\"Person\",\"@id\":\"https:\\\/\\\/folhapopular.info\\\/#\\\/schema\\\/person\\\/2814e8a0df7643585a9ca38bc6eb9d4b\",\"name\":\"Reda\u00e7\u00e3o Folha Popular\",\"image\":{\"@type\":\"ImageObject\",\"inLanguage\":\"pt-BR\",\"@id\":\"https:\\\/\\\/folhapopular.info\\\/wp-content\\\/uploads\\\/2026\\\/04\\\/Folha-1.webp\",\"url\":\"https:\\\/\\\/folhapopular.info\\\/wp-content\\\/uploads\\\/2026\\\/04\\\/Folha-1.webp\",\"contentUrl\":\"https:\\\/\\\/folhapopular.info\\\/wp-content\\\/uploads\\\/2026\\\/04\\\/Folha-1.webp\",\"caption\":\"Reda\u00e7\u00e3o Folha Popular\"},\"url\":\"https:\\\/\\\/folhapopular.info\\\/index.php\\\/author\\\/redacao\\\/\"}]}<\/script>\n<!-- \/ Yoast SEO plugin. -->","yoast_head_json":{"title":"Presidente da C\u00e2mara, Jos\u00e9 Bortolini assume como prefeito em exerc\u00edcio de Garibaldi - Folha Popular","robots":{"index":"index","follow":"follow","max-snippet":"max-snippet:-1","max-image-preview":"max-image-preview:large","max-video-preview":"max-video-preview:-1"},"canonical":"https:\/\/folhapopular.info\/index.php\/2022\/01\/03\/presidente-da-camara-jose-bortolini-assume-como-prefeito-em-exercicio-de-garibaldi\/","og_locale":"pt_BR","og_type":"article","og_title":"Presidente da C\u00e2mara, Jos\u00e9 Bortolini assume como prefeito em exerc\u00edcio de Garibaldi - Folha Popular","og_description":"A Prefeitura de Garibaldi informa que, em cumprimento \u00e0 determina\u00e7\u00e3o do Tribunal Regional Eleitoral do Rio Grande do Sul (TRE RS),\u00a0 o presidente da C\u00e2mara de Vereadores, Jos\u00e9 Bortolini (PDT), assumiu como prefeito em exerc\u00edcio do Munic\u00edpio, a contar de 1\u00b0 de janeiro de 2022. O ato solene, com assinatura da ata, ocorreu em Gabinete [&hellip;]","og_url":"https:\/\/folhapopular.info\/index.php\/2022\/01\/03\/presidente-da-camara-jose-bortolini-assume-como-prefeito-em-exercicio-de-garibaldi\/","og_site_name":"Folha Popular","article_published_time":"2022-01-03T13:59:55+00:00","article_modified_time":"2022-01-03T13:59:59+00:00","og_image":[{"width":800,"height":533,"url":"http:\/\/folhapopular.info\/wp-content\/uploads\/2022\/01\/FOTO-001-scaled-e1641218378303.jpg","type":"image\/jpeg"}],"author":"Reda\u00e7\u00e3o Folha Popular","twitter_card":"summary_large_image","twitter_misc":{"Escrito por":"Reda\u00e7\u00e3o Folha Popular","Est. tempo de leitura":"2 minutos"},"schema":{"@context":"https:\/\/schema.org","@graph":[{"@type":"Article","@id":"https:\/\/folhapopular.info\/index.php\/2022\/01\/03\/presidente-da-camara-jose-bortolini-assume-como-prefeito-em-exercicio-de-garibaldi\/#article","isPartOf":{"@id":"https:\/\/folhapopular.info\/index.php\/2022\/01\/03\/presidente-da-camara-jose-bortolini-assume-como-prefeito-em-exercicio-de-garibaldi\/"},"author":{"name":"Reda\u00e7\u00e3o Folha Popular","@id":"https:\/\/folhapopular.info\/#\/schema\/person\/2814e8a0df7643585a9ca38bc6eb9d4b"},"headline":"Presidente da C\u00e2mara, Jos\u00e9 Bortolini assume como prefeito em exerc\u00edcio de Garibaldi","datePublished":"2022-01-03T13:59:55+00:00","dateModified":"2022-01-03T13:59:59+00:00","mainEntityOfPage":{"@id":"https:\/\/folhapopular.info\/index.php\/2022\/01\/03\/presidente-da-camara-jose-bortolini-assume-como-prefeito-em-exercicio-de-garibaldi\/"},"wordCount":331,"commentCount":0,"image":{"@id":"https:\/\/folhapopular.info\/index.php\/2022\/01\/03\/presidente-da-camara-jose-bortolini-assume-como-prefeito-em-exercicio-de-garibaldi\/#primaryimage"},"thumbnailUrl":"https:\/\/folhapopular.info\/wp-content\/uploads\/2022\/01\/FOTO-001-scaled-e1641218378303.jpg","keywords":["C\u00e2mara de Vereadores","Garibaldi","Prefeitura"],"articleSection":["Destaques","Geral"],"inLanguage":"pt-BR","potentialAction":[{"@type":"CommentAction","name":"Comment","target":["https:\/\/folhapopular.info\/index.php\/2022\/01\/03\/presidente-da-camara-jose-bortolini-assume-como-prefeito-em-exercicio-de-garibaldi\/#respond"]}]},{"@type":"WebPage","@id":"https:\/\/folhapopular.info\/index.php\/2022\/01\/03\/presidente-da-camara-jose-bortolini-assume-como-prefeito-em-exercicio-de-garibaldi\/","url":"https:\/\/folhapopular.info\/index.php\/2022\/01\/03\/presidente-da-camara-jose-bortolini-assume-como-prefeito-em-exercicio-de-garibaldi\/","name":"Presidente da C\u00e2mara, Jos\u00e9 Bortolini assume como prefeito em exerc\u00edcio de Garibaldi - Folha Popular","isPartOf":{"@id":"https:\/\/folhapopular.info\/#website"},"primaryImageOfPage":{"@id":"https:\/\/folhapopular.info\/index.php\/2022\/01\/03\/presidente-da-camara-jose-bortolini-assume-como-prefeito-em-exercicio-de-garibaldi\/#primaryimage"},"image":{"@id":"https:\/\/folhapopular.info\/index.php\/2022\/01\/03\/presidente-da-camara-jose-bortolini-assume-como-prefeito-em-exercicio-de-garibaldi\/#primaryimage"},"thumbnailUrl":"https:\/\/folhapopular.info\/wp-content\/uploads\/2022\/01\/FOTO-001-scaled-e1641218378303.jpg","datePublished":"2022-01-03T13:59:55+00:00","dateModified":"2022-01-03T13:59:59+00:00","author":{"@id":"https:\/\/folhapopular.info\/#\/schema\/person\/2814e8a0df7643585a9ca38bc6eb9d4b"},"breadcrumb":{"@id":"https:\/\/folhapopular.info\/index.php\/2022\/01\/03\/presidente-da-camara-jose-bortolini-assume-como-prefeito-em-exercicio-de-garibaldi\/#breadcrumb"},"inLanguage":"pt-BR","potentialAction":[{"@type":"ReadAction","target":["https:\/\/folhapopular.info\/index.php\/2022\/01\/03\/presidente-da-camara-jose-bortolini-assume-como-prefeito-em-exercicio-de-garibaldi\/"]}]},{"@type":"ImageObject","inLanguage":"pt-BR","@id":"https:\/\/folhapopular.info\/index.php\/2022\/01\/03\/presidente-da-camara-jose-bortolini-assume-como-prefeito-em-exercicio-de-garibaldi\/#primaryimage","url":"https:\/\/folhapopular.info\/wp-content\/uploads\/2022\/01\/FOTO-001-scaled-e1641218378303.jpg","contentUrl":"https:\/\/folhapopular.info\/wp-content\/uploads\/2022\/01\/FOTO-001-scaled-e1641218378303.jpg","width":800,"height":533,"caption":"Cr\u00e9dito da foto: Marina Teles \/ Divulga\u00e7\u00e3o"},{"@type":"BreadcrumbList","@id":"https:\/\/folhapopular.info\/index.php\/2022\/01\/03\/presidente-da-camara-jose-bortolini-assume-como-prefeito-em-exercicio-de-garibaldi\/#breadcrumb","itemListElement":[{"@type":"ListItem","position":1,"name":"In\u00edcio","item":"https:\/\/folhapopular.info\/"},{"@type":"ListItem","position":2,"name":"Presidente da C\u00e2mara, Jos\u00e9 Bortolini assume como prefeito em exerc\u00edcio de Garibaldi"}]},{"@type":"WebSite","@id":"https:\/\/folhapopular.info\/#website","url":"https:\/\/folhapopular.info\/","name":"Folha Popular","description":"Onde voc\u00ea tem vez e voz","potentialAction":[{"@type":"SearchAction","target":{"@type":"EntryPoint","urlTemplate":"https:\/\/folhapopular.info\/?s={search_term_string}"},"query-input":{"@type":"PropertyValueSpecification","valueRequired":true,"valueName":"search_term_string"}}],"inLanguage":"pt-BR"},{"@type":"Person","@id":"https:\/\/folhapopular.info\/#\/schema\/person\/2814e8a0df7643585a9ca38bc6eb9d4b","name":"Reda\u00e7\u00e3o Folha Popular","image":{"@type":"ImageObject","inLanguage":"pt-BR","@id":"https:\/\/folhapopular.info\/wp-content\/uploads\/2026\/04\/Folha-1.webp","url":"https:\/\/folhapopular.info\/wp-content\/uploads\/2026\/04\/Folha-1.webp","contentUrl":"https:\/\/folhapopular.info\/wp-content\/uploads\/2026\/04\/Folha-1.webp","caption":"Reda\u00e7\u00e3o Folha Popular"},"url":"https:\/\/folhapopular.info\/index.php\/author\/redacao\/"}]}},"jetpack_featured_media_url":"https:\/\/folhapopular.info\/wp-content\/uploads\/2022\/01\/FOTO-001-scaled-e1641218378303.jpg","jetpack_sharing_enabled":true,"amp_enabled":true,"_links":{"self":[{"href":"https:\/\/folhapopular.info\/index.php\/wp-json\/wp\/v2\/posts\/95881","targetHints":{"allow":["GET"]}}],"collection":[{"href":"https:\/\/folhapopular.info\/index.php\/wp-json\/wp\/v2\/posts"}],"about":[{"href":"https:\/\/folhapopular.info\/index.php\/wp-json\/wp\/v2\/types\/post"}],"author":[{"embeddable":true,"href":"https:\/\/folhapopular.info\/index.php\/wp-json\/wp\/v2\/users\/8"}],"replies":[{"embeddable":true,"href":"https:\/\/folhapopular.info\/index.php\/wp-json\/wp\/v2\/comments?post=95881"}],"version-history":[{"count":0,"href":"https:\/\/folhapopular.info\/index.php\/wp-json\/wp\/v2\/posts\/95881\/revisions"}],"wp:featuredmedia":[{"embeddable":true,"href":"https:\/\/folhapopular.info\/index.php\/wp-json\/wp\/v2\/media\/95882"}],"wp:attachment":[{"href":"https:\/\/folhapopular.info\/index.php\/wp-json\/wp\/v2\/media?parent=95881"}],"wp:term":[{"taxonomy":"category","embeddable":true,"href":"https:\/\/folhapopular.info\/index.php\/wp-json\/wp\/v2\/categories?post=95881"},{"taxonomy":"post_tag","embeddable":true,"href":"https:\/\/folhapopular.info\/index.php\/wp-json\/wp\/v2\/tags?post=95881"}],"curies":[{"name":"wp","href":"https:\/\/api.w.org\/{rel}","templated":true}]}}