{"id":95887,"date":"2022-01-03T13:24:08","date_gmt":"2022-01-03T16:24:08","guid":{"rendered":"https:\/\/folhapopular.info\/?p=95887"},"modified":"2022-01-03T13:24:13","modified_gmt":"2022-01-03T16:24:13","slug":"estado-oficializa-promocao-de-mais-1-239-operadores-da-seguranca-publica","status":"publish","type":"post","link":"https:\/\/folhapopular.info\/index.php\/2022\/01\/03\/estado-oficializa-promocao-de-mais-1-239-operadores-da-seguranca-publica\/","title":{"rendered":"Estado oficializa promo\u00e7\u00e3o de mais 1.239 operadores da seguran\u00e7a p\u00fablica"},"content":{"rendered":"\n<p>Em ato publicado em edi\u00e7\u00e3o extraordin\u00e1ria do Di\u00e1rio Oficial do Estado nesta quarta-feira (29\/12), o governo promoveu 1.239 servidores da Brigada Militar (BM), da Pol\u00edcia Civil (PC), do Corpo de Bombeiros Militar (CBMRS) e do Instituto-Geral de Per\u00edcias (IGP). Os operadores de seguran\u00e7a promovidos nesta publica\u00e7\u00e3o, somados aos 923 brigadianos e bombeiros que conclu\u00edram os cursos de habilita\u00e7\u00e3o das institui\u00e7\u00f5es em dezembro e tiveram suas promo\u00e7\u00f5es assinadas no ato de suas formaturas, totalizam 2.162 servidores que avan\u00e7aram nas carreiras em dezembro.<\/p>\n\n\n\n<p>Essas novas promo\u00e7\u00f5es s\u00e3o resultado das reformas estruturantes promovidas pelo atual governo, que tamb\u00e9m permitiram ao Estado colocar os sal\u00e1rios em dia, antecipar o pagamento do 13\u00b0 sal\u00e1rio e retomar a capacidade de investimento. S\u00f3 para a seguran\u00e7a p\u00fablica, o programa Avan\u00e7ar anunciou investimento total de R$ 280,3 milh\u00f5es, duas vezes o que havia sido aplicado na \u00e1rea nos \u00faltimos 13 anos.<\/p>\n\n\n\n<p>As promo\u00e7\u00f5es ocorreram pelas modalidades de antiguidade e merecimento, que levam em conta a classifica\u00e7\u00e3o dos servidores em crit\u00e9rios internos relacionados \u00e0 atividade deles em cada institui\u00e7\u00e3o.<\/p>\n\n\n\n<p>Entre os militares, foram promovidos 169 novos primeiros-sargentos, dois majores, 25 tenentes-coron\u00e9is e 11 coron\u00e9is na BM, al\u00e9m de 246 primeiros sargentos no CBMRS. Eles se somam aos 706 brigadianos e 119 bombeiros al\u00e7ados ao cargo de segundo-sargento e aos 73 policiais militares e 25 bombeiros que chegaram ao cargo de tenente, o topo da carreira de n\u00edvel m\u00e9dio das corpora\u00e7\u00f5es.<\/p>\n\n\n\n<p>Na PC, foram promovidos 30 delegados e 507 inspetores e escriv\u00e3es no ato publicado nesta quarta-feira. Na per\u00edcia ga\u00facha, foram promovidos 249 servidores do IGP.<\/p>\n\n\n\n<p>O avan\u00e7o nas carreiras tamb\u00e9m promove a valoriza\u00e7\u00e3o e a qualifica\u00e7\u00e3o do trabalho dos operadores de seguran\u00e7a, uma das premissas do Programa Transversal e Estruturante de Seguran\u00e7a P\u00fablica \u2013 RS Seguro.<\/p>\n\n\n\n<h2 class=\"wp-block-heading\">Promo\u00e7\u00f5es realizadas pelo governo em dezembro<\/h2>\n\n\n\n<p><strong>BRIGADA MILITAR<\/strong><br><br>\u2022 Segundo-sargento: 706 (Curso T\u00e9cnico em Seguran\u00e7a P\u00fablica)<br>\u2022 Tenente: 73 (Curso B\u00e1sico de Administra\u00e7\u00e3o)<br>\u2022 Primeiro-sargento: 169<br>\u2022 Major: 2<br>\u2022 Tenente-coronel: 25<br>\u2022 Coronel: 11<br><strong><br>Total: 983<\/strong><br><\/p>\n\n\n\n<p><strong>CORPO DE BOMBEIROS MILITAR<\/strong><br><br>\u2022 Segundo-sargento: 119\u00a0(Curso T\u00e9cnico em Seguran\u00e7a P\u00fablica)<br>\u2022 Tenente: 25\u00a0(Curso B\u00e1sico de Administra\u00e7\u00e3o)<br>\u2022 Primeiro-sargento: 246<br><br><strong>Total: 390<\/strong><\/p>\n\n\n\n<p><br><strong>POL\u00cdCIA CIVIL<\/strong><br><br>\u2022 Delegados: 30<br>\u2022 Agentes: 507<br><br><strong>Total: 537<\/strong><\/p>\n\n\n\n<p><strong>IGP<\/strong><br><br>\u2022 249 servidores<\/p>\n\n\n\n<p><strong>TOTAL GERAL: 2.159<\/strong><\/p>\n","protected":false},"excerpt":{"rendered":"<p>Em ato publicado em edi\u00e7\u00e3o extraordin\u00e1ria do Di\u00e1rio Oficial do Estado nesta quarta-feira (29\/12), o governo promoveu 1.239 servidores da Brigada Militar (BM), da Pol\u00edcia Civil (PC), do Corpo de Bombeiros Militar (CBMRS) e do Instituto-Geral de Per\u00edcias (IGP). Os operadores de seguran\u00e7a promovidos nesta publica\u00e7\u00e3o, somados aos 923 brigadianos e bombeiros que conclu\u00edram os [&hellip;]<\/p>\n","protected":false},"author":8,"featured_media":95888,"comment_status":"open","ping_status":"open","sticky":false,"template":"","format":"standard","meta":{"pmpro_default_level":"","_jetpack_memberships_contains_paid_content":false,"footnotes":""},"categories":[2,3],"tags":[176,878,7836,7813,269,2909],"class_list":{"0":"post-95887","1":"post","2":"type-post","3":"status-publish","4":"format-standard","5":"has-post-thumbnail","7":"category-featured","8":"category-geral","9":"tag-estado","10":"tag-governo-do-estado","11":"tag-oficializa","12":"tag-promocao","13":"tag-seguranca-publica","14":"tag-servidores","15":"pmpro-has-access"},"yoast_head":"<!-- This site is optimized with the Yoast SEO plugin v27.5 - https:\/\/yoast.com\/product\/yoast-seo-wordpress\/ -->\n<title>Estado oficializa promo\u00e7\u00e3o de mais 1.239 operadores da seguran\u00e7a p\u00fablica - Folha Popular<\/title>\n<meta name=\"robots\" content=\"index, follow, max-snippet:-1, max-image-preview:large, max-video-preview:-1\" \/>\n<link rel=\"canonical\" href=\"https:\/\/folhapopular.info\/index.php\/2022\/01\/03\/estado-oficializa-promocao-de-mais-1-239-operadores-da-seguranca-publica\/\" \/>\n<meta property=\"og:locale\" content=\"pt_BR\" \/>\n<meta property=\"og:type\" content=\"article\" \/>\n<meta property=\"og:title\" content=\"Estado oficializa promo\u00e7\u00e3o de mais 1.239 operadores da seguran\u00e7a p\u00fablica - Folha Popular\" \/>\n<meta property=\"og:description\" content=\"Em ato publicado em edi\u00e7\u00e3o extraordin\u00e1ria do Di\u00e1rio Oficial do Estado nesta quarta-feira (29\/12), o governo promoveu 1.239 servidores da Brigada Militar (BM), da Pol\u00edcia Civil (PC), do Corpo de Bombeiros Militar (CBMRS) e do Instituto-Geral de Per\u00edcias (IGP). Os operadores de seguran\u00e7a promovidos nesta publica\u00e7\u00e3o, somados aos 923 brigadianos e bombeiros que conclu\u00edram os [&hellip;]\" \/>\n<meta property=\"og:url\" content=\"https:\/\/folhapopular.info\/index.php\/2022\/01\/03\/estado-oficializa-promocao-de-mais-1-239-operadores-da-seguranca-publica\/\" \/>\n<meta property=\"og:site_name\" content=\"Folha Popular\" \/>\n<meta property=\"article:published_time\" content=\"2022-01-03T16:24:08+00:00\" \/>\n<meta property=\"article:modified_time\" content=\"2022-01-03T16:24:13+00:00\" \/>\n<meta property=\"og:image\" content=\"http:\/\/folhapopular.info\/wp-content\/uploads\/2022\/01\/unnamed.jpg\" \/>\n\t<meta property=\"og:image:width\" content=\"800\" \/>\n\t<meta property=\"og:image:height\" content=\"450\" \/>\n\t<meta property=\"og:image:type\" content=\"image\/jpeg\" \/>\n<meta name=\"author\" content=\"Reda\u00e7\u00e3o Folha Popular\" \/>\n<meta name=\"twitter:card\" content=\"summary_large_image\" \/>\n<meta name=\"twitter:label1\" content=\"Escrito por\" \/>\n\t<meta name=\"twitter:data1\" content=\"Reda\u00e7\u00e3o Folha Popular\" \/>\n\t<meta name=\"twitter:label2\" content=\"Est. tempo de leitura\" \/>\n\t<meta name=\"twitter:data2\" content=\"3 minutos\" \/>\n<script type=\"application\/ld+json\" class=\"yoast-schema-graph\">{\"@context\":\"https:\\\/\\\/schema.org\",\"@graph\":[{\"@type\":\"Article\",\"@id\":\"https:\\\/\\\/folhapopular.info\\\/index.php\\\/2022\\\/01\\\/03\\\/estado-oficializa-promocao-de-mais-1-239-operadores-da-seguranca-publica\\\/#article\",\"isPartOf\":{\"@id\":\"https:\\\/\\\/folhapopular.info\\\/index.php\\\/2022\\\/01\\\/03\\\/estado-oficializa-promocao-de-mais-1-239-operadores-da-seguranca-publica\\\/\"},\"author\":{\"name\":\"Reda\u00e7\u00e3o Folha Popular\",\"@id\":\"https:\\\/\\\/folhapopular.info\\\/#\\\/schema\\\/person\\\/2814e8a0df7643585a9ca38bc6eb9d4b\"},\"headline\":\"Estado oficializa promo\u00e7\u00e3o de mais 1.239 operadores da seguran\u00e7a p\u00fablica\",\"datePublished\":\"2022-01-03T16:24:08+00:00\",\"dateModified\":\"2022-01-03T16:24:13+00:00\",\"mainEntityOfPage\":{\"@id\":\"https:\\\/\\\/folhapopular.info\\\/index.php\\\/2022\\\/01\\\/03\\\/estado-oficializa-promocao-de-mais-1-239-operadores-da-seguranca-publica\\\/\"},\"wordCount\":383,\"commentCount\":0,\"image\":{\"@id\":\"https:\\\/\\\/folhapopular.info\\\/index.php\\\/2022\\\/01\\\/03\\\/estado-oficializa-promocao-de-mais-1-239-operadores-da-seguranca-publica\\\/#primaryimage\"},\"thumbnailUrl\":\"https:\\\/\\\/folhapopular.info\\\/wp-content\\\/uploads\\\/2022\\\/01\\\/unnamed.jpg\",\"keywords\":[\"Estado\",\"Governo do Estado\",\"Oficializa\",\"promo\u00e7\u00e3o\",\"Seguran\u00e7a P\u00fablica\",\"Servidores\"],\"articleSection\":[\"Destaques\",\"Geral\"],\"inLanguage\":\"pt-BR\",\"potentialAction\":[{\"@type\":\"CommentAction\",\"name\":\"Comment\",\"target\":[\"https:\\\/\\\/folhapopular.info\\\/index.php\\\/2022\\\/01\\\/03\\\/estado-oficializa-promocao-de-mais-1-239-operadores-da-seguranca-publica\\\/#respond\"]}]},{\"@type\":\"WebPage\",\"@id\":\"https:\\\/\\\/folhapopular.info\\\/index.php\\\/2022\\\/01\\\/03\\\/estado-oficializa-promocao-de-mais-1-239-operadores-da-seguranca-publica\\\/\",\"url\":\"https:\\\/\\\/folhapopular.info\\\/index.php\\\/2022\\\/01\\\/03\\\/estado-oficializa-promocao-de-mais-1-239-operadores-da-seguranca-publica\\\/\",\"name\":\"Estado oficializa promo\u00e7\u00e3o de mais 1.239 operadores da seguran\u00e7a p\u00fablica - Folha Popular\",\"isPartOf\":{\"@id\":\"https:\\\/\\\/folhapopular.info\\\/#website\"},\"primaryImageOfPage\":{\"@id\":\"https:\\\/\\\/folhapopular.info\\\/index.php\\\/2022\\\/01\\\/03\\\/estado-oficializa-promocao-de-mais-1-239-operadores-da-seguranca-publica\\\/#primaryimage\"},\"image\":{\"@id\":\"https:\\\/\\\/folhapopular.info\\\/index.php\\\/2022\\\/01\\\/03\\\/estado-oficializa-promocao-de-mais-1-239-operadores-da-seguranca-publica\\\/#primaryimage\"},\"thumbnailUrl\":\"https:\\\/\\\/folhapopular.info\\\/wp-content\\\/uploads\\\/2022\\\/01\\\/unnamed.jpg\",\"datePublished\":\"2022-01-03T16:24:08+00:00\",\"dateModified\":\"2022-01-03T16:24:13+00:00\",\"author\":{\"@id\":\"https:\\\/\\\/folhapopular.info\\\/#\\\/schema\\\/person\\\/2814e8a0df7643585a9ca38bc6eb9d4b\"},\"breadcrumb\":{\"@id\":\"https:\\\/\\\/folhapopular.info\\\/index.php\\\/2022\\\/01\\\/03\\\/estado-oficializa-promocao-de-mais-1-239-operadores-da-seguranca-publica\\\/#breadcrumb\"},\"inLanguage\":\"pt-BR\",\"potentialAction\":[{\"@type\":\"ReadAction\",\"target\":[\"https:\\\/\\\/folhapopular.info\\\/index.php\\\/2022\\\/01\\\/03\\\/estado-oficializa-promocao-de-mais-1-239-operadores-da-seguranca-publica\\\/\"]}]},{\"@type\":\"ImageObject\",\"inLanguage\":\"pt-BR\",\"@id\":\"https:\\\/\\\/folhapopular.info\\\/index.php\\\/2022\\\/01\\\/03\\\/estado-oficializa-promocao-de-mais-1-239-operadores-da-seguranca-publica\\\/#primaryimage\",\"url\":\"https:\\\/\\\/folhapopular.info\\\/wp-content\\\/uploads\\\/2022\\\/01\\\/unnamed.jpg\",\"contentUrl\":\"https:\\\/\\\/folhapopular.info\\\/wp-content\\\/uploads\\\/2022\\\/01\\\/unnamed.jpg\",\"width\":800,\"height\":450,\"caption\":\"Promo\u00e7\u00f5es foram anunciadas pelo governador Eduardo Leite em reuni\u00e3o na \u00faltima semana \\\/ Cr\u00e9dito: Gustavo Mansur \\\/ Pal\u00e1cio Piratini \\\/ Divulga\u00e7\u00e3o\"},{\"@type\":\"BreadcrumbList\",\"@id\":\"https:\\\/\\\/folhapopular.info\\\/index.php\\\/2022\\\/01\\\/03\\\/estado-oficializa-promocao-de-mais-1-239-operadores-da-seguranca-publica\\\/#breadcrumb\",\"itemListElement\":[{\"@type\":\"ListItem\",\"position\":1,\"name\":\"In\u00edcio\",\"item\":\"https:\\\/\\\/folhapopular.info\\\/\"},{\"@type\":\"ListItem\",\"position\":2,\"name\":\"Estado oficializa promo\u00e7\u00e3o de mais 1.239 operadores da seguran\u00e7a p\u00fablica\"}]},{\"@type\":\"WebSite\",\"@id\":\"https:\\\/\\\/folhapopular.info\\\/#website\",\"url\":\"https:\\\/\\\/folhapopular.info\\\/\",\"name\":\"Folha Popular\",\"description\":\"Onde voc\u00ea tem vez e voz\",\"potentialAction\":[{\"@type\":\"SearchAction\",\"target\":{\"@type\":\"EntryPoint\",\"urlTemplate\":\"https:\\\/\\\/folhapopular.info\\\/?s={search_term_string}\"},\"query-input\":{\"@type\":\"PropertyValueSpecification\",\"valueRequired\":true,\"valueName\":\"search_term_string\"}}],\"inLanguage\":\"pt-BR\"},{\"@type\":\"Person\",\"@id\":\"https:\\\/\\\/folhapopular.info\\\/#\\\/schema\\\/person\\\/2814e8a0df7643585a9ca38bc6eb9d4b\",\"name\":\"Reda\u00e7\u00e3o Folha Popular\",\"image\":{\"@type\":\"ImageObject\",\"inLanguage\":\"pt-BR\",\"@id\":\"https:\\\/\\\/folhapopular.info\\\/wp-content\\\/uploads\\\/2026\\\/04\\\/Folha-1.webp\",\"url\":\"https:\\\/\\\/folhapopular.info\\\/wp-content\\\/uploads\\\/2026\\\/04\\\/Folha-1.webp\",\"contentUrl\":\"https:\\\/\\\/folhapopular.info\\\/wp-content\\\/uploads\\\/2026\\\/04\\\/Folha-1.webp\",\"caption\":\"Reda\u00e7\u00e3o Folha Popular\"},\"url\":\"https:\\\/\\\/folhapopular.info\\\/index.php\\\/author\\\/redacao\\\/\"}]}<\/script>\n<!-- \/ Yoast SEO plugin. -->","yoast_head_json":{"title":"Estado oficializa promo\u00e7\u00e3o de mais 1.239 operadores da seguran\u00e7a p\u00fablica - Folha Popular","robots":{"index":"index","follow":"follow","max-snippet":"max-snippet:-1","max-image-preview":"max-image-preview:large","max-video-preview":"max-video-preview:-1"},"canonical":"https:\/\/folhapopular.info\/index.php\/2022\/01\/03\/estado-oficializa-promocao-de-mais-1-239-operadores-da-seguranca-publica\/","og_locale":"pt_BR","og_type":"article","og_title":"Estado oficializa promo\u00e7\u00e3o de mais 1.239 operadores da seguran\u00e7a p\u00fablica - Folha Popular","og_description":"Em ato publicado em edi\u00e7\u00e3o extraordin\u00e1ria do Di\u00e1rio Oficial do Estado nesta quarta-feira (29\/12), o governo promoveu 1.239 servidores da Brigada Militar (BM), da Pol\u00edcia Civil (PC), do Corpo de Bombeiros Militar (CBMRS) e do Instituto-Geral de Per\u00edcias (IGP). Os operadores de seguran\u00e7a promovidos nesta publica\u00e7\u00e3o, somados aos 923 brigadianos e bombeiros que conclu\u00edram os [&hellip;]","og_url":"https:\/\/folhapopular.info\/index.php\/2022\/01\/03\/estado-oficializa-promocao-de-mais-1-239-operadores-da-seguranca-publica\/","og_site_name":"Folha Popular","article_published_time":"2022-01-03T16:24:08+00:00","article_modified_time":"2022-01-03T16:24:13+00:00","og_image":[{"width":800,"height":450,"url":"http:\/\/folhapopular.info\/wp-content\/uploads\/2022\/01\/unnamed.jpg","type":"image\/jpeg"}],"author":"Reda\u00e7\u00e3o Folha Popular","twitter_card":"summary_large_image","twitter_misc":{"Escrito por":"Reda\u00e7\u00e3o Folha Popular","Est. tempo de leitura":"3 minutos"},"schema":{"@context":"https:\/\/schema.org","@graph":[{"@type":"Article","@id":"https:\/\/folhapopular.info\/index.php\/2022\/01\/03\/estado-oficializa-promocao-de-mais-1-239-operadores-da-seguranca-publica\/#article","isPartOf":{"@id":"https:\/\/folhapopular.info\/index.php\/2022\/01\/03\/estado-oficializa-promocao-de-mais-1-239-operadores-da-seguranca-publica\/"},"author":{"name":"Reda\u00e7\u00e3o Folha Popular","@id":"https:\/\/folhapopular.info\/#\/schema\/person\/2814e8a0df7643585a9ca38bc6eb9d4b"},"headline":"Estado oficializa promo\u00e7\u00e3o de mais 1.239 operadores da seguran\u00e7a p\u00fablica","datePublished":"2022-01-03T16:24:08+00:00","dateModified":"2022-01-03T16:24:13+00:00","mainEntityOfPage":{"@id":"https:\/\/folhapopular.info\/index.php\/2022\/01\/03\/estado-oficializa-promocao-de-mais-1-239-operadores-da-seguranca-publica\/"},"wordCount":383,"commentCount":0,"image":{"@id":"https:\/\/folhapopular.info\/index.php\/2022\/01\/03\/estado-oficializa-promocao-de-mais-1-239-operadores-da-seguranca-publica\/#primaryimage"},"thumbnailUrl":"https:\/\/folhapopular.info\/wp-content\/uploads\/2022\/01\/unnamed.jpg","keywords":["Estado","Governo do Estado","Oficializa","promo\u00e7\u00e3o","Seguran\u00e7a P\u00fablica","Servidores"],"articleSection":["Destaques","Geral"],"inLanguage":"pt-BR","potentialAction":[{"@type":"CommentAction","name":"Comment","target":["https:\/\/folhapopular.info\/index.php\/2022\/01\/03\/estado-oficializa-promocao-de-mais-1-239-operadores-da-seguranca-publica\/#respond"]}]},{"@type":"WebPage","@id":"https:\/\/folhapopular.info\/index.php\/2022\/01\/03\/estado-oficializa-promocao-de-mais-1-239-operadores-da-seguranca-publica\/","url":"https:\/\/folhapopular.info\/index.php\/2022\/01\/03\/estado-oficializa-promocao-de-mais-1-239-operadores-da-seguranca-publica\/","name":"Estado oficializa promo\u00e7\u00e3o de mais 1.239 operadores da seguran\u00e7a p\u00fablica - Folha Popular","isPartOf":{"@id":"https:\/\/folhapopular.info\/#website"},"primaryImageOfPage":{"@id":"https:\/\/folhapopular.info\/index.php\/2022\/01\/03\/estado-oficializa-promocao-de-mais-1-239-operadores-da-seguranca-publica\/#primaryimage"},"image":{"@id":"https:\/\/folhapopular.info\/index.php\/2022\/01\/03\/estado-oficializa-promocao-de-mais-1-239-operadores-da-seguranca-publica\/#primaryimage"},"thumbnailUrl":"https:\/\/folhapopular.info\/wp-content\/uploads\/2022\/01\/unnamed.jpg","datePublished":"2022-01-03T16:24:08+00:00","dateModified":"2022-01-03T16:24:13+00:00","author":{"@id":"https:\/\/folhapopular.info\/#\/schema\/person\/2814e8a0df7643585a9ca38bc6eb9d4b"},"breadcrumb":{"@id":"https:\/\/folhapopular.info\/index.php\/2022\/01\/03\/estado-oficializa-promocao-de-mais-1-239-operadores-da-seguranca-publica\/#breadcrumb"},"inLanguage":"pt-BR","potentialAction":[{"@type":"ReadAction","target":["https:\/\/folhapopular.info\/index.php\/2022\/01\/03\/estado-oficializa-promocao-de-mais-1-239-operadores-da-seguranca-publica\/"]}]},{"@type":"ImageObject","inLanguage":"pt-BR","@id":"https:\/\/folhapopular.info\/index.php\/2022\/01\/03\/estado-oficializa-promocao-de-mais-1-239-operadores-da-seguranca-publica\/#primaryimage","url":"https:\/\/folhapopular.info\/wp-content\/uploads\/2022\/01\/unnamed.jpg","contentUrl":"https:\/\/folhapopular.info\/wp-content\/uploads\/2022\/01\/unnamed.jpg","width":800,"height":450,"caption":"Promo\u00e7\u00f5es foram anunciadas pelo governador Eduardo Leite em reuni\u00e3o na \u00faltima semana \/ Cr\u00e9dito: Gustavo Mansur \/ Pal\u00e1cio Piratini \/ Divulga\u00e7\u00e3o"},{"@type":"BreadcrumbList","@id":"https:\/\/folhapopular.info\/index.php\/2022\/01\/03\/estado-oficializa-promocao-de-mais-1-239-operadores-da-seguranca-publica\/#breadcrumb","itemListElement":[{"@type":"ListItem","position":1,"name":"In\u00edcio","item":"https:\/\/folhapopular.info\/"},{"@type":"ListItem","position":2,"name":"Estado oficializa promo\u00e7\u00e3o de mais 1.239 operadores da seguran\u00e7a p\u00fablica"}]},{"@type":"WebSite","@id":"https:\/\/folhapopular.info\/#website","url":"https:\/\/folhapopular.info\/","name":"Folha Popular","description":"Onde voc\u00ea tem vez e voz","potentialAction":[{"@type":"SearchAction","target":{"@type":"EntryPoint","urlTemplate":"https:\/\/folhapopular.info\/?s={search_term_string}"},"query-input":{"@type":"PropertyValueSpecification","valueRequired":true,"valueName":"search_term_string"}}],"inLanguage":"pt-BR"},{"@type":"Person","@id":"https:\/\/folhapopular.info\/#\/schema\/person\/2814e8a0df7643585a9ca38bc6eb9d4b","name":"Reda\u00e7\u00e3o Folha Popular","image":{"@type":"ImageObject","inLanguage":"pt-BR","@id":"https:\/\/folhapopular.info\/wp-content\/uploads\/2026\/04\/Folha-1.webp","url":"https:\/\/folhapopular.info\/wp-content\/uploads\/2026\/04\/Folha-1.webp","contentUrl":"https:\/\/folhapopular.info\/wp-content\/uploads\/2026\/04\/Folha-1.webp","caption":"Reda\u00e7\u00e3o Folha Popular"},"url":"https:\/\/folhapopular.info\/index.php\/author\/redacao\/"}]}},"jetpack_featured_media_url":"https:\/\/folhapopular.info\/wp-content\/uploads\/2022\/01\/unnamed.jpg","jetpack_sharing_enabled":true,"amp_enabled":true,"_links":{"self":[{"href":"https:\/\/folhapopular.info\/index.php\/wp-json\/wp\/v2\/posts\/95887","targetHints":{"allow":["GET"]}}],"collection":[{"href":"https:\/\/folhapopular.info\/index.php\/wp-json\/wp\/v2\/posts"}],"about":[{"href":"https:\/\/folhapopular.info\/index.php\/wp-json\/wp\/v2\/types\/post"}],"author":[{"embeddable":true,"href":"https:\/\/folhapopular.info\/index.php\/wp-json\/wp\/v2\/users\/8"}],"replies":[{"embeddable":true,"href":"https:\/\/folhapopular.info\/index.php\/wp-json\/wp\/v2\/comments?post=95887"}],"version-history":[{"count":0,"href":"https:\/\/folhapopular.info\/index.php\/wp-json\/wp\/v2\/posts\/95887\/revisions"}],"wp:featuredmedia":[{"embeddable":true,"href":"https:\/\/folhapopular.info\/index.php\/wp-json\/wp\/v2\/media\/95888"}],"wp:attachment":[{"href":"https:\/\/folhapopular.info\/index.php\/wp-json\/wp\/v2\/media?parent=95887"}],"wp:term":[{"taxonomy":"category","embeddable":true,"href":"https:\/\/folhapopular.info\/index.php\/wp-json\/wp\/v2\/categories?post=95887"},{"taxonomy":"post_tag","embeddable":true,"href":"https:\/\/folhapopular.info\/index.php\/wp-json\/wp\/v2\/tags?post=95887"}],"curies":[{"name":"wp","href":"https:\/\/api.w.org\/{rel}","templated":true}]}}