{"id":95949,"date":"2022-01-04T09:30:00","date_gmt":"2022-01-04T12:30:00","guid":{"rendered":"https:\/\/folhapopular.info\/?p=95949"},"modified":"2022-01-04T09:13:50","modified_gmt":"2022-01-04T12:13:50","slug":"categorias-de-competicao-da-juventus-retornam-aos-treinamentos","status":"publish","type":"post","link":"https:\/\/folhapopular.info\/index.php\/2022\/01\/04\/categorias-de-competicao-da-juventus-retornam-aos-treinamentos\/","title":{"rendered":"Categorias de competi\u00e7\u00e3o da Juventus retornam aos treinamentos"},"content":{"rendered":"\n<p>Na manh\u00e3 desta segunda-feira (3\/1), as categorias 2011 e 2012 realizaram as atividades no campo do Centro Esportivo Municipal de Teut\u00f4nia. As equipes ir\u00e3o disputar a Copa Salvador do Sul entre os dias 9 a 13 de janeiro. No per\u00edodo da tarde, foi a vez da categoria 2007 treinar no CEM para se preparar para a Copa Taquari, que ocorre entre os dias 14 a 19 de janeiro.<\/p>\n\n\n\n<p>No Centro de Treinamento da Juventus \/ ivo10 Brazil, a equipe 2010 tamb\u00e9m iniciou as atividades em prepara\u00e7\u00e3o para a competi\u00e7\u00e3o em Salvador do Sul.<\/p>\n\n\n\n<p>As equipes 2008 e 2009 treinam nesta ter\u00e7a-feira (4\/1), no Centro Esportivo Municipal. A categoria 2008 no turno da manh\u00e3, \u00e0s 10h e a categoria 2009, no turno da tarde, a partir das 15h.<\/p>\n\n\n\n<figure class=\"wp-block-gallery columns-3 is-cropped wp-block-gallery-1 is-layout-flex wp-block-gallery-is-layout-flex\"><ul class=\"blocks-gallery-grid\"><li class=\"blocks-gallery-item\"><figure><img loading=\"lazy\" decoding=\"async\" width=\"800\" height=\"600\" src=\"https:\/\/folhapopular.info\/wp-content\/uploads\/2022\/01\/WhatsApp-Image-2022-01-03-at-16.01.27-1-1024x768-1-e1641297107582.jpeg\" alt=\"\" data-id=\"95951\" data-full-url=\"https:\/\/folhapopular.info\/wp-content\/uploads\/2022\/01\/WhatsApp-Image-2022-01-03-at-16.01.27-1-1024x768-1-e1641297107582.jpeg\" data-link=\"https:\/\/folhapopular.info\/?attachment_id=95951\" class=\"wp-image-95951\"\/><figcaption class=\"blocks-gallery-item__caption\">Cr\u00e9dito da foto: Divulga\u00e7\u00e3o<\/figcaption><\/figure><\/li><li class=\"blocks-gallery-item\"><figure><img loading=\"lazy\" decoding=\"async\" width=\"800\" height=\"600\" src=\"https:\/\/folhapopular.info\/wp-content\/uploads\/2022\/01\/WhatsApp-Image-2022-01-03-at-16.01.27-1024x768-1-e1641297131251.jpeg\" alt=\"\" data-id=\"95952\" data-full-url=\"https:\/\/folhapopular.info\/wp-content\/uploads\/2022\/01\/WhatsApp-Image-2022-01-03-at-16.01.27-1024x768-1-e1641297131251.jpeg\" data-link=\"https:\/\/folhapopular.info\/?attachment_id=95952\" class=\"wp-image-95952\"\/><figcaption class=\"blocks-gallery-item__caption\">Cr\u00e9dito da foto: Divulga\u00e7\u00e3o<\/figcaption><\/figure><\/li><li class=\"blocks-gallery-item\"><figure><img loading=\"lazy\" decoding=\"async\" width=\"800\" height=\"600\" src=\"https:\/\/folhapopular.info\/wp-content\/uploads\/2022\/01\/WhatsApp-Image-2022-01-03-at-16.01.26-1024x768-1-e1641297150608.jpeg\" alt=\"\" data-id=\"95953\" data-full-url=\"https:\/\/folhapopular.info\/wp-content\/uploads\/2022\/01\/WhatsApp-Image-2022-01-03-at-16.01.26-1024x768-1-e1641297150608.jpeg\" data-link=\"https:\/\/folhapopular.info\/?attachment_id=95953\" class=\"wp-image-95953\"\/><figcaption class=\"blocks-gallery-item__caption\">Cr\u00e9dito da foto: Divulga\u00e7\u00e3o<\/figcaption><\/figure><\/li><li class=\"blocks-gallery-item\"><figure><img decoding=\"async\" src=\"https:\/\/folhapopular.info\/wp-content\/uploads\/2022\/01\/WhatsApp-Image-2022-01-03-at-16.01.25-1024x768-1.jpeg\" alt=\"\" data-id=\"95954\" data-full-url=\"https:\/\/folhapopular.info\/wp-content\/uploads\/2022\/01\/WhatsApp-Image-2022-01-03-at-16.01.25-1024x768-1-e1641297176807.jpeg\" data-link=\"https:\/\/folhapopular.info\/?attachment_id=95954\" class=\"wp-image-95954\"\/><figcaption class=\"blocks-gallery-item__caption\">Cr\u00e9dito da foto: Divulga\u00e7\u00e3o<\/figcaption><\/figure><\/li><\/ul><\/figure>\n\n\n\n<p><\/p>\n","protected":false},"excerpt":{"rendered":"<p>Na manh\u00e3 desta segunda-feira (3\/1), as categorias 2011 e 2012 realizaram as atividades no campo do Centro Esportivo Municipal de Teut\u00f4nia. As equipes ir\u00e3o disputar a Copa Salvador do Sul entre os dias 9 a 13 de janeiro. No per\u00edodo da tarde, foi a vez da categoria 2007 treinar no CEM para se preparar para [&hellip;]<\/p>\n","protected":false},"author":8,"featured_media":95950,"comment_status":"open","ping_status":"open","sticky":false,"template":"","format":"standard","meta":{"pmpro_default_level":"","_jetpack_memberships_contains_paid_content":false,"footnotes":""},"categories":[2,5,3],"tags":[5075,402,399,26,334],"class_list":{"0":"post-95949","1":"post","2":"type-post","3":"status-publish","4":"format-standard","5":"has-post-thumbnail","7":"category-featured","8":"category-esportes","9":"category-geral","10":"tag-categorias","11":"tag-competicao","12":"tag-juventus","13":"tag-teutonia","14":"tag-treinamento","15":"pmpro-has-access"},"yoast_head":"<!-- This site is optimized with the Yoast SEO plugin v27.5 - https:\/\/yoast.com\/product\/yoast-seo-wordpress\/ -->\n<title>Categorias de competi\u00e7\u00e3o da Juventus retornam aos treinamentos - Folha Popular<\/title>\n<meta name=\"robots\" content=\"index, follow, max-snippet:-1, max-image-preview:large, max-video-preview:-1\" \/>\n<link rel=\"canonical\" href=\"https:\/\/folhapopular.info\/index.php\/2022\/01\/04\/categorias-de-competicao-da-juventus-retornam-aos-treinamentos\/\" \/>\n<meta property=\"og:locale\" content=\"pt_BR\" \/>\n<meta property=\"og:type\" content=\"article\" \/>\n<meta property=\"og:title\" content=\"Categorias de competi\u00e7\u00e3o da Juventus retornam aos treinamentos - Folha Popular\" \/>\n<meta property=\"og:description\" content=\"Na manh\u00e3 desta segunda-feira (3\/1), as categorias 2011 e 2012 realizaram as atividades no campo do Centro Esportivo Municipal de Teut\u00f4nia. As equipes ir\u00e3o disputar a Copa Salvador do Sul entre os dias 9 a 13 de janeiro. No per\u00edodo da tarde, foi a vez da categoria 2007 treinar no CEM para se preparar para [&hellip;]\" \/>\n<meta property=\"og:url\" content=\"https:\/\/folhapopular.info\/index.php\/2022\/01\/04\/categorias-de-competicao-da-juventus-retornam-aos-treinamentos\/\" \/>\n<meta property=\"og:site_name\" content=\"Folha Popular\" \/>\n<meta property=\"article:published_time\" content=\"2022-01-04T12:30:00+00:00\" \/>\n<meta property=\"og:image\" content=\"https:\/\/folhapopular.info\/wp-content\/uploads\/2022\/01\/2011-e-2012-pihdy8mdho6m9sh919tev6sr35nyf8p52h7c529xyo-e1641297034390.jpeg\" \/>\n\t<meta property=\"og:image:width\" content=\"800\" \/>\n\t<meta property=\"og:image:height\" content=\"450\" \/>\n\t<meta property=\"og:image:type\" content=\"image\/jpeg\" \/>\n<meta name=\"author\" content=\"Reda\u00e7\u00e3o Folha Popular\" \/>\n<meta name=\"twitter:card\" content=\"summary_large_image\" \/>\n<meta name=\"twitter:label1\" content=\"Escrito por\" \/>\n\t<meta name=\"twitter:data1\" content=\"Reda\u00e7\u00e3o Folha Popular\" \/>\n\t<meta name=\"twitter:label2\" content=\"Est. tempo de leitura\" \/>\n\t<meta name=\"twitter:data2\" content=\"2 minutos\" \/>\n<script type=\"application\/ld+json\" class=\"yoast-schema-graph\">{\"@context\":\"https:\\\/\\\/schema.org\",\"@graph\":[{\"@type\":\"Article\",\"@id\":\"https:\\\/\\\/folhapopular.info\\\/index.php\\\/2022\\\/01\\\/04\\\/categorias-de-competicao-da-juventus-retornam-aos-treinamentos\\\/#article\",\"isPartOf\":{\"@id\":\"https:\\\/\\\/folhapopular.info\\\/index.php\\\/2022\\\/01\\\/04\\\/categorias-de-competicao-da-juventus-retornam-aos-treinamentos\\\/\"},\"author\":{\"name\":\"Reda\u00e7\u00e3o Folha Popular\",\"@id\":\"https:\\\/\\\/folhapopular.info\\\/#\\\/schema\\\/person\\\/2814e8a0df7643585a9ca38bc6eb9d4b\"},\"headline\":\"Categorias de competi\u00e7\u00e3o da Juventus retornam aos treinamentos\",\"datePublished\":\"2022-01-04T12:30:00+00:00\",\"mainEntityOfPage\":{\"@id\":\"https:\\\/\\\/folhapopular.info\\\/index.php\\\/2022\\\/01\\\/04\\\/categorias-de-competicao-da-juventus-retornam-aos-treinamentos\\\/\"},\"wordCount\":152,\"commentCount\":0,\"image\":{\"@id\":\"https:\\\/\\\/folhapopular.info\\\/index.php\\\/2022\\\/01\\\/04\\\/categorias-de-competicao-da-juventus-retornam-aos-treinamentos\\\/#primaryimage\"},\"thumbnailUrl\":\"https:\\\/\\\/folhapopular.info\\\/wp-content\\\/uploads\\\/2022\\\/01\\\/2011-e-2012-pihdy8mdho6m9sh919tev6sr35nyf8p52h7c529xyo-e1641297034390.jpeg\",\"keywords\":[\"categorias\",\"Competi\u00e7\u00e3o\",\"Juventus\",\"Teut\u00f4nia\",\"Treinamento\"],\"articleSection\":[\"Destaques\",\"Esportes\",\"Geral\"],\"inLanguage\":\"pt-BR\",\"potentialAction\":[{\"@type\":\"CommentAction\",\"name\":\"Comment\",\"target\":[\"https:\\\/\\\/folhapopular.info\\\/index.php\\\/2022\\\/01\\\/04\\\/categorias-de-competicao-da-juventus-retornam-aos-treinamentos\\\/#respond\"]}]},{\"@type\":\"WebPage\",\"@id\":\"https:\\\/\\\/folhapopular.info\\\/index.php\\\/2022\\\/01\\\/04\\\/categorias-de-competicao-da-juventus-retornam-aos-treinamentos\\\/\",\"url\":\"https:\\\/\\\/folhapopular.info\\\/index.php\\\/2022\\\/01\\\/04\\\/categorias-de-competicao-da-juventus-retornam-aos-treinamentos\\\/\",\"name\":\"Categorias de competi\u00e7\u00e3o da Juventus retornam aos treinamentos - Folha Popular\",\"isPartOf\":{\"@id\":\"https:\\\/\\\/folhapopular.info\\\/#website\"},\"primaryImageOfPage\":{\"@id\":\"https:\\\/\\\/folhapopular.info\\\/index.php\\\/2022\\\/01\\\/04\\\/categorias-de-competicao-da-juventus-retornam-aos-treinamentos\\\/#primaryimage\"},\"image\":{\"@id\":\"https:\\\/\\\/folhapopular.info\\\/index.php\\\/2022\\\/01\\\/04\\\/categorias-de-competicao-da-juventus-retornam-aos-treinamentos\\\/#primaryimage\"},\"thumbnailUrl\":\"https:\\\/\\\/folhapopular.info\\\/wp-content\\\/uploads\\\/2022\\\/01\\\/2011-e-2012-pihdy8mdho6m9sh919tev6sr35nyf8p52h7c529xyo-e1641297034390.jpeg\",\"datePublished\":\"2022-01-04T12:30:00+00:00\",\"author\":{\"@id\":\"https:\\\/\\\/folhapopular.info\\\/#\\\/schema\\\/person\\\/2814e8a0df7643585a9ca38bc6eb9d4b\"},\"breadcrumb\":{\"@id\":\"https:\\\/\\\/folhapopular.info\\\/index.php\\\/2022\\\/01\\\/04\\\/categorias-de-competicao-da-juventus-retornam-aos-treinamentos\\\/#breadcrumb\"},\"inLanguage\":\"pt-BR\",\"potentialAction\":[{\"@type\":\"ReadAction\",\"target\":[\"https:\\\/\\\/folhapopular.info\\\/index.php\\\/2022\\\/01\\\/04\\\/categorias-de-competicao-da-juventus-retornam-aos-treinamentos\\\/\"]}]},{\"@type\":\"ImageObject\",\"inLanguage\":\"pt-BR\",\"@id\":\"https:\\\/\\\/folhapopular.info\\\/index.php\\\/2022\\\/01\\\/04\\\/categorias-de-competicao-da-juventus-retornam-aos-treinamentos\\\/#primaryimage\",\"url\":\"https:\\\/\\\/folhapopular.info\\\/wp-content\\\/uploads\\\/2022\\\/01\\\/2011-e-2012-pihdy8mdho6m9sh919tev6sr35nyf8p52h7c529xyo-e1641297034390.jpeg\",\"contentUrl\":\"https:\\\/\\\/folhapopular.info\\\/wp-content\\\/uploads\\\/2022\\\/01\\\/2011-e-2012-pihdy8mdho6m9sh919tev6sr35nyf8p52h7c529xyo-e1641297034390.jpeg\",\"width\":800,\"height\":450,\"caption\":\"Cr\u00e9dito da foto: Divulga\u00e7\u00e3o\"},{\"@type\":\"BreadcrumbList\",\"@id\":\"https:\\\/\\\/folhapopular.info\\\/index.php\\\/2022\\\/01\\\/04\\\/categorias-de-competicao-da-juventus-retornam-aos-treinamentos\\\/#breadcrumb\",\"itemListElement\":[{\"@type\":\"ListItem\",\"position\":1,\"name\":\"In\u00edcio\",\"item\":\"https:\\\/\\\/folhapopular.info\\\/\"},{\"@type\":\"ListItem\",\"position\":2,\"name\":\"Categorias de competi\u00e7\u00e3o da Juventus retornam aos treinamentos\"}]},{\"@type\":\"WebSite\",\"@id\":\"https:\\\/\\\/folhapopular.info\\\/#website\",\"url\":\"https:\\\/\\\/folhapopular.info\\\/\",\"name\":\"Folha Popular\",\"description\":\"Onde voc\u00ea tem vez e voz\",\"potentialAction\":[{\"@type\":\"SearchAction\",\"target\":{\"@type\":\"EntryPoint\",\"urlTemplate\":\"https:\\\/\\\/folhapopular.info\\\/?s={search_term_string}\"},\"query-input\":{\"@type\":\"PropertyValueSpecification\",\"valueRequired\":true,\"valueName\":\"search_term_string\"}}],\"inLanguage\":\"pt-BR\"},{\"@type\":\"Person\",\"@id\":\"https:\\\/\\\/folhapopular.info\\\/#\\\/schema\\\/person\\\/2814e8a0df7643585a9ca38bc6eb9d4b\",\"name\":\"Reda\u00e7\u00e3o Folha Popular\",\"image\":{\"@type\":\"ImageObject\",\"inLanguage\":\"pt-BR\",\"@id\":\"https:\\\/\\\/folhapopular.info\\\/wp-content\\\/uploads\\\/2026\\\/04\\\/Folha-1.webp\",\"url\":\"https:\\\/\\\/folhapopular.info\\\/wp-content\\\/uploads\\\/2026\\\/04\\\/Folha-1.webp\",\"contentUrl\":\"https:\\\/\\\/folhapopular.info\\\/wp-content\\\/uploads\\\/2026\\\/04\\\/Folha-1.webp\",\"caption\":\"Reda\u00e7\u00e3o Folha Popular\"},\"url\":\"https:\\\/\\\/folhapopular.info\\\/index.php\\\/author\\\/redacao\\\/\"}]}<\/script>\n<!-- \/ Yoast SEO plugin. -->","yoast_head_json":{"title":"Categorias de competi\u00e7\u00e3o da Juventus retornam aos treinamentos - Folha Popular","robots":{"index":"index","follow":"follow","max-snippet":"max-snippet:-1","max-image-preview":"max-image-preview:large","max-video-preview":"max-video-preview:-1"},"canonical":"https:\/\/folhapopular.info\/index.php\/2022\/01\/04\/categorias-de-competicao-da-juventus-retornam-aos-treinamentos\/","og_locale":"pt_BR","og_type":"article","og_title":"Categorias de competi\u00e7\u00e3o da Juventus retornam aos treinamentos - Folha Popular","og_description":"Na manh\u00e3 desta segunda-feira (3\/1), as categorias 2011 e 2012 realizaram as atividades no campo do Centro Esportivo Municipal de Teut\u00f4nia. As equipes ir\u00e3o disputar a Copa Salvador do Sul entre os dias 9 a 13 de janeiro. No per\u00edodo da tarde, foi a vez da categoria 2007 treinar no CEM para se preparar para [&hellip;]","og_url":"https:\/\/folhapopular.info\/index.php\/2022\/01\/04\/categorias-de-competicao-da-juventus-retornam-aos-treinamentos\/","og_site_name":"Folha Popular","article_published_time":"2022-01-04T12:30:00+00:00","og_image":[{"width":800,"height":450,"url":"https:\/\/folhapopular.info\/wp-content\/uploads\/2022\/01\/2011-e-2012-pihdy8mdho6m9sh919tev6sr35nyf8p52h7c529xyo-e1641297034390.jpeg","type":"image\/jpeg"}],"author":"Reda\u00e7\u00e3o Folha Popular","twitter_card":"summary_large_image","twitter_misc":{"Escrito por":"Reda\u00e7\u00e3o Folha Popular","Est. tempo de leitura":"2 minutos"},"schema":{"@context":"https:\/\/schema.org","@graph":[{"@type":"Article","@id":"https:\/\/folhapopular.info\/index.php\/2022\/01\/04\/categorias-de-competicao-da-juventus-retornam-aos-treinamentos\/#article","isPartOf":{"@id":"https:\/\/folhapopular.info\/index.php\/2022\/01\/04\/categorias-de-competicao-da-juventus-retornam-aos-treinamentos\/"},"author":{"name":"Reda\u00e7\u00e3o Folha Popular","@id":"https:\/\/folhapopular.info\/#\/schema\/person\/2814e8a0df7643585a9ca38bc6eb9d4b"},"headline":"Categorias de competi\u00e7\u00e3o da Juventus retornam aos treinamentos","datePublished":"2022-01-04T12:30:00+00:00","mainEntityOfPage":{"@id":"https:\/\/folhapopular.info\/index.php\/2022\/01\/04\/categorias-de-competicao-da-juventus-retornam-aos-treinamentos\/"},"wordCount":152,"commentCount":0,"image":{"@id":"https:\/\/folhapopular.info\/index.php\/2022\/01\/04\/categorias-de-competicao-da-juventus-retornam-aos-treinamentos\/#primaryimage"},"thumbnailUrl":"https:\/\/folhapopular.info\/wp-content\/uploads\/2022\/01\/2011-e-2012-pihdy8mdho6m9sh919tev6sr35nyf8p52h7c529xyo-e1641297034390.jpeg","keywords":["categorias","Competi\u00e7\u00e3o","Juventus","Teut\u00f4nia","Treinamento"],"articleSection":["Destaques","Esportes","Geral"],"inLanguage":"pt-BR","potentialAction":[{"@type":"CommentAction","name":"Comment","target":["https:\/\/folhapopular.info\/index.php\/2022\/01\/04\/categorias-de-competicao-da-juventus-retornam-aos-treinamentos\/#respond"]}]},{"@type":"WebPage","@id":"https:\/\/folhapopular.info\/index.php\/2022\/01\/04\/categorias-de-competicao-da-juventus-retornam-aos-treinamentos\/","url":"https:\/\/folhapopular.info\/index.php\/2022\/01\/04\/categorias-de-competicao-da-juventus-retornam-aos-treinamentos\/","name":"Categorias de competi\u00e7\u00e3o da Juventus retornam aos treinamentos - Folha Popular","isPartOf":{"@id":"https:\/\/folhapopular.info\/#website"},"primaryImageOfPage":{"@id":"https:\/\/folhapopular.info\/index.php\/2022\/01\/04\/categorias-de-competicao-da-juventus-retornam-aos-treinamentos\/#primaryimage"},"image":{"@id":"https:\/\/folhapopular.info\/index.php\/2022\/01\/04\/categorias-de-competicao-da-juventus-retornam-aos-treinamentos\/#primaryimage"},"thumbnailUrl":"https:\/\/folhapopular.info\/wp-content\/uploads\/2022\/01\/2011-e-2012-pihdy8mdho6m9sh919tev6sr35nyf8p52h7c529xyo-e1641297034390.jpeg","datePublished":"2022-01-04T12:30:00+00:00","author":{"@id":"https:\/\/folhapopular.info\/#\/schema\/person\/2814e8a0df7643585a9ca38bc6eb9d4b"},"breadcrumb":{"@id":"https:\/\/folhapopular.info\/index.php\/2022\/01\/04\/categorias-de-competicao-da-juventus-retornam-aos-treinamentos\/#breadcrumb"},"inLanguage":"pt-BR","potentialAction":[{"@type":"ReadAction","target":["https:\/\/folhapopular.info\/index.php\/2022\/01\/04\/categorias-de-competicao-da-juventus-retornam-aos-treinamentos\/"]}]},{"@type":"ImageObject","inLanguage":"pt-BR","@id":"https:\/\/folhapopular.info\/index.php\/2022\/01\/04\/categorias-de-competicao-da-juventus-retornam-aos-treinamentos\/#primaryimage","url":"https:\/\/folhapopular.info\/wp-content\/uploads\/2022\/01\/2011-e-2012-pihdy8mdho6m9sh919tev6sr35nyf8p52h7c529xyo-e1641297034390.jpeg","contentUrl":"https:\/\/folhapopular.info\/wp-content\/uploads\/2022\/01\/2011-e-2012-pihdy8mdho6m9sh919tev6sr35nyf8p52h7c529xyo-e1641297034390.jpeg","width":800,"height":450,"caption":"Cr\u00e9dito da foto: Divulga\u00e7\u00e3o"},{"@type":"BreadcrumbList","@id":"https:\/\/folhapopular.info\/index.php\/2022\/01\/04\/categorias-de-competicao-da-juventus-retornam-aos-treinamentos\/#breadcrumb","itemListElement":[{"@type":"ListItem","position":1,"name":"In\u00edcio","item":"https:\/\/folhapopular.info\/"},{"@type":"ListItem","position":2,"name":"Categorias de competi\u00e7\u00e3o da Juventus retornam aos treinamentos"}]},{"@type":"WebSite","@id":"https:\/\/folhapopular.info\/#website","url":"https:\/\/folhapopular.info\/","name":"Folha Popular","description":"Onde voc\u00ea tem vez e voz","potentialAction":[{"@type":"SearchAction","target":{"@type":"EntryPoint","urlTemplate":"https:\/\/folhapopular.info\/?s={search_term_string}"},"query-input":{"@type":"PropertyValueSpecification","valueRequired":true,"valueName":"search_term_string"}}],"inLanguage":"pt-BR"},{"@type":"Person","@id":"https:\/\/folhapopular.info\/#\/schema\/person\/2814e8a0df7643585a9ca38bc6eb9d4b","name":"Reda\u00e7\u00e3o Folha Popular","image":{"@type":"ImageObject","inLanguage":"pt-BR","@id":"https:\/\/folhapopular.info\/wp-content\/uploads\/2026\/04\/Folha-1.webp","url":"https:\/\/folhapopular.info\/wp-content\/uploads\/2026\/04\/Folha-1.webp","contentUrl":"https:\/\/folhapopular.info\/wp-content\/uploads\/2026\/04\/Folha-1.webp","caption":"Reda\u00e7\u00e3o Folha Popular"},"url":"https:\/\/folhapopular.info\/index.php\/author\/redacao\/"}]}},"jetpack_featured_media_url":"https:\/\/folhapopular.info\/wp-content\/uploads\/2022\/01\/2011-e-2012-pihdy8mdho6m9sh919tev6sr35nyf8p52h7c529xyo-e1641297034390.jpeg","jetpack_sharing_enabled":true,"amp_enabled":true,"_links":{"self":[{"href":"https:\/\/folhapopular.info\/index.php\/wp-json\/wp\/v2\/posts\/95949","targetHints":{"allow":["GET"]}}],"collection":[{"href":"https:\/\/folhapopular.info\/index.php\/wp-json\/wp\/v2\/posts"}],"about":[{"href":"https:\/\/folhapopular.info\/index.php\/wp-json\/wp\/v2\/types\/post"}],"author":[{"embeddable":true,"href":"https:\/\/folhapopular.info\/index.php\/wp-json\/wp\/v2\/users\/8"}],"replies":[{"embeddable":true,"href":"https:\/\/folhapopular.info\/index.php\/wp-json\/wp\/v2\/comments?post=95949"}],"version-history":[{"count":0,"href":"https:\/\/folhapopular.info\/index.php\/wp-json\/wp\/v2\/posts\/95949\/revisions"}],"wp:featuredmedia":[{"embeddable":true,"href":"https:\/\/folhapopular.info\/index.php\/wp-json\/wp\/v2\/media\/95950"}],"wp:attachment":[{"href":"https:\/\/folhapopular.info\/index.php\/wp-json\/wp\/v2\/media?parent=95949"}],"wp:term":[{"taxonomy":"category","embeddable":true,"href":"https:\/\/folhapopular.info\/index.php\/wp-json\/wp\/v2\/categories?post=95949"},{"taxonomy":"post_tag","embeddable":true,"href":"https:\/\/folhapopular.info\/index.php\/wp-json\/wp\/v2\/tags?post=95949"}],"curies":[{"name":"wp","href":"https:\/\/api.w.org\/{rel}","templated":true}]}}