{"id":96105,"date":"2022-01-06T07:47:38","date_gmt":"2022-01-06T10:47:38","guid":{"rendered":"https:\/\/folhapopular.info\/?p=96105"},"modified":"2022-01-06T07:47:43","modified_gmt":"2022-01-06T10:47:43","slug":"prf-prende-homem-com-caminhonete-furtada-e-clonada-em-lajeado","status":"publish","type":"post","link":"https:\/\/folhapopular.info\/index.php\/2022\/01\/06\/prf-prende-homem-com-caminhonete-furtada-e-clonada-em-lajeado\/","title":{"rendered":"PRF prende homem com caminhonete furtada e clonada em Lajeado"},"content":{"rendered":"\n<p>A Pol\u00edcia Rodovi\u00e1ria Federal prendeu um criminoso e recuperou um ve\u00edculo objeto de crime patrimonial na madrugada desta quinta-feira (6\/1). O ve\u00edculo ostentava placas de identifica\u00e7\u00e3o clonadas, ap\u00f3s uma abordagem ocorrida em Lajeado. <\/p>\n\n\n\n<p>Com informa\u00e7\u00f5es recebidas do servi\u00e7o de intelig\u00eancia da PRF, os Policiais Rodovi\u00e1rios Federais interceptaram uma Hilux que transitava sentido capital-interior na BR-386. <\/p>\n\n\n\n<p>O ve\u00edculo era conduzido por um homem de 20 anos, morador de Gravata\u00ed, com antecedentes criminais por furto e perturba\u00e7\u00e3o de sossego. <\/p>\n\n\n\n<p>Pela verifica\u00e7\u00e3o dos elementos identificadores do ve\u00edculo, constatou-se que a placa utilizada na caminhonete n\u00e3o correspondia aos n\u00fameros de chassi e motor gravados, os quais, consultados, remetiam a um ve\u00edculo de igual marca, modelo e cor, furtado no \u00faltimo dia 3, em Cap\u00e3o da Canoa, ap\u00f3s criminosos terem invadido durante a madrugada um edif\u00edcio. <\/p>\n\n\n\n<p>O crime foi registrado por sistema de monitoramento eletr\u00f4nico. <\/p>\n\n\n\n<p>Diante dos fatos, o criminoso foi preso em flagrante e conduzido \u00e0 Delegacia de Pol\u00edcia local. <br><br>A caminhonete foi apreendida e ser\u00e1 restitu\u00edda ao seu leg\u00edtimo propriet\u00e1rio.<\/p>\n\n\n\n<figure class=\"wp-block-video\"><video height=\"480\" style=\"aspect-ratio: 848 \/ 480;\" width=\"848\" controls src=\"https:\/\/folhapopular.info\/wp-content\/uploads\/2022\/01\/WhatsApp-Video-2022-01-06-at-07.05.29.mp4\"><\/video><\/figure>\n","protected":false},"excerpt":{"rendered":"<p>A Pol\u00edcia Rodovi\u00e1ria Federal prendeu um criminoso e recuperou um ve\u00edculo objeto de crime patrimonial na madrugada desta quinta-feira (6\/1). O ve\u00edculo ostentava placas de identifica\u00e7\u00e3o clonadas, ap\u00f3s uma abordagem ocorrida em Lajeado. Com informa\u00e7\u00f5es recebidas do servi\u00e7o de intelig\u00eancia da PRF, os Policiais Rodovi\u00e1rios Federais interceptaram uma Hilux que transitava sentido capital-interior na BR-386. [&hellip;]<\/p>\n","protected":false},"author":8,"featured_media":96106,"comment_status":"open","ping_status":"open","sticky":false,"template":"","format":"standard","meta":{"pmpro_default_level":"","_jetpack_memberships_contains_paid_content":false,"footnotes":""},"categories":[7],"tags":[7567,7878,71,2656,27,294],"class_list":{"0":"post-96105","1":"post","2":"type-post","3":"status-publish","4":"format-standard","5":"has-post-thumbnail","7":"category-seguranca","8":"tag-caminhonete","9":"tag-clonada","10":"tag-furto","11":"tag-homem","12":"tag-lajeado","13":"tag-prf","14":"pmpro-has-access"},"yoast_head":"<!-- This site is optimized with the Yoast SEO plugin v27.5 - https:\/\/yoast.com\/product\/yoast-seo-wordpress\/ -->\n<title>PRF prende homem com caminhonete furtada e clonada em Lajeado - Folha Popular<\/title>\n<meta name=\"robots\" content=\"index, follow, max-snippet:-1, max-image-preview:large, max-video-preview:-1\" \/>\n<link rel=\"canonical\" href=\"https:\/\/folhapopular.info\/index.php\/2022\/01\/06\/prf-prende-homem-com-caminhonete-furtada-e-clonada-em-lajeado\/\" \/>\n<meta property=\"og:locale\" content=\"pt_BR\" \/>\n<meta property=\"og:type\" content=\"article\" \/>\n<meta property=\"og:title\" content=\"PRF prende homem com caminhonete furtada e clonada em Lajeado - Folha Popular\" \/>\n<meta property=\"og:description\" content=\"A Pol\u00edcia Rodovi\u00e1ria Federal prendeu um criminoso e recuperou um ve\u00edculo objeto de crime patrimonial na madrugada desta quinta-feira (6\/1). O ve\u00edculo ostentava placas de identifica\u00e7\u00e3o clonadas, ap\u00f3s uma abordagem ocorrida em Lajeado. Com informa\u00e7\u00f5es recebidas do servi\u00e7o de intelig\u00eancia da PRF, os Policiais Rodovi\u00e1rios Federais interceptaram uma Hilux que transitava sentido capital-interior na BR-386. [&hellip;]\" \/>\n<meta property=\"og:url\" content=\"https:\/\/folhapopular.info\/index.php\/2022\/01\/06\/prf-prende-homem-com-caminhonete-furtada-e-clonada-em-lajeado\/\" \/>\n<meta property=\"og:site_name\" content=\"Folha Popular\" \/>\n<meta property=\"article:published_time\" content=\"2022-01-06T10:47:38+00:00\" \/>\n<meta property=\"article:modified_time\" content=\"2022-01-06T10:47:43+00:00\" \/>\n<meta property=\"og:image\" content=\"http:\/\/folhapopular.info\/wp-content\/uploads\/2022\/01\/WhatsApp-Image-2022-01-06-at-07.05.28-e1641465739746.jpeg\" \/>\n\t<meta property=\"og:image:width\" content=\"800\" \/>\n\t<meta property=\"og:image:height\" content=\"600\" \/>\n\t<meta property=\"og:image:type\" content=\"image\/jpeg\" \/>\n<meta name=\"author\" content=\"Reda\u00e7\u00e3o Folha Popular\" \/>\n<meta name=\"twitter:card\" content=\"summary_large_image\" \/>\n<meta name=\"twitter:label1\" content=\"Escrito por\" \/>\n\t<meta name=\"twitter:data1\" content=\"Reda\u00e7\u00e3o Folha Popular\" \/>\n\t<meta name=\"twitter:label2\" content=\"Est. tempo de leitura\" \/>\n\t<meta name=\"twitter:data2\" content=\"1 minuto\" \/>\n<script type=\"application\/ld+json\" class=\"yoast-schema-graph\">{\"@context\":\"https:\\\/\\\/schema.org\",\"@graph\":[{\"@type\":\"Article\",\"@id\":\"https:\\\/\\\/folhapopular.info\\\/index.php\\\/2022\\\/01\\\/06\\\/prf-prende-homem-com-caminhonete-furtada-e-clonada-em-lajeado\\\/#article\",\"isPartOf\":{\"@id\":\"https:\\\/\\\/folhapopular.info\\\/index.php\\\/2022\\\/01\\\/06\\\/prf-prende-homem-com-caminhonete-furtada-e-clonada-em-lajeado\\\/\"},\"author\":{\"name\":\"Reda\u00e7\u00e3o Folha Popular\",\"@id\":\"https:\\\/\\\/folhapopular.info\\\/#\\\/schema\\\/person\\\/2814e8a0df7643585a9ca38bc6eb9d4b\"},\"headline\":\"PRF prende homem com caminhonete furtada e clonada em Lajeado\",\"datePublished\":\"2022-01-06T10:47:38+00:00\",\"dateModified\":\"2022-01-06T10:47:43+00:00\",\"mainEntityOfPage\":{\"@id\":\"https:\\\/\\\/folhapopular.info\\\/index.php\\\/2022\\\/01\\\/06\\\/prf-prende-homem-com-caminhonete-furtada-e-clonada-em-lajeado\\\/\"},\"wordCount\":198,\"commentCount\":0,\"image\":{\"@id\":\"https:\\\/\\\/folhapopular.info\\\/index.php\\\/2022\\\/01\\\/06\\\/prf-prende-homem-com-caminhonete-furtada-e-clonada-em-lajeado\\\/#primaryimage\"},\"thumbnailUrl\":\"https:\\\/\\\/folhapopular.info\\\/wp-content\\\/uploads\\\/2022\\\/01\\\/WhatsApp-Image-2022-01-06-at-07.05.28-e1641465739746.jpeg\",\"keywords\":[\"Caminhonete\",\"Clonada\",\"furto\",\"Homem\",\"Lajeado\",\"PRF\"],\"articleSection\":[\"Seguran\u00e7a\"],\"inLanguage\":\"pt-BR\",\"potentialAction\":[{\"@type\":\"CommentAction\",\"name\":\"Comment\",\"target\":[\"https:\\\/\\\/folhapopular.info\\\/index.php\\\/2022\\\/01\\\/06\\\/prf-prende-homem-com-caminhonete-furtada-e-clonada-em-lajeado\\\/#respond\"]}]},{\"@type\":\"WebPage\",\"@id\":\"https:\\\/\\\/folhapopular.info\\\/index.php\\\/2022\\\/01\\\/06\\\/prf-prende-homem-com-caminhonete-furtada-e-clonada-em-lajeado\\\/\",\"url\":\"https:\\\/\\\/folhapopular.info\\\/index.php\\\/2022\\\/01\\\/06\\\/prf-prende-homem-com-caminhonete-furtada-e-clonada-em-lajeado\\\/\",\"name\":\"PRF prende homem com caminhonete furtada e clonada em Lajeado - Folha Popular\",\"isPartOf\":{\"@id\":\"https:\\\/\\\/folhapopular.info\\\/#website\"},\"primaryImageOfPage\":{\"@id\":\"https:\\\/\\\/folhapopular.info\\\/index.php\\\/2022\\\/01\\\/06\\\/prf-prende-homem-com-caminhonete-furtada-e-clonada-em-lajeado\\\/#primaryimage\"},\"image\":{\"@id\":\"https:\\\/\\\/folhapopular.info\\\/index.php\\\/2022\\\/01\\\/06\\\/prf-prende-homem-com-caminhonete-furtada-e-clonada-em-lajeado\\\/#primaryimage\"},\"thumbnailUrl\":\"https:\\\/\\\/folhapopular.info\\\/wp-content\\\/uploads\\\/2022\\\/01\\\/WhatsApp-Image-2022-01-06-at-07.05.28-e1641465739746.jpeg\",\"datePublished\":\"2022-01-06T10:47:38+00:00\",\"dateModified\":\"2022-01-06T10:47:43+00:00\",\"author\":{\"@id\":\"https:\\\/\\\/folhapopular.info\\\/#\\\/schema\\\/person\\\/2814e8a0df7643585a9ca38bc6eb9d4b\"},\"breadcrumb\":{\"@id\":\"https:\\\/\\\/folhapopular.info\\\/index.php\\\/2022\\\/01\\\/06\\\/prf-prende-homem-com-caminhonete-furtada-e-clonada-em-lajeado\\\/#breadcrumb\"},\"inLanguage\":\"pt-BR\",\"potentialAction\":[{\"@type\":\"ReadAction\",\"target\":[\"https:\\\/\\\/folhapopular.info\\\/index.php\\\/2022\\\/01\\\/06\\\/prf-prende-homem-com-caminhonete-furtada-e-clonada-em-lajeado\\\/\"]}]},{\"@type\":\"ImageObject\",\"inLanguage\":\"pt-BR\",\"@id\":\"https:\\\/\\\/folhapopular.info\\\/index.php\\\/2022\\\/01\\\/06\\\/prf-prende-homem-com-caminhonete-furtada-e-clonada-em-lajeado\\\/#primaryimage\",\"url\":\"https:\\\/\\\/folhapopular.info\\\/wp-content\\\/uploads\\\/2022\\\/01\\\/WhatsApp-Image-2022-01-06-at-07.05.28-e1641465739746.jpeg\",\"contentUrl\":\"https:\\\/\\\/folhapopular.info\\\/wp-content\\\/uploads\\\/2022\\\/01\\\/WhatsApp-Image-2022-01-06-at-07.05.28-e1641465739746.jpeg\",\"width\":800,\"height\":600,\"caption\":\"Cr\u00e9dito: PRF \\\/ Divulga\u00e7\u00e3o\"},{\"@type\":\"BreadcrumbList\",\"@id\":\"https:\\\/\\\/folhapopular.info\\\/index.php\\\/2022\\\/01\\\/06\\\/prf-prende-homem-com-caminhonete-furtada-e-clonada-em-lajeado\\\/#breadcrumb\",\"itemListElement\":[{\"@type\":\"ListItem\",\"position\":1,\"name\":\"In\u00edcio\",\"item\":\"https:\\\/\\\/folhapopular.info\\\/\"},{\"@type\":\"ListItem\",\"position\":2,\"name\":\"PRF prende homem com caminhonete furtada e clonada em Lajeado\"}]},{\"@type\":\"WebSite\",\"@id\":\"https:\\\/\\\/folhapopular.info\\\/#website\",\"url\":\"https:\\\/\\\/folhapopular.info\\\/\",\"name\":\"Folha Popular\",\"description\":\"Onde voc\u00ea tem vez e voz\",\"potentialAction\":[{\"@type\":\"SearchAction\",\"target\":{\"@type\":\"EntryPoint\",\"urlTemplate\":\"https:\\\/\\\/folhapopular.info\\\/?s={search_term_string}\"},\"query-input\":{\"@type\":\"PropertyValueSpecification\",\"valueRequired\":true,\"valueName\":\"search_term_string\"}}],\"inLanguage\":\"pt-BR\"},{\"@type\":\"Person\",\"@id\":\"https:\\\/\\\/folhapopular.info\\\/#\\\/schema\\\/person\\\/2814e8a0df7643585a9ca38bc6eb9d4b\",\"name\":\"Reda\u00e7\u00e3o Folha Popular\",\"image\":{\"@type\":\"ImageObject\",\"inLanguage\":\"pt-BR\",\"@id\":\"https:\\\/\\\/folhapopular.info\\\/wp-content\\\/uploads\\\/2026\\\/04\\\/Folha-1.webp\",\"url\":\"https:\\\/\\\/folhapopular.info\\\/wp-content\\\/uploads\\\/2026\\\/04\\\/Folha-1.webp\",\"contentUrl\":\"https:\\\/\\\/folhapopular.info\\\/wp-content\\\/uploads\\\/2026\\\/04\\\/Folha-1.webp\",\"caption\":\"Reda\u00e7\u00e3o Folha Popular\"},\"url\":\"https:\\\/\\\/folhapopular.info\\\/index.php\\\/author\\\/redacao\\\/\"}]}<\/script>\n<!-- \/ Yoast SEO plugin. -->","yoast_head_json":{"title":"PRF prende homem com caminhonete furtada e clonada em Lajeado - Folha Popular","robots":{"index":"index","follow":"follow","max-snippet":"max-snippet:-1","max-image-preview":"max-image-preview:large","max-video-preview":"max-video-preview:-1"},"canonical":"https:\/\/folhapopular.info\/index.php\/2022\/01\/06\/prf-prende-homem-com-caminhonete-furtada-e-clonada-em-lajeado\/","og_locale":"pt_BR","og_type":"article","og_title":"PRF prende homem com caminhonete furtada e clonada em Lajeado - Folha Popular","og_description":"A Pol\u00edcia Rodovi\u00e1ria Federal prendeu um criminoso e recuperou um ve\u00edculo objeto de crime patrimonial na madrugada desta quinta-feira (6\/1). O ve\u00edculo ostentava placas de identifica\u00e7\u00e3o clonadas, ap\u00f3s uma abordagem ocorrida em Lajeado. Com informa\u00e7\u00f5es recebidas do servi\u00e7o de intelig\u00eancia da PRF, os Policiais Rodovi\u00e1rios Federais interceptaram uma Hilux que transitava sentido capital-interior na BR-386. [&hellip;]","og_url":"https:\/\/folhapopular.info\/index.php\/2022\/01\/06\/prf-prende-homem-com-caminhonete-furtada-e-clonada-em-lajeado\/","og_site_name":"Folha Popular","article_published_time":"2022-01-06T10:47:38+00:00","article_modified_time":"2022-01-06T10:47:43+00:00","og_image":[{"width":800,"height":600,"url":"http:\/\/folhapopular.info\/wp-content\/uploads\/2022\/01\/WhatsApp-Image-2022-01-06-at-07.05.28-e1641465739746.jpeg","type":"image\/jpeg"}],"author":"Reda\u00e7\u00e3o Folha Popular","twitter_card":"summary_large_image","twitter_misc":{"Escrito por":"Reda\u00e7\u00e3o Folha Popular","Est. tempo de leitura":"1 minuto"},"schema":{"@context":"https:\/\/schema.org","@graph":[{"@type":"Article","@id":"https:\/\/folhapopular.info\/index.php\/2022\/01\/06\/prf-prende-homem-com-caminhonete-furtada-e-clonada-em-lajeado\/#article","isPartOf":{"@id":"https:\/\/folhapopular.info\/index.php\/2022\/01\/06\/prf-prende-homem-com-caminhonete-furtada-e-clonada-em-lajeado\/"},"author":{"name":"Reda\u00e7\u00e3o Folha Popular","@id":"https:\/\/folhapopular.info\/#\/schema\/person\/2814e8a0df7643585a9ca38bc6eb9d4b"},"headline":"PRF prende homem com caminhonete furtada e clonada em Lajeado","datePublished":"2022-01-06T10:47:38+00:00","dateModified":"2022-01-06T10:47:43+00:00","mainEntityOfPage":{"@id":"https:\/\/folhapopular.info\/index.php\/2022\/01\/06\/prf-prende-homem-com-caminhonete-furtada-e-clonada-em-lajeado\/"},"wordCount":198,"commentCount":0,"image":{"@id":"https:\/\/folhapopular.info\/index.php\/2022\/01\/06\/prf-prende-homem-com-caminhonete-furtada-e-clonada-em-lajeado\/#primaryimage"},"thumbnailUrl":"https:\/\/folhapopular.info\/wp-content\/uploads\/2022\/01\/WhatsApp-Image-2022-01-06-at-07.05.28-e1641465739746.jpeg","keywords":["Caminhonete","Clonada","furto","Homem","Lajeado","PRF"],"articleSection":["Seguran\u00e7a"],"inLanguage":"pt-BR","potentialAction":[{"@type":"CommentAction","name":"Comment","target":["https:\/\/folhapopular.info\/index.php\/2022\/01\/06\/prf-prende-homem-com-caminhonete-furtada-e-clonada-em-lajeado\/#respond"]}]},{"@type":"WebPage","@id":"https:\/\/folhapopular.info\/index.php\/2022\/01\/06\/prf-prende-homem-com-caminhonete-furtada-e-clonada-em-lajeado\/","url":"https:\/\/folhapopular.info\/index.php\/2022\/01\/06\/prf-prende-homem-com-caminhonete-furtada-e-clonada-em-lajeado\/","name":"PRF prende homem com caminhonete furtada e clonada em Lajeado - Folha Popular","isPartOf":{"@id":"https:\/\/folhapopular.info\/#website"},"primaryImageOfPage":{"@id":"https:\/\/folhapopular.info\/index.php\/2022\/01\/06\/prf-prende-homem-com-caminhonete-furtada-e-clonada-em-lajeado\/#primaryimage"},"image":{"@id":"https:\/\/folhapopular.info\/index.php\/2022\/01\/06\/prf-prende-homem-com-caminhonete-furtada-e-clonada-em-lajeado\/#primaryimage"},"thumbnailUrl":"https:\/\/folhapopular.info\/wp-content\/uploads\/2022\/01\/WhatsApp-Image-2022-01-06-at-07.05.28-e1641465739746.jpeg","datePublished":"2022-01-06T10:47:38+00:00","dateModified":"2022-01-06T10:47:43+00:00","author":{"@id":"https:\/\/folhapopular.info\/#\/schema\/person\/2814e8a0df7643585a9ca38bc6eb9d4b"},"breadcrumb":{"@id":"https:\/\/folhapopular.info\/index.php\/2022\/01\/06\/prf-prende-homem-com-caminhonete-furtada-e-clonada-em-lajeado\/#breadcrumb"},"inLanguage":"pt-BR","potentialAction":[{"@type":"ReadAction","target":["https:\/\/folhapopular.info\/index.php\/2022\/01\/06\/prf-prende-homem-com-caminhonete-furtada-e-clonada-em-lajeado\/"]}]},{"@type":"ImageObject","inLanguage":"pt-BR","@id":"https:\/\/folhapopular.info\/index.php\/2022\/01\/06\/prf-prende-homem-com-caminhonete-furtada-e-clonada-em-lajeado\/#primaryimage","url":"https:\/\/folhapopular.info\/wp-content\/uploads\/2022\/01\/WhatsApp-Image-2022-01-06-at-07.05.28-e1641465739746.jpeg","contentUrl":"https:\/\/folhapopular.info\/wp-content\/uploads\/2022\/01\/WhatsApp-Image-2022-01-06-at-07.05.28-e1641465739746.jpeg","width":800,"height":600,"caption":"Cr\u00e9dito: PRF \/ Divulga\u00e7\u00e3o"},{"@type":"BreadcrumbList","@id":"https:\/\/folhapopular.info\/index.php\/2022\/01\/06\/prf-prende-homem-com-caminhonete-furtada-e-clonada-em-lajeado\/#breadcrumb","itemListElement":[{"@type":"ListItem","position":1,"name":"In\u00edcio","item":"https:\/\/folhapopular.info\/"},{"@type":"ListItem","position":2,"name":"PRF prende homem com caminhonete furtada e clonada em Lajeado"}]},{"@type":"WebSite","@id":"https:\/\/folhapopular.info\/#website","url":"https:\/\/folhapopular.info\/","name":"Folha Popular","description":"Onde voc\u00ea tem vez e voz","potentialAction":[{"@type":"SearchAction","target":{"@type":"EntryPoint","urlTemplate":"https:\/\/folhapopular.info\/?s={search_term_string}"},"query-input":{"@type":"PropertyValueSpecification","valueRequired":true,"valueName":"search_term_string"}}],"inLanguage":"pt-BR"},{"@type":"Person","@id":"https:\/\/folhapopular.info\/#\/schema\/person\/2814e8a0df7643585a9ca38bc6eb9d4b","name":"Reda\u00e7\u00e3o Folha Popular","image":{"@type":"ImageObject","inLanguage":"pt-BR","@id":"https:\/\/folhapopular.info\/wp-content\/uploads\/2026\/04\/Folha-1.webp","url":"https:\/\/folhapopular.info\/wp-content\/uploads\/2026\/04\/Folha-1.webp","contentUrl":"https:\/\/folhapopular.info\/wp-content\/uploads\/2026\/04\/Folha-1.webp","caption":"Reda\u00e7\u00e3o Folha Popular"},"url":"https:\/\/folhapopular.info\/index.php\/author\/redacao\/"}]}},"jetpack_featured_media_url":"https:\/\/folhapopular.info\/wp-content\/uploads\/2022\/01\/WhatsApp-Image-2022-01-06-at-07.05.28-e1641465739746.jpeg","jetpack_sharing_enabled":true,"amp_enabled":true,"_links":{"self":[{"href":"https:\/\/folhapopular.info\/index.php\/wp-json\/wp\/v2\/posts\/96105","targetHints":{"allow":["GET"]}}],"collection":[{"href":"https:\/\/folhapopular.info\/index.php\/wp-json\/wp\/v2\/posts"}],"about":[{"href":"https:\/\/folhapopular.info\/index.php\/wp-json\/wp\/v2\/types\/post"}],"author":[{"embeddable":true,"href":"https:\/\/folhapopular.info\/index.php\/wp-json\/wp\/v2\/users\/8"}],"replies":[{"embeddable":true,"href":"https:\/\/folhapopular.info\/index.php\/wp-json\/wp\/v2\/comments?post=96105"}],"version-history":[{"count":0,"href":"https:\/\/folhapopular.info\/index.php\/wp-json\/wp\/v2\/posts\/96105\/revisions"}],"wp:featuredmedia":[{"embeddable":true,"href":"https:\/\/folhapopular.info\/index.php\/wp-json\/wp\/v2\/media\/96106"}],"wp:attachment":[{"href":"https:\/\/folhapopular.info\/index.php\/wp-json\/wp\/v2\/media?parent=96105"}],"wp:term":[{"taxonomy":"category","embeddable":true,"href":"https:\/\/folhapopular.info\/index.php\/wp-json\/wp\/v2\/categories?post=96105"},{"taxonomy":"post_tag","embeddable":true,"href":"https:\/\/folhapopular.info\/index.php\/wp-json\/wp\/v2\/tags?post=96105"}],"curies":[{"name":"wp","href":"https:\/\/api.w.org\/{rel}","templated":true}]}}