{"id":96226,"date":"2022-01-08T10:18:48","date_gmt":"2022-01-08T13:18:48","guid":{"rendered":"https:\/\/folhapopular.info\/?p=96226"},"modified":"2022-01-08T10:18:52","modified_gmt":"2022-01-08T13:18:52","slug":"o-impacto-das-emissoes-de-co2-para-a-sociedade-brasileira","status":"publish","type":"post","link":"https:\/\/folhapopular.info\/index.php\/2022\/01\/08\/o-impacto-das-emissoes-de-co2-para-a-sociedade-brasileira\/","title":{"rendered":"O impacto das emiss\u00f5es de CO2 para a sociedade brasileira"},"content":{"rendered":"<p>Se a polui\u00e7\u00e3o que cada autom\u00f3vel de passeio emite pudesse ser demonstrada visualmente, cada carro da nossa frota teria enchido 150 mil bal\u00f5es de festa com di\u00f3xido de carbono (CO2) ao final de um ano. O n\u00famero faz parte das conclus\u00f5es do estudo \u2018O Impacto das Emiss\u00f5es de CO2 no Tr\u00e2nsito Brasileiro\u2019, feito por Jefferson&#8230; <\/p>\n<div class=\"pmpro\">\n<div class=\"pmpro_card pmpro_content_message\">\n<div class=\"pmpro_card_content\">Este conte\u00fado \u00e9 apenas para associados Grupo Popular &#8211; Conte\u00fado Total Anual e Grupo Popular &#8211; Conte\u00fado Total Mensal. <br \/><a href=\"https:\/\/folhapopular.info\/wp-login.php?action=register\">Cadastre-se<\/a><\/div>\n<div class=\"pmpro_card_actions pmpro_font-medium\">J\u00e1 se associou? <a href=\"https:\/\/folhapopular.info\/wp-login.php?redirect_to=https%3A%2F%2Ffolhapopular.info%2Findex.php%2F2022%2F01%2F08%2Fo-impacto-das-emissoes-de-co2-para-a-sociedade-brasileira%2F\">Acesse aqui<\/a><\/div>\n<\/div>\n<\/div>\n","protected":false},"excerpt":{"rendered":"<p>Se a polui\u00e7\u00e3o que cada autom\u00f3vel de passeio emite pudesse ser demonstrada visualmente, cada carro da nossa frota teria enchido 150 mil bal\u00f5es de festa com di\u00f3xido de carbono (CO2) ao final de um ano. O n\u00famero faz parte das conclus\u00f5es do estudo \u2018O Impacto das Emiss\u00f5es de CO2 no Tr\u00e2nsito Brasileiro\u2019, feito por Jefferson... <\/p>\n<div class=\"pmpro\"><div class=\"pmpro_card pmpro_content_message\"><div class=\"pmpro_card_content\">Este conte\u00fado \u00e9 apenas para associados Grupo Popular - Conte\u00fado Total Anual e Grupo Popular - Conte\u00fado Total Mensal. <br \/><a href=\"https:\/\/folhapopular.info\/wp-login.php?action=register\">Cadastre-se<\/a><\/div><div class=\"pmpro_card_actions pmpro_font-medium\">J\u00e1 se associou? <a href=\"https:\/\/folhapopular.info\/wp-login.php?redirect_to=https%3A%2F%2Ffolhapopular.info%2Findex.php%2F2022%2F01%2F08%2Fo-impacto-das-emissoes-de-co2-para-a-sociedade-brasileira%2F\">Acesse aqui<\/a><\/div><\/div><\/div>","protected":false},"author":619,"featured_media":96232,"comment_status":"open","ping_status":"open","sticky":false,"template":"","format":"standard","meta":{"pmpro_default_level":"","_jetpack_memberships_contains_paid_content":false,"footnotes":""},"categories":[5990,2,3],"tags":[7642,7671],"class_list":{"0":"post-96226","1":"post","2":"type-post","3":"status-publish","4":"format-standard","5":"has-post-thumbnail","7":"category-conteudo-exclusivo","8":"category-featured","9":"category-geral","10":"tag-cop26","11":"tag-mudancas-climaticas","12":"pmpro-level-required","13":"pmpro-level-2","14":"pmpro-level-4","15":"pmpro-level-5","16":"pmpro-no-access"},"yoast_head":"<!-- This site is optimized with the Yoast SEO plugin v27.5 - https:\/\/yoast.com\/product\/yoast-seo-wordpress\/ -->\n<title>O impacto das emiss\u00f5es de CO2 para a sociedade brasileira - Folha Popular<\/title>\n<meta name=\"robots\" content=\"index, follow, max-snippet:-1, max-image-preview:large, max-video-preview:-1\" \/>\n<link rel=\"canonical\" href=\"https:\/\/folhapopular.info\/index.php\/2022\/01\/08\/o-impacto-das-emissoes-de-co2-para-a-sociedade-brasileira\/\" \/>\n<meta property=\"og:locale\" content=\"pt_BR\" \/>\n<meta property=\"og:type\" content=\"article\" \/>\n<meta property=\"og:title\" content=\"O impacto das emiss\u00f5es de CO2 para a sociedade brasileira - Folha Popular\" \/>\n<meta property=\"og:description\" content=\"Se a polui\u00e7\u00e3o que cada autom\u00f3vel de passeio emite pudesse ser demonstrada visualmente, cada carro da nossa frota teria enchido 150 mil bal\u00f5es de festa com di\u00f3xido de carbono (CO2) ao final de um ano. O n\u00famero faz parte das conclus\u00f5es do estudo \u2018O Impacto das Emiss\u00f5es de CO2 no Tr\u00e2nsito Brasileiro\u2019, feito por Jefferson [&hellip;]\" \/>\n<meta property=\"og:url\" content=\"https:\/\/folhapopular.info\/index.php\/2022\/01\/08\/o-impacto-das-emissoes-de-co2-para-a-sociedade-brasileira\/\" \/>\n<meta property=\"og:site_name\" content=\"Folha Popular\" \/>\n<meta property=\"article:published_time\" content=\"2022-01-08T13:18:48+00:00\" \/>\n<meta property=\"article:modified_time\" content=\"2022-01-08T13:18:52+00:00\" \/>\n<meta property=\"og:image\" content=\"http:\/\/folhapopular.info\/wp-content\/uploads\/2022\/01\/PEXELS-1-scaled-e1641646346228.jpg\" \/>\n\t<meta property=\"og:image:width\" content=\"800\" \/>\n\t<meta property=\"og:image:height\" content=\"533\" \/>\n\t<meta property=\"og:image:type\" content=\"image\/jpeg\" \/>\n<meta name=\"author\" content=\"Paola Possenatto\" \/>\n<meta name=\"twitter:card\" content=\"summary_large_image\" \/>\n<meta name=\"twitter:label1\" content=\"Escrito por\" \/>\n\t<meta name=\"twitter:data1\" content=\"Paola Possenatto\" \/>\n\t<meta name=\"twitter:label2\" content=\"Est. tempo de leitura\" \/>\n\t<meta name=\"twitter:data2\" content=\"5 minutos\" \/>\n<script type=\"application\/ld+json\" class=\"yoast-schema-graph\">{\"@context\":\"https:\\\/\\\/schema.org\",\"@graph\":[{\"@type\":\"Article\",\"@id\":\"https:\\\/\\\/folhapopular.info\\\/index.php\\\/2022\\\/01\\\/08\\\/o-impacto-das-emissoes-de-co2-para-a-sociedade-brasileira\\\/#article\",\"isPartOf\":{\"@id\":\"https:\\\/\\\/folhapopular.info\\\/index.php\\\/2022\\\/01\\\/08\\\/o-impacto-das-emissoes-de-co2-para-a-sociedade-brasileira\\\/\"},\"author\":{\"name\":\"Paola Possenatto\",\"@id\":\"https:\\\/\\\/folhapopular.info\\\/#\\\/schema\\\/person\\\/f2ac82704a75570d89d5485d2cfcec59\"},\"headline\":\"O impacto das emiss\u00f5es de CO2 para a sociedade brasileira\",\"datePublished\":\"2022-01-08T13:18:48+00:00\",\"dateModified\":\"2022-01-08T13:18:52+00:00\",\"mainEntityOfPage\":{\"@id\":\"https:\\\/\\\/folhapopular.info\\\/index.php\\\/2022\\\/01\\\/08\\\/o-impacto-das-emissoes-de-co2-para-a-sociedade-brasileira\\\/\"},\"wordCount\":667,\"commentCount\":0,\"image\":{\"@id\":\"https:\\\/\\\/folhapopular.info\\\/index.php\\\/2022\\\/01\\\/08\\\/o-impacto-das-emissoes-de-co2-para-a-sociedade-brasileira\\\/#primaryimage\"},\"thumbnailUrl\":\"https:\\\/\\\/folhapopular.info\\\/wp-content\\\/uploads\\\/2022\\\/01\\\/PEXELS-1-scaled-e1641646346228.jpg\",\"keywords\":[\"cop26\",\"Mudan\u00e7as Clim\u00e1ticas\"],\"articleSection\":[\"Conte\u00fado Exclusivo\",\"Destaques\",\"Geral\"],\"inLanguage\":\"pt-BR\",\"potentialAction\":[{\"@type\":\"CommentAction\",\"name\":\"Comment\",\"target\":[\"https:\\\/\\\/folhapopular.info\\\/index.php\\\/2022\\\/01\\\/08\\\/o-impacto-das-emissoes-de-co2-para-a-sociedade-brasileira\\\/#respond\"]}]},{\"@type\":\"WebPage\",\"@id\":\"https:\\\/\\\/folhapopular.info\\\/index.php\\\/2022\\\/01\\\/08\\\/o-impacto-das-emissoes-de-co2-para-a-sociedade-brasileira\\\/\",\"url\":\"https:\\\/\\\/folhapopular.info\\\/index.php\\\/2022\\\/01\\\/08\\\/o-impacto-das-emissoes-de-co2-para-a-sociedade-brasileira\\\/\",\"name\":\"O impacto das emiss\u00f5es de CO2 para a sociedade brasileira - Folha Popular\",\"isPartOf\":{\"@id\":\"https:\\\/\\\/folhapopular.info\\\/#website\"},\"primaryImageOfPage\":{\"@id\":\"https:\\\/\\\/folhapopular.info\\\/index.php\\\/2022\\\/01\\\/08\\\/o-impacto-das-emissoes-de-co2-para-a-sociedade-brasileira\\\/#primaryimage\"},\"image\":{\"@id\":\"https:\\\/\\\/folhapopular.info\\\/index.php\\\/2022\\\/01\\\/08\\\/o-impacto-das-emissoes-de-co2-para-a-sociedade-brasileira\\\/#primaryimage\"},\"thumbnailUrl\":\"https:\\\/\\\/folhapopular.info\\\/wp-content\\\/uploads\\\/2022\\\/01\\\/PEXELS-1-scaled-e1641646346228.jpg\",\"datePublished\":\"2022-01-08T13:18:48+00:00\",\"dateModified\":\"2022-01-08T13:18:52+00:00\",\"author\":{\"@id\":\"https:\\\/\\\/folhapopular.info\\\/#\\\/schema\\\/person\\\/f2ac82704a75570d89d5485d2cfcec59\"},\"breadcrumb\":{\"@id\":\"https:\\\/\\\/folhapopular.info\\\/index.php\\\/2022\\\/01\\\/08\\\/o-impacto-das-emissoes-de-co2-para-a-sociedade-brasileira\\\/#breadcrumb\"},\"inLanguage\":\"pt-BR\",\"potentialAction\":[{\"@type\":\"ReadAction\",\"target\":[\"https:\\\/\\\/folhapopular.info\\\/index.php\\\/2022\\\/01\\\/08\\\/o-impacto-das-emissoes-de-co2-para-a-sociedade-brasileira\\\/\"]}]},{\"@type\":\"ImageObject\",\"inLanguage\":\"pt-BR\",\"@id\":\"https:\\\/\\\/folhapopular.info\\\/index.php\\\/2022\\\/01\\\/08\\\/o-impacto-das-emissoes-de-co2-para-a-sociedade-brasileira\\\/#primaryimage\",\"url\":\"https:\\\/\\\/folhapopular.info\\\/wp-content\\\/uploads\\\/2022\\\/01\\\/PEXELS-1-scaled-e1641646346228.jpg\",\"contentUrl\":\"https:\\\/\\\/folhapopular.info\\\/wp-content\\\/uploads\\\/2022\\\/01\\\/PEXELS-1-scaled-e1641646346228.jpg\",\"width\":800,\"height\":533,\"caption\":\"Cr\u00e9dito da foto: Pexels\"},{\"@type\":\"BreadcrumbList\",\"@id\":\"https:\\\/\\\/folhapopular.info\\\/index.php\\\/2022\\\/01\\\/08\\\/o-impacto-das-emissoes-de-co2-para-a-sociedade-brasileira\\\/#breadcrumb\",\"itemListElement\":[{\"@type\":\"ListItem\",\"position\":1,\"name\":\"In\u00edcio\",\"item\":\"https:\\\/\\\/folhapopular.info\\\/\"},{\"@type\":\"ListItem\",\"position\":2,\"name\":\"O impacto das emiss\u00f5es de CO2 para a sociedade brasileira\"}]},{\"@type\":\"WebSite\",\"@id\":\"https:\\\/\\\/folhapopular.info\\\/#website\",\"url\":\"https:\\\/\\\/folhapopular.info\\\/\",\"name\":\"Folha Popular\",\"description\":\"Onde voc\u00ea tem vez e voz\",\"potentialAction\":[{\"@type\":\"SearchAction\",\"target\":{\"@type\":\"EntryPoint\",\"urlTemplate\":\"https:\\\/\\\/folhapopular.info\\\/?s={search_term_string}\"},\"query-input\":{\"@type\":\"PropertyValueSpecification\",\"valueRequired\":true,\"valueName\":\"search_term_string\"}}],\"inLanguage\":\"pt-BR\"},{\"@type\":\"Person\",\"@id\":\"https:\\\/\\\/folhapopular.info\\\/#\\\/schema\\\/person\\\/f2ac82704a75570d89d5485d2cfcec59\",\"name\":\"Paola Possenatto\",\"image\":{\"@type\":\"ImageObject\",\"inLanguage\":\"pt-BR\",\"@id\":\"https:\\\/\\\/secure.gravatar.com\\\/avatar\\\/3f60b3eadf49ab9644afd71b75144f14b76c73fe8f99223954f5410dcd6a8a6f?s=96&d=mm&r=g\",\"url\":\"https:\\\/\\\/secure.gravatar.com\\\/avatar\\\/3f60b3eadf49ab9644afd71b75144f14b76c73fe8f99223954f5410dcd6a8a6f?s=96&d=mm&r=g\",\"contentUrl\":\"https:\\\/\\\/secure.gravatar.com\\\/avatar\\\/3f60b3eadf49ab9644afd71b75144f14b76c73fe8f99223954f5410dcd6a8a6f?s=96&d=mm&r=g\",\"caption\":\"Paola Possenatto\"},\"url\":\"https:\\\/\\\/folhapopular.info\\\/index.php\\\/author\\\/paola-possenattouniverso-univates-br\\\/\"}]}<\/script>\n<!-- \/ Yoast SEO plugin. -->","yoast_head_json":{"title":"O impacto das emiss\u00f5es de CO2 para a sociedade brasileira - Folha Popular","robots":{"index":"index","follow":"follow","max-snippet":"max-snippet:-1","max-image-preview":"max-image-preview:large","max-video-preview":"max-video-preview:-1"},"canonical":"https:\/\/folhapopular.info\/index.php\/2022\/01\/08\/o-impacto-das-emissoes-de-co2-para-a-sociedade-brasileira\/","og_locale":"pt_BR","og_type":"article","og_title":"O impacto das emiss\u00f5es de CO2 para a sociedade brasileira - Folha Popular","og_description":"Se a polui\u00e7\u00e3o que cada autom\u00f3vel de passeio emite pudesse ser demonstrada visualmente, cada carro da nossa frota teria enchido 150 mil bal\u00f5es de festa com di\u00f3xido de carbono (CO2) ao final de um ano. O n\u00famero faz parte das conclus\u00f5es do estudo \u2018O Impacto das Emiss\u00f5es de CO2 no Tr\u00e2nsito Brasileiro\u2019, feito por Jefferson [&hellip;]","og_url":"https:\/\/folhapopular.info\/index.php\/2022\/01\/08\/o-impacto-das-emissoes-de-co2-para-a-sociedade-brasileira\/","og_site_name":"Folha Popular","article_published_time":"2022-01-08T13:18:48+00:00","article_modified_time":"2022-01-08T13:18:52+00:00","og_image":[{"width":800,"height":533,"url":"http:\/\/folhapopular.info\/wp-content\/uploads\/2022\/01\/PEXELS-1-scaled-e1641646346228.jpg","type":"image\/jpeg"}],"author":"Paola Possenatto","twitter_card":"summary_large_image","twitter_misc":{"Escrito por":"Paola Possenatto","Est. tempo de leitura":"5 minutos"},"schema":{"@context":"https:\/\/schema.org","@graph":[{"@type":"Article","@id":"https:\/\/folhapopular.info\/index.php\/2022\/01\/08\/o-impacto-das-emissoes-de-co2-para-a-sociedade-brasileira\/#article","isPartOf":{"@id":"https:\/\/folhapopular.info\/index.php\/2022\/01\/08\/o-impacto-das-emissoes-de-co2-para-a-sociedade-brasileira\/"},"author":{"name":"Paola Possenatto","@id":"https:\/\/folhapopular.info\/#\/schema\/person\/f2ac82704a75570d89d5485d2cfcec59"},"headline":"O impacto das emiss\u00f5es de CO2 para a sociedade brasileira","datePublished":"2022-01-08T13:18:48+00:00","dateModified":"2022-01-08T13:18:52+00:00","mainEntityOfPage":{"@id":"https:\/\/folhapopular.info\/index.php\/2022\/01\/08\/o-impacto-das-emissoes-de-co2-para-a-sociedade-brasileira\/"},"wordCount":667,"commentCount":0,"image":{"@id":"https:\/\/folhapopular.info\/index.php\/2022\/01\/08\/o-impacto-das-emissoes-de-co2-para-a-sociedade-brasileira\/#primaryimage"},"thumbnailUrl":"https:\/\/folhapopular.info\/wp-content\/uploads\/2022\/01\/PEXELS-1-scaled-e1641646346228.jpg","keywords":["cop26","Mudan\u00e7as Clim\u00e1ticas"],"articleSection":["Conte\u00fado Exclusivo","Destaques","Geral"],"inLanguage":"pt-BR","potentialAction":[{"@type":"CommentAction","name":"Comment","target":["https:\/\/folhapopular.info\/index.php\/2022\/01\/08\/o-impacto-das-emissoes-de-co2-para-a-sociedade-brasileira\/#respond"]}]},{"@type":"WebPage","@id":"https:\/\/folhapopular.info\/index.php\/2022\/01\/08\/o-impacto-das-emissoes-de-co2-para-a-sociedade-brasileira\/","url":"https:\/\/folhapopular.info\/index.php\/2022\/01\/08\/o-impacto-das-emissoes-de-co2-para-a-sociedade-brasileira\/","name":"O impacto das emiss\u00f5es de CO2 para a sociedade brasileira - Folha Popular","isPartOf":{"@id":"https:\/\/folhapopular.info\/#website"},"primaryImageOfPage":{"@id":"https:\/\/folhapopular.info\/index.php\/2022\/01\/08\/o-impacto-das-emissoes-de-co2-para-a-sociedade-brasileira\/#primaryimage"},"image":{"@id":"https:\/\/folhapopular.info\/index.php\/2022\/01\/08\/o-impacto-das-emissoes-de-co2-para-a-sociedade-brasileira\/#primaryimage"},"thumbnailUrl":"https:\/\/folhapopular.info\/wp-content\/uploads\/2022\/01\/PEXELS-1-scaled-e1641646346228.jpg","datePublished":"2022-01-08T13:18:48+00:00","dateModified":"2022-01-08T13:18:52+00:00","author":{"@id":"https:\/\/folhapopular.info\/#\/schema\/person\/f2ac82704a75570d89d5485d2cfcec59"},"breadcrumb":{"@id":"https:\/\/folhapopular.info\/index.php\/2022\/01\/08\/o-impacto-das-emissoes-de-co2-para-a-sociedade-brasileira\/#breadcrumb"},"inLanguage":"pt-BR","potentialAction":[{"@type":"ReadAction","target":["https:\/\/folhapopular.info\/index.php\/2022\/01\/08\/o-impacto-das-emissoes-de-co2-para-a-sociedade-brasileira\/"]}]},{"@type":"ImageObject","inLanguage":"pt-BR","@id":"https:\/\/folhapopular.info\/index.php\/2022\/01\/08\/o-impacto-das-emissoes-de-co2-para-a-sociedade-brasileira\/#primaryimage","url":"https:\/\/folhapopular.info\/wp-content\/uploads\/2022\/01\/PEXELS-1-scaled-e1641646346228.jpg","contentUrl":"https:\/\/folhapopular.info\/wp-content\/uploads\/2022\/01\/PEXELS-1-scaled-e1641646346228.jpg","width":800,"height":533,"caption":"Cr\u00e9dito da foto: Pexels"},{"@type":"BreadcrumbList","@id":"https:\/\/folhapopular.info\/index.php\/2022\/01\/08\/o-impacto-das-emissoes-de-co2-para-a-sociedade-brasileira\/#breadcrumb","itemListElement":[{"@type":"ListItem","position":1,"name":"In\u00edcio","item":"https:\/\/folhapopular.info\/"},{"@type":"ListItem","position":2,"name":"O impacto das emiss\u00f5es de CO2 para a sociedade brasileira"}]},{"@type":"WebSite","@id":"https:\/\/folhapopular.info\/#website","url":"https:\/\/folhapopular.info\/","name":"Folha Popular","description":"Onde voc\u00ea tem vez e voz","potentialAction":[{"@type":"SearchAction","target":{"@type":"EntryPoint","urlTemplate":"https:\/\/folhapopular.info\/?s={search_term_string}"},"query-input":{"@type":"PropertyValueSpecification","valueRequired":true,"valueName":"search_term_string"}}],"inLanguage":"pt-BR"},{"@type":"Person","@id":"https:\/\/folhapopular.info\/#\/schema\/person\/f2ac82704a75570d89d5485d2cfcec59","name":"Paola Possenatto","image":{"@type":"ImageObject","inLanguage":"pt-BR","@id":"https:\/\/secure.gravatar.com\/avatar\/3f60b3eadf49ab9644afd71b75144f14b76c73fe8f99223954f5410dcd6a8a6f?s=96&d=mm&r=g","url":"https:\/\/secure.gravatar.com\/avatar\/3f60b3eadf49ab9644afd71b75144f14b76c73fe8f99223954f5410dcd6a8a6f?s=96&d=mm&r=g","contentUrl":"https:\/\/secure.gravatar.com\/avatar\/3f60b3eadf49ab9644afd71b75144f14b76c73fe8f99223954f5410dcd6a8a6f?s=96&d=mm&r=g","caption":"Paola Possenatto"},"url":"https:\/\/folhapopular.info\/index.php\/author\/paola-possenattouniverso-univates-br\/"}]}},"jetpack_featured_media_url":"https:\/\/folhapopular.info\/wp-content\/uploads\/2022\/01\/PEXELS-1-scaled-e1641646346228.jpg","jetpack_sharing_enabled":true,"amp_enabled":true,"_links":{"self":[{"href":"https:\/\/folhapopular.info\/index.php\/wp-json\/wp\/v2\/posts\/96226","targetHints":{"allow":["GET"]}}],"collection":[{"href":"https:\/\/folhapopular.info\/index.php\/wp-json\/wp\/v2\/posts"}],"about":[{"href":"https:\/\/folhapopular.info\/index.php\/wp-json\/wp\/v2\/types\/post"}],"author":[{"embeddable":true,"href":"https:\/\/folhapopular.info\/index.php\/wp-json\/wp\/v2\/users\/619"}],"replies":[{"embeddable":true,"href":"https:\/\/folhapopular.info\/index.php\/wp-json\/wp\/v2\/comments?post=96226"}],"version-history":[{"count":0,"href":"https:\/\/folhapopular.info\/index.php\/wp-json\/wp\/v2\/posts\/96226\/revisions"}],"wp:featuredmedia":[{"embeddable":true,"href":"https:\/\/folhapopular.info\/index.php\/wp-json\/wp\/v2\/media\/96232"}],"wp:attachment":[{"href":"https:\/\/folhapopular.info\/index.php\/wp-json\/wp\/v2\/media?parent=96226"}],"wp:term":[{"taxonomy":"category","embeddable":true,"href":"https:\/\/folhapopular.info\/index.php\/wp-json\/wp\/v2\/categories?post=96226"},{"taxonomy":"post_tag","embeddable":true,"href":"https:\/\/folhapopular.info\/index.php\/wp-json\/wp\/v2\/tags?post=96226"}],"curies":[{"name":"wp","href":"https:\/\/api.w.org\/{rel}","templated":true}]}}