{"id":96869,"date":"2022-01-18T18:15:00","date_gmt":"2022-01-18T21:15:00","guid":{"rendered":"https:\/\/folhapopular.info\/?p=96869"},"modified":"2022-01-18T17:22:33","modified_gmt":"2022-01-18T20:22:33","slug":"estado-anuncia-r-131-milhoes-para-o-desenvolvimento-do-turismo-por-meio-do-programa-avancar","status":"publish","type":"post","link":"https:\/\/folhapopular.info\/index.php\/2022\/01\/18\/estado-anuncia-r-131-milhoes-para-o-desenvolvimento-do-turismo-por-meio-do-programa-avancar\/","title":{"rendered":"Estado anuncia R$ 131 milh\u00f5es para o desenvolvimento do Turismo por meio do programa Avan\u00e7ar"},"content":{"rendered":"\n<p>O governo do Estado lan\u00e7ou, nesta ter\u00e7a-feira (18\/1), o programa Avan\u00e7ar no Turismo, com aporte de R$ 131 milh\u00f5es em recursos do Estado para investimentos nesse segmento no Rio Grande do Sul. O valor \u00e9 treze vezes maior do que o total investido nos \u00faltimos 17 anos no setor tur\u00edstico no Estado. Para celebrar a iniciativa, o an\u00fancio foi feito pelo governador Eduardo Leite e pelo secret\u00e1rio de Turismo, Ronaldo Santini, no cais do porto, na capital, um dos mais conhecidos cart\u00f5es-postais do Rio Grande do Sul.<\/p>\n\n\n\n<p>O governador lembrou que os investimentos v\u00e3o atender n\u00e3o s\u00f3 os turistas, mas tamb\u00e9m os moradores das localidades contempladas, que v\u00e3o poder contar com mais estrutura. \u201cAl\u00e9m de estimularem o senso de pertencimento das comunidades locais e a preserva\u00e7\u00e3o do meio ambiente, s\u00e3o investimentos que v\u00e3o qualificar os espa\u00e7os com voca\u00e7\u00e3o para o turismo, importantes para dar o conforto que o turista deseja para ter boas experi\u00eancias no nosso Estado, e assim gerar mais desenvolvimento a partir desta ind\u00fastria sem chamin\u00e9s, que \u00e9 o turismo\u201d, afirmou o governador.<\/p>\n\n\n\n<figure class=\"wp-block-image size-full is-resized\"><img loading=\"lazy\" decoding=\"async\" src=\"https:\/\/folhapopular.info\/wp-content\/uploads\/2022\/01\/18125407_2020053_GDO.jpg\" alt=\"\" class=\"wp-image-96873\" width=\"463\" height=\"303\"\/><figcaption>&#8220;S\u00e3o investimentos que v\u00e3o qualificar os espa\u00e7os com voca\u00e7\u00e3o para o turismo&#8221;, <br>disse Leite no evento realizado no cais do porto \/ Cr\u00e9dito da foto: Itamar <br>Aguiar \/ Pal\u00e1cio Piratini \/ Divulga\u00e7\u00e3o<\/figcaption><\/figure>\n\n\n\n<p>Do total de recursos anunciados, R$ 128 milh\u00f5es ser\u00e3o destinados a projetos de infraestrutura tur\u00edstica, mediante contrapartida dos munic\u00edpios. Foram selecionados 139 projetos em conv\u00eanio com 134 munic\u00edpios para constru\u00e7\u00e3o, revitaliza\u00e7\u00e3o e\/ou reforma de infraestrutura de equipamentos urbanos ou rurais, com finalidade tur\u00edstica. Com a contrapartida das prefeituras, o investimento ser\u00e1 de R$ 175 milh\u00f5es.<\/p>\n\n\n\n<p>Para a promo\u00e7\u00e3o do desenvolvimento e da qualifica\u00e7\u00e3o do turismo regional, ser\u00e3o destinados R$ 3 milh\u00f5es. O valor ser\u00e1 aplicado em nove projetos selecionados, que v\u00e3o impactar 148 munic\u00edpios nas regi\u00f5es da Uva e Vinho, Carbon\u00edfera, Rota do Yucum\u00e3, Pampa Ga\u00facho, Costa Doce, Terras Encantadas, Campos de Cima da Serra, Quarta Col\u00f4nia e Termas e Lagos.<\/p>\n\n\n\n<p>No evento j\u00e1 foi realizada a assinatura dos 16 primeiros conv\u00eanios entre o Estado e munic\u00edpios dentro do Avan\u00e7ar no Turismo. Assinaram os representantes de Acegu\u00e1, Bento Gon\u00e7alves, Esteio, Gramado, Faxinal do Soturno, Rio Grande, Maquin\u00e9, Lagoa Vermelha, Ubiretama, Bom Jesus, Estrela, Santa Rosa, Cruz Alta, Marcelino Ramos, Uruguaiana, e da Associa\u00e7\u00e3o dos Munic\u00edpios do Litoral Norte.<\/p>\n\n\n\n<p>Secret\u00e1rio de Turismo, Ronaldo Santini destacou a import\u00e2ncia dos projetos para alavancar o turismo depois de um longo per\u00edodo de poucos investimentos em fun\u00e7\u00e3o das dificuldades fiscais que o Estado apresentava.<\/p>\n\n\n\n<p>\u201cO Turismo no Rio Grande do Sul \u00e9 uma das principais fontes de gera\u00e7\u00e3o de emprego e renda e, por muitos anos, ficou desassistido de investimentos por falta de recursos para o setor. Os projetos selecionados, al\u00e9m de obedecer crit\u00e9rios de desenvolvimento do turismo regional, revelam o desejo de diversos munic\u00edpios de terem novas matrizes econ\u00f4micas a partir do turismo\u201d, disse Santini.<\/p>\n\n\n\n<figure class=\"wp-block-image size-full is-resized\"><img loading=\"lazy\" decoding=\"async\" src=\"https:\/\/folhapopular.info\/wp-content\/uploads\/2022\/01\/18115827_2020042_GDO.jpg\" alt=\"\" class=\"wp-image-96874\" width=\"461\" height=\"302\"\/><figcaption>Secret\u00e1rio Ronaldo Santini destacou import\u00e2ncia dos projetos para alavancar <br>turismo no RS \/ Cr\u00e9dito da foto: Itamar Aguiar \/ Pal\u00e1cio Piratini \/ Divulga\u00e7\u00e3o<\/figcaption><\/figure>\n\n\n\n<p><strong>Sobre o Avan\u00e7ar<\/strong><\/p>\n\n\n\n<p>A iniciativa lan\u00e7ada nesta ter\u00e7a (18\/1) integra o Avan\u00e7ar, programa transversal lan\u00e7ado em junho de 2021 e que passou a envolver as iniciativas com as quais o governo pretende acelerar o crescimento econ\u00f4mico e aumentar a qualidade da presta\u00e7\u00e3o de servi\u00e7os \u00e0 popula\u00e7\u00e3o. Mais de R$ 4,6 bilh\u00f5es em recursos do Estado j\u00e1 foram anunciados.<\/p>\n\n\n\n<p>O programa se divide entre os eixos Avan\u00e7ar para as Pessoas, que re\u00fane a\u00e7\u00f5es com foco na presta\u00e7\u00e3o de servi\u00e7os p\u00fablicos nas \u00e1reas de sa\u00fade, educa\u00e7\u00e3o, a\u00e7\u00e3o social, seguran\u00e7a e cultura, Avan\u00e7ar no Crescimento \u2013 apoio \u00e0 atividade econ\u00f4mica, desonera\u00e7\u00f5es fiscais, log\u00edstica e mobilidade \u2013, e Avan\u00e7ar com Sustentabilidade, que engloba projetos nas \u00e1reas ambiental, de tecnologia e de inova\u00e7\u00e3o.<\/p>\n\n\n\n<p><a href=\"https:\/\/www.estado.rs.gov.br\/upload\/arquivos\/\/avancar-turismo-v10.pdf\" target=\"_blank\" rel=\"noreferrer noopener\"><strong>\u2022 Clique aqui e acesse apresenta\u00e7\u00e3o do Avan\u00e7ar no Turismo.<\/strong><\/a><\/p>\n\n\n\n<p><a href=\"https:\/\/www.estado.rs.gov.br\/upload\/arquivos\/\/avancar-turismo-ordemalfab-17012022-vf.pdf\" target=\"_blank\" rel=\"noreferrer noopener\"><strong>\u2022 Clique aqui e acesse a lista dos projetos selecionados.<\/strong><\/a><\/p>\n","protected":false},"excerpt":{"rendered":"<p>O governo do Estado lan\u00e7ou, nesta ter\u00e7a-feira (18\/1), o programa Avan\u00e7ar no Turismo, com aporte de R$ 131 milh\u00f5es em recursos do Estado para investimentos nesse segmento no Rio Grande do Sul. O valor \u00e9 treze vezes maior do que o total investido nos \u00faltimos 17 anos no setor tur\u00edstico no Estado. Para celebrar a [&hellip;]<\/p>\n","protected":false},"author":8,"featured_media":96877,"comment_status":"open","ping_status":"open","sticky":false,"template":"","format":"standard","meta":{"pmpro_default_level":"","_jetpack_memberships_contains_paid_content":false,"footnotes":""},"categories":[2,3],"tags":[6528,7993,82],"class_list":{"0":"post-96869","1":"post","2":"type-post","3":"status-publish","4":"format-standard","5":"has-post-thumbnail","7":"category-featured","8":"category-geral","9":"tag-estado-do-rs","10":"tag-programa-avancar","11":"tag-turismo","12":"pmpro-has-access"},"yoast_head":"<!-- This site is optimized with the Yoast SEO plugin v27.5 - https:\/\/yoast.com\/product\/yoast-seo-wordpress\/ -->\n<title>Estado anuncia R$ 131 milh\u00f5es para o desenvolvimento do Turismo por meio do programa Avan\u00e7ar - Folha Popular<\/title>\n<meta name=\"robots\" content=\"index, follow, max-snippet:-1, max-image-preview:large, max-video-preview:-1\" \/>\n<link rel=\"canonical\" href=\"https:\/\/folhapopular.info\/index.php\/2022\/01\/18\/estado-anuncia-r-131-milhoes-para-o-desenvolvimento-do-turismo-por-meio-do-programa-avancar\/\" \/>\n<meta property=\"og:locale\" content=\"pt_BR\" \/>\n<meta property=\"og:type\" content=\"article\" \/>\n<meta property=\"og:title\" content=\"Estado anuncia R$ 131 milh\u00f5es para o desenvolvimento do Turismo por meio do programa Avan\u00e7ar - Folha Popular\" \/>\n<meta property=\"og:description\" content=\"O governo do Estado lan\u00e7ou, nesta ter\u00e7a-feira (18\/1), o programa Avan\u00e7ar no Turismo, com aporte de R$ 131 milh\u00f5es em recursos do Estado para investimentos nesse segmento no Rio Grande do Sul. O valor \u00e9 treze vezes maior do que o total investido nos \u00faltimos 17 anos no setor tur\u00edstico no Estado. Para celebrar a [&hellip;]\" \/>\n<meta property=\"og:url\" content=\"https:\/\/folhapopular.info\/index.php\/2022\/01\/18\/estado-anuncia-r-131-milhoes-para-o-desenvolvimento-do-turismo-por-meio-do-programa-avancar\/\" \/>\n<meta property=\"og:site_name\" content=\"Folha Popular\" \/>\n<meta property=\"article:published_time\" content=\"2022-01-18T21:15:00+00:00\" \/>\n<meta property=\"og:image\" content=\"https:\/\/folhapopular.info\/wp-content\/uploads\/2022\/01\/18115846_2020075_GDO.jpg\" \/>\n\t<meta property=\"og:image:width\" content=\"800\" \/>\n\t<meta property=\"og:image:height\" content=\"533\" \/>\n\t<meta property=\"og:image:type\" content=\"image\/jpeg\" \/>\n<meta name=\"author\" content=\"Reda\u00e7\u00e3o Folha Popular\" \/>\n<meta name=\"twitter:card\" content=\"summary_large_image\" \/>\n<meta name=\"twitter:label1\" content=\"Escrito por\" \/>\n\t<meta name=\"twitter:data1\" content=\"Reda\u00e7\u00e3o Folha Popular\" \/>\n\t<meta name=\"twitter:label2\" content=\"Est. tempo de leitura\" \/>\n\t<meta name=\"twitter:data2\" content=\"4 minutos\" \/>\n<script type=\"application\/ld+json\" class=\"yoast-schema-graph\">{\"@context\":\"https:\\\/\\\/schema.org\",\"@graph\":[{\"@type\":\"Article\",\"@id\":\"https:\\\/\\\/folhapopular.info\\\/index.php\\\/2022\\\/01\\\/18\\\/estado-anuncia-r-131-milhoes-para-o-desenvolvimento-do-turismo-por-meio-do-programa-avancar\\\/#article\",\"isPartOf\":{\"@id\":\"https:\\\/\\\/folhapopular.info\\\/index.php\\\/2022\\\/01\\\/18\\\/estado-anuncia-r-131-milhoes-para-o-desenvolvimento-do-turismo-por-meio-do-programa-avancar\\\/\"},\"author\":{\"name\":\"Reda\u00e7\u00e3o Folha Popular\",\"@id\":\"https:\\\/\\\/folhapopular.info\\\/#\\\/schema\\\/person\\\/2814e8a0df7643585a9ca38bc6eb9d4b\"},\"headline\":\"Estado anuncia R$ 131 milh\u00f5es para o desenvolvimento do Turismo por meio do programa Avan\u00e7ar\",\"datePublished\":\"2022-01-18T21:15:00+00:00\",\"mainEntityOfPage\":{\"@id\":\"https:\\\/\\\/folhapopular.info\\\/index.php\\\/2022\\\/01\\\/18\\\/estado-anuncia-r-131-milhoes-para-o-desenvolvimento-do-turismo-por-meio-do-programa-avancar\\\/\"},\"wordCount\":714,\"commentCount\":0,\"image\":{\"@id\":\"https:\\\/\\\/folhapopular.info\\\/index.php\\\/2022\\\/01\\\/18\\\/estado-anuncia-r-131-milhoes-para-o-desenvolvimento-do-turismo-por-meio-do-programa-avancar\\\/#primaryimage\"},\"thumbnailUrl\":\"https:\\\/\\\/folhapopular.info\\\/wp-content\\\/uploads\\\/2022\\\/01\\\/18115846_2020075_GDO.jpg\",\"keywords\":[\"Estado do RS\",\"Programa Avan\u00e7ar\",\"Turismo\"],\"articleSection\":[\"Destaques\",\"Geral\"],\"inLanguage\":\"pt-BR\",\"potentialAction\":[{\"@type\":\"CommentAction\",\"name\":\"Comment\",\"target\":[\"https:\\\/\\\/folhapopular.info\\\/index.php\\\/2022\\\/01\\\/18\\\/estado-anuncia-r-131-milhoes-para-o-desenvolvimento-do-turismo-por-meio-do-programa-avancar\\\/#respond\"]}]},{\"@type\":\"WebPage\",\"@id\":\"https:\\\/\\\/folhapopular.info\\\/index.php\\\/2022\\\/01\\\/18\\\/estado-anuncia-r-131-milhoes-para-o-desenvolvimento-do-turismo-por-meio-do-programa-avancar\\\/\",\"url\":\"https:\\\/\\\/folhapopular.info\\\/index.php\\\/2022\\\/01\\\/18\\\/estado-anuncia-r-131-milhoes-para-o-desenvolvimento-do-turismo-por-meio-do-programa-avancar\\\/\",\"name\":\"Estado anuncia R$ 131 milh\u00f5es para o desenvolvimento do Turismo por meio do programa Avan\u00e7ar - Folha Popular\",\"isPartOf\":{\"@id\":\"https:\\\/\\\/folhapopular.info\\\/#website\"},\"primaryImageOfPage\":{\"@id\":\"https:\\\/\\\/folhapopular.info\\\/index.php\\\/2022\\\/01\\\/18\\\/estado-anuncia-r-131-milhoes-para-o-desenvolvimento-do-turismo-por-meio-do-programa-avancar\\\/#primaryimage\"},\"image\":{\"@id\":\"https:\\\/\\\/folhapopular.info\\\/index.php\\\/2022\\\/01\\\/18\\\/estado-anuncia-r-131-milhoes-para-o-desenvolvimento-do-turismo-por-meio-do-programa-avancar\\\/#primaryimage\"},\"thumbnailUrl\":\"https:\\\/\\\/folhapopular.info\\\/wp-content\\\/uploads\\\/2022\\\/01\\\/18115846_2020075_GDO.jpg\",\"datePublished\":\"2022-01-18T21:15:00+00:00\",\"author\":{\"@id\":\"https:\\\/\\\/folhapopular.info\\\/#\\\/schema\\\/person\\\/2814e8a0df7643585a9ca38bc6eb9d4b\"},\"breadcrumb\":{\"@id\":\"https:\\\/\\\/folhapopular.info\\\/index.php\\\/2022\\\/01\\\/18\\\/estado-anuncia-r-131-milhoes-para-o-desenvolvimento-do-turismo-por-meio-do-programa-avancar\\\/#breadcrumb\"},\"inLanguage\":\"pt-BR\",\"potentialAction\":[{\"@type\":\"ReadAction\",\"target\":[\"https:\\\/\\\/folhapopular.info\\\/index.php\\\/2022\\\/01\\\/18\\\/estado-anuncia-r-131-milhoes-para-o-desenvolvimento-do-turismo-por-meio-do-programa-avancar\\\/\"]}]},{\"@type\":\"ImageObject\",\"inLanguage\":\"pt-BR\",\"@id\":\"https:\\\/\\\/folhapopular.info\\\/index.php\\\/2022\\\/01\\\/18\\\/estado-anuncia-r-131-milhoes-para-o-desenvolvimento-do-turismo-por-meio-do-programa-avancar\\\/#primaryimage\",\"url\":\"https:\\\/\\\/folhapopular.info\\\/wp-content\\\/uploads\\\/2022\\\/01\\\/18115846_2020075_GDO.jpg\",\"contentUrl\":\"https:\\\/\\\/folhapopular.info\\\/wp-content\\\/uploads\\\/2022\\\/01\\\/18115846_2020075_GDO.jpg\",\"width\":800,\"height\":533,\"caption\":\"Programa lan\u00e7ado nesta ter\u00e7a (18) integra o Avan\u00e7ar, que j\u00e1 soma R$ 4,6 bilh\u00f5es investidos em diferentes \u00e1reas \\\/ Cr\u00e9dito da foto: Itamar Aguiar \\\/ Pal\u00e1cio Piratini \\\/ Divulga\u00e7\u00e3o\"},{\"@type\":\"BreadcrumbList\",\"@id\":\"https:\\\/\\\/folhapopular.info\\\/index.php\\\/2022\\\/01\\\/18\\\/estado-anuncia-r-131-milhoes-para-o-desenvolvimento-do-turismo-por-meio-do-programa-avancar\\\/#breadcrumb\",\"itemListElement\":[{\"@type\":\"ListItem\",\"position\":1,\"name\":\"In\u00edcio\",\"item\":\"https:\\\/\\\/folhapopular.info\\\/\"},{\"@type\":\"ListItem\",\"position\":2,\"name\":\"Estado anuncia R$ 131 milh\u00f5es para o desenvolvimento do Turismo por meio do programa Avan\u00e7ar\"}]},{\"@type\":\"WebSite\",\"@id\":\"https:\\\/\\\/folhapopular.info\\\/#website\",\"url\":\"https:\\\/\\\/folhapopular.info\\\/\",\"name\":\"Folha Popular\",\"description\":\"Onde voc\u00ea tem vez e voz\",\"potentialAction\":[{\"@type\":\"SearchAction\",\"target\":{\"@type\":\"EntryPoint\",\"urlTemplate\":\"https:\\\/\\\/folhapopular.info\\\/?s={search_term_string}\"},\"query-input\":{\"@type\":\"PropertyValueSpecification\",\"valueRequired\":true,\"valueName\":\"search_term_string\"}}],\"inLanguage\":\"pt-BR\"},{\"@type\":\"Person\",\"@id\":\"https:\\\/\\\/folhapopular.info\\\/#\\\/schema\\\/person\\\/2814e8a0df7643585a9ca38bc6eb9d4b\",\"name\":\"Reda\u00e7\u00e3o Folha Popular\",\"image\":{\"@type\":\"ImageObject\",\"inLanguage\":\"pt-BR\",\"@id\":\"https:\\\/\\\/folhapopular.info\\\/wp-content\\\/uploads\\\/2026\\\/04\\\/Folha-1.webp\",\"url\":\"https:\\\/\\\/folhapopular.info\\\/wp-content\\\/uploads\\\/2026\\\/04\\\/Folha-1.webp\",\"contentUrl\":\"https:\\\/\\\/folhapopular.info\\\/wp-content\\\/uploads\\\/2026\\\/04\\\/Folha-1.webp\",\"caption\":\"Reda\u00e7\u00e3o Folha Popular\"},\"url\":\"https:\\\/\\\/folhapopular.info\\\/index.php\\\/author\\\/redacao\\\/\"}]}<\/script>\n<!-- \/ Yoast SEO plugin. -->","yoast_head_json":{"title":"Estado anuncia R$ 131 milh\u00f5es para o desenvolvimento do Turismo por meio do programa Avan\u00e7ar - Folha Popular","robots":{"index":"index","follow":"follow","max-snippet":"max-snippet:-1","max-image-preview":"max-image-preview:large","max-video-preview":"max-video-preview:-1"},"canonical":"https:\/\/folhapopular.info\/index.php\/2022\/01\/18\/estado-anuncia-r-131-milhoes-para-o-desenvolvimento-do-turismo-por-meio-do-programa-avancar\/","og_locale":"pt_BR","og_type":"article","og_title":"Estado anuncia R$ 131 milh\u00f5es para o desenvolvimento do Turismo por meio do programa Avan\u00e7ar - Folha Popular","og_description":"O governo do Estado lan\u00e7ou, nesta ter\u00e7a-feira (18\/1), o programa Avan\u00e7ar no Turismo, com aporte de R$ 131 milh\u00f5es em recursos do Estado para investimentos nesse segmento no Rio Grande do Sul. O valor \u00e9 treze vezes maior do que o total investido nos \u00faltimos 17 anos no setor tur\u00edstico no Estado. Para celebrar a [&hellip;]","og_url":"https:\/\/folhapopular.info\/index.php\/2022\/01\/18\/estado-anuncia-r-131-milhoes-para-o-desenvolvimento-do-turismo-por-meio-do-programa-avancar\/","og_site_name":"Folha Popular","article_published_time":"2022-01-18T21:15:00+00:00","og_image":[{"width":800,"height":533,"url":"https:\/\/folhapopular.info\/wp-content\/uploads\/2022\/01\/18115846_2020075_GDO.jpg","type":"image\/jpeg"}],"author":"Reda\u00e7\u00e3o Folha Popular","twitter_card":"summary_large_image","twitter_misc":{"Escrito por":"Reda\u00e7\u00e3o Folha Popular","Est. tempo de leitura":"4 minutos"},"schema":{"@context":"https:\/\/schema.org","@graph":[{"@type":"Article","@id":"https:\/\/folhapopular.info\/index.php\/2022\/01\/18\/estado-anuncia-r-131-milhoes-para-o-desenvolvimento-do-turismo-por-meio-do-programa-avancar\/#article","isPartOf":{"@id":"https:\/\/folhapopular.info\/index.php\/2022\/01\/18\/estado-anuncia-r-131-milhoes-para-o-desenvolvimento-do-turismo-por-meio-do-programa-avancar\/"},"author":{"name":"Reda\u00e7\u00e3o Folha Popular","@id":"https:\/\/folhapopular.info\/#\/schema\/person\/2814e8a0df7643585a9ca38bc6eb9d4b"},"headline":"Estado anuncia R$ 131 milh\u00f5es para o desenvolvimento do Turismo por meio do programa Avan\u00e7ar","datePublished":"2022-01-18T21:15:00+00:00","mainEntityOfPage":{"@id":"https:\/\/folhapopular.info\/index.php\/2022\/01\/18\/estado-anuncia-r-131-milhoes-para-o-desenvolvimento-do-turismo-por-meio-do-programa-avancar\/"},"wordCount":714,"commentCount":0,"image":{"@id":"https:\/\/folhapopular.info\/index.php\/2022\/01\/18\/estado-anuncia-r-131-milhoes-para-o-desenvolvimento-do-turismo-por-meio-do-programa-avancar\/#primaryimage"},"thumbnailUrl":"https:\/\/folhapopular.info\/wp-content\/uploads\/2022\/01\/18115846_2020075_GDO.jpg","keywords":["Estado do RS","Programa Avan\u00e7ar","Turismo"],"articleSection":["Destaques","Geral"],"inLanguage":"pt-BR","potentialAction":[{"@type":"CommentAction","name":"Comment","target":["https:\/\/folhapopular.info\/index.php\/2022\/01\/18\/estado-anuncia-r-131-milhoes-para-o-desenvolvimento-do-turismo-por-meio-do-programa-avancar\/#respond"]}]},{"@type":"WebPage","@id":"https:\/\/folhapopular.info\/index.php\/2022\/01\/18\/estado-anuncia-r-131-milhoes-para-o-desenvolvimento-do-turismo-por-meio-do-programa-avancar\/","url":"https:\/\/folhapopular.info\/index.php\/2022\/01\/18\/estado-anuncia-r-131-milhoes-para-o-desenvolvimento-do-turismo-por-meio-do-programa-avancar\/","name":"Estado anuncia R$ 131 milh\u00f5es para o desenvolvimento do Turismo por meio do programa Avan\u00e7ar - Folha Popular","isPartOf":{"@id":"https:\/\/folhapopular.info\/#website"},"primaryImageOfPage":{"@id":"https:\/\/folhapopular.info\/index.php\/2022\/01\/18\/estado-anuncia-r-131-milhoes-para-o-desenvolvimento-do-turismo-por-meio-do-programa-avancar\/#primaryimage"},"image":{"@id":"https:\/\/folhapopular.info\/index.php\/2022\/01\/18\/estado-anuncia-r-131-milhoes-para-o-desenvolvimento-do-turismo-por-meio-do-programa-avancar\/#primaryimage"},"thumbnailUrl":"https:\/\/folhapopular.info\/wp-content\/uploads\/2022\/01\/18115846_2020075_GDO.jpg","datePublished":"2022-01-18T21:15:00+00:00","author":{"@id":"https:\/\/folhapopular.info\/#\/schema\/person\/2814e8a0df7643585a9ca38bc6eb9d4b"},"breadcrumb":{"@id":"https:\/\/folhapopular.info\/index.php\/2022\/01\/18\/estado-anuncia-r-131-milhoes-para-o-desenvolvimento-do-turismo-por-meio-do-programa-avancar\/#breadcrumb"},"inLanguage":"pt-BR","potentialAction":[{"@type":"ReadAction","target":["https:\/\/folhapopular.info\/index.php\/2022\/01\/18\/estado-anuncia-r-131-milhoes-para-o-desenvolvimento-do-turismo-por-meio-do-programa-avancar\/"]}]},{"@type":"ImageObject","inLanguage":"pt-BR","@id":"https:\/\/folhapopular.info\/index.php\/2022\/01\/18\/estado-anuncia-r-131-milhoes-para-o-desenvolvimento-do-turismo-por-meio-do-programa-avancar\/#primaryimage","url":"https:\/\/folhapopular.info\/wp-content\/uploads\/2022\/01\/18115846_2020075_GDO.jpg","contentUrl":"https:\/\/folhapopular.info\/wp-content\/uploads\/2022\/01\/18115846_2020075_GDO.jpg","width":800,"height":533,"caption":"Programa lan\u00e7ado nesta ter\u00e7a (18) integra o Avan\u00e7ar, que j\u00e1 soma R$ 4,6 bilh\u00f5es investidos em diferentes \u00e1reas \/ Cr\u00e9dito da foto: Itamar Aguiar \/ Pal\u00e1cio Piratini \/ Divulga\u00e7\u00e3o"},{"@type":"BreadcrumbList","@id":"https:\/\/folhapopular.info\/index.php\/2022\/01\/18\/estado-anuncia-r-131-milhoes-para-o-desenvolvimento-do-turismo-por-meio-do-programa-avancar\/#breadcrumb","itemListElement":[{"@type":"ListItem","position":1,"name":"In\u00edcio","item":"https:\/\/folhapopular.info\/"},{"@type":"ListItem","position":2,"name":"Estado anuncia R$ 131 milh\u00f5es para o desenvolvimento do Turismo por meio do programa Avan\u00e7ar"}]},{"@type":"WebSite","@id":"https:\/\/folhapopular.info\/#website","url":"https:\/\/folhapopular.info\/","name":"Folha Popular","description":"Onde voc\u00ea tem vez e voz","potentialAction":[{"@type":"SearchAction","target":{"@type":"EntryPoint","urlTemplate":"https:\/\/folhapopular.info\/?s={search_term_string}"},"query-input":{"@type":"PropertyValueSpecification","valueRequired":true,"valueName":"search_term_string"}}],"inLanguage":"pt-BR"},{"@type":"Person","@id":"https:\/\/folhapopular.info\/#\/schema\/person\/2814e8a0df7643585a9ca38bc6eb9d4b","name":"Reda\u00e7\u00e3o Folha Popular","image":{"@type":"ImageObject","inLanguage":"pt-BR","@id":"https:\/\/folhapopular.info\/wp-content\/uploads\/2026\/04\/Folha-1.webp","url":"https:\/\/folhapopular.info\/wp-content\/uploads\/2026\/04\/Folha-1.webp","contentUrl":"https:\/\/folhapopular.info\/wp-content\/uploads\/2026\/04\/Folha-1.webp","caption":"Reda\u00e7\u00e3o Folha Popular"},"url":"https:\/\/folhapopular.info\/index.php\/author\/redacao\/"}]}},"jetpack_featured_media_url":"https:\/\/folhapopular.info\/wp-content\/uploads\/2022\/01\/18115846_2020075_GDO.jpg","jetpack_sharing_enabled":true,"amp_enabled":true,"_links":{"self":[{"href":"https:\/\/folhapopular.info\/index.php\/wp-json\/wp\/v2\/posts\/96869","targetHints":{"allow":["GET"]}}],"collection":[{"href":"https:\/\/folhapopular.info\/index.php\/wp-json\/wp\/v2\/posts"}],"about":[{"href":"https:\/\/folhapopular.info\/index.php\/wp-json\/wp\/v2\/types\/post"}],"author":[{"embeddable":true,"href":"https:\/\/folhapopular.info\/index.php\/wp-json\/wp\/v2\/users\/8"}],"replies":[{"embeddable":true,"href":"https:\/\/folhapopular.info\/index.php\/wp-json\/wp\/v2\/comments?post=96869"}],"version-history":[{"count":0,"href":"https:\/\/folhapopular.info\/index.php\/wp-json\/wp\/v2\/posts\/96869\/revisions"}],"wp:featuredmedia":[{"embeddable":true,"href":"https:\/\/folhapopular.info\/index.php\/wp-json\/wp\/v2\/media\/96877"}],"wp:attachment":[{"href":"https:\/\/folhapopular.info\/index.php\/wp-json\/wp\/v2\/media?parent=96869"}],"wp:term":[{"taxonomy":"category","embeddable":true,"href":"https:\/\/folhapopular.info\/index.php\/wp-json\/wp\/v2\/categories?post=96869"},{"taxonomy":"post_tag","embeddable":true,"href":"https:\/\/folhapopular.info\/index.php\/wp-json\/wp\/v2\/tags?post=96869"}],"curies":[{"name":"wp","href":"https:\/\/api.w.org\/{rel}","templated":true}]}}