{"id":96911,"date":"2022-01-19T11:08:33","date_gmt":"2022-01-19T14:08:33","guid":{"rendered":"https:\/\/folhapopular.info\/?p=96911"},"modified":"2022-01-19T11:08:55","modified_gmt":"2022-01-19T14:08:55","slug":"piso-do-magisterio-e-pauta-da-primeira-assembleia-da-amvat-do-ano","status":"publish","type":"post","link":"https:\/\/folhapopular.info\/index.php\/2022\/01\/19\/piso-do-magisterio-e-pauta-da-primeira-assembleia-da-amvat-do-ano\/","title":{"rendered":"Piso do Magist\u00e9rio \u00e9 pauta da primeira assembleia da Amvat do ano"},"content":{"rendered":"\n<p>Tendo como pauta principal a situa\u00e7\u00e3o do Piso do Magist\u00e9rio, a Associa\u00e7\u00e3o dos Munic\u00edpios do Vale do Taquari (Amvat) realiza, nesta quarta-feira (19\/1), a primeira assembleia geral do ano. O encontro ser\u00e1 presencial e ocorre no Centro Administrativo de Encantado, com in\u00edcio \u00e0s 14h. De acordo com o presidente Sandro Herrmann, pela relev\u00e2ncia deste e outros assuntos em pauta, como a regionaliza\u00e7\u00e3o do saneamento b\u00e1sico e contratos com a Corsan, o convite \u00e9 extensivo aos secret\u00e1rios da Educa\u00e7\u00e3o e Fazenda e aos procuradores municipais.<\/p>\n\n\n\n<p><br>O palestrante ser\u00e1 o diretor da CDP- Consultoria em Direito P\u00fablico, de Porto Alegre, advogado Gladimir Chiele. Ele ressalta que a Lei 14.133 alterou, a partir de outubro de 2021, a situa\u00e7\u00e3o do Piso Nacional do Magist\u00e9rio, o que incidiu na emiss\u00e3o de portaria do Minist\u00e9rio da Educa\u00e7\u00e3o, conjunta com o Minist\u00e9rio da Economia, fixando percentual de reajuste. &nbsp;\u201cEssa situa\u00e7\u00e3o existente no \u00e2mbito municipal, por conta da legisla\u00e7\u00e3o especifica que trata da progress\u00e3o da carreira do Magist\u00e9rio local, cria um cen\u00e1rio de reajuste para o conjunto do Magist\u00e9rio na ordem de 33% em raz\u00e3o da vincula\u00e7\u00e3o com o valor referencial, o vencimento b\u00e1sico da categoria, que \u00e9 atrelado ao valor do piso\u201d, explica Chiele.<\/p>\n\n\n\n<p><br>&nbsp;\u201c\u00c9 necess\u00e1rio que o munic\u00edpio adote medidas legislativas para altera\u00e7\u00f5es das normas municipais, a fim de que esse atrelamento deixe de existir e se modifique o procedimento de c\u00f4mputo da progress\u00e3o na carreira na pr\u00f3pria tabela de progress\u00e3o do Magist\u00e9rio, alterando as al\u00edquotas e percentuais por outro tipo de procedimento, que seria&nbsp;por meio de n\u00famero\/valores absolutos\u201d. Na assembleia, segundo ele, ser\u00e3o apresentadas alternativas, sugest\u00f5es e o funcionamento do mecanismo atual de reajuste com base na legisla\u00e7\u00e3o que est\u00e1 em vigor, e sugeridas as altera\u00e7\u00f5es principais.<\/p>\n\n\n\n<p><br>Outra pauta diz respeito ao saneamento b\u00e1sico e as altera\u00e7\u00f5es produzidas pela Lei 14.026\/2020, que trata da universaliza\u00e7\u00e3o dos servi\u00e7os de saneamento, incluindo esgotamento sanit\u00e1rio e distribui\u00e7\u00e3o de \u00e1gua, bem como o projeto relativo \u00e0 Corsan. Conforme Chiele, o aditivo proposto aos munic\u00edpios merece uma avalia\u00e7\u00e3o de natureza t\u00e9cnica e legal, &nbsp;mas tamb\u00e9m das alternativas que os munic\u00edpios e a regi\u00e3o como bloco v\u00e3o ter em rela\u00e7\u00e3o \u00e0 presta\u00e7\u00e3o de servi\u00e7os de saneamento daqui pra frente. \u201cAinda existe uma rela\u00e7\u00e3o contratual em vigor com a Corsan e em rela\u00e7\u00e3o a isso os munic\u00edpios, mesmo os que n\u00e3o s\u00e3o abastecidos pela companhia, poder\u00e3o trabalhar conjuntamente e definir a situa\u00e7\u00e3o do saneamento de forma coletiva\u201d, destaca.&nbsp; <\/p>\n\n\n\n<p>Por fim, deve ser abordada ainda, na assembleia, a quest\u00e3o dos servidores que permanecem no cargo mesmo ap\u00f3s aposentadoria pelo Regime Geral (INSS), &nbsp;que deve ser tratada \u00e0 luz de lei municipal e da decis\u00e3o do Supremo Tribunal Federal.&nbsp;<\/p>\n\n\n\n<p><\/p>\n\n\n\n<p><\/p>\n\n\n\n<p><\/p>\n\n\n\n<p><\/p>\n\n\n\n<p><\/p>\n","protected":false},"excerpt":{"rendered":"<p>Tendo como pauta principal a situa\u00e7\u00e3o do Piso do Magist\u00e9rio, a Associa\u00e7\u00e3o dos Munic\u00edpios do Vale do Taquari (Amvat) realiza, nesta quarta-feira (19\/1), a primeira assembleia geral do ano. O encontro ser\u00e1 presencial e ocorre no Centro Administrativo de Encantado, com in\u00edcio \u00e0s 14h. De acordo com o presidente Sandro Herrmann, pela relev\u00e2ncia deste e [&hellip;]<\/p>\n","protected":false},"author":8,"featured_media":96915,"comment_status":"open","ping_status":"open","sticky":false,"template":"","format":"standard","meta":{"pmpro_default_level":"","_jetpack_memberships_contains_paid_content":false,"footnotes":""},"categories":[2,3],"tags":[261,1794],"class_list":{"0":"post-96911","1":"post","2":"type-post","3":"status-publish","4":"format-standard","5":"has-post-thumbnail","7":"category-featured","8":"category-geral","9":"tag-amvat","10":"tag-rio-grande-do-sul","11":"pmpro-has-access"},"yoast_head":"<!-- This site is optimized with the Yoast SEO plugin v27.5 - https:\/\/yoast.com\/product\/yoast-seo-wordpress\/ -->\n<title>Piso do Magist\u00e9rio \u00e9 pauta da primeira assembleia da Amvat do ano - Folha Popular<\/title>\n<meta name=\"robots\" content=\"index, follow, max-snippet:-1, max-image-preview:large, max-video-preview:-1\" \/>\n<link rel=\"canonical\" href=\"https:\/\/folhapopular.info\/index.php\/2022\/01\/19\/piso-do-magisterio-e-pauta-da-primeira-assembleia-da-amvat-do-ano\/\" \/>\n<meta property=\"og:locale\" content=\"pt_BR\" \/>\n<meta property=\"og:type\" content=\"article\" \/>\n<meta property=\"og:title\" content=\"Piso do Magist\u00e9rio \u00e9 pauta da primeira assembleia da Amvat do ano - Folha Popular\" \/>\n<meta property=\"og:description\" content=\"Tendo como pauta principal a situa\u00e7\u00e3o do Piso do Magist\u00e9rio, a Associa\u00e7\u00e3o dos Munic\u00edpios do Vale do Taquari (Amvat) realiza, nesta quarta-feira (19\/1), a primeira assembleia geral do ano. O encontro ser\u00e1 presencial e ocorre no Centro Administrativo de Encantado, com in\u00edcio \u00e0s 14h. De acordo com o presidente Sandro Herrmann, pela relev\u00e2ncia deste e [&hellip;]\" \/>\n<meta property=\"og:url\" content=\"https:\/\/folhapopular.info\/index.php\/2022\/01\/19\/piso-do-magisterio-e-pauta-da-primeira-assembleia-da-amvat-do-ano\/\" \/>\n<meta property=\"og:site_name\" content=\"Folha Popular\" \/>\n<meta property=\"article:published_time\" content=\"2022-01-19T14:08:33+00:00\" \/>\n<meta property=\"article:modified_time\" content=\"2022-01-19T14:08:55+00:00\" \/>\n<meta property=\"og:image\" content=\"http:\/\/folhapopular.info\/wp-content\/uploads\/2022\/01\/Chiele-2.jpg\" \/>\n\t<meta property=\"og:image:width\" content=\"250\" \/>\n\t<meta property=\"og:image:height\" content=\"375\" \/>\n\t<meta property=\"og:image:type\" content=\"image\/jpeg\" \/>\n<meta name=\"author\" content=\"Reda\u00e7\u00e3o Folha Popular\" \/>\n<meta name=\"twitter:card\" content=\"summary_large_image\" \/>\n<meta name=\"twitter:label1\" content=\"Escrito por\" \/>\n\t<meta name=\"twitter:data1\" content=\"Reda\u00e7\u00e3o Folha Popular\" \/>\n\t<meta name=\"twitter:label2\" content=\"Est. tempo de leitura\" \/>\n\t<meta name=\"twitter:data2\" content=\"3 minutos\" \/>\n<script type=\"application\/ld+json\" class=\"yoast-schema-graph\">{\"@context\":\"https:\\\/\\\/schema.org\",\"@graph\":[{\"@type\":\"Article\",\"@id\":\"https:\\\/\\\/folhapopular.info\\\/index.php\\\/2022\\\/01\\\/19\\\/piso-do-magisterio-e-pauta-da-primeira-assembleia-da-amvat-do-ano\\\/#article\",\"isPartOf\":{\"@id\":\"https:\\\/\\\/folhapopular.info\\\/index.php\\\/2022\\\/01\\\/19\\\/piso-do-magisterio-e-pauta-da-primeira-assembleia-da-amvat-do-ano\\\/\"},\"author\":{\"name\":\"Reda\u00e7\u00e3o Folha Popular\",\"@id\":\"https:\\\/\\\/folhapopular.info\\\/#\\\/schema\\\/person\\\/2814e8a0df7643585a9ca38bc6eb9d4b\"},\"headline\":\"Piso do Magist\u00e9rio \u00e9 pauta da primeira assembleia da Amvat do ano\",\"datePublished\":\"2022-01-19T14:08:33+00:00\",\"dateModified\":\"2022-01-19T14:08:55+00:00\",\"mainEntityOfPage\":{\"@id\":\"https:\\\/\\\/folhapopular.info\\\/index.php\\\/2022\\\/01\\\/19\\\/piso-do-magisterio-e-pauta-da-primeira-assembleia-da-amvat-do-ano\\\/\"},\"wordCount\":512,\"commentCount\":0,\"image\":{\"@id\":\"https:\\\/\\\/folhapopular.info\\\/index.php\\\/2022\\\/01\\\/19\\\/piso-do-magisterio-e-pauta-da-primeira-assembleia-da-amvat-do-ano\\\/#primaryimage\"},\"thumbnailUrl\":\"https:\\\/\\\/folhapopular.info\\\/wp-content\\\/uploads\\\/2022\\\/01\\\/Chiele-2.jpg\",\"keywords\":[\"AMVAT\",\"Rio Grande do Sul\"],\"articleSection\":[\"Destaques\",\"Geral\"],\"inLanguage\":\"pt-BR\",\"potentialAction\":[{\"@type\":\"CommentAction\",\"name\":\"Comment\",\"target\":[\"https:\\\/\\\/folhapopular.info\\\/index.php\\\/2022\\\/01\\\/19\\\/piso-do-magisterio-e-pauta-da-primeira-assembleia-da-amvat-do-ano\\\/#respond\"]}]},{\"@type\":\"WebPage\",\"@id\":\"https:\\\/\\\/folhapopular.info\\\/index.php\\\/2022\\\/01\\\/19\\\/piso-do-magisterio-e-pauta-da-primeira-assembleia-da-amvat-do-ano\\\/\",\"url\":\"https:\\\/\\\/folhapopular.info\\\/index.php\\\/2022\\\/01\\\/19\\\/piso-do-magisterio-e-pauta-da-primeira-assembleia-da-amvat-do-ano\\\/\",\"name\":\"Piso do Magist\u00e9rio \u00e9 pauta da primeira assembleia da Amvat do ano - Folha Popular\",\"isPartOf\":{\"@id\":\"https:\\\/\\\/folhapopular.info\\\/#website\"},\"primaryImageOfPage\":{\"@id\":\"https:\\\/\\\/folhapopular.info\\\/index.php\\\/2022\\\/01\\\/19\\\/piso-do-magisterio-e-pauta-da-primeira-assembleia-da-amvat-do-ano\\\/#primaryimage\"},\"image\":{\"@id\":\"https:\\\/\\\/folhapopular.info\\\/index.php\\\/2022\\\/01\\\/19\\\/piso-do-magisterio-e-pauta-da-primeira-assembleia-da-amvat-do-ano\\\/#primaryimage\"},\"thumbnailUrl\":\"https:\\\/\\\/folhapopular.info\\\/wp-content\\\/uploads\\\/2022\\\/01\\\/Chiele-2.jpg\",\"datePublished\":\"2022-01-19T14:08:33+00:00\",\"dateModified\":\"2022-01-19T14:08:55+00:00\",\"author\":{\"@id\":\"https:\\\/\\\/folhapopular.info\\\/#\\\/schema\\\/person\\\/2814e8a0df7643585a9ca38bc6eb9d4b\"},\"breadcrumb\":{\"@id\":\"https:\\\/\\\/folhapopular.info\\\/index.php\\\/2022\\\/01\\\/19\\\/piso-do-magisterio-e-pauta-da-primeira-assembleia-da-amvat-do-ano\\\/#breadcrumb\"},\"inLanguage\":\"pt-BR\",\"potentialAction\":[{\"@type\":\"ReadAction\",\"target\":[\"https:\\\/\\\/folhapopular.info\\\/index.php\\\/2022\\\/01\\\/19\\\/piso-do-magisterio-e-pauta-da-primeira-assembleia-da-amvat-do-ano\\\/\"]}]},{\"@type\":\"ImageObject\",\"inLanguage\":\"pt-BR\",\"@id\":\"https:\\\/\\\/folhapopular.info\\\/index.php\\\/2022\\\/01\\\/19\\\/piso-do-magisterio-e-pauta-da-primeira-assembleia-da-amvat-do-ano\\\/#primaryimage\",\"url\":\"https:\\\/\\\/folhapopular.info\\\/wp-content\\\/uploads\\\/2022\\\/01\\\/Chiele-2.jpg\",\"contentUrl\":\"https:\\\/\\\/folhapopular.info\\\/wp-content\\\/uploads\\\/2022\\\/01\\\/Chiele-2.jpg\",\"width\":250,\"height\":375,\"caption\":\"Advogado Gladimir Chiele, que ser\u00e1 o palestrante na assembleia \\\/ Cr\u00e9dito da foto: Divulga\u00e7\u00e3o\"},{\"@type\":\"BreadcrumbList\",\"@id\":\"https:\\\/\\\/folhapopular.info\\\/index.php\\\/2022\\\/01\\\/19\\\/piso-do-magisterio-e-pauta-da-primeira-assembleia-da-amvat-do-ano\\\/#breadcrumb\",\"itemListElement\":[{\"@type\":\"ListItem\",\"position\":1,\"name\":\"In\u00edcio\",\"item\":\"https:\\\/\\\/folhapopular.info\\\/\"},{\"@type\":\"ListItem\",\"position\":2,\"name\":\"Piso do Magist\u00e9rio \u00e9 pauta da primeira assembleia da Amvat do ano\"}]},{\"@type\":\"WebSite\",\"@id\":\"https:\\\/\\\/folhapopular.info\\\/#website\",\"url\":\"https:\\\/\\\/folhapopular.info\\\/\",\"name\":\"Folha Popular\",\"description\":\"Onde voc\u00ea tem vez e voz\",\"potentialAction\":[{\"@type\":\"SearchAction\",\"target\":{\"@type\":\"EntryPoint\",\"urlTemplate\":\"https:\\\/\\\/folhapopular.info\\\/?s={search_term_string}\"},\"query-input\":{\"@type\":\"PropertyValueSpecification\",\"valueRequired\":true,\"valueName\":\"search_term_string\"}}],\"inLanguage\":\"pt-BR\"},{\"@type\":\"Person\",\"@id\":\"https:\\\/\\\/folhapopular.info\\\/#\\\/schema\\\/person\\\/2814e8a0df7643585a9ca38bc6eb9d4b\",\"name\":\"Reda\u00e7\u00e3o Folha Popular\",\"image\":{\"@type\":\"ImageObject\",\"inLanguage\":\"pt-BR\",\"@id\":\"https:\\\/\\\/folhapopular.info\\\/wp-content\\\/uploads\\\/2026\\\/04\\\/Folha-1.webp\",\"url\":\"https:\\\/\\\/folhapopular.info\\\/wp-content\\\/uploads\\\/2026\\\/04\\\/Folha-1.webp\",\"contentUrl\":\"https:\\\/\\\/folhapopular.info\\\/wp-content\\\/uploads\\\/2026\\\/04\\\/Folha-1.webp\",\"caption\":\"Reda\u00e7\u00e3o Folha Popular\"},\"url\":\"https:\\\/\\\/folhapopular.info\\\/index.php\\\/author\\\/redacao\\\/\"}]}<\/script>\n<!-- \/ Yoast SEO plugin. -->","yoast_head_json":{"title":"Piso do Magist\u00e9rio \u00e9 pauta da primeira assembleia da Amvat do ano - Folha Popular","robots":{"index":"index","follow":"follow","max-snippet":"max-snippet:-1","max-image-preview":"max-image-preview:large","max-video-preview":"max-video-preview:-1"},"canonical":"https:\/\/folhapopular.info\/index.php\/2022\/01\/19\/piso-do-magisterio-e-pauta-da-primeira-assembleia-da-amvat-do-ano\/","og_locale":"pt_BR","og_type":"article","og_title":"Piso do Magist\u00e9rio \u00e9 pauta da primeira assembleia da Amvat do ano - Folha Popular","og_description":"Tendo como pauta principal a situa\u00e7\u00e3o do Piso do Magist\u00e9rio, a Associa\u00e7\u00e3o dos Munic\u00edpios do Vale do Taquari (Amvat) realiza, nesta quarta-feira (19\/1), a primeira assembleia geral do ano. O encontro ser\u00e1 presencial e ocorre no Centro Administrativo de Encantado, com in\u00edcio \u00e0s 14h. De acordo com o presidente Sandro Herrmann, pela relev\u00e2ncia deste e [&hellip;]","og_url":"https:\/\/folhapopular.info\/index.php\/2022\/01\/19\/piso-do-magisterio-e-pauta-da-primeira-assembleia-da-amvat-do-ano\/","og_site_name":"Folha Popular","article_published_time":"2022-01-19T14:08:33+00:00","article_modified_time":"2022-01-19T14:08:55+00:00","og_image":[{"width":250,"height":375,"url":"http:\/\/folhapopular.info\/wp-content\/uploads\/2022\/01\/Chiele-2.jpg","type":"image\/jpeg"}],"author":"Reda\u00e7\u00e3o Folha Popular","twitter_card":"summary_large_image","twitter_misc":{"Escrito por":"Reda\u00e7\u00e3o Folha Popular","Est. tempo de leitura":"3 minutos"},"schema":{"@context":"https:\/\/schema.org","@graph":[{"@type":"Article","@id":"https:\/\/folhapopular.info\/index.php\/2022\/01\/19\/piso-do-magisterio-e-pauta-da-primeira-assembleia-da-amvat-do-ano\/#article","isPartOf":{"@id":"https:\/\/folhapopular.info\/index.php\/2022\/01\/19\/piso-do-magisterio-e-pauta-da-primeira-assembleia-da-amvat-do-ano\/"},"author":{"name":"Reda\u00e7\u00e3o Folha Popular","@id":"https:\/\/folhapopular.info\/#\/schema\/person\/2814e8a0df7643585a9ca38bc6eb9d4b"},"headline":"Piso do Magist\u00e9rio \u00e9 pauta da primeira assembleia da Amvat do ano","datePublished":"2022-01-19T14:08:33+00:00","dateModified":"2022-01-19T14:08:55+00:00","mainEntityOfPage":{"@id":"https:\/\/folhapopular.info\/index.php\/2022\/01\/19\/piso-do-magisterio-e-pauta-da-primeira-assembleia-da-amvat-do-ano\/"},"wordCount":512,"commentCount":0,"image":{"@id":"https:\/\/folhapopular.info\/index.php\/2022\/01\/19\/piso-do-magisterio-e-pauta-da-primeira-assembleia-da-amvat-do-ano\/#primaryimage"},"thumbnailUrl":"https:\/\/folhapopular.info\/wp-content\/uploads\/2022\/01\/Chiele-2.jpg","keywords":["AMVAT","Rio Grande do Sul"],"articleSection":["Destaques","Geral"],"inLanguage":"pt-BR","potentialAction":[{"@type":"CommentAction","name":"Comment","target":["https:\/\/folhapopular.info\/index.php\/2022\/01\/19\/piso-do-magisterio-e-pauta-da-primeira-assembleia-da-amvat-do-ano\/#respond"]}]},{"@type":"WebPage","@id":"https:\/\/folhapopular.info\/index.php\/2022\/01\/19\/piso-do-magisterio-e-pauta-da-primeira-assembleia-da-amvat-do-ano\/","url":"https:\/\/folhapopular.info\/index.php\/2022\/01\/19\/piso-do-magisterio-e-pauta-da-primeira-assembleia-da-amvat-do-ano\/","name":"Piso do Magist\u00e9rio \u00e9 pauta da primeira assembleia da Amvat do ano - Folha Popular","isPartOf":{"@id":"https:\/\/folhapopular.info\/#website"},"primaryImageOfPage":{"@id":"https:\/\/folhapopular.info\/index.php\/2022\/01\/19\/piso-do-magisterio-e-pauta-da-primeira-assembleia-da-amvat-do-ano\/#primaryimage"},"image":{"@id":"https:\/\/folhapopular.info\/index.php\/2022\/01\/19\/piso-do-magisterio-e-pauta-da-primeira-assembleia-da-amvat-do-ano\/#primaryimage"},"thumbnailUrl":"https:\/\/folhapopular.info\/wp-content\/uploads\/2022\/01\/Chiele-2.jpg","datePublished":"2022-01-19T14:08:33+00:00","dateModified":"2022-01-19T14:08:55+00:00","author":{"@id":"https:\/\/folhapopular.info\/#\/schema\/person\/2814e8a0df7643585a9ca38bc6eb9d4b"},"breadcrumb":{"@id":"https:\/\/folhapopular.info\/index.php\/2022\/01\/19\/piso-do-magisterio-e-pauta-da-primeira-assembleia-da-amvat-do-ano\/#breadcrumb"},"inLanguage":"pt-BR","potentialAction":[{"@type":"ReadAction","target":["https:\/\/folhapopular.info\/index.php\/2022\/01\/19\/piso-do-magisterio-e-pauta-da-primeira-assembleia-da-amvat-do-ano\/"]}]},{"@type":"ImageObject","inLanguage":"pt-BR","@id":"https:\/\/folhapopular.info\/index.php\/2022\/01\/19\/piso-do-magisterio-e-pauta-da-primeira-assembleia-da-amvat-do-ano\/#primaryimage","url":"https:\/\/folhapopular.info\/wp-content\/uploads\/2022\/01\/Chiele-2.jpg","contentUrl":"https:\/\/folhapopular.info\/wp-content\/uploads\/2022\/01\/Chiele-2.jpg","width":250,"height":375,"caption":"Advogado Gladimir Chiele, que ser\u00e1 o palestrante na assembleia \/ Cr\u00e9dito da foto: Divulga\u00e7\u00e3o"},{"@type":"BreadcrumbList","@id":"https:\/\/folhapopular.info\/index.php\/2022\/01\/19\/piso-do-magisterio-e-pauta-da-primeira-assembleia-da-amvat-do-ano\/#breadcrumb","itemListElement":[{"@type":"ListItem","position":1,"name":"In\u00edcio","item":"https:\/\/folhapopular.info\/"},{"@type":"ListItem","position":2,"name":"Piso do Magist\u00e9rio \u00e9 pauta da primeira assembleia da Amvat do ano"}]},{"@type":"WebSite","@id":"https:\/\/folhapopular.info\/#website","url":"https:\/\/folhapopular.info\/","name":"Folha Popular","description":"Onde voc\u00ea tem vez e voz","potentialAction":[{"@type":"SearchAction","target":{"@type":"EntryPoint","urlTemplate":"https:\/\/folhapopular.info\/?s={search_term_string}"},"query-input":{"@type":"PropertyValueSpecification","valueRequired":true,"valueName":"search_term_string"}}],"inLanguage":"pt-BR"},{"@type":"Person","@id":"https:\/\/folhapopular.info\/#\/schema\/person\/2814e8a0df7643585a9ca38bc6eb9d4b","name":"Reda\u00e7\u00e3o Folha Popular","image":{"@type":"ImageObject","inLanguage":"pt-BR","@id":"https:\/\/folhapopular.info\/wp-content\/uploads\/2026\/04\/Folha-1.webp","url":"https:\/\/folhapopular.info\/wp-content\/uploads\/2026\/04\/Folha-1.webp","contentUrl":"https:\/\/folhapopular.info\/wp-content\/uploads\/2026\/04\/Folha-1.webp","caption":"Reda\u00e7\u00e3o Folha Popular"},"url":"https:\/\/folhapopular.info\/index.php\/author\/redacao\/"}]}},"jetpack_featured_media_url":"https:\/\/folhapopular.info\/wp-content\/uploads\/2022\/01\/Chiele-2.jpg","jetpack_sharing_enabled":true,"amp_enabled":true,"_links":{"self":[{"href":"https:\/\/folhapopular.info\/index.php\/wp-json\/wp\/v2\/posts\/96911","targetHints":{"allow":["GET"]}}],"collection":[{"href":"https:\/\/folhapopular.info\/index.php\/wp-json\/wp\/v2\/posts"}],"about":[{"href":"https:\/\/folhapopular.info\/index.php\/wp-json\/wp\/v2\/types\/post"}],"author":[{"embeddable":true,"href":"https:\/\/folhapopular.info\/index.php\/wp-json\/wp\/v2\/users\/8"}],"replies":[{"embeddable":true,"href":"https:\/\/folhapopular.info\/index.php\/wp-json\/wp\/v2\/comments?post=96911"}],"version-history":[{"count":0,"href":"https:\/\/folhapopular.info\/index.php\/wp-json\/wp\/v2\/posts\/96911\/revisions"}],"wp:featuredmedia":[{"embeddable":true,"href":"https:\/\/folhapopular.info\/index.php\/wp-json\/wp\/v2\/media\/96915"}],"wp:attachment":[{"href":"https:\/\/folhapopular.info\/index.php\/wp-json\/wp\/v2\/media?parent=96911"}],"wp:term":[{"taxonomy":"category","embeddable":true,"href":"https:\/\/folhapopular.info\/index.php\/wp-json\/wp\/v2\/categories?post=96911"},{"taxonomy":"post_tag","embeddable":true,"href":"https:\/\/folhapopular.info\/index.php\/wp-json\/wp\/v2\/tags?post=96911"}],"curies":[{"name":"wp","href":"https:\/\/api.w.org\/{rel}","templated":true}]}}