{"id":96975,"date":"2022-01-20T11:30:00","date_gmt":"2022-01-20T14:30:00","guid":{"rendered":"https:\/\/folhapopular.info\/?p=96975"},"modified":"2022-01-20T11:01:32","modified_gmt":"2022-01-20T14:01:32","slug":"iniciada-obra-de-pavimentacao-da-avenida-sao-pedro-em-poco-das-antas","status":"publish","type":"post","link":"https:\/\/folhapopular.info\/index.php\/2022\/01\/20\/iniciada-obra-de-pavimentacao-da-avenida-sao-pedro-em-poco-das-antas\/","title":{"rendered":"Iniciada obra de pavimenta\u00e7\u00e3o da Avenida S\u00e3o Pedro em Po\u00e7o das Antas"},"content":{"rendered":"\n<p><br>Teve in\u00edcio na ter\u00e7a-feira (18\/1), a pavimenta\u00e7\u00e3o da Avenida S\u00e3o Pedro &#8211; Etapa I (Estrada Branca), um trecho de 320 metros lineares em dire\u00e7\u00e3o \u00e0 Salvador do Sul. A obra est\u00e1 sendo executada pela Construtora Giovanella LTDA, vencedora de licita\u00e7\u00e3o. O investimento nessa obra representa um total de R$ 505.017,97, sendo R$ 100 mil viabilizados atrav\u00e9s de emenda parlamentar do deputado federal Pompeo de Mattos (PDT) e o restante, R$ 405.017,10, contrapartida dos cofres municipais.<\/p>\n\n\n\n<p>O recurso viabilizado atrav\u00e9s de emenda \u00e9 resultado da primeira viagem que a prefeita municipal, V\u00e2nia Brackmann (PDT) fez a Bras\u00edlia no ano de 2021, na qual esteve acompanhada da presidente do Legislativo na \u00e9poca, a vereadora Andr\u00e9ia Brinckmann Griebeler (PDT), reconhecendo o apoio e empenho da bancada na busca de recursos para o Munic\u00edpio. Nesse momento, a obra est\u00e1 na etapa de limpeza da via e nivelamento do solo. Pede-se aten\u00e7\u00e3o e cautela dos motoristas ao trafegarem pelo local.<\/p>\n","protected":false},"excerpt":{"rendered":"<p>Teve in\u00edcio na ter\u00e7a-feira (18\/1), a pavimenta\u00e7\u00e3o da Avenida S\u00e3o Pedro &#8211; Etapa I (Estrada Branca), um trecho de 320 metros lineares em dire\u00e7\u00e3o \u00e0 Salvador do Sul. A obra est\u00e1 sendo executada pela Construtora Giovanella LTDA, vencedora de licita\u00e7\u00e3o. O investimento nessa obra representa um total de R$ 505.017,97, sendo R$ 100 mil viabilizados [&hellip;]<\/p>\n","protected":false},"author":8,"featured_media":96976,"comment_status":"open","ping_status":"open","sticky":false,"template":"","format":"standard","meta":{"pmpro_default_level":"","_jetpack_memberships_contains_paid_content":false,"footnotes":""},"categories":[2,3],"tags":[328,1755,479,40],"class_list":{"0":"post-96975","1":"post","2":"type-post","3":"status-publish","4":"format-standard","5":"has-post-thumbnail","7":"category-featured","8":"category-geral","9":"tag-emenda-parlamentar","10":"tag-obra","11":"tag-pavimentacao","12":"tag-poco-das-antas","13":"pmpro-has-access"},"yoast_head":"<!-- This site is optimized with the Yoast SEO plugin v27.5 - https:\/\/yoast.com\/product\/yoast-seo-wordpress\/ -->\n<title>Iniciada obra de pavimenta\u00e7\u00e3o da Avenida S\u00e3o Pedro em Po\u00e7o das Antas - Folha Popular<\/title>\n<meta name=\"robots\" content=\"index, follow, max-snippet:-1, max-image-preview:large, max-video-preview:-1\" \/>\n<link rel=\"canonical\" href=\"https:\/\/folhapopular.info\/index.php\/2022\/01\/20\/iniciada-obra-de-pavimentacao-da-avenida-sao-pedro-em-poco-das-antas\/\" \/>\n<meta property=\"og:locale\" content=\"pt_BR\" \/>\n<meta property=\"og:type\" content=\"article\" \/>\n<meta property=\"og:title\" content=\"Iniciada obra de pavimenta\u00e7\u00e3o da Avenida S\u00e3o Pedro em Po\u00e7o das Antas - Folha Popular\" \/>\n<meta property=\"og:description\" content=\"Teve in\u00edcio na ter\u00e7a-feira (18\/1), a pavimenta\u00e7\u00e3o da Avenida S\u00e3o Pedro &#8211; Etapa I (Estrada Branca), um trecho de 320 metros lineares em dire\u00e7\u00e3o \u00e0 Salvador do Sul. A obra est\u00e1 sendo executada pela Construtora Giovanella LTDA, vencedora de licita\u00e7\u00e3o. O investimento nessa obra representa um total de R$ 505.017,97, sendo R$ 100 mil viabilizados [&hellip;]\" \/>\n<meta property=\"og:url\" content=\"https:\/\/folhapopular.info\/index.php\/2022\/01\/20\/iniciada-obra-de-pavimentacao-da-avenida-sao-pedro-em-poco-das-antas\/\" \/>\n<meta property=\"og:site_name\" content=\"Folha Popular\" \/>\n<meta property=\"article:published_time\" content=\"2022-01-20T14:30:00+00:00\" \/>\n<meta property=\"og:image\" content=\"https:\/\/folhapopular.info\/wp-content\/uploads\/2022\/01\/1-Iniciada-obra-de-pavimentacao-da-Avenida-Sao-Pedro-Etapa-I-Estrada-Branca-e1642687040905.jpeg\" \/>\n\t<meta property=\"og:image:width\" content=\"800\" \/>\n\t<meta property=\"og:image:height\" content=\"600\" \/>\n\t<meta property=\"og:image:type\" content=\"image\/jpeg\" \/>\n<meta name=\"author\" content=\"Reda\u00e7\u00e3o Folha Popular\" \/>\n<meta name=\"twitter:card\" content=\"summary_large_image\" \/>\n<meta name=\"twitter:label1\" content=\"Escrito por\" \/>\n\t<meta name=\"twitter:data1\" content=\"Reda\u00e7\u00e3o Folha Popular\" \/>\n\t<meta name=\"twitter:label2\" content=\"Est. tempo de leitura\" \/>\n\t<meta name=\"twitter:data2\" content=\"1 minuto\" \/>\n<script type=\"application\/ld+json\" class=\"yoast-schema-graph\">{\"@context\":\"https:\\\/\\\/schema.org\",\"@graph\":[{\"@type\":\"Article\",\"@id\":\"https:\\\/\\\/folhapopular.info\\\/index.php\\\/2022\\\/01\\\/20\\\/iniciada-obra-de-pavimentacao-da-avenida-sao-pedro-em-poco-das-antas\\\/#article\",\"isPartOf\":{\"@id\":\"https:\\\/\\\/folhapopular.info\\\/index.php\\\/2022\\\/01\\\/20\\\/iniciada-obra-de-pavimentacao-da-avenida-sao-pedro-em-poco-das-antas\\\/\"},\"author\":{\"name\":\"Reda\u00e7\u00e3o Folha Popular\",\"@id\":\"https:\\\/\\\/folhapopular.info\\\/#\\\/schema\\\/person\\\/2814e8a0df7643585a9ca38bc6eb9d4b\"},\"headline\":\"Iniciada obra de pavimenta\u00e7\u00e3o da Avenida S\u00e3o Pedro em Po\u00e7o das Antas\",\"datePublished\":\"2022-01-20T14:30:00+00:00\",\"mainEntityOfPage\":{\"@id\":\"https:\\\/\\\/folhapopular.info\\\/index.php\\\/2022\\\/01\\\/20\\\/iniciada-obra-de-pavimentacao-da-avenida-sao-pedro-em-poco-das-antas\\\/\"},\"wordCount\":175,\"commentCount\":0,\"image\":{\"@id\":\"https:\\\/\\\/folhapopular.info\\\/index.php\\\/2022\\\/01\\\/20\\\/iniciada-obra-de-pavimentacao-da-avenida-sao-pedro-em-poco-das-antas\\\/#primaryimage\"},\"thumbnailUrl\":\"https:\\\/\\\/folhapopular.info\\\/wp-content\\\/uploads\\\/2022\\\/01\\\/1-Iniciada-obra-de-pavimentacao-da-Avenida-Sao-Pedro-Etapa-I-Estrada-Branca-e1642687040905.jpeg\",\"keywords\":[\"Emenda Parlamentar\",\"obra\",\"Pavimenta\u00e7\u00e3o\",\"Po\u00e7o das Antas\"],\"articleSection\":[\"Destaques\",\"Geral\"],\"inLanguage\":\"pt-BR\",\"potentialAction\":[{\"@type\":\"CommentAction\",\"name\":\"Comment\",\"target\":[\"https:\\\/\\\/folhapopular.info\\\/index.php\\\/2022\\\/01\\\/20\\\/iniciada-obra-de-pavimentacao-da-avenida-sao-pedro-em-poco-das-antas\\\/#respond\"]}]},{\"@type\":\"WebPage\",\"@id\":\"https:\\\/\\\/folhapopular.info\\\/index.php\\\/2022\\\/01\\\/20\\\/iniciada-obra-de-pavimentacao-da-avenida-sao-pedro-em-poco-das-antas\\\/\",\"url\":\"https:\\\/\\\/folhapopular.info\\\/index.php\\\/2022\\\/01\\\/20\\\/iniciada-obra-de-pavimentacao-da-avenida-sao-pedro-em-poco-das-antas\\\/\",\"name\":\"Iniciada obra de pavimenta\u00e7\u00e3o da Avenida S\u00e3o Pedro em Po\u00e7o das Antas - Folha Popular\",\"isPartOf\":{\"@id\":\"https:\\\/\\\/folhapopular.info\\\/#website\"},\"primaryImageOfPage\":{\"@id\":\"https:\\\/\\\/folhapopular.info\\\/index.php\\\/2022\\\/01\\\/20\\\/iniciada-obra-de-pavimentacao-da-avenida-sao-pedro-em-poco-das-antas\\\/#primaryimage\"},\"image\":{\"@id\":\"https:\\\/\\\/folhapopular.info\\\/index.php\\\/2022\\\/01\\\/20\\\/iniciada-obra-de-pavimentacao-da-avenida-sao-pedro-em-poco-das-antas\\\/#primaryimage\"},\"thumbnailUrl\":\"https:\\\/\\\/folhapopular.info\\\/wp-content\\\/uploads\\\/2022\\\/01\\\/1-Iniciada-obra-de-pavimentacao-da-Avenida-Sao-Pedro-Etapa-I-Estrada-Branca-e1642687040905.jpeg\",\"datePublished\":\"2022-01-20T14:30:00+00:00\",\"author\":{\"@id\":\"https:\\\/\\\/folhapopular.info\\\/#\\\/schema\\\/person\\\/2814e8a0df7643585a9ca38bc6eb9d4b\"},\"breadcrumb\":{\"@id\":\"https:\\\/\\\/folhapopular.info\\\/index.php\\\/2022\\\/01\\\/20\\\/iniciada-obra-de-pavimentacao-da-avenida-sao-pedro-em-poco-das-antas\\\/#breadcrumb\"},\"inLanguage\":\"pt-BR\",\"potentialAction\":[{\"@type\":\"ReadAction\",\"target\":[\"https:\\\/\\\/folhapopular.info\\\/index.php\\\/2022\\\/01\\\/20\\\/iniciada-obra-de-pavimentacao-da-avenida-sao-pedro-em-poco-das-antas\\\/\"]}]},{\"@type\":\"ImageObject\",\"inLanguage\":\"pt-BR\",\"@id\":\"https:\\\/\\\/folhapopular.info\\\/index.php\\\/2022\\\/01\\\/20\\\/iniciada-obra-de-pavimentacao-da-avenida-sao-pedro-em-poco-das-antas\\\/#primaryimage\",\"url\":\"https:\\\/\\\/folhapopular.info\\\/wp-content\\\/uploads\\\/2022\\\/01\\\/1-Iniciada-obra-de-pavimentacao-da-Avenida-Sao-Pedro-Etapa-I-Estrada-Branca-e1642687040905.jpeg\",\"contentUrl\":\"https:\\\/\\\/folhapopular.info\\\/wp-content\\\/uploads\\\/2022\\\/01\\\/1-Iniciada-obra-de-pavimentacao-da-Avenida-Sao-Pedro-Etapa-I-Estrada-Branca-e1642687040905.jpeg\",\"width\":800,\"height\":600,\"caption\":\"Respons\u00e1vel pela obra \u00e9 a Construtora Giovanella LTDA \\\/ Cr\u00e9dito da foto: Assessoria de Comunica\u00e7\u00e3o (ASCOM) de Po\u00e7o das Antas \\\/ Divulga\u00e7\u00e3o\"},{\"@type\":\"BreadcrumbList\",\"@id\":\"https:\\\/\\\/folhapopular.info\\\/index.php\\\/2022\\\/01\\\/20\\\/iniciada-obra-de-pavimentacao-da-avenida-sao-pedro-em-poco-das-antas\\\/#breadcrumb\",\"itemListElement\":[{\"@type\":\"ListItem\",\"position\":1,\"name\":\"In\u00edcio\",\"item\":\"https:\\\/\\\/folhapopular.info\\\/\"},{\"@type\":\"ListItem\",\"position\":2,\"name\":\"Iniciada obra de pavimenta\u00e7\u00e3o da Avenida S\u00e3o Pedro em Po\u00e7o das Antas\"}]},{\"@type\":\"WebSite\",\"@id\":\"https:\\\/\\\/folhapopular.info\\\/#website\",\"url\":\"https:\\\/\\\/folhapopular.info\\\/\",\"name\":\"Folha Popular\",\"description\":\"Onde voc\u00ea tem vez e voz\",\"potentialAction\":[{\"@type\":\"SearchAction\",\"target\":{\"@type\":\"EntryPoint\",\"urlTemplate\":\"https:\\\/\\\/folhapopular.info\\\/?s={search_term_string}\"},\"query-input\":{\"@type\":\"PropertyValueSpecification\",\"valueRequired\":true,\"valueName\":\"search_term_string\"}}],\"inLanguage\":\"pt-BR\"},{\"@type\":\"Person\",\"@id\":\"https:\\\/\\\/folhapopular.info\\\/#\\\/schema\\\/person\\\/2814e8a0df7643585a9ca38bc6eb9d4b\",\"name\":\"Reda\u00e7\u00e3o Folha Popular\",\"image\":{\"@type\":\"ImageObject\",\"inLanguage\":\"pt-BR\",\"@id\":\"https:\\\/\\\/folhapopular.info\\\/wp-content\\\/uploads\\\/2026\\\/04\\\/Folha-1.webp\",\"url\":\"https:\\\/\\\/folhapopular.info\\\/wp-content\\\/uploads\\\/2026\\\/04\\\/Folha-1.webp\",\"contentUrl\":\"https:\\\/\\\/folhapopular.info\\\/wp-content\\\/uploads\\\/2026\\\/04\\\/Folha-1.webp\",\"caption\":\"Reda\u00e7\u00e3o Folha Popular\"},\"url\":\"https:\\\/\\\/folhapopular.info\\\/index.php\\\/author\\\/redacao\\\/\"}]}<\/script>\n<!-- \/ Yoast SEO plugin. -->","yoast_head_json":{"title":"Iniciada obra de pavimenta\u00e7\u00e3o da Avenida S\u00e3o Pedro em Po\u00e7o das Antas - Folha Popular","robots":{"index":"index","follow":"follow","max-snippet":"max-snippet:-1","max-image-preview":"max-image-preview:large","max-video-preview":"max-video-preview:-1"},"canonical":"https:\/\/folhapopular.info\/index.php\/2022\/01\/20\/iniciada-obra-de-pavimentacao-da-avenida-sao-pedro-em-poco-das-antas\/","og_locale":"pt_BR","og_type":"article","og_title":"Iniciada obra de pavimenta\u00e7\u00e3o da Avenida S\u00e3o Pedro em Po\u00e7o das Antas - Folha Popular","og_description":"Teve in\u00edcio na ter\u00e7a-feira (18\/1), a pavimenta\u00e7\u00e3o da Avenida S\u00e3o Pedro &#8211; Etapa I (Estrada Branca), um trecho de 320 metros lineares em dire\u00e7\u00e3o \u00e0 Salvador do Sul. A obra est\u00e1 sendo executada pela Construtora Giovanella LTDA, vencedora de licita\u00e7\u00e3o. O investimento nessa obra representa um total de R$ 505.017,97, sendo R$ 100 mil viabilizados [&hellip;]","og_url":"https:\/\/folhapopular.info\/index.php\/2022\/01\/20\/iniciada-obra-de-pavimentacao-da-avenida-sao-pedro-em-poco-das-antas\/","og_site_name":"Folha Popular","article_published_time":"2022-01-20T14:30:00+00:00","og_image":[{"width":800,"height":600,"url":"https:\/\/folhapopular.info\/wp-content\/uploads\/2022\/01\/1-Iniciada-obra-de-pavimentacao-da-Avenida-Sao-Pedro-Etapa-I-Estrada-Branca-e1642687040905.jpeg","type":"image\/jpeg"}],"author":"Reda\u00e7\u00e3o Folha Popular","twitter_card":"summary_large_image","twitter_misc":{"Escrito por":"Reda\u00e7\u00e3o Folha Popular","Est. tempo de leitura":"1 minuto"},"schema":{"@context":"https:\/\/schema.org","@graph":[{"@type":"Article","@id":"https:\/\/folhapopular.info\/index.php\/2022\/01\/20\/iniciada-obra-de-pavimentacao-da-avenida-sao-pedro-em-poco-das-antas\/#article","isPartOf":{"@id":"https:\/\/folhapopular.info\/index.php\/2022\/01\/20\/iniciada-obra-de-pavimentacao-da-avenida-sao-pedro-em-poco-das-antas\/"},"author":{"name":"Reda\u00e7\u00e3o Folha Popular","@id":"https:\/\/folhapopular.info\/#\/schema\/person\/2814e8a0df7643585a9ca38bc6eb9d4b"},"headline":"Iniciada obra de pavimenta\u00e7\u00e3o da Avenida S\u00e3o Pedro em Po\u00e7o das Antas","datePublished":"2022-01-20T14:30:00+00:00","mainEntityOfPage":{"@id":"https:\/\/folhapopular.info\/index.php\/2022\/01\/20\/iniciada-obra-de-pavimentacao-da-avenida-sao-pedro-em-poco-das-antas\/"},"wordCount":175,"commentCount":0,"image":{"@id":"https:\/\/folhapopular.info\/index.php\/2022\/01\/20\/iniciada-obra-de-pavimentacao-da-avenida-sao-pedro-em-poco-das-antas\/#primaryimage"},"thumbnailUrl":"https:\/\/folhapopular.info\/wp-content\/uploads\/2022\/01\/1-Iniciada-obra-de-pavimentacao-da-Avenida-Sao-Pedro-Etapa-I-Estrada-Branca-e1642687040905.jpeg","keywords":["Emenda Parlamentar","obra","Pavimenta\u00e7\u00e3o","Po\u00e7o das Antas"],"articleSection":["Destaques","Geral"],"inLanguage":"pt-BR","potentialAction":[{"@type":"CommentAction","name":"Comment","target":["https:\/\/folhapopular.info\/index.php\/2022\/01\/20\/iniciada-obra-de-pavimentacao-da-avenida-sao-pedro-em-poco-das-antas\/#respond"]}]},{"@type":"WebPage","@id":"https:\/\/folhapopular.info\/index.php\/2022\/01\/20\/iniciada-obra-de-pavimentacao-da-avenida-sao-pedro-em-poco-das-antas\/","url":"https:\/\/folhapopular.info\/index.php\/2022\/01\/20\/iniciada-obra-de-pavimentacao-da-avenida-sao-pedro-em-poco-das-antas\/","name":"Iniciada obra de pavimenta\u00e7\u00e3o da Avenida S\u00e3o Pedro em Po\u00e7o das Antas - Folha Popular","isPartOf":{"@id":"https:\/\/folhapopular.info\/#website"},"primaryImageOfPage":{"@id":"https:\/\/folhapopular.info\/index.php\/2022\/01\/20\/iniciada-obra-de-pavimentacao-da-avenida-sao-pedro-em-poco-das-antas\/#primaryimage"},"image":{"@id":"https:\/\/folhapopular.info\/index.php\/2022\/01\/20\/iniciada-obra-de-pavimentacao-da-avenida-sao-pedro-em-poco-das-antas\/#primaryimage"},"thumbnailUrl":"https:\/\/folhapopular.info\/wp-content\/uploads\/2022\/01\/1-Iniciada-obra-de-pavimentacao-da-Avenida-Sao-Pedro-Etapa-I-Estrada-Branca-e1642687040905.jpeg","datePublished":"2022-01-20T14:30:00+00:00","author":{"@id":"https:\/\/folhapopular.info\/#\/schema\/person\/2814e8a0df7643585a9ca38bc6eb9d4b"},"breadcrumb":{"@id":"https:\/\/folhapopular.info\/index.php\/2022\/01\/20\/iniciada-obra-de-pavimentacao-da-avenida-sao-pedro-em-poco-das-antas\/#breadcrumb"},"inLanguage":"pt-BR","potentialAction":[{"@type":"ReadAction","target":["https:\/\/folhapopular.info\/index.php\/2022\/01\/20\/iniciada-obra-de-pavimentacao-da-avenida-sao-pedro-em-poco-das-antas\/"]}]},{"@type":"ImageObject","inLanguage":"pt-BR","@id":"https:\/\/folhapopular.info\/index.php\/2022\/01\/20\/iniciada-obra-de-pavimentacao-da-avenida-sao-pedro-em-poco-das-antas\/#primaryimage","url":"https:\/\/folhapopular.info\/wp-content\/uploads\/2022\/01\/1-Iniciada-obra-de-pavimentacao-da-Avenida-Sao-Pedro-Etapa-I-Estrada-Branca-e1642687040905.jpeg","contentUrl":"https:\/\/folhapopular.info\/wp-content\/uploads\/2022\/01\/1-Iniciada-obra-de-pavimentacao-da-Avenida-Sao-Pedro-Etapa-I-Estrada-Branca-e1642687040905.jpeg","width":800,"height":600,"caption":"Respons\u00e1vel pela obra \u00e9 a Construtora Giovanella LTDA \/ Cr\u00e9dito da foto: Assessoria de Comunica\u00e7\u00e3o (ASCOM) de Po\u00e7o das Antas \/ Divulga\u00e7\u00e3o"},{"@type":"BreadcrumbList","@id":"https:\/\/folhapopular.info\/index.php\/2022\/01\/20\/iniciada-obra-de-pavimentacao-da-avenida-sao-pedro-em-poco-das-antas\/#breadcrumb","itemListElement":[{"@type":"ListItem","position":1,"name":"In\u00edcio","item":"https:\/\/folhapopular.info\/"},{"@type":"ListItem","position":2,"name":"Iniciada obra de pavimenta\u00e7\u00e3o da Avenida S\u00e3o Pedro em Po\u00e7o das Antas"}]},{"@type":"WebSite","@id":"https:\/\/folhapopular.info\/#website","url":"https:\/\/folhapopular.info\/","name":"Folha Popular","description":"Onde voc\u00ea tem vez e voz","potentialAction":[{"@type":"SearchAction","target":{"@type":"EntryPoint","urlTemplate":"https:\/\/folhapopular.info\/?s={search_term_string}"},"query-input":{"@type":"PropertyValueSpecification","valueRequired":true,"valueName":"search_term_string"}}],"inLanguage":"pt-BR"},{"@type":"Person","@id":"https:\/\/folhapopular.info\/#\/schema\/person\/2814e8a0df7643585a9ca38bc6eb9d4b","name":"Reda\u00e7\u00e3o Folha Popular","image":{"@type":"ImageObject","inLanguage":"pt-BR","@id":"https:\/\/folhapopular.info\/wp-content\/uploads\/2026\/04\/Folha-1.webp","url":"https:\/\/folhapopular.info\/wp-content\/uploads\/2026\/04\/Folha-1.webp","contentUrl":"https:\/\/folhapopular.info\/wp-content\/uploads\/2026\/04\/Folha-1.webp","caption":"Reda\u00e7\u00e3o Folha Popular"},"url":"https:\/\/folhapopular.info\/index.php\/author\/redacao\/"}]}},"jetpack_featured_media_url":"https:\/\/folhapopular.info\/wp-content\/uploads\/2022\/01\/1-Iniciada-obra-de-pavimentacao-da-Avenida-Sao-Pedro-Etapa-I-Estrada-Branca-e1642687040905.jpeg","jetpack_sharing_enabled":true,"amp_enabled":true,"_links":{"self":[{"href":"https:\/\/folhapopular.info\/index.php\/wp-json\/wp\/v2\/posts\/96975","targetHints":{"allow":["GET"]}}],"collection":[{"href":"https:\/\/folhapopular.info\/index.php\/wp-json\/wp\/v2\/posts"}],"about":[{"href":"https:\/\/folhapopular.info\/index.php\/wp-json\/wp\/v2\/types\/post"}],"author":[{"embeddable":true,"href":"https:\/\/folhapopular.info\/index.php\/wp-json\/wp\/v2\/users\/8"}],"replies":[{"embeddable":true,"href":"https:\/\/folhapopular.info\/index.php\/wp-json\/wp\/v2\/comments?post=96975"}],"version-history":[{"count":0,"href":"https:\/\/folhapopular.info\/index.php\/wp-json\/wp\/v2\/posts\/96975\/revisions"}],"wp:featuredmedia":[{"embeddable":true,"href":"https:\/\/folhapopular.info\/index.php\/wp-json\/wp\/v2\/media\/96976"}],"wp:attachment":[{"href":"https:\/\/folhapopular.info\/index.php\/wp-json\/wp\/v2\/media?parent=96975"}],"wp:term":[{"taxonomy":"category","embeddable":true,"href":"https:\/\/folhapopular.info\/index.php\/wp-json\/wp\/v2\/categories?post=96975"},{"taxonomy":"post_tag","embeddable":true,"href":"https:\/\/folhapopular.info\/index.php\/wp-json\/wp\/v2\/tags?post=96975"}],"curies":[{"name":"wp","href":"https:\/\/api.w.org\/{rel}","templated":true}]}}