{"id":96978,"date":"2022-01-21T08:00:00","date_gmt":"2022-01-21T11:00:00","guid":{"rendered":"https:\/\/folhapopular.info\/?p=96978"},"modified":"2022-01-21T08:06:12","modified_gmt":"2022-01-21T11:06:12","slug":"disputas-do-aberto-de-verao-da-languiru-continuam-nesta-sexta-feira","status":"publish","type":"post","link":"https:\/\/folhapopular.info\/index.php\/2022\/01\/21\/disputas-do-aberto-de-verao-da-languiru-continuam-nesta-sexta-feira\/","title":{"rendered":"Disputas do Aberto de Ver\u00e3o da Languiru continuam nesta sexta-feira"},"content":{"rendered":"\n<p>Na noite desta sexta-feira (21\/1), o Campeonato Aberto de Ver\u00e3o da Languiru abrir\u00e1 a 5\u00aa rodada do Futebol Sete, e a 3\u00aa rodada do Futsal. Al\u00e9m disso, ter\u00e1 a estreia da modalidade Futev\u00f4lei, a partir das 19h. Todos os jogos, com exce\u00e7\u00e3o do Futev\u00f4lei, ter\u00e3o in\u00edcio \u00e0s 20h, na Associa\u00e7\u00e3o de Funcion\u00e1rios da Languiru.<\/p>\n\n\n\n<p>Na modalidade Futebol Sete, a 5\u00aa rodada ser\u00e1 marcada por um jogo nas categorias M\u00e1ster e Sub-21, e seis jogos na categoria For\u00e7a Livre.<\/p>\n\n\n\n<p>A 3\u00aa rodada da modalidade Futsal, contar\u00e1 com tr\u00eas jogos na categoria Masculino, e um jogo na categoria Feminino.<\/p>\n\n\n\n<p>A rodada inaugural da modalidade Futev\u00f4lei, ter\u00e1 oito jogos na categoria Masculino.<br><\/p>\n\n\n\n<p><strong>ABERTO DE VER\u00c3O DA LANGUIRU 2021\/2022<\/strong><\/p>\n\n\n\n<p><strong>FUTEBOL SETE<\/strong><\/p>\n\n\n\n<p><strong>5\u00aa rodada \u2013 21\/1<\/strong><\/p>\n\n\n\n<p><strong>Campo 1<\/strong><\/p>\n\n\n\n<p>20:00 <meta http-equiv=\"content-type\" content=\"text\/html; charset=utf-8\">For\u00e7a Livre VC Amigos FC  x IMEEC<\/p>\n\n\n\n<p>21:00 <meta http-equiv=\"content-type\" content=\"text\/html; charset=utf-8\">Sub-21 CE Internacional de Santa Manuela x Gurizedo X Mininedo\/AC Constru\u00e7\u00f5es\/Padaria Bom P\u00e3o<\/p>\n\n\n\n<p>22:00 <meta http-equiv=\"content-type\" content=\"text\/html; charset=utf-8\">For\u00e7a Livre Upa FC\/Unidos por Acaso x Bar do Chico <br><br>23:00 For\u00e7a Livre Celtic FC x Canabarrense<\/p>\n\n\n\n<p><strong>Campo 2<\/strong><\/p>\n\n\n\n<p>20:00 M\u00e1ster Amigos do Lolo &#8211; Benini\/Vi\u00e9vi Autom\u00f3veis x Amigos do Nen\u00ea<br><br>21:00 For\u00e7a Livre Os Par\u00e7as x Gal\u00e1ticos<br><br>22:00 For\u00e7a Livre <meta http-equiv=\"content-type\" content=\"text\/html; charset=utf-8\">CE Internacional de Santa Manuela x Xtotz United<\/p>\n\n\n\n<p>23:00 For\u00e7a Livre Construtora e Incorporadora Teut\u00f4nia\/Centro da Moda x Disim Automa\u00e7\u00e3o e Solar<br><\/p>\n\n\n\n<p><strong>ABERTO DE VER\u00c3O DA LANGUIRU 2021\/2022<\/strong><\/p>\n\n\n\n<p><strong>FUTSAL<\/strong><\/p>\n\n\n\n<p><strong>3\u00aa rodada \u2013 21\/1<\/strong><\/p>\n\n\n\n<p>20:00 Masculino&nbsp;Laranja Mec\u00e2nica\/JB Barbershop x Meninos da Vila FC<\/p>\n\n\n\n<p>21:00 Feminino APTF x Xeque Mate<\/p>\n\n\n\n<p>22:00\u00a0Masculino Botafogo FC x AEC Saidera\/Restaurante N\u00fcske\/Restaurante Matinho<\/p>\n\n\n\n<p>23:00\u00a0Masculino Solda Quente x MDV Taquari<br><br><strong>ABERTO DE VER\u00c3O DA LANGUIRU 2021\/2022<\/strong><\/p>\n\n\n\n<p><strong>FUTEV\u00d4LEI <\/strong><\/p>\n\n\n\n<p><strong>1\u00aa rodada \u2013 21\/1<\/strong><br><br>19:00 Ricardo e Leo x Clecio e Ferdinando<br><br>19:25 Arthur e Mathias x Leo e Jo\u00e3o<br><br>19:50 Vilmar e Rangel<meta http-equiv=\"content-type\" content=\"text\/html; charset=utf-8\"> x Clecio e Ferdinando<br><br>20:15 Adriano e Joce x <meta http-equiv=\"content-type\" content=\"text\/html; charset=utf-8\">Arthur e Mathias<br><br>20:40 Mano e Dhiogo x <meta http-equiv=\"content-type\" content=\"text\/html; charset=utf-8\">Ricardo e Leo<br><br>21:30 <meta http-equiv=\"content-type\" content=\"text\/html; charset=utf-8\">Mano e Dhiogo x <meta http-equiv=\"content-type\" content=\"text\/html; charset=utf-8\">Clecio e Ferdinando<br><br>21:55 <meta http-equiv=\"content-type\" content=\"text\/html; charset=utf-8\">Ricardo e Leo x <meta http-equiv=\"content-type\" content=\"text\/html; charset=utf-8\">Vilmar e Rangel<meta http-equiv=\"content-type\" content=\"text\/html; charset=utf-8\"> <br><br>22:20 <meta http-equiv=\"content-type\" content=\"text\/html; charset=utf-8\">Mano e Dhiogo&nbsp;x Henrique e Fernando<br><\/p>\n","protected":false},"excerpt":{"rendered":"<p>Na noite desta sexta-feira (21\/1), o Campeonato Aberto de Ver\u00e3o da Languiru abrir\u00e1 a 5\u00aa rodada do Futebol Sete, e a 3\u00aa rodada do Futsal. Al\u00e9m disso, ter\u00e1 a estreia da modalidade Futev\u00f4lei, a partir das 19h. Todos os jogos, com exce\u00e7\u00e3o do Futev\u00f4lei, ter\u00e3o in\u00edcio \u00e0s 20h, na Associa\u00e7\u00e3o de Funcion\u00e1rios da Languiru. Na [&hellip;]<\/p>\n","protected":false},"author":8,"featured_media":97008,"comment_status":"open","ping_status":"open","sticky":false,"template":"","format":"standard","meta":{"pmpro_default_level":"","_jetpack_memberships_contains_paid_content":false,"footnotes":""},"categories":[2,5,6592,530],"tags":[498,2131,31,26],"class_list":{"0":"post-96978","1":"post","2":"type-post","3":"status-publish","4":"format-standard","5":"has-post-thumbnail","7":"category-featured","8":"category-esportes","9":"category-futebol-sete","10":"category-futsal","11":"tag-futebol","12":"tag-futevolei","13":"tag-futsal","14":"tag-teutonia","15":"pmpro-has-access"},"yoast_head":"<!-- This site is optimized with the Yoast SEO plugin v27.5 - https:\/\/yoast.com\/product\/yoast-seo-wordpress\/ -->\n<title>Disputas do Aberto de Ver\u00e3o da Languiru continuam nesta sexta-feira - Folha Popular<\/title>\n<meta name=\"robots\" content=\"index, follow, max-snippet:-1, max-image-preview:large, max-video-preview:-1\" \/>\n<link rel=\"canonical\" href=\"https:\/\/folhapopular.info\/index.php\/2022\/01\/21\/disputas-do-aberto-de-verao-da-languiru-continuam-nesta-sexta-feira\/\" \/>\n<meta property=\"og:locale\" content=\"pt_BR\" \/>\n<meta property=\"og:type\" content=\"article\" \/>\n<meta property=\"og:title\" content=\"Disputas do Aberto de Ver\u00e3o da Languiru continuam nesta sexta-feira - Folha Popular\" \/>\n<meta property=\"og:description\" content=\"Na noite desta sexta-feira (21\/1), o Campeonato Aberto de Ver\u00e3o da Languiru abrir\u00e1 a 5\u00aa rodada do Futebol Sete, e a 3\u00aa rodada do Futsal. Al\u00e9m disso, ter\u00e1 a estreia da modalidade Futev\u00f4lei, a partir das 19h. Todos os jogos, com exce\u00e7\u00e3o do Futev\u00f4lei, ter\u00e3o in\u00edcio \u00e0s 20h, na Associa\u00e7\u00e3o de Funcion\u00e1rios da Languiru. Na [&hellip;]\" \/>\n<meta property=\"og:url\" content=\"https:\/\/folhapopular.info\/index.php\/2022\/01\/21\/disputas-do-aberto-de-verao-da-languiru-continuam-nesta-sexta-feira\/\" \/>\n<meta property=\"og:site_name\" content=\"Folha Popular\" \/>\n<meta property=\"article:published_time\" content=\"2022-01-21T11:00:00+00:00\" \/>\n<meta property=\"article:modified_time\" content=\"2022-01-21T11:06:12+00:00\" \/>\n<meta property=\"og:image\" content=\"http:\/\/folhapopular.info\/wp-content\/uploads\/2022\/01\/WhatsApp-Image-2022-01-20-at-16.34.50-e1642710080714.jpeg\" \/>\n\t<meta property=\"og:image:width\" content=\"800\" \/>\n\t<meta property=\"og:image:height\" content=\"531\" \/>\n\t<meta property=\"og:image:type\" content=\"image\/jpeg\" \/>\n<meta name=\"author\" content=\"Reda\u00e7\u00e3o Folha Popular\" \/>\n<meta name=\"twitter:card\" content=\"summary_large_image\" \/>\n<meta name=\"twitter:label1\" content=\"Escrito por\" \/>\n\t<meta name=\"twitter:data1\" content=\"Reda\u00e7\u00e3o Folha Popular\" \/>\n\t<meta name=\"twitter:label2\" content=\"Est. tempo de leitura\" \/>\n\t<meta name=\"twitter:data2\" content=\"2 minutos\" \/>\n<script type=\"application\/ld+json\" class=\"yoast-schema-graph\">{\"@context\":\"https:\\\/\\\/schema.org\",\"@graph\":[{\"@type\":\"Article\",\"@id\":\"https:\\\/\\\/folhapopular.info\\\/index.php\\\/2022\\\/01\\\/21\\\/disputas-do-aberto-de-verao-da-languiru-continuam-nesta-sexta-feira\\\/#article\",\"isPartOf\":{\"@id\":\"https:\\\/\\\/folhapopular.info\\\/index.php\\\/2022\\\/01\\\/21\\\/disputas-do-aberto-de-verao-da-languiru-continuam-nesta-sexta-feira\\\/\"},\"author\":{\"name\":\"Reda\u00e7\u00e3o Folha Popular\",\"@id\":\"https:\\\/\\\/folhapopular.info\\\/#\\\/schema\\\/person\\\/2814e8a0df7643585a9ca38bc6eb9d4b\"},\"headline\":\"Disputas do Aberto de Ver\u00e3o da Languiru continuam nesta sexta-feira\",\"datePublished\":\"2022-01-21T11:00:00+00:00\",\"dateModified\":\"2022-01-21T11:06:12+00:00\",\"mainEntityOfPage\":{\"@id\":\"https:\\\/\\\/folhapopular.info\\\/index.php\\\/2022\\\/01\\\/21\\\/disputas-do-aberto-de-verao-da-languiru-continuam-nesta-sexta-feira\\\/\"},\"wordCount\":344,\"commentCount\":0,\"image\":{\"@id\":\"https:\\\/\\\/folhapopular.info\\\/index.php\\\/2022\\\/01\\\/21\\\/disputas-do-aberto-de-verao-da-languiru-continuam-nesta-sexta-feira\\\/#primaryimage\"},\"thumbnailUrl\":\"https:\\\/\\\/folhapopular.info\\\/wp-content\\\/uploads\\\/2022\\\/01\\\/WhatsApp-Image-2022-01-20-at-16.34.50-e1642710080714.jpeg\",\"keywords\":[\"Futebol\",\"Futev\u00f4lei\",\"Futsal\",\"Teut\u00f4nia\"],\"articleSection\":[\"Destaques\",\"Esportes\",\"Futebol Sete\",\"Futsal\"],\"inLanguage\":\"pt-BR\",\"potentialAction\":[{\"@type\":\"CommentAction\",\"name\":\"Comment\",\"target\":[\"https:\\\/\\\/folhapopular.info\\\/index.php\\\/2022\\\/01\\\/21\\\/disputas-do-aberto-de-verao-da-languiru-continuam-nesta-sexta-feira\\\/#respond\"]}]},{\"@type\":\"WebPage\",\"@id\":\"https:\\\/\\\/folhapopular.info\\\/index.php\\\/2022\\\/01\\\/21\\\/disputas-do-aberto-de-verao-da-languiru-continuam-nesta-sexta-feira\\\/\",\"url\":\"https:\\\/\\\/folhapopular.info\\\/index.php\\\/2022\\\/01\\\/21\\\/disputas-do-aberto-de-verao-da-languiru-continuam-nesta-sexta-feira\\\/\",\"name\":\"Disputas do Aberto de Ver\u00e3o da Languiru continuam nesta sexta-feira - Folha Popular\",\"isPartOf\":{\"@id\":\"https:\\\/\\\/folhapopular.info\\\/#website\"},\"primaryImageOfPage\":{\"@id\":\"https:\\\/\\\/folhapopular.info\\\/index.php\\\/2022\\\/01\\\/21\\\/disputas-do-aberto-de-verao-da-languiru-continuam-nesta-sexta-feira\\\/#primaryimage\"},\"image\":{\"@id\":\"https:\\\/\\\/folhapopular.info\\\/index.php\\\/2022\\\/01\\\/21\\\/disputas-do-aberto-de-verao-da-languiru-continuam-nesta-sexta-feira\\\/#primaryimage\"},\"thumbnailUrl\":\"https:\\\/\\\/folhapopular.info\\\/wp-content\\\/uploads\\\/2022\\\/01\\\/WhatsApp-Image-2022-01-20-at-16.34.50-e1642710080714.jpeg\",\"datePublished\":\"2022-01-21T11:00:00+00:00\",\"dateModified\":\"2022-01-21T11:06:12+00:00\",\"author\":{\"@id\":\"https:\\\/\\\/folhapopular.info\\\/#\\\/schema\\\/person\\\/2814e8a0df7643585a9ca38bc6eb9d4b\"},\"breadcrumb\":{\"@id\":\"https:\\\/\\\/folhapopular.info\\\/index.php\\\/2022\\\/01\\\/21\\\/disputas-do-aberto-de-verao-da-languiru-continuam-nesta-sexta-feira\\\/#breadcrumb\"},\"inLanguage\":\"pt-BR\",\"potentialAction\":[{\"@type\":\"ReadAction\",\"target\":[\"https:\\\/\\\/folhapopular.info\\\/index.php\\\/2022\\\/01\\\/21\\\/disputas-do-aberto-de-verao-da-languiru-continuam-nesta-sexta-feira\\\/\"]}]},{\"@type\":\"ImageObject\",\"inLanguage\":\"pt-BR\",\"@id\":\"https:\\\/\\\/folhapopular.info\\\/index.php\\\/2022\\\/01\\\/21\\\/disputas-do-aberto-de-verao-da-languiru-continuam-nesta-sexta-feira\\\/#primaryimage\",\"url\":\"https:\\\/\\\/folhapopular.info\\\/wp-content\\\/uploads\\\/2022\\\/01\\\/WhatsApp-Image-2022-01-20-at-16.34.50-e1642710080714.jpeg\",\"contentUrl\":\"https:\\\/\\\/folhapopular.info\\\/wp-content\\\/uploads\\\/2022\\\/01\\\/WhatsApp-Image-2022-01-20-at-16.34.50-e1642710080714.jpeg\",\"width\":800,\"height\":531,\"caption\":\"Cr\u00e9dito da foto: Carla Beckmann \\\/ Arquivo FP\"},{\"@type\":\"BreadcrumbList\",\"@id\":\"https:\\\/\\\/folhapopular.info\\\/index.php\\\/2022\\\/01\\\/21\\\/disputas-do-aberto-de-verao-da-languiru-continuam-nesta-sexta-feira\\\/#breadcrumb\",\"itemListElement\":[{\"@type\":\"ListItem\",\"position\":1,\"name\":\"In\u00edcio\",\"item\":\"https:\\\/\\\/folhapopular.info\\\/\"},{\"@type\":\"ListItem\",\"position\":2,\"name\":\"Disputas do Aberto de Ver\u00e3o da Languiru continuam nesta sexta-feira\"}]},{\"@type\":\"WebSite\",\"@id\":\"https:\\\/\\\/folhapopular.info\\\/#website\",\"url\":\"https:\\\/\\\/folhapopular.info\\\/\",\"name\":\"Folha Popular\",\"description\":\"Onde voc\u00ea tem vez e voz\",\"potentialAction\":[{\"@type\":\"SearchAction\",\"target\":{\"@type\":\"EntryPoint\",\"urlTemplate\":\"https:\\\/\\\/folhapopular.info\\\/?s={search_term_string}\"},\"query-input\":{\"@type\":\"PropertyValueSpecification\",\"valueRequired\":true,\"valueName\":\"search_term_string\"}}],\"inLanguage\":\"pt-BR\"},{\"@type\":\"Person\",\"@id\":\"https:\\\/\\\/folhapopular.info\\\/#\\\/schema\\\/person\\\/2814e8a0df7643585a9ca38bc6eb9d4b\",\"name\":\"Reda\u00e7\u00e3o Folha Popular\",\"image\":{\"@type\":\"ImageObject\",\"inLanguage\":\"pt-BR\",\"@id\":\"https:\\\/\\\/folhapopular.info\\\/wp-content\\\/uploads\\\/2026\\\/04\\\/Folha-1.webp\",\"url\":\"https:\\\/\\\/folhapopular.info\\\/wp-content\\\/uploads\\\/2026\\\/04\\\/Folha-1.webp\",\"contentUrl\":\"https:\\\/\\\/folhapopular.info\\\/wp-content\\\/uploads\\\/2026\\\/04\\\/Folha-1.webp\",\"caption\":\"Reda\u00e7\u00e3o Folha Popular\"},\"url\":\"https:\\\/\\\/folhapopular.info\\\/index.php\\\/author\\\/redacao\\\/\"}]}<\/script>\n<!-- \/ Yoast SEO plugin. -->","yoast_head_json":{"title":"Disputas do Aberto de Ver\u00e3o da Languiru continuam nesta sexta-feira - Folha Popular","robots":{"index":"index","follow":"follow","max-snippet":"max-snippet:-1","max-image-preview":"max-image-preview:large","max-video-preview":"max-video-preview:-1"},"canonical":"https:\/\/folhapopular.info\/index.php\/2022\/01\/21\/disputas-do-aberto-de-verao-da-languiru-continuam-nesta-sexta-feira\/","og_locale":"pt_BR","og_type":"article","og_title":"Disputas do Aberto de Ver\u00e3o da Languiru continuam nesta sexta-feira - Folha Popular","og_description":"Na noite desta sexta-feira (21\/1), o Campeonato Aberto de Ver\u00e3o da Languiru abrir\u00e1 a 5\u00aa rodada do Futebol Sete, e a 3\u00aa rodada do Futsal. Al\u00e9m disso, ter\u00e1 a estreia da modalidade Futev\u00f4lei, a partir das 19h. Todos os jogos, com exce\u00e7\u00e3o do Futev\u00f4lei, ter\u00e3o in\u00edcio \u00e0s 20h, na Associa\u00e7\u00e3o de Funcion\u00e1rios da Languiru. Na [&hellip;]","og_url":"https:\/\/folhapopular.info\/index.php\/2022\/01\/21\/disputas-do-aberto-de-verao-da-languiru-continuam-nesta-sexta-feira\/","og_site_name":"Folha Popular","article_published_time":"2022-01-21T11:00:00+00:00","article_modified_time":"2022-01-21T11:06:12+00:00","og_image":[{"width":800,"height":531,"url":"http:\/\/folhapopular.info\/wp-content\/uploads\/2022\/01\/WhatsApp-Image-2022-01-20-at-16.34.50-e1642710080714.jpeg","type":"image\/jpeg"}],"author":"Reda\u00e7\u00e3o Folha Popular","twitter_card":"summary_large_image","twitter_misc":{"Escrito por":"Reda\u00e7\u00e3o Folha Popular","Est. tempo de leitura":"2 minutos"},"schema":{"@context":"https:\/\/schema.org","@graph":[{"@type":"Article","@id":"https:\/\/folhapopular.info\/index.php\/2022\/01\/21\/disputas-do-aberto-de-verao-da-languiru-continuam-nesta-sexta-feira\/#article","isPartOf":{"@id":"https:\/\/folhapopular.info\/index.php\/2022\/01\/21\/disputas-do-aberto-de-verao-da-languiru-continuam-nesta-sexta-feira\/"},"author":{"name":"Reda\u00e7\u00e3o Folha Popular","@id":"https:\/\/folhapopular.info\/#\/schema\/person\/2814e8a0df7643585a9ca38bc6eb9d4b"},"headline":"Disputas do Aberto de Ver\u00e3o da Languiru continuam nesta sexta-feira","datePublished":"2022-01-21T11:00:00+00:00","dateModified":"2022-01-21T11:06:12+00:00","mainEntityOfPage":{"@id":"https:\/\/folhapopular.info\/index.php\/2022\/01\/21\/disputas-do-aberto-de-verao-da-languiru-continuam-nesta-sexta-feira\/"},"wordCount":344,"commentCount":0,"image":{"@id":"https:\/\/folhapopular.info\/index.php\/2022\/01\/21\/disputas-do-aberto-de-verao-da-languiru-continuam-nesta-sexta-feira\/#primaryimage"},"thumbnailUrl":"https:\/\/folhapopular.info\/wp-content\/uploads\/2022\/01\/WhatsApp-Image-2022-01-20-at-16.34.50-e1642710080714.jpeg","keywords":["Futebol","Futev\u00f4lei","Futsal","Teut\u00f4nia"],"articleSection":["Destaques","Esportes","Futebol Sete","Futsal"],"inLanguage":"pt-BR","potentialAction":[{"@type":"CommentAction","name":"Comment","target":["https:\/\/folhapopular.info\/index.php\/2022\/01\/21\/disputas-do-aberto-de-verao-da-languiru-continuam-nesta-sexta-feira\/#respond"]}]},{"@type":"WebPage","@id":"https:\/\/folhapopular.info\/index.php\/2022\/01\/21\/disputas-do-aberto-de-verao-da-languiru-continuam-nesta-sexta-feira\/","url":"https:\/\/folhapopular.info\/index.php\/2022\/01\/21\/disputas-do-aberto-de-verao-da-languiru-continuam-nesta-sexta-feira\/","name":"Disputas do Aberto de Ver\u00e3o da Languiru continuam nesta sexta-feira - Folha Popular","isPartOf":{"@id":"https:\/\/folhapopular.info\/#website"},"primaryImageOfPage":{"@id":"https:\/\/folhapopular.info\/index.php\/2022\/01\/21\/disputas-do-aberto-de-verao-da-languiru-continuam-nesta-sexta-feira\/#primaryimage"},"image":{"@id":"https:\/\/folhapopular.info\/index.php\/2022\/01\/21\/disputas-do-aberto-de-verao-da-languiru-continuam-nesta-sexta-feira\/#primaryimage"},"thumbnailUrl":"https:\/\/folhapopular.info\/wp-content\/uploads\/2022\/01\/WhatsApp-Image-2022-01-20-at-16.34.50-e1642710080714.jpeg","datePublished":"2022-01-21T11:00:00+00:00","dateModified":"2022-01-21T11:06:12+00:00","author":{"@id":"https:\/\/folhapopular.info\/#\/schema\/person\/2814e8a0df7643585a9ca38bc6eb9d4b"},"breadcrumb":{"@id":"https:\/\/folhapopular.info\/index.php\/2022\/01\/21\/disputas-do-aberto-de-verao-da-languiru-continuam-nesta-sexta-feira\/#breadcrumb"},"inLanguage":"pt-BR","potentialAction":[{"@type":"ReadAction","target":["https:\/\/folhapopular.info\/index.php\/2022\/01\/21\/disputas-do-aberto-de-verao-da-languiru-continuam-nesta-sexta-feira\/"]}]},{"@type":"ImageObject","inLanguage":"pt-BR","@id":"https:\/\/folhapopular.info\/index.php\/2022\/01\/21\/disputas-do-aberto-de-verao-da-languiru-continuam-nesta-sexta-feira\/#primaryimage","url":"https:\/\/folhapopular.info\/wp-content\/uploads\/2022\/01\/WhatsApp-Image-2022-01-20-at-16.34.50-e1642710080714.jpeg","contentUrl":"https:\/\/folhapopular.info\/wp-content\/uploads\/2022\/01\/WhatsApp-Image-2022-01-20-at-16.34.50-e1642710080714.jpeg","width":800,"height":531,"caption":"Cr\u00e9dito da foto: Carla Beckmann \/ Arquivo FP"},{"@type":"BreadcrumbList","@id":"https:\/\/folhapopular.info\/index.php\/2022\/01\/21\/disputas-do-aberto-de-verao-da-languiru-continuam-nesta-sexta-feira\/#breadcrumb","itemListElement":[{"@type":"ListItem","position":1,"name":"In\u00edcio","item":"https:\/\/folhapopular.info\/"},{"@type":"ListItem","position":2,"name":"Disputas do Aberto de Ver\u00e3o da Languiru continuam nesta sexta-feira"}]},{"@type":"WebSite","@id":"https:\/\/folhapopular.info\/#website","url":"https:\/\/folhapopular.info\/","name":"Folha Popular","description":"Onde voc\u00ea tem vez e voz","potentialAction":[{"@type":"SearchAction","target":{"@type":"EntryPoint","urlTemplate":"https:\/\/folhapopular.info\/?s={search_term_string}"},"query-input":{"@type":"PropertyValueSpecification","valueRequired":true,"valueName":"search_term_string"}}],"inLanguage":"pt-BR"},{"@type":"Person","@id":"https:\/\/folhapopular.info\/#\/schema\/person\/2814e8a0df7643585a9ca38bc6eb9d4b","name":"Reda\u00e7\u00e3o Folha Popular","image":{"@type":"ImageObject","inLanguage":"pt-BR","@id":"https:\/\/folhapopular.info\/wp-content\/uploads\/2026\/04\/Folha-1.webp","url":"https:\/\/folhapopular.info\/wp-content\/uploads\/2026\/04\/Folha-1.webp","contentUrl":"https:\/\/folhapopular.info\/wp-content\/uploads\/2026\/04\/Folha-1.webp","caption":"Reda\u00e7\u00e3o Folha Popular"},"url":"https:\/\/folhapopular.info\/index.php\/author\/redacao\/"}]}},"jetpack_featured_media_url":"https:\/\/folhapopular.info\/wp-content\/uploads\/2022\/01\/WhatsApp-Image-2022-01-20-at-16.34.50-e1642710080714.jpeg","jetpack_sharing_enabled":true,"amp_enabled":true,"_links":{"self":[{"href":"https:\/\/folhapopular.info\/index.php\/wp-json\/wp\/v2\/posts\/96978","targetHints":{"allow":["GET"]}}],"collection":[{"href":"https:\/\/folhapopular.info\/index.php\/wp-json\/wp\/v2\/posts"}],"about":[{"href":"https:\/\/folhapopular.info\/index.php\/wp-json\/wp\/v2\/types\/post"}],"author":[{"embeddable":true,"href":"https:\/\/folhapopular.info\/index.php\/wp-json\/wp\/v2\/users\/8"}],"replies":[{"embeddable":true,"href":"https:\/\/folhapopular.info\/index.php\/wp-json\/wp\/v2\/comments?post=96978"}],"version-history":[{"count":0,"href":"https:\/\/folhapopular.info\/index.php\/wp-json\/wp\/v2\/posts\/96978\/revisions"}],"wp:featuredmedia":[{"embeddable":true,"href":"https:\/\/folhapopular.info\/index.php\/wp-json\/wp\/v2\/media\/97008"}],"wp:attachment":[{"href":"https:\/\/folhapopular.info\/index.php\/wp-json\/wp\/v2\/media?parent=96978"}],"wp:term":[{"taxonomy":"category","embeddable":true,"href":"https:\/\/folhapopular.info\/index.php\/wp-json\/wp\/v2\/categories?post=96978"},{"taxonomy":"post_tag","embeddable":true,"href":"https:\/\/folhapopular.info\/index.php\/wp-json\/wp\/v2\/tags?post=96978"}],"curies":[{"name":"wp","href":"https:\/\/api.w.org\/{rel}","templated":true}]}}