{"id":96988,"date":"2022-01-20T14:51:01","date_gmt":"2022-01-20T17:51:01","guid":{"rendered":"https:\/\/folhapopular.info\/?p=96988"},"modified":"2022-01-20T14:51:05","modified_gmt":"2022-01-20T17:51:05","slug":"sesc-lajeado-leva-espetaculo-teatral-infantil-a-doutor-ricardo","status":"publish","type":"post","link":"https:\/\/folhapopular.info\/index.php\/2022\/01\/20\/sesc-lajeado-leva-espetaculo-teatral-infantil-a-doutor-ricardo\/","title":{"rendered":"Sesc Lajeado leva espet\u00e1culo teatral infantil a Doutor Ricardo"},"content":{"rendered":"\n<p>Para marcar o retorno presencial \u00e0s aulas e o novo ano letivo, o<strong> <\/strong>Sesc Lajeado levar\u00e1 ao munic\u00edpio de Doutor Ricardo um espet\u00e1culo teatral<strong> <\/strong>gratuito no dia 4 de fevereiro. A atividade \u00e9 aberta e ser\u00e1 realizada no Gin\u00e1sio Municipal de Esportes, com apoio da Prefeitura Municipal de Doutor Ricardo, \u00e0s 19h.\u00a0<\/p>\n\n\n\n<p>O espet\u00e1culo \u201cHist\u00f3rias para Voar\u201d \u00e9 voltado ao p\u00fablico infanto-juvenil e ser\u00e1 apresentado pelo Coletivo Vengalinos. O grupo, formado em 2018 pelos artistas Aline Tana\u00e3 Tavares, Douglas Trancoso de Britto, Gabriel Zeni de Oliveira e Giovana Mazzochi, \u00e9 inspirado pela arte mambembe. Os componentes atuam h\u00e1 mais de vinte anos no cen\u00e1rio cultural ga\u00facho.<\/p>\n\n\n\n<p>Mesmo em meio \u00e0 pandemia, o Sistema Fecom\u00e9rcio-RS\/Sesc\/Senac segue pr\u00f3ximo da comunidade e das empresas ga\u00fachas. &#8220;Seguindo as recomenda\u00e7\u00f5es das autoridades e mantendo os cuidados com a sa\u00fade de todos, os servi\u00e7os continuam sendo entregues e est\u00e3o fazendo a diferen\u00e7a na vida de milhares de pessoas e de empresas do com\u00e9rcio de bens, servi\u00e7os e turismo. Desde 2020 disponibilizamos nosso apoio tamb\u00e9m de forma virtual para continuarmos pr\u00f3ximos dos ga\u00fachos&#8221;, afirma o presidente do Sistema Fecom\u00e9rcio-RS\/Sesc\/Senac, Luiz Carlos Bohn. O dirigente lembra ainda que o portal <a href=\"https:\/\/senacrs.com.br\/pertodevc\/index.php\" target=\"_blank\" rel=\"noreferrer noopener\">Perto de Voc\u00ea<\/a> segue com programa\u00e7\u00e3o on-line e gratuita em variadas \u00e1reas como: empreendedorismo, educa\u00e7\u00e3o, esporte, sa\u00fade, cultura, lazer e a\u00e7\u00e3o social.\u00a0<\/p>\n","protected":false},"excerpt":{"rendered":"<p>Para marcar o retorno presencial \u00e0s aulas e o novo ano letivo, o Sesc Lajeado levar\u00e1 ao munic\u00edpio de Doutor Ricardo um espet\u00e1culo teatral gratuito no dia 4 de fevereiro. A atividade \u00e9 aberta e ser\u00e1 realizada no Gin\u00e1sio Municipal de Esportes, com apoio da Prefeitura Municipal de Doutor Ricardo, \u00e0s 19h.\u00a0 O espet\u00e1culo \u201cHist\u00f3rias [&hellip;]<\/p>\n","protected":false},"author":8,"featured_media":58538,"comment_status":"open","ping_status":"open","sticky":false,"template":"","format":"standard","meta":{"pmpro_default_level":"","_jetpack_memberships_contains_paid_content":false,"footnotes":""},"categories":[2,3],"tags":[27,549,785,2236],"class_list":{"0":"post-96988","1":"post","2":"type-post","3":"status-publish","4":"format-standard","5":"has-post-thumbnail","7":"category-featured","8":"category-geral","9":"tag-lajeado","10":"tag-sesc","11":"tag-teatro-sesc","12":"tag-volta-as-aulas","13":"pmpro-has-access"},"yoast_head":"<!-- This site is optimized with the Yoast SEO plugin v27.5 - https:\/\/yoast.com\/product\/yoast-seo-wordpress\/ -->\n<title>Sesc Lajeado leva espet\u00e1culo teatral infantil a Doutor Ricardo - Folha Popular<\/title>\n<meta name=\"robots\" content=\"index, follow, max-snippet:-1, max-image-preview:large, max-video-preview:-1\" \/>\n<link rel=\"canonical\" href=\"https:\/\/folhapopular.info\/index.php\/2022\/01\/20\/sesc-lajeado-leva-espetaculo-teatral-infantil-a-doutor-ricardo\/\" \/>\n<meta property=\"og:locale\" content=\"pt_BR\" \/>\n<meta property=\"og:type\" content=\"article\" \/>\n<meta property=\"og:title\" content=\"Sesc Lajeado leva espet\u00e1culo teatral infantil a Doutor Ricardo - Folha Popular\" \/>\n<meta property=\"og:description\" content=\"Para marcar o retorno presencial \u00e0s aulas e o novo ano letivo, o Sesc Lajeado levar\u00e1 ao munic\u00edpio de Doutor Ricardo um espet\u00e1culo teatral gratuito no dia 4 de fevereiro. A atividade \u00e9 aberta e ser\u00e1 realizada no Gin\u00e1sio Municipal de Esportes, com apoio da Prefeitura Municipal de Doutor Ricardo, \u00e0s 19h.\u00a0 O espet\u00e1culo \u201cHist\u00f3rias [&hellip;]\" \/>\n<meta property=\"og:url\" content=\"https:\/\/folhapopular.info\/index.php\/2022\/01\/20\/sesc-lajeado-leva-espetaculo-teatral-infantil-a-doutor-ricardo\/\" \/>\n<meta property=\"og:site_name\" content=\"Folha Popular\" \/>\n<meta property=\"article:published_time\" content=\"2022-01-20T17:51:01+00:00\" \/>\n<meta property=\"article:modified_time\" content=\"2022-01-20T17:51:05+00:00\" \/>\n<meta property=\"og:image\" content=\"http:\/\/folhapopular.info\/wp-content\/uploads\/2019\/09\/Noticias-e1567961441371.jpg\" \/>\n\t<meta property=\"og:image:width\" content=\"800\" \/>\n\t<meta property=\"og:image:height\" content=\"563\" \/>\n\t<meta property=\"og:image:type\" content=\"image\/jpeg\" \/>\n<meta name=\"author\" content=\"Reda\u00e7\u00e3o Folha Popular\" \/>\n<meta name=\"twitter:card\" content=\"summary_large_image\" \/>\n<meta name=\"twitter:label1\" content=\"Escrito por\" \/>\n\t<meta name=\"twitter:data1\" content=\"Reda\u00e7\u00e3o Folha Popular\" \/>\n\t<meta name=\"twitter:label2\" content=\"Est. tempo de leitura\" \/>\n\t<meta name=\"twitter:data2\" content=\"2 minutos\" \/>\n<script type=\"application\/ld+json\" class=\"yoast-schema-graph\">{\"@context\":\"https:\\\/\\\/schema.org\",\"@graph\":[{\"@type\":\"Article\",\"@id\":\"https:\\\/\\\/folhapopular.info\\\/index.php\\\/2022\\\/01\\\/20\\\/sesc-lajeado-leva-espetaculo-teatral-infantil-a-doutor-ricardo\\\/#article\",\"isPartOf\":{\"@id\":\"https:\\\/\\\/folhapopular.info\\\/index.php\\\/2022\\\/01\\\/20\\\/sesc-lajeado-leva-espetaculo-teatral-infantil-a-doutor-ricardo\\\/\"},\"author\":{\"name\":\"Reda\u00e7\u00e3o Folha Popular\",\"@id\":\"https:\\\/\\\/folhapopular.info\\\/#\\\/schema\\\/person\\\/2814e8a0df7643585a9ca38bc6eb9d4b\"},\"headline\":\"Sesc Lajeado leva espet\u00e1culo teatral infantil a Doutor Ricardo\",\"datePublished\":\"2022-01-20T17:51:01+00:00\",\"dateModified\":\"2022-01-20T17:51:05+00:00\",\"mainEntityOfPage\":{\"@id\":\"https:\\\/\\\/folhapopular.info\\\/index.php\\\/2022\\\/01\\\/20\\\/sesc-lajeado-leva-espetaculo-teatral-infantil-a-doutor-ricardo\\\/\"},\"wordCount\":247,\"commentCount\":0,\"image\":{\"@id\":\"https:\\\/\\\/folhapopular.info\\\/index.php\\\/2022\\\/01\\\/20\\\/sesc-lajeado-leva-espetaculo-teatral-infantil-a-doutor-ricardo\\\/#primaryimage\"},\"thumbnailUrl\":\"https:\\\/\\\/folhapopular.info\\\/wp-content\\\/uploads\\\/2019\\\/09\\\/Noticias-e1567961441371.jpg\",\"keywords\":[\"Lajeado\",\"SESC\",\"Teatro Sesc\",\"Volta \u00e0s Aulas\"],\"articleSection\":[\"Destaques\",\"Geral\"],\"inLanguage\":\"pt-BR\",\"potentialAction\":[{\"@type\":\"CommentAction\",\"name\":\"Comment\",\"target\":[\"https:\\\/\\\/folhapopular.info\\\/index.php\\\/2022\\\/01\\\/20\\\/sesc-lajeado-leva-espetaculo-teatral-infantil-a-doutor-ricardo\\\/#respond\"]}]},{\"@type\":\"WebPage\",\"@id\":\"https:\\\/\\\/folhapopular.info\\\/index.php\\\/2022\\\/01\\\/20\\\/sesc-lajeado-leva-espetaculo-teatral-infantil-a-doutor-ricardo\\\/\",\"url\":\"https:\\\/\\\/folhapopular.info\\\/index.php\\\/2022\\\/01\\\/20\\\/sesc-lajeado-leva-espetaculo-teatral-infantil-a-doutor-ricardo\\\/\",\"name\":\"Sesc Lajeado leva espet\u00e1culo teatral infantil a Doutor Ricardo - Folha Popular\",\"isPartOf\":{\"@id\":\"https:\\\/\\\/folhapopular.info\\\/#website\"},\"primaryImageOfPage\":{\"@id\":\"https:\\\/\\\/folhapopular.info\\\/index.php\\\/2022\\\/01\\\/20\\\/sesc-lajeado-leva-espetaculo-teatral-infantil-a-doutor-ricardo\\\/#primaryimage\"},\"image\":{\"@id\":\"https:\\\/\\\/folhapopular.info\\\/index.php\\\/2022\\\/01\\\/20\\\/sesc-lajeado-leva-espetaculo-teatral-infantil-a-doutor-ricardo\\\/#primaryimage\"},\"thumbnailUrl\":\"https:\\\/\\\/folhapopular.info\\\/wp-content\\\/uploads\\\/2019\\\/09\\\/Noticias-e1567961441371.jpg\",\"datePublished\":\"2022-01-20T17:51:01+00:00\",\"dateModified\":\"2022-01-20T17:51:05+00:00\",\"author\":{\"@id\":\"https:\\\/\\\/folhapopular.info\\\/#\\\/schema\\\/person\\\/2814e8a0df7643585a9ca38bc6eb9d4b\"},\"breadcrumb\":{\"@id\":\"https:\\\/\\\/folhapopular.info\\\/index.php\\\/2022\\\/01\\\/20\\\/sesc-lajeado-leva-espetaculo-teatral-infantil-a-doutor-ricardo\\\/#breadcrumb\"},\"inLanguage\":\"pt-BR\",\"potentialAction\":[{\"@type\":\"ReadAction\",\"target\":[\"https:\\\/\\\/folhapopular.info\\\/index.php\\\/2022\\\/01\\\/20\\\/sesc-lajeado-leva-espetaculo-teatral-infantil-a-doutor-ricardo\\\/\"]}]},{\"@type\":\"ImageObject\",\"inLanguage\":\"pt-BR\",\"@id\":\"https:\\\/\\\/folhapopular.info\\\/index.php\\\/2022\\\/01\\\/20\\\/sesc-lajeado-leva-espetaculo-teatral-infantil-a-doutor-ricardo\\\/#primaryimage\",\"url\":\"https:\\\/\\\/folhapopular.info\\\/wp-content\\\/uploads\\\/2019\\\/09\\\/Noticias-e1567961441371.jpg\",\"contentUrl\":\"https:\\\/\\\/folhapopular.info\\\/wp-content\\\/uploads\\\/2019\\\/09\\\/Noticias-e1567961441371.jpg\",\"width\":800,\"height\":563,\"caption\":\"Cr\u00e9dito da arte: J\u00falia Caroline Geib \\\/ Divulga\u00e7\u00e3o\"},{\"@type\":\"BreadcrumbList\",\"@id\":\"https:\\\/\\\/folhapopular.info\\\/index.php\\\/2022\\\/01\\\/20\\\/sesc-lajeado-leva-espetaculo-teatral-infantil-a-doutor-ricardo\\\/#breadcrumb\",\"itemListElement\":[{\"@type\":\"ListItem\",\"position\":1,\"name\":\"In\u00edcio\",\"item\":\"https:\\\/\\\/folhapopular.info\\\/\"},{\"@type\":\"ListItem\",\"position\":2,\"name\":\"Sesc Lajeado leva espet\u00e1culo teatral infantil a Doutor Ricardo\"}]},{\"@type\":\"WebSite\",\"@id\":\"https:\\\/\\\/folhapopular.info\\\/#website\",\"url\":\"https:\\\/\\\/folhapopular.info\\\/\",\"name\":\"Folha Popular\",\"description\":\"Onde voc\u00ea tem vez e voz\",\"potentialAction\":[{\"@type\":\"SearchAction\",\"target\":{\"@type\":\"EntryPoint\",\"urlTemplate\":\"https:\\\/\\\/folhapopular.info\\\/?s={search_term_string}\"},\"query-input\":{\"@type\":\"PropertyValueSpecification\",\"valueRequired\":true,\"valueName\":\"search_term_string\"}}],\"inLanguage\":\"pt-BR\"},{\"@type\":\"Person\",\"@id\":\"https:\\\/\\\/folhapopular.info\\\/#\\\/schema\\\/person\\\/2814e8a0df7643585a9ca38bc6eb9d4b\",\"name\":\"Reda\u00e7\u00e3o Folha Popular\",\"image\":{\"@type\":\"ImageObject\",\"inLanguage\":\"pt-BR\",\"@id\":\"https:\\\/\\\/folhapopular.info\\\/wp-content\\\/uploads\\\/2026\\\/04\\\/Folha-1.webp\",\"url\":\"https:\\\/\\\/folhapopular.info\\\/wp-content\\\/uploads\\\/2026\\\/04\\\/Folha-1.webp\",\"contentUrl\":\"https:\\\/\\\/folhapopular.info\\\/wp-content\\\/uploads\\\/2026\\\/04\\\/Folha-1.webp\",\"caption\":\"Reda\u00e7\u00e3o Folha Popular\"},\"url\":\"https:\\\/\\\/folhapopular.info\\\/index.php\\\/author\\\/redacao\\\/\"}]}<\/script>\n<!-- \/ Yoast SEO plugin. -->","yoast_head_json":{"title":"Sesc Lajeado leva espet\u00e1culo teatral infantil a Doutor Ricardo - Folha Popular","robots":{"index":"index","follow":"follow","max-snippet":"max-snippet:-1","max-image-preview":"max-image-preview:large","max-video-preview":"max-video-preview:-1"},"canonical":"https:\/\/folhapopular.info\/index.php\/2022\/01\/20\/sesc-lajeado-leva-espetaculo-teatral-infantil-a-doutor-ricardo\/","og_locale":"pt_BR","og_type":"article","og_title":"Sesc Lajeado leva espet\u00e1culo teatral infantil a Doutor Ricardo - Folha Popular","og_description":"Para marcar o retorno presencial \u00e0s aulas e o novo ano letivo, o Sesc Lajeado levar\u00e1 ao munic\u00edpio de Doutor Ricardo um espet\u00e1culo teatral gratuito no dia 4 de fevereiro. A atividade \u00e9 aberta e ser\u00e1 realizada no Gin\u00e1sio Municipal de Esportes, com apoio da Prefeitura Municipal de Doutor Ricardo, \u00e0s 19h.\u00a0 O espet\u00e1culo \u201cHist\u00f3rias [&hellip;]","og_url":"https:\/\/folhapopular.info\/index.php\/2022\/01\/20\/sesc-lajeado-leva-espetaculo-teatral-infantil-a-doutor-ricardo\/","og_site_name":"Folha Popular","article_published_time":"2022-01-20T17:51:01+00:00","article_modified_time":"2022-01-20T17:51:05+00:00","og_image":[{"width":800,"height":563,"url":"http:\/\/folhapopular.info\/wp-content\/uploads\/2019\/09\/Noticias-e1567961441371.jpg","type":"image\/jpeg"}],"author":"Reda\u00e7\u00e3o Folha Popular","twitter_card":"summary_large_image","twitter_misc":{"Escrito por":"Reda\u00e7\u00e3o Folha Popular","Est. tempo de leitura":"2 minutos"},"schema":{"@context":"https:\/\/schema.org","@graph":[{"@type":"Article","@id":"https:\/\/folhapopular.info\/index.php\/2022\/01\/20\/sesc-lajeado-leva-espetaculo-teatral-infantil-a-doutor-ricardo\/#article","isPartOf":{"@id":"https:\/\/folhapopular.info\/index.php\/2022\/01\/20\/sesc-lajeado-leva-espetaculo-teatral-infantil-a-doutor-ricardo\/"},"author":{"name":"Reda\u00e7\u00e3o Folha Popular","@id":"https:\/\/folhapopular.info\/#\/schema\/person\/2814e8a0df7643585a9ca38bc6eb9d4b"},"headline":"Sesc Lajeado leva espet\u00e1culo teatral infantil a Doutor Ricardo","datePublished":"2022-01-20T17:51:01+00:00","dateModified":"2022-01-20T17:51:05+00:00","mainEntityOfPage":{"@id":"https:\/\/folhapopular.info\/index.php\/2022\/01\/20\/sesc-lajeado-leva-espetaculo-teatral-infantil-a-doutor-ricardo\/"},"wordCount":247,"commentCount":0,"image":{"@id":"https:\/\/folhapopular.info\/index.php\/2022\/01\/20\/sesc-lajeado-leva-espetaculo-teatral-infantil-a-doutor-ricardo\/#primaryimage"},"thumbnailUrl":"https:\/\/folhapopular.info\/wp-content\/uploads\/2019\/09\/Noticias-e1567961441371.jpg","keywords":["Lajeado","SESC","Teatro Sesc","Volta \u00e0s Aulas"],"articleSection":["Destaques","Geral"],"inLanguage":"pt-BR","potentialAction":[{"@type":"CommentAction","name":"Comment","target":["https:\/\/folhapopular.info\/index.php\/2022\/01\/20\/sesc-lajeado-leva-espetaculo-teatral-infantil-a-doutor-ricardo\/#respond"]}]},{"@type":"WebPage","@id":"https:\/\/folhapopular.info\/index.php\/2022\/01\/20\/sesc-lajeado-leva-espetaculo-teatral-infantil-a-doutor-ricardo\/","url":"https:\/\/folhapopular.info\/index.php\/2022\/01\/20\/sesc-lajeado-leva-espetaculo-teatral-infantil-a-doutor-ricardo\/","name":"Sesc Lajeado leva espet\u00e1culo teatral infantil a Doutor Ricardo - Folha Popular","isPartOf":{"@id":"https:\/\/folhapopular.info\/#website"},"primaryImageOfPage":{"@id":"https:\/\/folhapopular.info\/index.php\/2022\/01\/20\/sesc-lajeado-leva-espetaculo-teatral-infantil-a-doutor-ricardo\/#primaryimage"},"image":{"@id":"https:\/\/folhapopular.info\/index.php\/2022\/01\/20\/sesc-lajeado-leva-espetaculo-teatral-infantil-a-doutor-ricardo\/#primaryimage"},"thumbnailUrl":"https:\/\/folhapopular.info\/wp-content\/uploads\/2019\/09\/Noticias-e1567961441371.jpg","datePublished":"2022-01-20T17:51:01+00:00","dateModified":"2022-01-20T17:51:05+00:00","author":{"@id":"https:\/\/folhapopular.info\/#\/schema\/person\/2814e8a0df7643585a9ca38bc6eb9d4b"},"breadcrumb":{"@id":"https:\/\/folhapopular.info\/index.php\/2022\/01\/20\/sesc-lajeado-leva-espetaculo-teatral-infantil-a-doutor-ricardo\/#breadcrumb"},"inLanguage":"pt-BR","potentialAction":[{"@type":"ReadAction","target":["https:\/\/folhapopular.info\/index.php\/2022\/01\/20\/sesc-lajeado-leva-espetaculo-teatral-infantil-a-doutor-ricardo\/"]}]},{"@type":"ImageObject","inLanguage":"pt-BR","@id":"https:\/\/folhapopular.info\/index.php\/2022\/01\/20\/sesc-lajeado-leva-espetaculo-teatral-infantil-a-doutor-ricardo\/#primaryimage","url":"https:\/\/folhapopular.info\/wp-content\/uploads\/2019\/09\/Noticias-e1567961441371.jpg","contentUrl":"https:\/\/folhapopular.info\/wp-content\/uploads\/2019\/09\/Noticias-e1567961441371.jpg","width":800,"height":563,"caption":"Cr\u00e9dito da arte: J\u00falia Caroline Geib \/ Divulga\u00e7\u00e3o"},{"@type":"BreadcrumbList","@id":"https:\/\/folhapopular.info\/index.php\/2022\/01\/20\/sesc-lajeado-leva-espetaculo-teatral-infantil-a-doutor-ricardo\/#breadcrumb","itemListElement":[{"@type":"ListItem","position":1,"name":"In\u00edcio","item":"https:\/\/folhapopular.info\/"},{"@type":"ListItem","position":2,"name":"Sesc Lajeado leva espet\u00e1culo teatral infantil a Doutor Ricardo"}]},{"@type":"WebSite","@id":"https:\/\/folhapopular.info\/#website","url":"https:\/\/folhapopular.info\/","name":"Folha Popular","description":"Onde voc\u00ea tem vez e voz","potentialAction":[{"@type":"SearchAction","target":{"@type":"EntryPoint","urlTemplate":"https:\/\/folhapopular.info\/?s={search_term_string}"},"query-input":{"@type":"PropertyValueSpecification","valueRequired":true,"valueName":"search_term_string"}}],"inLanguage":"pt-BR"},{"@type":"Person","@id":"https:\/\/folhapopular.info\/#\/schema\/person\/2814e8a0df7643585a9ca38bc6eb9d4b","name":"Reda\u00e7\u00e3o Folha Popular","image":{"@type":"ImageObject","inLanguage":"pt-BR","@id":"https:\/\/folhapopular.info\/wp-content\/uploads\/2026\/04\/Folha-1.webp","url":"https:\/\/folhapopular.info\/wp-content\/uploads\/2026\/04\/Folha-1.webp","contentUrl":"https:\/\/folhapopular.info\/wp-content\/uploads\/2026\/04\/Folha-1.webp","caption":"Reda\u00e7\u00e3o Folha Popular"},"url":"https:\/\/folhapopular.info\/index.php\/author\/redacao\/"}]}},"jetpack_featured_media_url":"https:\/\/folhapopular.info\/wp-content\/uploads\/2019\/09\/Noticias-e1567961441371.jpg","jetpack_sharing_enabled":true,"amp_enabled":true,"_links":{"self":[{"href":"https:\/\/folhapopular.info\/index.php\/wp-json\/wp\/v2\/posts\/96988","targetHints":{"allow":["GET"]}}],"collection":[{"href":"https:\/\/folhapopular.info\/index.php\/wp-json\/wp\/v2\/posts"}],"about":[{"href":"https:\/\/folhapopular.info\/index.php\/wp-json\/wp\/v2\/types\/post"}],"author":[{"embeddable":true,"href":"https:\/\/folhapopular.info\/index.php\/wp-json\/wp\/v2\/users\/8"}],"replies":[{"embeddable":true,"href":"https:\/\/folhapopular.info\/index.php\/wp-json\/wp\/v2\/comments?post=96988"}],"version-history":[{"count":0,"href":"https:\/\/folhapopular.info\/index.php\/wp-json\/wp\/v2\/posts\/96988\/revisions"}],"wp:featuredmedia":[{"embeddable":true,"href":"https:\/\/folhapopular.info\/index.php\/wp-json\/wp\/v2\/media\/58538"}],"wp:attachment":[{"href":"https:\/\/folhapopular.info\/index.php\/wp-json\/wp\/v2\/media?parent=96988"}],"wp:term":[{"taxonomy":"category","embeddable":true,"href":"https:\/\/folhapopular.info\/index.php\/wp-json\/wp\/v2\/categories?post=96988"},{"taxonomy":"post_tag","embeddable":true,"href":"https:\/\/folhapopular.info\/index.php\/wp-json\/wp\/v2\/tags?post=96988"}],"curies":[{"name":"wp","href":"https:\/\/api.w.org\/{rel}","templated":true}]}}