{"id":96995,"date":"2022-01-20T16:30:19","date_gmt":"2022-01-20T19:30:19","guid":{"rendered":"https:\/\/folhapopular.info\/?p=96995"},"modified":"2022-01-20T16:31:46","modified_gmt":"2022-01-20T19:31:46","slug":"estandes-da-terceira-colinasfest-ja-estao-sendo-comercializados","status":"publish","type":"post","link":"https:\/\/folhapopular.info\/index.php\/2022\/01\/20\/estandes-da-terceira-colinasfest-ja-estao-sendo-comercializados\/","title":{"rendered":"Estandes da terceira Colinasfest j\u00e1 est\u00e3o sendo comercializados"},"content":{"rendered":"\n<p>A terceira Colinasfest \u2013 feira industrial, comercial e servi\u00e7os de Colinas vem sendo planejada desde dezembro de 2021 pela empresa Lume Eventos de Encantado, juntamente com uma comiss\u00e3o formada por representantes do munic\u00edpio. A feira ser\u00e1 realizada entre os dias 17 e 20 de mar\u00e7o, no mesmo espa\u00e7o onde foram realizadas as edi\u00e7\u00f5es anteriores, que abrange o Gin\u00e1sio Municipal, o Centro Comunit\u00e1rio Evang\u00e9lico e o campo do Rui Barbosa, comemorando os 30 anos de emancipa\u00e7\u00e3o de Colinas. <\/p>\n\n\n\n<p>Os estandes j\u00e1 est\u00e3o sendo comercializados e os interessados podem entrar em contato pelo n\u00famero: (51) 99807.9403, ou atrav\u00e9s do e-mail: leidiane@lumeeventosrs.com.br.<\/p>\n\n\n\n<p>Nesta edi\u00e7\u00e3o a feira contar\u00e1 com algumas novidades, como o palco multicultural que ficar\u00e1<br>situado junto \u00e0 Pra\u00e7a de Alimenta\u00e7\u00e3o e que abrigar\u00e1 apresenta\u00e7\u00f5es de m\u00fasica, teatro e dan\u00e7a, simultaneamente com o palco principal destinado a atra\u00e7\u00f5es maiores.<\/p>\n\n\n\n<p><br>A expectativa \u00e9 de que neste ano a Colinasfest supere 15 mil visitantes.<\/p>\n","protected":false},"excerpt":{"rendered":"<p>A terceira Colinasfest \u2013 feira industrial, comercial e servi\u00e7os de Colinas vem sendo planejada desde dezembro de 2021 pela empresa Lume Eventos de Encantado, juntamente com uma comiss\u00e3o formada por representantes do munic\u00edpio. A feira ser\u00e1 realizada entre os dias 17 e 20 de mar\u00e7o, no mesmo espa\u00e7o onde foram realizadas as edi\u00e7\u00f5es anteriores, que [&hellip;]<\/p>\n","protected":false},"author":8,"featured_media":97006,"comment_status":"open","ping_status":"open","sticky":false,"template":"","format":"standard","meta":{"pmpro_default_level":"","_jetpack_memberships_contains_paid_content":false,"footnotes":""},"categories":[2,3],"tags":[183,4384,8008],"class_list":{"0":"post-96995","1":"post","2":"type-post","3":"status-publish","4":"format-standard","5":"has-post-thumbnail","7":"category-featured","8":"category-geral","9":"tag-colinas","10":"tag-colinasfest","11":"tag-feira-industrial","12":"pmpro-has-access"},"yoast_head":"<!-- This site is optimized with the Yoast SEO plugin v27.5 - https:\/\/yoast.com\/product\/yoast-seo-wordpress\/ -->\n<title>Estandes da terceira Colinasfest j\u00e1 est\u00e3o sendo comercializados - Folha Popular<\/title>\n<meta name=\"robots\" content=\"index, follow, max-snippet:-1, max-image-preview:large, max-video-preview:-1\" \/>\n<link rel=\"canonical\" href=\"https:\/\/folhapopular.info\/index.php\/2022\/01\/20\/estandes-da-terceira-colinasfest-ja-estao-sendo-comercializados\/\" \/>\n<meta property=\"og:locale\" content=\"pt_BR\" \/>\n<meta property=\"og:type\" content=\"article\" \/>\n<meta property=\"og:title\" content=\"Estandes da terceira Colinasfest j\u00e1 est\u00e3o sendo comercializados - Folha Popular\" \/>\n<meta property=\"og:description\" content=\"A terceira Colinasfest \u2013 feira industrial, comercial e servi\u00e7os de Colinas vem sendo planejada desde dezembro de 2021 pela empresa Lume Eventos de Encantado, juntamente com uma comiss\u00e3o formada por representantes do munic\u00edpio. A feira ser\u00e1 realizada entre os dias 17 e 20 de mar\u00e7o, no mesmo espa\u00e7o onde foram realizadas as edi\u00e7\u00f5es anteriores, que [&hellip;]\" \/>\n<meta property=\"og:url\" content=\"https:\/\/folhapopular.info\/index.php\/2022\/01\/20\/estandes-da-terceira-colinasfest-ja-estao-sendo-comercializados\/\" \/>\n<meta property=\"og:site_name\" content=\"Folha Popular\" \/>\n<meta property=\"article:published_time\" content=\"2022-01-20T19:30:19+00:00\" \/>\n<meta property=\"article:modified_time\" content=\"2022-01-20T19:31:46+00:00\" \/>\n<meta property=\"og:image\" content=\"http:\/\/folhapopular.info\/wp-content\/uploads\/2022\/01\/COLINASFEST-2019-scaled-e1642706948626.jpg\" \/>\n\t<meta property=\"og:image:width\" content=\"800\" \/>\n\t<meta property=\"og:image:height\" content=\"450\" \/>\n\t<meta property=\"og:image:type\" content=\"image\/jpeg\" \/>\n<meta name=\"author\" content=\"Reda\u00e7\u00e3o Folha Popular\" \/>\n<meta name=\"twitter:card\" content=\"summary_large_image\" \/>\n<meta name=\"twitter:label1\" content=\"Escrito por\" \/>\n\t<meta name=\"twitter:data1\" content=\"Reda\u00e7\u00e3o Folha Popular\" \/>\n\t<meta name=\"twitter:label2\" content=\"Est. tempo de leitura\" \/>\n\t<meta name=\"twitter:data2\" content=\"1 minuto\" \/>\n<script type=\"application\/ld+json\" class=\"yoast-schema-graph\">{\"@context\":\"https:\\\/\\\/schema.org\",\"@graph\":[{\"@type\":\"Article\",\"@id\":\"https:\\\/\\\/folhapopular.info\\\/index.php\\\/2022\\\/01\\\/20\\\/estandes-da-terceira-colinasfest-ja-estao-sendo-comercializados\\\/#article\",\"isPartOf\":{\"@id\":\"https:\\\/\\\/folhapopular.info\\\/index.php\\\/2022\\\/01\\\/20\\\/estandes-da-terceira-colinasfest-ja-estao-sendo-comercializados\\\/\"},\"author\":{\"name\":\"Reda\u00e7\u00e3o Folha Popular\",\"@id\":\"https:\\\/\\\/folhapopular.info\\\/#\\\/schema\\\/person\\\/2814e8a0df7643585a9ca38bc6eb9d4b\"},\"headline\":\"Estandes da terceira Colinasfest j\u00e1 est\u00e3o sendo comercializados\",\"datePublished\":\"2022-01-20T19:30:19+00:00\",\"dateModified\":\"2022-01-20T19:31:46+00:00\",\"mainEntityOfPage\":{\"@id\":\"https:\\\/\\\/folhapopular.info\\\/index.php\\\/2022\\\/01\\\/20\\\/estandes-da-terceira-colinasfest-ja-estao-sendo-comercializados\\\/\"},\"wordCount\":172,\"commentCount\":0,\"image\":{\"@id\":\"https:\\\/\\\/folhapopular.info\\\/index.php\\\/2022\\\/01\\\/20\\\/estandes-da-terceira-colinasfest-ja-estao-sendo-comercializados\\\/#primaryimage\"},\"thumbnailUrl\":\"https:\\\/\\\/folhapopular.info\\\/wp-content\\\/uploads\\\/2022\\\/01\\\/COLINASFEST-2019-scaled-e1642706948626.jpg\",\"keywords\":[\"Colinas\",\"Colinasfest\",\"Feira Industrial\"],\"articleSection\":[\"Destaques\",\"Geral\"],\"inLanguage\":\"pt-BR\",\"potentialAction\":[{\"@type\":\"CommentAction\",\"name\":\"Comment\",\"target\":[\"https:\\\/\\\/folhapopular.info\\\/index.php\\\/2022\\\/01\\\/20\\\/estandes-da-terceira-colinasfest-ja-estao-sendo-comercializados\\\/#respond\"]}]},{\"@type\":\"WebPage\",\"@id\":\"https:\\\/\\\/folhapopular.info\\\/index.php\\\/2022\\\/01\\\/20\\\/estandes-da-terceira-colinasfest-ja-estao-sendo-comercializados\\\/\",\"url\":\"https:\\\/\\\/folhapopular.info\\\/index.php\\\/2022\\\/01\\\/20\\\/estandes-da-terceira-colinasfest-ja-estao-sendo-comercializados\\\/\",\"name\":\"Estandes da terceira Colinasfest j\u00e1 est\u00e3o sendo comercializados - Folha Popular\",\"isPartOf\":{\"@id\":\"https:\\\/\\\/folhapopular.info\\\/#website\"},\"primaryImageOfPage\":{\"@id\":\"https:\\\/\\\/folhapopular.info\\\/index.php\\\/2022\\\/01\\\/20\\\/estandes-da-terceira-colinasfest-ja-estao-sendo-comercializados\\\/#primaryimage\"},\"image\":{\"@id\":\"https:\\\/\\\/folhapopular.info\\\/index.php\\\/2022\\\/01\\\/20\\\/estandes-da-terceira-colinasfest-ja-estao-sendo-comercializados\\\/#primaryimage\"},\"thumbnailUrl\":\"https:\\\/\\\/folhapopular.info\\\/wp-content\\\/uploads\\\/2022\\\/01\\\/COLINASFEST-2019-scaled-e1642706948626.jpg\",\"datePublished\":\"2022-01-20T19:30:19+00:00\",\"dateModified\":\"2022-01-20T19:31:46+00:00\",\"author\":{\"@id\":\"https:\\\/\\\/folhapopular.info\\\/#\\\/schema\\\/person\\\/2814e8a0df7643585a9ca38bc6eb9d4b\"},\"breadcrumb\":{\"@id\":\"https:\\\/\\\/folhapopular.info\\\/index.php\\\/2022\\\/01\\\/20\\\/estandes-da-terceira-colinasfest-ja-estao-sendo-comercializados\\\/#breadcrumb\"},\"inLanguage\":\"pt-BR\",\"potentialAction\":[{\"@type\":\"ReadAction\",\"target\":[\"https:\\\/\\\/folhapopular.info\\\/index.php\\\/2022\\\/01\\\/20\\\/estandes-da-terceira-colinasfest-ja-estao-sendo-comercializados\\\/\"]}]},{\"@type\":\"ImageObject\",\"inLanguage\":\"pt-BR\",\"@id\":\"https:\\\/\\\/folhapopular.info\\\/index.php\\\/2022\\\/01\\\/20\\\/estandes-da-terceira-colinasfest-ja-estao-sendo-comercializados\\\/#primaryimage\",\"url\":\"https:\\\/\\\/folhapopular.info\\\/wp-content\\\/uploads\\\/2022\\\/01\\\/COLINASFEST-2019-scaled-e1642706948626.jpg\",\"contentUrl\":\"https:\\\/\\\/folhapopular.info\\\/wp-content\\\/uploads\\\/2022\\\/01\\\/COLINASFEST-2019-scaled-e1642706948626.jpg\",\"width\":800,\"height\":450,\"caption\":\"A expectativa \u00e9 de que neste ano a Colinasfest supere 15 mil visitantes \\\/ Cr\u00e9dito: Divulga\u00e7\u00e3o\"},{\"@type\":\"BreadcrumbList\",\"@id\":\"https:\\\/\\\/folhapopular.info\\\/index.php\\\/2022\\\/01\\\/20\\\/estandes-da-terceira-colinasfest-ja-estao-sendo-comercializados\\\/#breadcrumb\",\"itemListElement\":[{\"@type\":\"ListItem\",\"position\":1,\"name\":\"In\u00edcio\",\"item\":\"https:\\\/\\\/folhapopular.info\\\/\"},{\"@type\":\"ListItem\",\"position\":2,\"name\":\"Estandes da terceira Colinasfest j\u00e1 est\u00e3o sendo comercializados\"}]},{\"@type\":\"WebSite\",\"@id\":\"https:\\\/\\\/folhapopular.info\\\/#website\",\"url\":\"https:\\\/\\\/folhapopular.info\\\/\",\"name\":\"Folha Popular\",\"description\":\"Onde voc\u00ea tem vez e voz\",\"potentialAction\":[{\"@type\":\"SearchAction\",\"target\":{\"@type\":\"EntryPoint\",\"urlTemplate\":\"https:\\\/\\\/folhapopular.info\\\/?s={search_term_string}\"},\"query-input\":{\"@type\":\"PropertyValueSpecification\",\"valueRequired\":true,\"valueName\":\"search_term_string\"}}],\"inLanguage\":\"pt-BR\"},{\"@type\":\"Person\",\"@id\":\"https:\\\/\\\/folhapopular.info\\\/#\\\/schema\\\/person\\\/2814e8a0df7643585a9ca38bc6eb9d4b\",\"name\":\"Reda\u00e7\u00e3o Folha Popular\",\"image\":{\"@type\":\"ImageObject\",\"inLanguage\":\"pt-BR\",\"@id\":\"https:\\\/\\\/folhapopular.info\\\/wp-content\\\/uploads\\\/2026\\\/04\\\/Folha-1.webp\",\"url\":\"https:\\\/\\\/folhapopular.info\\\/wp-content\\\/uploads\\\/2026\\\/04\\\/Folha-1.webp\",\"contentUrl\":\"https:\\\/\\\/folhapopular.info\\\/wp-content\\\/uploads\\\/2026\\\/04\\\/Folha-1.webp\",\"caption\":\"Reda\u00e7\u00e3o Folha Popular\"},\"url\":\"https:\\\/\\\/folhapopular.info\\\/index.php\\\/author\\\/redacao\\\/\"}]}<\/script>\n<!-- \/ Yoast SEO plugin. -->","yoast_head_json":{"title":"Estandes da terceira Colinasfest j\u00e1 est\u00e3o sendo comercializados - Folha Popular","robots":{"index":"index","follow":"follow","max-snippet":"max-snippet:-1","max-image-preview":"max-image-preview:large","max-video-preview":"max-video-preview:-1"},"canonical":"https:\/\/folhapopular.info\/index.php\/2022\/01\/20\/estandes-da-terceira-colinasfest-ja-estao-sendo-comercializados\/","og_locale":"pt_BR","og_type":"article","og_title":"Estandes da terceira Colinasfest j\u00e1 est\u00e3o sendo comercializados - Folha Popular","og_description":"A terceira Colinasfest \u2013 feira industrial, comercial e servi\u00e7os de Colinas vem sendo planejada desde dezembro de 2021 pela empresa Lume Eventos de Encantado, juntamente com uma comiss\u00e3o formada por representantes do munic\u00edpio. A feira ser\u00e1 realizada entre os dias 17 e 20 de mar\u00e7o, no mesmo espa\u00e7o onde foram realizadas as edi\u00e7\u00f5es anteriores, que [&hellip;]","og_url":"https:\/\/folhapopular.info\/index.php\/2022\/01\/20\/estandes-da-terceira-colinasfest-ja-estao-sendo-comercializados\/","og_site_name":"Folha Popular","article_published_time":"2022-01-20T19:30:19+00:00","article_modified_time":"2022-01-20T19:31:46+00:00","og_image":[{"width":800,"height":450,"url":"http:\/\/folhapopular.info\/wp-content\/uploads\/2022\/01\/COLINASFEST-2019-scaled-e1642706948626.jpg","type":"image\/jpeg"}],"author":"Reda\u00e7\u00e3o Folha Popular","twitter_card":"summary_large_image","twitter_misc":{"Escrito por":"Reda\u00e7\u00e3o Folha Popular","Est. tempo de leitura":"1 minuto"},"schema":{"@context":"https:\/\/schema.org","@graph":[{"@type":"Article","@id":"https:\/\/folhapopular.info\/index.php\/2022\/01\/20\/estandes-da-terceira-colinasfest-ja-estao-sendo-comercializados\/#article","isPartOf":{"@id":"https:\/\/folhapopular.info\/index.php\/2022\/01\/20\/estandes-da-terceira-colinasfest-ja-estao-sendo-comercializados\/"},"author":{"name":"Reda\u00e7\u00e3o Folha Popular","@id":"https:\/\/folhapopular.info\/#\/schema\/person\/2814e8a0df7643585a9ca38bc6eb9d4b"},"headline":"Estandes da terceira Colinasfest j\u00e1 est\u00e3o sendo comercializados","datePublished":"2022-01-20T19:30:19+00:00","dateModified":"2022-01-20T19:31:46+00:00","mainEntityOfPage":{"@id":"https:\/\/folhapopular.info\/index.php\/2022\/01\/20\/estandes-da-terceira-colinasfest-ja-estao-sendo-comercializados\/"},"wordCount":172,"commentCount":0,"image":{"@id":"https:\/\/folhapopular.info\/index.php\/2022\/01\/20\/estandes-da-terceira-colinasfest-ja-estao-sendo-comercializados\/#primaryimage"},"thumbnailUrl":"https:\/\/folhapopular.info\/wp-content\/uploads\/2022\/01\/COLINASFEST-2019-scaled-e1642706948626.jpg","keywords":["Colinas","Colinasfest","Feira Industrial"],"articleSection":["Destaques","Geral"],"inLanguage":"pt-BR","potentialAction":[{"@type":"CommentAction","name":"Comment","target":["https:\/\/folhapopular.info\/index.php\/2022\/01\/20\/estandes-da-terceira-colinasfest-ja-estao-sendo-comercializados\/#respond"]}]},{"@type":"WebPage","@id":"https:\/\/folhapopular.info\/index.php\/2022\/01\/20\/estandes-da-terceira-colinasfest-ja-estao-sendo-comercializados\/","url":"https:\/\/folhapopular.info\/index.php\/2022\/01\/20\/estandes-da-terceira-colinasfest-ja-estao-sendo-comercializados\/","name":"Estandes da terceira Colinasfest j\u00e1 est\u00e3o sendo comercializados - Folha Popular","isPartOf":{"@id":"https:\/\/folhapopular.info\/#website"},"primaryImageOfPage":{"@id":"https:\/\/folhapopular.info\/index.php\/2022\/01\/20\/estandes-da-terceira-colinasfest-ja-estao-sendo-comercializados\/#primaryimage"},"image":{"@id":"https:\/\/folhapopular.info\/index.php\/2022\/01\/20\/estandes-da-terceira-colinasfest-ja-estao-sendo-comercializados\/#primaryimage"},"thumbnailUrl":"https:\/\/folhapopular.info\/wp-content\/uploads\/2022\/01\/COLINASFEST-2019-scaled-e1642706948626.jpg","datePublished":"2022-01-20T19:30:19+00:00","dateModified":"2022-01-20T19:31:46+00:00","author":{"@id":"https:\/\/folhapopular.info\/#\/schema\/person\/2814e8a0df7643585a9ca38bc6eb9d4b"},"breadcrumb":{"@id":"https:\/\/folhapopular.info\/index.php\/2022\/01\/20\/estandes-da-terceira-colinasfest-ja-estao-sendo-comercializados\/#breadcrumb"},"inLanguage":"pt-BR","potentialAction":[{"@type":"ReadAction","target":["https:\/\/folhapopular.info\/index.php\/2022\/01\/20\/estandes-da-terceira-colinasfest-ja-estao-sendo-comercializados\/"]}]},{"@type":"ImageObject","inLanguage":"pt-BR","@id":"https:\/\/folhapopular.info\/index.php\/2022\/01\/20\/estandes-da-terceira-colinasfest-ja-estao-sendo-comercializados\/#primaryimage","url":"https:\/\/folhapopular.info\/wp-content\/uploads\/2022\/01\/COLINASFEST-2019-scaled-e1642706948626.jpg","contentUrl":"https:\/\/folhapopular.info\/wp-content\/uploads\/2022\/01\/COLINASFEST-2019-scaled-e1642706948626.jpg","width":800,"height":450,"caption":"A expectativa \u00e9 de que neste ano a Colinasfest supere 15 mil visitantes \/ Cr\u00e9dito: Divulga\u00e7\u00e3o"},{"@type":"BreadcrumbList","@id":"https:\/\/folhapopular.info\/index.php\/2022\/01\/20\/estandes-da-terceira-colinasfest-ja-estao-sendo-comercializados\/#breadcrumb","itemListElement":[{"@type":"ListItem","position":1,"name":"In\u00edcio","item":"https:\/\/folhapopular.info\/"},{"@type":"ListItem","position":2,"name":"Estandes da terceira Colinasfest j\u00e1 est\u00e3o sendo comercializados"}]},{"@type":"WebSite","@id":"https:\/\/folhapopular.info\/#website","url":"https:\/\/folhapopular.info\/","name":"Folha Popular","description":"Onde voc\u00ea tem vez e voz","potentialAction":[{"@type":"SearchAction","target":{"@type":"EntryPoint","urlTemplate":"https:\/\/folhapopular.info\/?s={search_term_string}"},"query-input":{"@type":"PropertyValueSpecification","valueRequired":true,"valueName":"search_term_string"}}],"inLanguage":"pt-BR"},{"@type":"Person","@id":"https:\/\/folhapopular.info\/#\/schema\/person\/2814e8a0df7643585a9ca38bc6eb9d4b","name":"Reda\u00e7\u00e3o Folha Popular","image":{"@type":"ImageObject","inLanguage":"pt-BR","@id":"https:\/\/folhapopular.info\/wp-content\/uploads\/2026\/04\/Folha-1.webp","url":"https:\/\/folhapopular.info\/wp-content\/uploads\/2026\/04\/Folha-1.webp","contentUrl":"https:\/\/folhapopular.info\/wp-content\/uploads\/2026\/04\/Folha-1.webp","caption":"Reda\u00e7\u00e3o Folha Popular"},"url":"https:\/\/folhapopular.info\/index.php\/author\/redacao\/"}]}},"jetpack_featured_media_url":"https:\/\/folhapopular.info\/wp-content\/uploads\/2022\/01\/COLINASFEST-2019-scaled-e1642706948626.jpg","jetpack_sharing_enabled":true,"amp_enabled":true,"_links":{"self":[{"href":"https:\/\/folhapopular.info\/index.php\/wp-json\/wp\/v2\/posts\/96995","targetHints":{"allow":["GET"]}}],"collection":[{"href":"https:\/\/folhapopular.info\/index.php\/wp-json\/wp\/v2\/posts"}],"about":[{"href":"https:\/\/folhapopular.info\/index.php\/wp-json\/wp\/v2\/types\/post"}],"author":[{"embeddable":true,"href":"https:\/\/folhapopular.info\/index.php\/wp-json\/wp\/v2\/users\/8"}],"replies":[{"embeddable":true,"href":"https:\/\/folhapopular.info\/index.php\/wp-json\/wp\/v2\/comments?post=96995"}],"version-history":[{"count":0,"href":"https:\/\/folhapopular.info\/index.php\/wp-json\/wp\/v2\/posts\/96995\/revisions"}],"wp:featuredmedia":[{"embeddable":true,"href":"https:\/\/folhapopular.info\/index.php\/wp-json\/wp\/v2\/media\/97006"}],"wp:attachment":[{"href":"https:\/\/folhapopular.info\/index.php\/wp-json\/wp\/v2\/media?parent=96995"}],"wp:term":[{"taxonomy":"category","embeddable":true,"href":"https:\/\/folhapopular.info\/index.php\/wp-json\/wp\/v2\/categories?post=96995"},{"taxonomy":"post_tag","embeddable":true,"href":"https:\/\/folhapopular.info\/index.php\/wp-json\/wp\/v2\/tags?post=96995"}],"curies":[{"name":"wp","href":"https:\/\/api.w.org\/{rel}","templated":true}]}}