{"id":97103,"date":"2022-01-22T08:42:56","date_gmt":"2022-01-22T11:42:56","guid":{"rendered":"https:\/\/folhapopular.info\/?p=97103"},"modified":"2022-01-22T08:51:58","modified_gmt":"2022-01-22T11:51:58","slug":"contratacoes-geram-debate-entre-vereadores-de-teutonia","status":"publish","type":"post","link":"https:\/\/folhapopular.info\/index.php\/2022\/01\/22\/contratacoes-geram-debate-entre-vereadores-de-teutonia\/","title":{"rendered":"Contrata\u00e7\u00f5es geram debate entre vereadores de Teut\u00f4nia"},"content":{"rendered":"<p>A C\u00e2mara de Teut\u00f4nia votou, em sess\u00e3o extraordin\u00e1ria, nessa segunda-feira (17\/1), uma s\u00e9rie de contrata\u00e7\u00f5es, o que gerou debates entre os vereadores. Ao todo, foram aprovadas 27 contrata\u00e7\u00f5es efetivas, ou seja, de servidores efetivos, com estabilidade de cargo. Al\u00e9m disso, foram aprovadas ainda 29 contrata\u00e7\u00f5es tempor\u00e1rias. Entre as contrata\u00e7\u00f5es efetivas, est\u00e3o dois psic\u00f3logos que atuar\u00e3o&#8230; <\/p>\n<div class=\"pmpro\">\n<div class=\"pmpro_card pmpro_content_message\">\n<div class=\"pmpro_card_content\">Este conte\u00fado \u00e9 apenas para associados Grupo Popular &#8211; Conte\u00fado Total Anual e Grupo Popular &#8211; Conte\u00fado Total Mensal. <br \/><a href=\"https:\/\/folhapopular.info\/wp-login.php?action=register\">Cadastre-se<\/a><\/div>\n<div class=\"pmpro_card_actions pmpro_font-medium\">J\u00e1 se associou? <a href=\"https:\/\/folhapopular.info\/wp-login.php?redirect_to=https%3A%2F%2Ffolhapopular.info%2Findex.php%2F2022%2F01%2F22%2Fcontratacoes-geram-debate-entre-vereadores-de-teutonia%2F\">Acesse aqui<\/a><\/div>\n<\/div>\n<\/div>\n","protected":false},"excerpt":{"rendered":"<p>A C\u00e2mara de Teut\u00f4nia votou, em sess\u00e3o extraordin\u00e1ria, nessa segunda-feira (17\/1), uma s\u00e9rie de contrata\u00e7\u00f5es, o que gerou debates entre os vereadores. Ao todo, foram aprovadas 27 contrata\u00e7\u00f5es efetivas, ou seja, de servidores efetivos, com estabilidade de cargo. Al\u00e9m disso, foram aprovadas ainda 29 contrata\u00e7\u00f5es tempor\u00e1rias. Entre as contrata\u00e7\u00f5es efetivas, est\u00e3o dois psic\u00f3logos que atuar\u00e3o... <\/p>\n<div class=\"pmpro\"><div class=\"pmpro_card pmpro_content_message\"><div class=\"pmpro_card_content\">Este conte\u00fado \u00e9 apenas para associados Grupo Popular - Conte\u00fado Total Anual e Grupo Popular - Conte\u00fado Total Mensal. <br \/><a href=\"https:\/\/folhapopular.info\/wp-login.php?action=register\">Cadastre-se<\/a><\/div><div class=\"pmpro_card_actions pmpro_font-medium\">J\u00e1 se associou? <a href=\"https:\/\/folhapopular.info\/wp-login.php?redirect_to=https%3A%2F%2Ffolhapopular.info%2Findex.php%2F2022%2F01%2F22%2Fcontratacoes-geram-debate-entre-vereadores-de-teutonia%2F\">Acesse aqui<\/a><\/div><\/div><\/div>","protected":false},"author":5,"featured_media":97104,"comment_status":"open","ping_status":"open","sticky":false,"template":"","format":"standard","meta":{"pmpro_default_level":"","_jetpack_memberships_contains_paid_content":false,"footnotes":""},"categories":[5990,2,3],"tags":[4442,2095,1626,26],"class_list":{"0":"post-97103","1":"post","2":"type-post","3":"status-publish","4":"format-standard","5":"has-post-thumbnail","7":"category-conteudo-exclusivo","8":"category-featured","9":"category-geral","10":"tag-camara-de-vereadores-de-teutonia","11":"tag-contratacao","12":"tag-debate","13":"tag-teutonia","14":"pmpro-level-required","15":"pmpro-level-2","16":"pmpro-level-4","17":"pmpro-level-5","18":"pmpro-no-access"},"yoast_head":"<!-- This site is optimized with the Yoast SEO plugin v27.5 - https:\/\/yoast.com\/product\/yoast-seo-wordpress\/ -->\n<title>Contrata\u00e7\u00f5es geram debate entre vereadores de Teut\u00f4nia - Folha Popular<\/title>\n<meta name=\"robots\" content=\"index, follow, max-snippet:-1, max-image-preview:large, max-video-preview:-1\" \/>\n<link rel=\"canonical\" href=\"https:\/\/folhapopular.info\/index.php\/2022\/01\/22\/contratacoes-geram-debate-entre-vereadores-de-teutonia\/\" \/>\n<meta property=\"og:locale\" content=\"pt_BR\" \/>\n<meta property=\"og:type\" content=\"article\" \/>\n<meta property=\"og:title\" content=\"Contrata\u00e7\u00f5es geram debate entre vereadores de Teut\u00f4nia - Folha Popular\" \/>\n<meta property=\"og:description\" content=\"A C\u00e2mara de Teut\u00f4nia votou, em sess\u00e3o extraordin\u00e1ria, nessa segunda-feira (17\/1), uma s\u00e9rie de contrata\u00e7\u00f5es, o que gerou debates entre os vereadores. Ao todo, foram aprovadas 27 contrata\u00e7\u00f5es efetivas, ou seja, de servidores efetivos, com estabilidade de cargo. Al\u00e9m disso, foram aprovadas ainda 29 contrata\u00e7\u00f5es tempor\u00e1rias. Entre as contrata\u00e7\u00f5es efetivas, est\u00e3o dois psic\u00f3logos que atuar\u00e3o [&hellip;]\" \/>\n<meta property=\"og:url\" content=\"https:\/\/folhapopular.info\/index.php\/2022\/01\/22\/contratacoes-geram-debate-entre-vereadores-de-teutonia\/\" \/>\n<meta property=\"og:site_name\" content=\"Folha Popular\" \/>\n<meta property=\"article:published_time\" content=\"2022-01-22T11:42:56+00:00\" \/>\n<meta property=\"article:modified_time\" content=\"2022-01-22T11:51:58+00:00\" \/>\n<meta property=\"og:image\" content=\"http:\/\/folhapopular.info\/wp-content\/uploads\/2022\/01\/Camara-mais-uma-foto-igual-e1642851705180.jpeg\" \/>\n\t<meta property=\"og:image:width\" content=\"800\" \/>\n\t<meta property=\"og:image:height\" content=\"600\" \/>\n\t<meta property=\"og:image:type\" content=\"image\/jpeg\" \/>\n<meta name=\"author\" content=\"Paloma Cristine Griesang\" \/>\n<meta name=\"twitter:card\" content=\"summary_large_image\" \/>\n<meta name=\"twitter:label1\" content=\"Escrito por\" \/>\n\t<meta name=\"twitter:data1\" content=\"Paloma Cristine Griesang\" \/>\n\t<meta name=\"twitter:label2\" content=\"Est. tempo de leitura\" \/>\n\t<meta name=\"twitter:data2\" content=\"3 minutos\" \/>\n<script type=\"application\/ld+json\" class=\"yoast-schema-graph\">{\"@context\":\"https:\\\/\\\/schema.org\",\"@graph\":[{\"@type\":\"Article\",\"@id\":\"https:\\\/\\\/folhapopular.info\\\/index.php\\\/2022\\\/01\\\/22\\\/contratacoes-geram-debate-entre-vereadores-de-teutonia\\\/#article\",\"isPartOf\":{\"@id\":\"https:\\\/\\\/folhapopular.info\\\/index.php\\\/2022\\\/01\\\/22\\\/contratacoes-geram-debate-entre-vereadores-de-teutonia\\\/\"},\"author\":{\"name\":\"Paloma Cristine Griesang\",\"@id\":\"https:\\\/\\\/folhapopular.info\\\/#\\\/schema\\\/person\\\/6441c3adb14a6337552a9700ef5698d2\"},\"headline\":\"Contrata\u00e7\u00f5es geram debate entre vereadores de Teut\u00f4nia\",\"datePublished\":\"2022-01-22T11:42:56+00:00\",\"dateModified\":\"2022-01-22T11:51:58+00:00\",\"mainEntityOfPage\":{\"@id\":\"https:\\\/\\\/folhapopular.info\\\/index.php\\\/2022\\\/01\\\/22\\\/contratacoes-geram-debate-entre-vereadores-de-teutonia\\\/\"},\"wordCount\":508,\"commentCount\":0,\"image\":{\"@id\":\"https:\\\/\\\/folhapopular.info\\\/index.php\\\/2022\\\/01\\\/22\\\/contratacoes-geram-debate-entre-vereadores-de-teutonia\\\/#primaryimage\"},\"thumbnailUrl\":\"https:\\\/\\\/folhapopular.info\\\/wp-content\\\/uploads\\\/2022\\\/01\\\/Camara-mais-uma-foto-igual-e1642851705180.jpeg\",\"keywords\":[\"C\u00e2mara de Vereadores de Teut\u00f4nia\",\"Contrata\u00e7\u00e3o\",\"Debate\",\"Teut\u00f4nia\"],\"articleSection\":[\"Conte\u00fado Exclusivo\",\"Destaques\",\"Geral\"],\"inLanguage\":\"pt-BR\",\"potentialAction\":[{\"@type\":\"CommentAction\",\"name\":\"Comment\",\"target\":[\"https:\\\/\\\/folhapopular.info\\\/index.php\\\/2022\\\/01\\\/22\\\/contratacoes-geram-debate-entre-vereadores-de-teutonia\\\/#respond\"]}]},{\"@type\":\"WebPage\",\"@id\":\"https:\\\/\\\/folhapopular.info\\\/index.php\\\/2022\\\/01\\\/22\\\/contratacoes-geram-debate-entre-vereadores-de-teutonia\\\/\",\"url\":\"https:\\\/\\\/folhapopular.info\\\/index.php\\\/2022\\\/01\\\/22\\\/contratacoes-geram-debate-entre-vereadores-de-teutonia\\\/\",\"name\":\"Contrata\u00e7\u00f5es geram debate entre vereadores de Teut\u00f4nia - Folha Popular\",\"isPartOf\":{\"@id\":\"https:\\\/\\\/folhapopular.info\\\/#website\"},\"primaryImageOfPage\":{\"@id\":\"https:\\\/\\\/folhapopular.info\\\/index.php\\\/2022\\\/01\\\/22\\\/contratacoes-geram-debate-entre-vereadores-de-teutonia\\\/#primaryimage\"},\"image\":{\"@id\":\"https:\\\/\\\/folhapopular.info\\\/index.php\\\/2022\\\/01\\\/22\\\/contratacoes-geram-debate-entre-vereadores-de-teutonia\\\/#primaryimage\"},\"thumbnailUrl\":\"https:\\\/\\\/folhapopular.info\\\/wp-content\\\/uploads\\\/2022\\\/01\\\/Camara-mais-uma-foto-igual-e1642851705180.jpeg\",\"datePublished\":\"2022-01-22T11:42:56+00:00\",\"dateModified\":\"2022-01-22T11:51:58+00:00\",\"author\":{\"@id\":\"https:\\\/\\\/folhapopular.info\\\/#\\\/schema\\\/person\\\/6441c3adb14a6337552a9700ef5698d2\"},\"breadcrumb\":{\"@id\":\"https:\\\/\\\/folhapopular.info\\\/index.php\\\/2022\\\/01\\\/22\\\/contratacoes-geram-debate-entre-vereadores-de-teutonia\\\/#breadcrumb\"},\"inLanguage\":\"pt-BR\",\"potentialAction\":[{\"@type\":\"ReadAction\",\"target\":[\"https:\\\/\\\/folhapopular.info\\\/index.php\\\/2022\\\/01\\\/22\\\/contratacoes-geram-debate-entre-vereadores-de-teutonia\\\/\"]}]},{\"@type\":\"ImageObject\",\"inLanguage\":\"pt-BR\",\"@id\":\"https:\\\/\\\/folhapopular.info\\\/index.php\\\/2022\\\/01\\\/22\\\/contratacoes-geram-debate-entre-vereadores-de-teutonia\\\/#primaryimage\",\"url\":\"https:\\\/\\\/folhapopular.info\\\/wp-content\\\/uploads\\\/2022\\\/01\\\/Camara-mais-uma-foto-igual-e1642851705180.jpeg\",\"contentUrl\":\"https:\\\/\\\/folhapopular.info\\\/wp-content\\\/uploads\\\/2022\\\/01\\\/Camara-mais-uma-foto-igual-e1642851705180.jpeg\",\"width\":800,\"height\":600,\"caption\":\"Cr\u00e9dito: Paloma Griesang\"},{\"@type\":\"BreadcrumbList\",\"@id\":\"https:\\\/\\\/folhapopular.info\\\/index.php\\\/2022\\\/01\\\/22\\\/contratacoes-geram-debate-entre-vereadores-de-teutonia\\\/#breadcrumb\",\"itemListElement\":[{\"@type\":\"ListItem\",\"position\":1,\"name\":\"In\u00edcio\",\"item\":\"https:\\\/\\\/folhapopular.info\\\/\"},{\"@type\":\"ListItem\",\"position\":2,\"name\":\"Contrata\u00e7\u00f5es geram debate entre vereadores de Teut\u00f4nia\"}]},{\"@type\":\"WebSite\",\"@id\":\"https:\\\/\\\/folhapopular.info\\\/#website\",\"url\":\"https:\\\/\\\/folhapopular.info\\\/\",\"name\":\"Folha Popular\",\"description\":\"Onde voc\u00ea tem vez e voz\",\"potentialAction\":[{\"@type\":\"SearchAction\",\"target\":{\"@type\":\"EntryPoint\",\"urlTemplate\":\"https:\\\/\\\/folhapopular.info\\\/?s={search_term_string}\"},\"query-input\":{\"@type\":\"PropertyValueSpecification\",\"valueRequired\":true,\"valueName\":\"search_term_string\"}}],\"inLanguage\":\"pt-BR\"},{\"@type\":\"Person\",\"@id\":\"https:\\\/\\\/folhapopular.info\\\/#\\\/schema\\\/person\\\/6441c3adb14a6337552a9700ef5698d2\",\"name\":\"Paloma Cristine Griesang\",\"image\":{\"@type\":\"ImageObject\",\"inLanguage\":\"pt-BR\",\"@id\":\"https:\\\/\\\/secure.gravatar.com\\\/avatar\\\/7a1c3f1e1b05846882a13987cf3bd04239fe0ea8fd472d7d16d7f21c265005a5?s=96&d=mm&r=g\",\"url\":\"https:\\\/\\\/secure.gravatar.com\\\/avatar\\\/7a1c3f1e1b05846882a13987cf3bd04239fe0ea8fd472d7d16d7f21c265005a5?s=96&d=mm&r=g\",\"contentUrl\":\"https:\\\/\\\/secure.gravatar.com\\\/avatar\\\/7a1c3f1e1b05846882a13987cf3bd04239fe0ea8fd472d7d16d7f21c265005a5?s=96&d=mm&r=g\",\"caption\":\"Paloma Cristine Griesang\"},\"url\":\"https:\\\/\\\/folhapopular.info\\\/index.php\\\/author\\\/paloma-griesang\\\/\"}]}<\/script>\n<!-- \/ Yoast SEO plugin. -->","yoast_head_json":{"title":"Contrata\u00e7\u00f5es geram debate entre vereadores de Teut\u00f4nia - Folha Popular","robots":{"index":"index","follow":"follow","max-snippet":"max-snippet:-1","max-image-preview":"max-image-preview:large","max-video-preview":"max-video-preview:-1"},"canonical":"https:\/\/folhapopular.info\/index.php\/2022\/01\/22\/contratacoes-geram-debate-entre-vereadores-de-teutonia\/","og_locale":"pt_BR","og_type":"article","og_title":"Contrata\u00e7\u00f5es geram debate entre vereadores de Teut\u00f4nia - Folha Popular","og_description":"A C\u00e2mara de Teut\u00f4nia votou, em sess\u00e3o extraordin\u00e1ria, nessa segunda-feira (17\/1), uma s\u00e9rie de contrata\u00e7\u00f5es, o que gerou debates entre os vereadores. Ao todo, foram aprovadas 27 contrata\u00e7\u00f5es efetivas, ou seja, de servidores efetivos, com estabilidade de cargo. Al\u00e9m disso, foram aprovadas ainda 29 contrata\u00e7\u00f5es tempor\u00e1rias. Entre as contrata\u00e7\u00f5es efetivas, est\u00e3o dois psic\u00f3logos que atuar\u00e3o [&hellip;]","og_url":"https:\/\/folhapopular.info\/index.php\/2022\/01\/22\/contratacoes-geram-debate-entre-vereadores-de-teutonia\/","og_site_name":"Folha Popular","article_published_time":"2022-01-22T11:42:56+00:00","article_modified_time":"2022-01-22T11:51:58+00:00","og_image":[{"width":800,"height":600,"url":"http:\/\/folhapopular.info\/wp-content\/uploads\/2022\/01\/Camara-mais-uma-foto-igual-e1642851705180.jpeg","type":"image\/jpeg"}],"author":"Paloma Cristine Griesang","twitter_card":"summary_large_image","twitter_misc":{"Escrito por":"Paloma Cristine Griesang","Est. tempo de leitura":"3 minutos"},"schema":{"@context":"https:\/\/schema.org","@graph":[{"@type":"Article","@id":"https:\/\/folhapopular.info\/index.php\/2022\/01\/22\/contratacoes-geram-debate-entre-vereadores-de-teutonia\/#article","isPartOf":{"@id":"https:\/\/folhapopular.info\/index.php\/2022\/01\/22\/contratacoes-geram-debate-entre-vereadores-de-teutonia\/"},"author":{"name":"Paloma Cristine Griesang","@id":"https:\/\/folhapopular.info\/#\/schema\/person\/6441c3adb14a6337552a9700ef5698d2"},"headline":"Contrata\u00e7\u00f5es geram debate entre vereadores de Teut\u00f4nia","datePublished":"2022-01-22T11:42:56+00:00","dateModified":"2022-01-22T11:51:58+00:00","mainEntityOfPage":{"@id":"https:\/\/folhapopular.info\/index.php\/2022\/01\/22\/contratacoes-geram-debate-entre-vereadores-de-teutonia\/"},"wordCount":508,"commentCount":0,"image":{"@id":"https:\/\/folhapopular.info\/index.php\/2022\/01\/22\/contratacoes-geram-debate-entre-vereadores-de-teutonia\/#primaryimage"},"thumbnailUrl":"https:\/\/folhapopular.info\/wp-content\/uploads\/2022\/01\/Camara-mais-uma-foto-igual-e1642851705180.jpeg","keywords":["C\u00e2mara de Vereadores de Teut\u00f4nia","Contrata\u00e7\u00e3o","Debate","Teut\u00f4nia"],"articleSection":["Conte\u00fado Exclusivo","Destaques","Geral"],"inLanguage":"pt-BR","potentialAction":[{"@type":"CommentAction","name":"Comment","target":["https:\/\/folhapopular.info\/index.php\/2022\/01\/22\/contratacoes-geram-debate-entre-vereadores-de-teutonia\/#respond"]}]},{"@type":"WebPage","@id":"https:\/\/folhapopular.info\/index.php\/2022\/01\/22\/contratacoes-geram-debate-entre-vereadores-de-teutonia\/","url":"https:\/\/folhapopular.info\/index.php\/2022\/01\/22\/contratacoes-geram-debate-entre-vereadores-de-teutonia\/","name":"Contrata\u00e7\u00f5es geram debate entre vereadores de Teut\u00f4nia - Folha Popular","isPartOf":{"@id":"https:\/\/folhapopular.info\/#website"},"primaryImageOfPage":{"@id":"https:\/\/folhapopular.info\/index.php\/2022\/01\/22\/contratacoes-geram-debate-entre-vereadores-de-teutonia\/#primaryimage"},"image":{"@id":"https:\/\/folhapopular.info\/index.php\/2022\/01\/22\/contratacoes-geram-debate-entre-vereadores-de-teutonia\/#primaryimage"},"thumbnailUrl":"https:\/\/folhapopular.info\/wp-content\/uploads\/2022\/01\/Camara-mais-uma-foto-igual-e1642851705180.jpeg","datePublished":"2022-01-22T11:42:56+00:00","dateModified":"2022-01-22T11:51:58+00:00","author":{"@id":"https:\/\/folhapopular.info\/#\/schema\/person\/6441c3adb14a6337552a9700ef5698d2"},"breadcrumb":{"@id":"https:\/\/folhapopular.info\/index.php\/2022\/01\/22\/contratacoes-geram-debate-entre-vereadores-de-teutonia\/#breadcrumb"},"inLanguage":"pt-BR","potentialAction":[{"@type":"ReadAction","target":["https:\/\/folhapopular.info\/index.php\/2022\/01\/22\/contratacoes-geram-debate-entre-vereadores-de-teutonia\/"]}]},{"@type":"ImageObject","inLanguage":"pt-BR","@id":"https:\/\/folhapopular.info\/index.php\/2022\/01\/22\/contratacoes-geram-debate-entre-vereadores-de-teutonia\/#primaryimage","url":"https:\/\/folhapopular.info\/wp-content\/uploads\/2022\/01\/Camara-mais-uma-foto-igual-e1642851705180.jpeg","contentUrl":"https:\/\/folhapopular.info\/wp-content\/uploads\/2022\/01\/Camara-mais-uma-foto-igual-e1642851705180.jpeg","width":800,"height":600,"caption":"Cr\u00e9dito: Paloma Griesang"},{"@type":"BreadcrumbList","@id":"https:\/\/folhapopular.info\/index.php\/2022\/01\/22\/contratacoes-geram-debate-entre-vereadores-de-teutonia\/#breadcrumb","itemListElement":[{"@type":"ListItem","position":1,"name":"In\u00edcio","item":"https:\/\/folhapopular.info\/"},{"@type":"ListItem","position":2,"name":"Contrata\u00e7\u00f5es geram debate entre vereadores de Teut\u00f4nia"}]},{"@type":"WebSite","@id":"https:\/\/folhapopular.info\/#website","url":"https:\/\/folhapopular.info\/","name":"Folha Popular","description":"Onde voc\u00ea tem vez e voz","potentialAction":[{"@type":"SearchAction","target":{"@type":"EntryPoint","urlTemplate":"https:\/\/folhapopular.info\/?s={search_term_string}"},"query-input":{"@type":"PropertyValueSpecification","valueRequired":true,"valueName":"search_term_string"}}],"inLanguage":"pt-BR"},{"@type":"Person","@id":"https:\/\/folhapopular.info\/#\/schema\/person\/6441c3adb14a6337552a9700ef5698d2","name":"Paloma Cristine Griesang","image":{"@type":"ImageObject","inLanguage":"pt-BR","@id":"https:\/\/secure.gravatar.com\/avatar\/7a1c3f1e1b05846882a13987cf3bd04239fe0ea8fd472d7d16d7f21c265005a5?s=96&d=mm&r=g","url":"https:\/\/secure.gravatar.com\/avatar\/7a1c3f1e1b05846882a13987cf3bd04239fe0ea8fd472d7d16d7f21c265005a5?s=96&d=mm&r=g","contentUrl":"https:\/\/secure.gravatar.com\/avatar\/7a1c3f1e1b05846882a13987cf3bd04239fe0ea8fd472d7d16d7f21c265005a5?s=96&d=mm&r=g","caption":"Paloma Cristine Griesang"},"url":"https:\/\/folhapopular.info\/index.php\/author\/paloma-griesang\/"}]}},"jetpack_featured_media_url":"https:\/\/folhapopular.info\/wp-content\/uploads\/2022\/01\/Camara-mais-uma-foto-igual-e1642851705180.jpeg","jetpack_sharing_enabled":true,"amp_enabled":true,"_links":{"self":[{"href":"https:\/\/folhapopular.info\/index.php\/wp-json\/wp\/v2\/posts\/97103","targetHints":{"allow":["GET"]}}],"collection":[{"href":"https:\/\/folhapopular.info\/index.php\/wp-json\/wp\/v2\/posts"}],"about":[{"href":"https:\/\/folhapopular.info\/index.php\/wp-json\/wp\/v2\/types\/post"}],"author":[{"embeddable":true,"href":"https:\/\/folhapopular.info\/index.php\/wp-json\/wp\/v2\/users\/5"}],"replies":[{"embeddable":true,"href":"https:\/\/folhapopular.info\/index.php\/wp-json\/wp\/v2\/comments?post=97103"}],"version-history":[{"count":0,"href":"https:\/\/folhapopular.info\/index.php\/wp-json\/wp\/v2\/posts\/97103\/revisions"}],"wp:featuredmedia":[{"embeddable":true,"href":"https:\/\/folhapopular.info\/index.php\/wp-json\/wp\/v2\/media\/97104"}],"wp:attachment":[{"href":"https:\/\/folhapopular.info\/index.php\/wp-json\/wp\/v2\/media?parent=97103"}],"wp:term":[{"taxonomy":"category","embeddable":true,"href":"https:\/\/folhapopular.info\/index.php\/wp-json\/wp\/v2\/categories?post=97103"},{"taxonomy":"post_tag","embeddable":true,"href":"https:\/\/folhapopular.info\/index.php\/wp-json\/wp\/v2\/tags?post=97103"}],"curies":[{"name":"wp","href":"https:\/\/api.w.org\/{rel}","templated":true}]}}