{"id":97241,"date":"2022-01-24T17:30:00","date_gmt":"2022-01-24T20:30:00","guid":{"rendered":"https:\/\/folhapopular.info\/?p=97241"},"modified":"2022-01-24T15:00:47","modified_gmt":"2022-01-24T18:00:47","slug":"segunda-etapa-da-seletiva-para-a-selecao-gaucha-de-volei-sub-17-ocorreu-neste-fim-de-semana","status":"publish","type":"post","link":"https:\/\/folhapopular.info\/index.php\/2022\/01\/24\/segunda-etapa-da-seletiva-para-a-selecao-gaucha-de-volei-sub-17-ocorreu-neste-fim-de-semana\/","title":{"rendered":"Segunda etapa da seletiva para a Sele\u00e7\u00e3o Ga\u00facha de V\u00f4lei Sub-17 ocorreu neste fim de semana"},"content":{"rendered":"\n<p>O s\u00e1bado (22\/1) e o domingo (23\/1) foram de muito treino no Gin\u00e1sio Ito Snel, em Estrela. \u00c9 l\u00e1 que ocorre a prepara\u00e7\u00e3o da Sele\u00e7\u00e3o Ga\u00facha SUB17 Feminina, que disputar\u00e1 o Campeonato Brasileiro de Sele\u00e7\u00f5es, entre os dias 7 e 12 de mar\u00e7o, em Saquarema, no Rio de Janeiro.<\/p>\n\n\n\n<p>Das 19 atletas de diferentes equipes do Estado, participantes deste segundo fim de semana de treinamento, sete eram da Avates: Julianna Leke, Rafaela Feldens, Josiani Stein, B\u00e1rbara Rettore, Gabriela Roesch, Eduarda Israel Machado e Luana Weschenfelder. As cinco primeiras seguem na disputa, que conta ainda com outras 12 pr\u00e9-selecionadas da Sogipa (POA), Gr\u00eamio N\u00e1utico Uni\u00e3o (POA), Col\u00e9gio Sinodal (S\u00e3o Leopoldo), Juventus (Teut\u00f4nia), UCS (Caxias do Sul), Recreio da Juventude (Caxias do Sul), Bento V\u00f4lei (Bento Gon\u00e7alves) e V\u00f4lei Nova Petr\u00f3polis (Nova Petr\u00f3polis).<\/p>\n\n\n\n<p>No pr\u00f3ximo fim de semana, haver\u00e1 novo treino no Ito Snel. Esse grupo de 17 meninas ser\u00e1 reduzido pois, para a competi\u00e7\u00e3o no Rio de Janeiro, ir\u00e3o apenas 12 jogadoras. \u201cAs atletas apresentaram uma evolu\u00e7\u00e3o muito grande neste fim de semana. \u00c9 um grupo novo: nenhuma dessas meninas participou de seletiva nos \u00faltimos anos devido \u00e0 pandemia. Mas elas est\u00e3o se desafiando, batalhando e fortalecendo o grupo como um todo\u201d, ressalta o t\u00e9cnico da Avates e da Sele\u00e7\u00e3o Ga\u00facha, Marco Antonio Espindola Bastiani.&nbsp;<\/p>\n\n\n\n<p>No pr\u00f3ximo s\u00e1bado, al\u00e9m do treino, as atletas far\u00e3o um amistoso contra uma equipe de v\u00f4lei da regi\u00e3o. A ideia \u00e9 fazer um teste do grupo numa situa\u00e7\u00e3o de competi\u00e7\u00e3o.&nbsp;<\/p>\n\n\n\n<p>Al\u00e9m do t\u00e9cnico, Marco Antonio Espindola Bastiani, a Sele\u00e7\u00e3o Ga\u00facha tem na prepara\u00e7\u00e3o outros t\u00e9cnicos da Avates. O presidente e coordenador t\u00e9cnico da Avates, Rodrigo Lara Rother, \u00e9 o supervisor da equipe; e o preparador f\u00edsico da Avates, Alexandre Joanella (Roca), tamb\u00e9m \u00e9 o preparador f\u00edsico do time que ir\u00e1 disputar o Campeonato Brasileiro de Sele\u00e7\u00f5es. O assistente t\u00e9cnico \u00e9 M\u00e1rcio Machado, do Col\u00e9gio Sinodal, de S\u00e3o Leopoldo.&nbsp;<\/p>\n","protected":false},"excerpt":{"rendered":"<p>O s\u00e1bado (22\/1) e o domingo (23\/1) foram de muito treino no Gin\u00e1sio Ito Snel, em Estrela. \u00c9 l\u00e1 que ocorre a prepara\u00e7\u00e3o da Sele\u00e7\u00e3o Ga\u00facha SUB17 Feminina, que disputar\u00e1 o Campeonato Brasileiro de Sele\u00e7\u00f5es, entre os dias 7 e 12 de mar\u00e7o, em Saquarema, no Rio de Janeiro. Das 19 atletas de diferentes equipes [&hellip;]<\/p>\n","protected":false},"author":8,"featured_media":97245,"comment_status":"open","ping_status":"open","sticky":false,"template":"","format":"standard","meta":{"pmpro_default_level":"","_jetpack_memberships_contains_paid_content":false,"footnotes":""},"categories":[2,3],"tags":[8,2389,4374,2070,398],"class_list":{"0":"post-97241","1":"post","2":"type-post","3":"status-publish","4":"format-standard","5":"has-post-thumbnail","7":"category-featured","8":"category-geral","9":"tag-estrela","10":"tag-selecao-feminina","11":"tag-selecao-gaucha","12":"tag-seletiva","13":"tag-volei","14":"pmpro-has-access"},"yoast_head":"<!-- This site is optimized with the Yoast SEO plugin v27.5 - https:\/\/yoast.com\/product\/yoast-seo-wordpress\/ -->\n<title>Segunda etapa da seletiva para a Sele\u00e7\u00e3o Ga\u00facha de V\u00f4lei Sub-17 ocorreu neste fim de semana - Folha Popular<\/title>\n<meta name=\"robots\" content=\"index, follow, max-snippet:-1, max-image-preview:large, max-video-preview:-1\" \/>\n<link rel=\"canonical\" href=\"https:\/\/folhapopular.info\/index.php\/2022\/01\/24\/segunda-etapa-da-seletiva-para-a-selecao-gaucha-de-volei-sub-17-ocorreu-neste-fim-de-semana\/\" \/>\n<meta property=\"og:locale\" content=\"pt_BR\" \/>\n<meta property=\"og:type\" content=\"article\" \/>\n<meta property=\"og:title\" content=\"Segunda etapa da seletiva para a Sele\u00e7\u00e3o Ga\u00facha de V\u00f4lei Sub-17 ocorreu neste fim de semana - Folha Popular\" \/>\n<meta property=\"og:description\" content=\"O s\u00e1bado (22\/1) e o domingo (23\/1) foram de muito treino no Gin\u00e1sio Ito Snel, em Estrela. \u00c9 l\u00e1 que ocorre a prepara\u00e7\u00e3o da Sele\u00e7\u00e3o Ga\u00facha SUB17 Feminina, que disputar\u00e1 o Campeonato Brasileiro de Sele\u00e7\u00f5es, entre os dias 7 e 12 de mar\u00e7o, em Saquarema, no Rio de Janeiro. Das 19 atletas de diferentes equipes [&hellip;]\" \/>\n<meta property=\"og:url\" content=\"https:\/\/folhapopular.info\/index.php\/2022\/01\/24\/segunda-etapa-da-seletiva-para-a-selecao-gaucha-de-volei-sub-17-ocorreu-neste-fim-de-semana\/\" \/>\n<meta property=\"og:site_name\" content=\"Folha Popular\" \/>\n<meta property=\"article:published_time\" content=\"2022-01-24T20:30:00+00:00\" \/>\n<meta property=\"og:image\" content=\"https:\/\/folhapopular.info\/wp-content\/uploads\/2022\/01\/Atletas-selecao-e1643047232192.jpeg\" \/>\n\t<meta property=\"og:image:width\" content=\"800\" \/>\n\t<meta property=\"og:image:height\" content=\"600\" \/>\n\t<meta property=\"og:image:type\" content=\"image\/jpeg\" \/>\n<meta name=\"author\" content=\"Reda\u00e7\u00e3o Folha Popular\" \/>\n<meta name=\"twitter:card\" content=\"summary_large_image\" \/>\n<meta name=\"twitter:label1\" content=\"Escrito por\" \/>\n\t<meta name=\"twitter:data1\" content=\"Reda\u00e7\u00e3o Folha Popular\" \/>\n\t<meta name=\"twitter:label2\" content=\"Est. tempo de leitura\" \/>\n\t<meta name=\"twitter:data2\" content=\"2 minutos\" \/>\n<script type=\"application\/ld+json\" class=\"yoast-schema-graph\">{\"@context\":\"https:\\\/\\\/schema.org\",\"@graph\":[{\"@type\":\"Article\",\"@id\":\"https:\\\/\\\/folhapopular.info\\\/index.php\\\/2022\\\/01\\\/24\\\/segunda-etapa-da-seletiva-para-a-selecao-gaucha-de-volei-sub-17-ocorreu-neste-fim-de-semana\\\/#article\",\"isPartOf\":{\"@id\":\"https:\\\/\\\/folhapopular.info\\\/index.php\\\/2022\\\/01\\\/24\\\/segunda-etapa-da-seletiva-para-a-selecao-gaucha-de-volei-sub-17-ocorreu-neste-fim-de-semana\\\/\"},\"author\":{\"name\":\"Reda\u00e7\u00e3o Folha Popular\",\"@id\":\"https:\\\/\\\/folhapopular.info\\\/#\\\/schema\\\/person\\\/2814e8a0df7643585a9ca38bc6eb9d4b\"},\"headline\":\"Segunda etapa da seletiva para a Sele\u00e7\u00e3o Ga\u00facha de V\u00f4lei Sub-17 ocorreu neste fim de semana\",\"datePublished\":\"2022-01-24T20:30:00+00:00\",\"mainEntityOfPage\":{\"@id\":\"https:\\\/\\\/folhapopular.info\\\/index.php\\\/2022\\\/01\\\/24\\\/segunda-etapa-da-seletiva-para-a-selecao-gaucha-de-volei-sub-17-ocorreu-neste-fim-de-semana\\\/\"},\"wordCount\":370,\"commentCount\":0,\"image\":{\"@id\":\"https:\\\/\\\/folhapopular.info\\\/index.php\\\/2022\\\/01\\\/24\\\/segunda-etapa-da-seletiva-para-a-selecao-gaucha-de-volei-sub-17-ocorreu-neste-fim-de-semana\\\/#primaryimage\"},\"thumbnailUrl\":\"https:\\\/\\\/folhapopular.info\\\/wp-content\\\/uploads\\\/2022\\\/01\\\/Atletas-selecao-e1643047232192.jpeg\",\"keywords\":[\"Estrela\",\"Sele\u00e7\u00e3o Feminina\",\"Sele\u00e7\u00e3o Ga\u00facha\",\"Seletiva\",\"V\u00f4lei\"],\"articleSection\":[\"Destaques\",\"Geral\"],\"inLanguage\":\"pt-BR\",\"potentialAction\":[{\"@type\":\"CommentAction\",\"name\":\"Comment\",\"target\":[\"https:\\\/\\\/folhapopular.info\\\/index.php\\\/2022\\\/01\\\/24\\\/segunda-etapa-da-seletiva-para-a-selecao-gaucha-de-volei-sub-17-ocorreu-neste-fim-de-semana\\\/#respond\"]}]},{\"@type\":\"WebPage\",\"@id\":\"https:\\\/\\\/folhapopular.info\\\/index.php\\\/2022\\\/01\\\/24\\\/segunda-etapa-da-seletiva-para-a-selecao-gaucha-de-volei-sub-17-ocorreu-neste-fim-de-semana\\\/\",\"url\":\"https:\\\/\\\/folhapopular.info\\\/index.php\\\/2022\\\/01\\\/24\\\/segunda-etapa-da-seletiva-para-a-selecao-gaucha-de-volei-sub-17-ocorreu-neste-fim-de-semana\\\/\",\"name\":\"Segunda etapa da seletiva para a Sele\u00e7\u00e3o Ga\u00facha de V\u00f4lei Sub-17 ocorreu neste fim de semana - Folha Popular\",\"isPartOf\":{\"@id\":\"https:\\\/\\\/folhapopular.info\\\/#website\"},\"primaryImageOfPage\":{\"@id\":\"https:\\\/\\\/folhapopular.info\\\/index.php\\\/2022\\\/01\\\/24\\\/segunda-etapa-da-seletiva-para-a-selecao-gaucha-de-volei-sub-17-ocorreu-neste-fim-de-semana\\\/#primaryimage\"},\"image\":{\"@id\":\"https:\\\/\\\/folhapopular.info\\\/index.php\\\/2022\\\/01\\\/24\\\/segunda-etapa-da-seletiva-para-a-selecao-gaucha-de-volei-sub-17-ocorreu-neste-fim-de-semana\\\/#primaryimage\"},\"thumbnailUrl\":\"https:\\\/\\\/folhapopular.info\\\/wp-content\\\/uploads\\\/2022\\\/01\\\/Atletas-selecao-e1643047232192.jpeg\",\"datePublished\":\"2022-01-24T20:30:00+00:00\",\"author\":{\"@id\":\"https:\\\/\\\/folhapopular.info\\\/#\\\/schema\\\/person\\\/2814e8a0df7643585a9ca38bc6eb9d4b\"},\"breadcrumb\":{\"@id\":\"https:\\\/\\\/folhapopular.info\\\/index.php\\\/2022\\\/01\\\/24\\\/segunda-etapa-da-seletiva-para-a-selecao-gaucha-de-volei-sub-17-ocorreu-neste-fim-de-semana\\\/#breadcrumb\"},\"inLanguage\":\"pt-BR\",\"potentialAction\":[{\"@type\":\"ReadAction\",\"target\":[\"https:\\\/\\\/folhapopular.info\\\/index.php\\\/2022\\\/01\\\/24\\\/segunda-etapa-da-seletiva-para-a-selecao-gaucha-de-volei-sub-17-ocorreu-neste-fim-de-semana\\\/\"]}]},{\"@type\":\"ImageObject\",\"inLanguage\":\"pt-BR\",\"@id\":\"https:\\\/\\\/folhapopular.info\\\/index.php\\\/2022\\\/01\\\/24\\\/segunda-etapa-da-seletiva-para-a-selecao-gaucha-de-volei-sub-17-ocorreu-neste-fim-de-semana\\\/#primaryimage\",\"url\":\"https:\\\/\\\/folhapopular.info\\\/wp-content\\\/uploads\\\/2022\\\/01\\\/Atletas-selecao-e1643047232192.jpeg\",\"contentUrl\":\"https:\\\/\\\/folhapopular.info\\\/wp-content\\\/uploads\\\/2022\\\/01\\\/Atletas-selecao-e1643047232192.jpeg\",\"width\":800,\"height\":600,\"caption\":\"Atletas de diversas equipes ir\u00e3o compor Sele\u00e7\u00e3o Ga\u00facha SUB17 Feminina de V\u00f4lei \\\/ Cr\u00e9dito: Divulga\u00e7\u00e3o\"},{\"@type\":\"BreadcrumbList\",\"@id\":\"https:\\\/\\\/folhapopular.info\\\/index.php\\\/2022\\\/01\\\/24\\\/segunda-etapa-da-seletiva-para-a-selecao-gaucha-de-volei-sub-17-ocorreu-neste-fim-de-semana\\\/#breadcrumb\",\"itemListElement\":[{\"@type\":\"ListItem\",\"position\":1,\"name\":\"In\u00edcio\",\"item\":\"https:\\\/\\\/folhapopular.info\\\/\"},{\"@type\":\"ListItem\",\"position\":2,\"name\":\"Segunda etapa da seletiva para a Sele\u00e7\u00e3o Ga\u00facha de V\u00f4lei Sub-17 ocorreu neste fim de semana\"}]},{\"@type\":\"WebSite\",\"@id\":\"https:\\\/\\\/folhapopular.info\\\/#website\",\"url\":\"https:\\\/\\\/folhapopular.info\\\/\",\"name\":\"Folha Popular\",\"description\":\"Onde voc\u00ea tem vez e voz\",\"potentialAction\":[{\"@type\":\"SearchAction\",\"target\":{\"@type\":\"EntryPoint\",\"urlTemplate\":\"https:\\\/\\\/folhapopular.info\\\/?s={search_term_string}\"},\"query-input\":{\"@type\":\"PropertyValueSpecification\",\"valueRequired\":true,\"valueName\":\"search_term_string\"}}],\"inLanguage\":\"pt-BR\"},{\"@type\":\"Person\",\"@id\":\"https:\\\/\\\/folhapopular.info\\\/#\\\/schema\\\/person\\\/2814e8a0df7643585a9ca38bc6eb9d4b\",\"name\":\"Reda\u00e7\u00e3o Folha Popular\",\"image\":{\"@type\":\"ImageObject\",\"inLanguage\":\"pt-BR\",\"@id\":\"https:\\\/\\\/folhapopular.info\\\/wp-content\\\/uploads\\\/2026\\\/04\\\/Folha-1.webp\",\"url\":\"https:\\\/\\\/folhapopular.info\\\/wp-content\\\/uploads\\\/2026\\\/04\\\/Folha-1.webp\",\"contentUrl\":\"https:\\\/\\\/folhapopular.info\\\/wp-content\\\/uploads\\\/2026\\\/04\\\/Folha-1.webp\",\"caption\":\"Reda\u00e7\u00e3o Folha Popular\"},\"url\":\"https:\\\/\\\/folhapopular.info\\\/index.php\\\/author\\\/redacao\\\/\"}]}<\/script>\n<!-- \/ Yoast SEO plugin. -->","yoast_head_json":{"title":"Segunda etapa da seletiva para a Sele\u00e7\u00e3o Ga\u00facha de V\u00f4lei Sub-17 ocorreu neste fim de semana - Folha Popular","robots":{"index":"index","follow":"follow","max-snippet":"max-snippet:-1","max-image-preview":"max-image-preview:large","max-video-preview":"max-video-preview:-1"},"canonical":"https:\/\/folhapopular.info\/index.php\/2022\/01\/24\/segunda-etapa-da-seletiva-para-a-selecao-gaucha-de-volei-sub-17-ocorreu-neste-fim-de-semana\/","og_locale":"pt_BR","og_type":"article","og_title":"Segunda etapa da seletiva para a Sele\u00e7\u00e3o Ga\u00facha de V\u00f4lei Sub-17 ocorreu neste fim de semana - Folha Popular","og_description":"O s\u00e1bado (22\/1) e o domingo (23\/1) foram de muito treino no Gin\u00e1sio Ito Snel, em Estrela. \u00c9 l\u00e1 que ocorre a prepara\u00e7\u00e3o da Sele\u00e7\u00e3o Ga\u00facha SUB17 Feminina, que disputar\u00e1 o Campeonato Brasileiro de Sele\u00e7\u00f5es, entre os dias 7 e 12 de mar\u00e7o, em Saquarema, no Rio de Janeiro. Das 19 atletas de diferentes equipes [&hellip;]","og_url":"https:\/\/folhapopular.info\/index.php\/2022\/01\/24\/segunda-etapa-da-seletiva-para-a-selecao-gaucha-de-volei-sub-17-ocorreu-neste-fim-de-semana\/","og_site_name":"Folha Popular","article_published_time":"2022-01-24T20:30:00+00:00","og_image":[{"width":800,"height":600,"url":"https:\/\/folhapopular.info\/wp-content\/uploads\/2022\/01\/Atletas-selecao-e1643047232192.jpeg","type":"image\/jpeg"}],"author":"Reda\u00e7\u00e3o Folha Popular","twitter_card":"summary_large_image","twitter_misc":{"Escrito por":"Reda\u00e7\u00e3o Folha Popular","Est. tempo de leitura":"2 minutos"},"schema":{"@context":"https:\/\/schema.org","@graph":[{"@type":"Article","@id":"https:\/\/folhapopular.info\/index.php\/2022\/01\/24\/segunda-etapa-da-seletiva-para-a-selecao-gaucha-de-volei-sub-17-ocorreu-neste-fim-de-semana\/#article","isPartOf":{"@id":"https:\/\/folhapopular.info\/index.php\/2022\/01\/24\/segunda-etapa-da-seletiva-para-a-selecao-gaucha-de-volei-sub-17-ocorreu-neste-fim-de-semana\/"},"author":{"name":"Reda\u00e7\u00e3o Folha Popular","@id":"https:\/\/folhapopular.info\/#\/schema\/person\/2814e8a0df7643585a9ca38bc6eb9d4b"},"headline":"Segunda etapa da seletiva para a Sele\u00e7\u00e3o Ga\u00facha de V\u00f4lei Sub-17 ocorreu neste fim de semana","datePublished":"2022-01-24T20:30:00+00:00","mainEntityOfPage":{"@id":"https:\/\/folhapopular.info\/index.php\/2022\/01\/24\/segunda-etapa-da-seletiva-para-a-selecao-gaucha-de-volei-sub-17-ocorreu-neste-fim-de-semana\/"},"wordCount":370,"commentCount":0,"image":{"@id":"https:\/\/folhapopular.info\/index.php\/2022\/01\/24\/segunda-etapa-da-seletiva-para-a-selecao-gaucha-de-volei-sub-17-ocorreu-neste-fim-de-semana\/#primaryimage"},"thumbnailUrl":"https:\/\/folhapopular.info\/wp-content\/uploads\/2022\/01\/Atletas-selecao-e1643047232192.jpeg","keywords":["Estrela","Sele\u00e7\u00e3o Feminina","Sele\u00e7\u00e3o Ga\u00facha","Seletiva","V\u00f4lei"],"articleSection":["Destaques","Geral"],"inLanguage":"pt-BR","potentialAction":[{"@type":"CommentAction","name":"Comment","target":["https:\/\/folhapopular.info\/index.php\/2022\/01\/24\/segunda-etapa-da-seletiva-para-a-selecao-gaucha-de-volei-sub-17-ocorreu-neste-fim-de-semana\/#respond"]}]},{"@type":"WebPage","@id":"https:\/\/folhapopular.info\/index.php\/2022\/01\/24\/segunda-etapa-da-seletiva-para-a-selecao-gaucha-de-volei-sub-17-ocorreu-neste-fim-de-semana\/","url":"https:\/\/folhapopular.info\/index.php\/2022\/01\/24\/segunda-etapa-da-seletiva-para-a-selecao-gaucha-de-volei-sub-17-ocorreu-neste-fim-de-semana\/","name":"Segunda etapa da seletiva para a Sele\u00e7\u00e3o Ga\u00facha de V\u00f4lei Sub-17 ocorreu neste fim de semana - Folha Popular","isPartOf":{"@id":"https:\/\/folhapopular.info\/#website"},"primaryImageOfPage":{"@id":"https:\/\/folhapopular.info\/index.php\/2022\/01\/24\/segunda-etapa-da-seletiva-para-a-selecao-gaucha-de-volei-sub-17-ocorreu-neste-fim-de-semana\/#primaryimage"},"image":{"@id":"https:\/\/folhapopular.info\/index.php\/2022\/01\/24\/segunda-etapa-da-seletiva-para-a-selecao-gaucha-de-volei-sub-17-ocorreu-neste-fim-de-semana\/#primaryimage"},"thumbnailUrl":"https:\/\/folhapopular.info\/wp-content\/uploads\/2022\/01\/Atletas-selecao-e1643047232192.jpeg","datePublished":"2022-01-24T20:30:00+00:00","author":{"@id":"https:\/\/folhapopular.info\/#\/schema\/person\/2814e8a0df7643585a9ca38bc6eb9d4b"},"breadcrumb":{"@id":"https:\/\/folhapopular.info\/index.php\/2022\/01\/24\/segunda-etapa-da-seletiva-para-a-selecao-gaucha-de-volei-sub-17-ocorreu-neste-fim-de-semana\/#breadcrumb"},"inLanguage":"pt-BR","potentialAction":[{"@type":"ReadAction","target":["https:\/\/folhapopular.info\/index.php\/2022\/01\/24\/segunda-etapa-da-seletiva-para-a-selecao-gaucha-de-volei-sub-17-ocorreu-neste-fim-de-semana\/"]}]},{"@type":"ImageObject","inLanguage":"pt-BR","@id":"https:\/\/folhapopular.info\/index.php\/2022\/01\/24\/segunda-etapa-da-seletiva-para-a-selecao-gaucha-de-volei-sub-17-ocorreu-neste-fim-de-semana\/#primaryimage","url":"https:\/\/folhapopular.info\/wp-content\/uploads\/2022\/01\/Atletas-selecao-e1643047232192.jpeg","contentUrl":"https:\/\/folhapopular.info\/wp-content\/uploads\/2022\/01\/Atletas-selecao-e1643047232192.jpeg","width":800,"height":600,"caption":"Atletas de diversas equipes ir\u00e3o compor Sele\u00e7\u00e3o Ga\u00facha SUB17 Feminina de V\u00f4lei \/ Cr\u00e9dito: Divulga\u00e7\u00e3o"},{"@type":"BreadcrumbList","@id":"https:\/\/folhapopular.info\/index.php\/2022\/01\/24\/segunda-etapa-da-seletiva-para-a-selecao-gaucha-de-volei-sub-17-ocorreu-neste-fim-de-semana\/#breadcrumb","itemListElement":[{"@type":"ListItem","position":1,"name":"In\u00edcio","item":"https:\/\/folhapopular.info\/"},{"@type":"ListItem","position":2,"name":"Segunda etapa da seletiva para a Sele\u00e7\u00e3o Ga\u00facha de V\u00f4lei Sub-17 ocorreu neste fim de semana"}]},{"@type":"WebSite","@id":"https:\/\/folhapopular.info\/#website","url":"https:\/\/folhapopular.info\/","name":"Folha Popular","description":"Onde voc\u00ea tem vez e voz","potentialAction":[{"@type":"SearchAction","target":{"@type":"EntryPoint","urlTemplate":"https:\/\/folhapopular.info\/?s={search_term_string}"},"query-input":{"@type":"PropertyValueSpecification","valueRequired":true,"valueName":"search_term_string"}}],"inLanguage":"pt-BR"},{"@type":"Person","@id":"https:\/\/folhapopular.info\/#\/schema\/person\/2814e8a0df7643585a9ca38bc6eb9d4b","name":"Reda\u00e7\u00e3o Folha Popular","image":{"@type":"ImageObject","inLanguage":"pt-BR","@id":"https:\/\/folhapopular.info\/wp-content\/uploads\/2026\/04\/Folha-1.webp","url":"https:\/\/folhapopular.info\/wp-content\/uploads\/2026\/04\/Folha-1.webp","contentUrl":"https:\/\/folhapopular.info\/wp-content\/uploads\/2026\/04\/Folha-1.webp","caption":"Reda\u00e7\u00e3o Folha Popular"},"url":"https:\/\/folhapopular.info\/index.php\/author\/redacao\/"}]}},"jetpack_featured_media_url":"https:\/\/folhapopular.info\/wp-content\/uploads\/2022\/01\/Atletas-selecao-e1643047232192.jpeg","jetpack_sharing_enabled":true,"amp_enabled":true,"_links":{"self":[{"href":"https:\/\/folhapopular.info\/index.php\/wp-json\/wp\/v2\/posts\/97241","targetHints":{"allow":["GET"]}}],"collection":[{"href":"https:\/\/folhapopular.info\/index.php\/wp-json\/wp\/v2\/posts"}],"about":[{"href":"https:\/\/folhapopular.info\/index.php\/wp-json\/wp\/v2\/types\/post"}],"author":[{"embeddable":true,"href":"https:\/\/folhapopular.info\/index.php\/wp-json\/wp\/v2\/users\/8"}],"replies":[{"embeddable":true,"href":"https:\/\/folhapopular.info\/index.php\/wp-json\/wp\/v2\/comments?post=97241"}],"version-history":[{"count":0,"href":"https:\/\/folhapopular.info\/index.php\/wp-json\/wp\/v2\/posts\/97241\/revisions"}],"wp:featuredmedia":[{"embeddable":true,"href":"https:\/\/folhapopular.info\/index.php\/wp-json\/wp\/v2\/media\/97245"}],"wp:attachment":[{"href":"https:\/\/folhapopular.info\/index.php\/wp-json\/wp\/v2\/media?parent=97241"}],"wp:term":[{"taxonomy":"category","embeddable":true,"href":"https:\/\/folhapopular.info\/index.php\/wp-json\/wp\/v2\/categories?post=97241"},{"taxonomy":"post_tag","embeddable":true,"href":"https:\/\/folhapopular.info\/index.php\/wp-json\/wp\/v2\/tags?post=97241"}],"curies":[{"name":"wp","href":"https:\/\/api.w.org\/{rel}","templated":true}]}}