{"id":97401,"date":"2022-01-26T14:33:56","date_gmt":"2022-01-26T17:33:56","guid":{"rendered":"https:\/\/folhapopular.info\/?p=97401"},"modified":"2022-01-26T14:34:01","modified_gmt":"2022-01-26T17:34:01","slug":"colinas-e-destaque-na-olimpiada-brasileira-de-matematica-das-escolas-publicas-obmep","status":"publish","type":"post","link":"https:\/\/folhapopular.info\/index.php\/2022\/01\/26\/colinas-e-destaque-na-olimpiada-brasileira-de-matematica-das-escolas-publicas-obmep\/","title":{"rendered":"Colinas \u00e9 destaque na Olimp\u00edada Brasileira de Matem\u00e1tica das Escolas P\u00fablicas (Obmep)"},"content":{"rendered":"\n<p>A Secretaria Municipal de Educa\u00e7\u00e3o, a Emef Ipiranga e diversos alunos foram premiados na 16\u00aa Edi\u00e7\u00e3o Obmep realizada durante o ano de 2021.<\/p>\n\n\n\n<p>Foram mais de 17 milh\u00f5es de estudantes inscritos, desde o 6\u00ba ano do ensino fundamental at\u00e9 o 3\u00ba ano do ensino m\u00e9dio de 53.374 escolas entre particulares e p\u00fablicas de todo o Brasil.<\/p>\n\n\n\n<p>Em todo o Rio Grande do Sul apenas duas secretarias de educa\u00e7\u00e3o foram premiadas, sendo uma delas a de Colinas. A Emef Ipiranga tamb\u00e9m obteve premia\u00e7\u00e3o a partir do \u00f3timo rendimento de seus alunos. V\u00e1rios alunos foram premiados com medalhas e men\u00e7\u00f5es honrosas:<\/p>\n\n\n\n<p>Medalha de Prata \u2013 Isadora Klein Diehl (N\u00edvel I) e Lucas Jos\u00e9 Prade Vuaden (N\u00edvel I);<\/p>\n\n\n\n<p>Medalha de Bronze \u2013 Gustavo Goldmeier (N\u00edvel I);<\/p>\n\n\n\n<p>Men\u00e7\u00f5es Honrosas \u2013 Lucas de Souza Luz Gon\u00e7alves (N\u00edvel I), Dyovana Bolzan (N\u00edvel II) e Sara Sofia Barrow Wathier (N\u00edvel II).<\/p>\n\n\n\n<p>Os alunos premiados ser\u00e3o convidados a participar do Programa de Inicia\u00e7\u00e3o Cient\u00edfica J\u00fanior (PIC) como incentivo e promo\u00e7\u00e3o do desenvolvimento acad\u00eamico, sendo que os participantes recebem ainda uma bolsa do Conselho Nacional de Desenvolvimento Cient\u00edfico e Tecnol\u00f3gico (CNPq), que possibilita acesso a encontros semanais para aprofundar o conhecimento matem\u00e1tico.<\/p>\n\n\n\n<p>Este excelente resultado \u00e9 fruto de um trabalho em equipe que busca cada dia mais qualidade na educa\u00e7\u00e3o.<\/p>\n","protected":false},"excerpt":{"rendered":"<p>A Secretaria Municipal de Educa\u00e7\u00e3o, a Emef Ipiranga e diversos alunos foram premiados na 16\u00aa Edi\u00e7\u00e3o Obmep realizada durante o ano de 2021. Foram mais de 17 milh\u00f5es de estudantes inscritos, desde o 6\u00ba ano do ensino fundamental at\u00e9 o 3\u00ba ano do ensino m\u00e9dio de 53.374 escolas entre particulares e p\u00fablicas de todo o [&hellip;]<\/p>\n","protected":false},"author":8,"featured_media":97403,"comment_status":"open","ping_status":"open","sticky":false,"template":"","format":"standard","meta":{"pmpro_default_level":"","_jetpack_memberships_contains_paid_content":false,"footnotes":""},"categories":[2,3],"tags":[183,1615,403,1524],"class_list":{"0":"post-97401","1":"post","2":"type-post","3":"status-publish","4":"format-standard","5":"has-post-thumbnail","7":"category-featured","8":"category-geral","9":"tag-colinas","10":"tag-matematica","11":"tag-obmep","12":"tag-premios","13":"pmpro-has-access"},"yoast_head":"<!-- This site is optimized with the Yoast SEO plugin v27.5 - https:\/\/yoast.com\/product\/yoast-seo-wordpress\/ -->\n<title>Colinas \u00e9 destaque na Olimp\u00edada Brasileira de Matem\u00e1tica das Escolas P\u00fablicas (Obmep) - Folha Popular<\/title>\n<meta name=\"robots\" content=\"index, follow, max-snippet:-1, max-image-preview:large, max-video-preview:-1\" \/>\n<link rel=\"canonical\" href=\"https:\/\/folhapopular.info\/index.php\/2022\/01\/26\/colinas-e-destaque-na-olimpiada-brasileira-de-matematica-das-escolas-publicas-obmep\/\" \/>\n<meta property=\"og:locale\" content=\"pt_BR\" \/>\n<meta property=\"og:type\" content=\"article\" \/>\n<meta property=\"og:title\" content=\"Colinas \u00e9 destaque na Olimp\u00edada Brasileira de Matem\u00e1tica das Escolas P\u00fablicas (Obmep) - Folha Popular\" \/>\n<meta property=\"og:description\" content=\"A Secretaria Municipal de Educa\u00e7\u00e3o, a Emef Ipiranga e diversos alunos foram premiados na 16\u00aa Edi\u00e7\u00e3o Obmep realizada durante o ano de 2021. Foram mais de 17 milh\u00f5es de estudantes inscritos, desde o 6\u00ba ano do ensino fundamental at\u00e9 o 3\u00ba ano do ensino m\u00e9dio de 53.374 escolas entre particulares e p\u00fablicas de todo o [&hellip;]\" \/>\n<meta property=\"og:url\" content=\"https:\/\/folhapopular.info\/index.php\/2022\/01\/26\/colinas-e-destaque-na-olimpiada-brasileira-de-matematica-das-escolas-publicas-obmep\/\" \/>\n<meta property=\"og:site_name\" content=\"Folha Popular\" \/>\n<meta property=\"article:published_time\" content=\"2022-01-26T17:33:56+00:00\" \/>\n<meta property=\"article:modified_time\" content=\"2022-01-26T17:34:01+00:00\" \/>\n<meta property=\"og:image\" content=\"http:\/\/folhapopular.info\/wp-content\/uploads\/2022\/01\/pexels-monstera-5200770-scaled-e1643217883106.jpg\" \/>\n\t<meta property=\"og:image:width\" content=\"800\" \/>\n\t<meta property=\"og:image:height\" content=\"533\" \/>\n\t<meta property=\"og:image:type\" content=\"image\/jpeg\" \/>\n<meta name=\"author\" content=\"Reda\u00e7\u00e3o Folha Popular\" \/>\n<meta name=\"twitter:card\" content=\"summary_large_image\" \/>\n<meta name=\"twitter:label1\" content=\"Escrito por\" \/>\n\t<meta name=\"twitter:data1\" content=\"Reda\u00e7\u00e3o Folha Popular\" \/>\n\t<meta name=\"twitter:label2\" content=\"Est. tempo de leitura\" \/>\n\t<meta name=\"twitter:data2\" content=\"2 minutos\" \/>\n<script type=\"application\/ld+json\" class=\"yoast-schema-graph\">{\"@context\":\"https:\\\/\\\/schema.org\",\"@graph\":[{\"@type\":\"Article\",\"@id\":\"https:\\\/\\\/folhapopular.info\\\/index.php\\\/2022\\\/01\\\/26\\\/colinas-e-destaque-na-olimpiada-brasileira-de-matematica-das-escolas-publicas-obmep\\\/#article\",\"isPartOf\":{\"@id\":\"https:\\\/\\\/folhapopular.info\\\/index.php\\\/2022\\\/01\\\/26\\\/colinas-e-destaque-na-olimpiada-brasileira-de-matematica-das-escolas-publicas-obmep\\\/\"},\"author\":{\"name\":\"Reda\u00e7\u00e3o Folha Popular\",\"@id\":\"https:\\\/\\\/folhapopular.info\\\/#\\\/schema\\\/person\\\/2814e8a0df7643585a9ca38bc6eb9d4b\"},\"headline\":\"Colinas \u00e9 destaque na Olimp\u00edada Brasileira de Matem\u00e1tica das Escolas P\u00fablicas (Obmep)\",\"datePublished\":\"2022-01-26T17:33:56+00:00\",\"dateModified\":\"2022-01-26T17:34:01+00:00\",\"mainEntityOfPage\":{\"@id\":\"https:\\\/\\\/folhapopular.info\\\/index.php\\\/2022\\\/01\\\/26\\\/colinas-e-destaque-na-olimpiada-brasileira-de-matematica-das-escolas-publicas-obmep\\\/\"},\"wordCount\":243,\"commentCount\":0,\"image\":{\"@id\":\"https:\\\/\\\/folhapopular.info\\\/index.php\\\/2022\\\/01\\\/26\\\/colinas-e-destaque-na-olimpiada-brasileira-de-matematica-das-escolas-publicas-obmep\\\/#primaryimage\"},\"thumbnailUrl\":\"https:\\\/\\\/folhapopular.info\\\/wp-content\\\/uploads\\\/2022\\\/01\\\/pexels-monstera-5200770-scaled-e1643217883106.jpg\",\"keywords\":[\"Colinas\",\"Matem\u00e1tica\",\"OBMEP\",\"Pr\u00eamios\"],\"articleSection\":[\"Destaques\",\"Geral\"],\"inLanguage\":\"pt-BR\",\"potentialAction\":[{\"@type\":\"CommentAction\",\"name\":\"Comment\",\"target\":[\"https:\\\/\\\/folhapopular.info\\\/index.php\\\/2022\\\/01\\\/26\\\/colinas-e-destaque-na-olimpiada-brasileira-de-matematica-das-escolas-publicas-obmep\\\/#respond\"]}]},{\"@type\":\"WebPage\",\"@id\":\"https:\\\/\\\/folhapopular.info\\\/index.php\\\/2022\\\/01\\\/26\\\/colinas-e-destaque-na-olimpiada-brasileira-de-matematica-das-escolas-publicas-obmep\\\/\",\"url\":\"https:\\\/\\\/folhapopular.info\\\/index.php\\\/2022\\\/01\\\/26\\\/colinas-e-destaque-na-olimpiada-brasileira-de-matematica-das-escolas-publicas-obmep\\\/\",\"name\":\"Colinas \u00e9 destaque na Olimp\u00edada Brasileira de Matem\u00e1tica das Escolas P\u00fablicas (Obmep) - Folha Popular\",\"isPartOf\":{\"@id\":\"https:\\\/\\\/folhapopular.info\\\/#website\"},\"primaryImageOfPage\":{\"@id\":\"https:\\\/\\\/folhapopular.info\\\/index.php\\\/2022\\\/01\\\/26\\\/colinas-e-destaque-na-olimpiada-brasileira-de-matematica-das-escolas-publicas-obmep\\\/#primaryimage\"},\"image\":{\"@id\":\"https:\\\/\\\/folhapopular.info\\\/index.php\\\/2022\\\/01\\\/26\\\/colinas-e-destaque-na-olimpiada-brasileira-de-matematica-das-escolas-publicas-obmep\\\/#primaryimage\"},\"thumbnailUrl\":\"https:\\\/\\\/folhapopular.info\\\/wp-content\\\/uploads\\\/2022\\\/01\\\/pexels-monstera-5200770-scaled-e1643217883106.jpg\",\"datePublished\":\"2022-01-26T17:33:56+00:00\",\"dateModified\":\"2022-01-26T17:34:01+00:00\",\"author\":{\"@id\":\"https:\\\/\\\/folhapopular.info\\\/#\\\/schema\\\/person\\\/2814e8a0df7643585a9ca38bc6eb9d4b\"},\"breadcrumb\":{\"@id\":\"https:\\\/\\\/folhapopular.info\\\/index.php\\\/2022\\\/01\\\/26\\\/colinas-e-destaque-na-olimpiada-brasileira-de-matematica-das-escolas-publicas-obmep\\\/#breadcrumb\"},\"inLanguage\":\"pt-BR\",\"potentialAction\":[{\"@type\":\"ReadAction\",\"target\":[\"https:\\\/\\\/folhapopular.info\\\/index.php\\\/2022\\\/01\\\/26\\\/colinas-e-destaque-na-olimpiada-brasileira-de-matematica-das-escolas-publicas-obmep\\\/\"]}]},{\"@type\":\"ImageObject\",\"inLanguage\":\"pt-BR\",\"@id\":\"https:\\\/\\\/folhapopular.info\\\/index.php\\\/2022\\\/01\\\/26\\\/colinas-e-destaque-na-olimpiada-brasileira-de-matematica-das-escolas-publicas-obmep\\\/#primaryimage\",\"url\":\"https:\\\/\\\/folhapopular.info\\\/wp-content\\\/uploads\\\/2022\\\/01\\\/pexels-monstera-5200770-scaled-e1643217883106.jpg\",\"contentUrl\":\"https:\\\/\\\/folhapopular.info\\\/wp-content\\\/uploads\\\/2022\\\/01\\\/pexels-monstera-5200770-scaled-e1643217883106.jpg\",\"width\":800,\"height\":533,\"caption\":\"Cr\u00e9dito da foto: Pexels \\\/ Divulga\u00e7\u00e3o\"},{\"@type\":\"BreadcrumbList\",\"@id\":\"https:\\\/\\\/folhapopular.info\\\/index.php\\\/2022\\\/01\\\/26\\\/colinas-e-destaque-na-olimpiada-brasileira-de-matematica-das-escolas-publicas-obmep\\\/#breadcrumb\",\"itemListElement\":[{\"@type\":\"ListItem\",\"position\":1,\"name\":\"In\u00edcio\",\"item\":\"https:\\\/\\\/folhapopular.info\\\/\"},{\"@type\":\"ListItem\",\"position\":2,\"name\":\"Colinas \u00e9 destaque na Olimp\u00edada Brasileira de Matem\u00e1tica das Escolas P\u00fablicas (Obmep)\"}]},{\"@type\":\"WebSite\",\"@id\":\"https:\\\/\\\/folhapopular.info\\\/#website\",\"url\":\"https:\\\/\\\/folhapopular.info\\\/\",\"name\":\"Folha Popular\",\"description\":\"Onde voc\u00ea tem vez e voz\",\"potentialAction\":[{\"@type\":\"SearchAction\",\"target\":{\"@type\":\"EntryPoint\",\"urlTemplate\":\"https:\\\/\\\/folhapopular.info\\\/?s={search_term_string}\"},\"query-input\":{\"@type\":\"PropertyValueSpecification\",\"valueRequired\":true,\"valueName\":\"search_term_string\"}}],\"inLanguage\":\"pt-BR\"},{\"@type\":\"Person\",\"@id\":\"https:\\\/\\\/folhapopular.info\\\/#\\\/schema\\\/person\\\/2814e8a0df7643585a9ca38bc6eb9d4b\",\"name\":\"Reda\u00e7\u00e3o Folha Popular\",\"image\":{\"@type\":\"ImageObject\",\"inLanguage\":\"pt-BR\",\"@id\":\"https:\\\/\\\/folhapopular.info\\\/wp-content\\\/uploads\\\/2026\\\/04\\\/Folha-1.webp\",\"url\":\"https:\\\/\\\/folhapopular.info\\\/wp-content\\\/uploads\\\/2026\\\/04\\\/Folha-1.webp\",\"contentUrl\":\"https:\\\/\\\/folhapopular.info\\\/wp-content\\\/uploads\\\/2026\\\/04\\\/Folha-1.webp\",\"caption\":\"Reda\u00e7\u00e3o Folha Popular\"},\"url\":\"https:\\\/\\\/folhapopular.info\\\/index.php\\\/author\\\/redacao\\\/\"}]}<\/script>\n<!-- \/ Yoast SEO plugin. -->","yoast_head_json":{"title":"Colinas \u00e9 destaque na Olimp\u00edada Brasileira de Matem\u00e1tica das Escolas P\u00fablicas (Obmep) - Folha Popular","robots":{"index":"index","follow":"follow","max-snippet":"max-snippet:-1","max-image-preview":"max-image-preview:large","max-video-preview":"max-video-preview:-1"},"canonical":"https:\/\/folhapopular.info\/index.php\/2022\/01\/26\/colinas-e-destaque-na-olimpiada-brasileira-de-matematica-das-escolas-publicas-obmep\/","og_locale":"pt_BR","og_type":"article","og_title":"Colinas \u00e9 destaque na Olimp\u00edada Brasileira de Matem\u00e1tica das Escolas P\u00fablicas (Obmep) - Folha Popular","og_description":"A Secretaria Municipal de Educa\u00e7\u00e3o, a Emef Ipiranga e diversos alunos foram premiados na 16\u00aa Edi\u00e7\u00e3o Obmep realizada durante o ano de 2021. Foram mais de 17 milh\u00f5es de estudantes inscritos, desde o 6\u00ba ano do ensino fundamental at\u00e9 o 3\u00ba ano do ensino m\u00e9dio de 53.374 escolas entre particulares e p\u00fablicas de todo o [&hellip;]","og_url":"https:\/\/folhapopular.info\/index.php\/2022\/01\/26\/colinas-e-destaque-na-olimpiada-brasileira-de-matematica-das-escolas-publicas-obmep\/","og_site_name":"Folha Popular","article_published_time":"2022-01-26T17:33:56+00:00","article_modified_time":"2022-01-26T17:34:01+00:00","og_image":[{"width":800,"height":533,"url":"http:\/\/folhapopular.info\/wp-content\/uploads\/2022\/01\/pexels-monstera-5200770-scaled-e1643217883106.jpg","type":"image\/jpeg"}],"author":"Reda\u00e7\u00e3o Folha Popular","twitter_card":"summary_large_image","twitter_misc":{"Escrito por":"Reda\u00e7\u00e3o Folha Popular","Est. tempo de leitura":"2 minutos"},"schema":{"@context":"https:\/\/schema.org","@graph":[{"@type":"Article","@id":"https:\/\/folhapopular.info\/index.php\/2022\/01\/26\/colinas-e-destaque-na-olimpiada-brasileira-de-matematica-das-escolas-publicas-obmep\/#article","isPartOf":{"@id":"https:\/\/folhapopular.info\/index.php\/2022\/01\/26\/colinas-e-destaque-na-olimpiada-brasileira-de-matematica-das-escolas-publicas-obmep\/"},"author":{"name":"Reda\u00e7\u00e3o Folha Popular","@id":"https:\/\/folhapopular.info\/#\/schema\/person\/2814e8a0df7643585a9ca38bc6eb9d4b"},"headline":"Colinas \u00e9 destaque na Olimp\u00edada Brasileira de Matem\u00e1tica das Escolas P\u00fablicas (Obmep)","datePublished":"2022-01-26T17:33:56+00:00","dateModified":"2022-01-26T17:34:01+00:00","mainEntityOfPage":{"@id":"https:\/\/folhapopular.info\/index.php\/2022\/01\/26\/colinas-e-destaque-na-olimpiada-brasileira-de-matematica-das-escolas-publicas-obmep\/"},"wordCount":243,"commentCount":0,"image":{"@id":"https:\/\/folhapopular.info\/index.php\/2022\/01\/26\/colinas-e-destaque-na-olimpiada-brasileira-de-matematica-das-escolas-publicas-obmep\/#primaryimage"},"thumbnailUrl":"https:\/\/folhapopular.info\/wp-content\/uploads\/2022\/01\/pexels-monstera-5200770-scaled-e1643217883106.jpg","keywords":["Colinas","Matem\u00e1tica","OBMEP","Pr\u00eamios"],"articleSection":["Destaques","Geral"],"inLanguage":"pt-BR","potentialAction":[{"@type":"CommentAction","name":"Comment","target":["https:\/\/folhapopular.info\/index.php\/2022\/01\/26\/colinas-e-destaque-na-olimpiada-brasileira-de-matematica-das-escolas-publicas-obmep\/#respond"]}]},{"@type":"WebPage","@id":"https:\/\/folhapopular.info\/index.php\/2022\/01\/26\/colinas-e-destaque-na-olimpiada-brasileira-de-matematica-das-escolas-publicas-obmep\/","url":"https:\/\/folhapopular.info\/index.php\/2022\/01\/26\/colinas-e-destaque-na-olimpiada-brasileira-de-matematica-das-escolas-publicas-obmep\/","name":"Colinas \u00e9 destaque na Olimp\u00edada Brasileira de Matem\u00e1tica das Escolas P\u00fablicas (Obmep) - Folha Popular","isPartOf":{"@id":"https:\/\/folhapopular.info\/#website"},"primaryImageOfPage":{"@id":"https:\/\/folhapopular.info\/index.php\/2022\/01\/26\/colinas-e-destaque-na-olimpiada-brasileira-de-matematica-das-escolas-publicas-obmep\/#primaryimage"},"image":{"@id":"https:\/\/folhapopular.info\/index.php\/2022\/01\/26\/colinas-e-destaque-na-olimpiada-brasileira-de-matematica-das-escolas-publicas-obmep\/#primaryimage"},"thumbnailUrl":"https:\/\/folhapopular.info\/wp-content\/uploads\/2022\/01\/pexels-monstera-5200770-scaled-e1643217883106.jpg","datePublished":"2022-01-26T17:33:56+00:00","dateModified":"2022-01-26T17:34:01+00:00","author":{"@id":"https:\/\/folhapopular.info\/#\/schema\/person\/2814e8a0df7643585a9ca38bc6eb9d4b"},"breadcrumb":{"@id":"https:\/\/folhapopular.info\/index.php\/2022\/01\/26\/colinas-e-destaque-na-olimpiada-brasileira-de-matematica-das-escolas-publicas-obmep\/#breadcrumb"},"inLanguage":"pt-BR","potentialAction":[{"@type":"ReadAction","target":["https:\/\/folhapopular.info\/index.php\/2022\/01\/26\/colinas-e-destaque-na-olimpiada-brasileira-de-matematica-das-escolas-publicas-obmep\/"]}]},{"@type":"ImageObject","inLanguage":"pt-BR","@id":"https:\/\/folhapopular.info\/index.php\/2022\/01\/26\/colinas-e-destaque-na-olimpiada-brasileira-de-matematica-das-escolas-publicas-obmep\/#primaryimage","url":"https:\/\/folhapopular.info\/wp-content\/uploads\/2022\/01\/pexels-monstera-5200770-scaled-e1643217883106.jpg","contentUrl":"https:\/\/folhapopular.info\/wp-content\/uploads\/2022\/01\/pexels-monstera-5200770-scaled-e1643217883106.jpg","width":800,"height":533,"caption":"Cr\u00e9dito da foto: Pexels \/ Divulga\u00e7\u00e3o"},{"@type":"BreadcrumbList","@id":"https:\/\/folhapopular.info\/index.php\/2022\/01\/26\/colinas-e-destaque-na-olimpiada-brasileira-de-matematica-das-escolas-publicas-obmep\/#breadcrumb","itemListElement":[{"@type":"ListItem","position":1,"name":"In\u00edcio","item":"https:\/\/folhapopular.info\/"},{"@type":"ListItem","position":2,"name":"Colinas \u00e9 destaque na Olimp\u00edada Brasileira de Matem\u00e1tica das Escolas P\u00fablicas (Obmep)"}]},{"@type":"WebSite","@id":"https:\/\/folhapopular.info\/#website","url":"https:\/\/folhapopular.info\/","name":"Folha Popular","description":"Onde voc\u00ea tem vez e voz","potentialAction":[{"@type":"SearchAction","target":{"@type":"EntryPoint","urlTemplate":"https:\/\/folhapopular.info\/?s={search_term_string}"},"query-input":{"@type":"PropertyValueSpecification","valueRequired":true,"valueName":"search_term_string"}}],"inLanguage":"pt-BR"},{"@type":"Person","@id":"https:\/\/folhapopular.info\/#\/schema\/person\/2814e8a0df7643585a9ca38bc6eb9d4b","name":"Reda\u00e7\u00e3o Folha Popular","image":{"@type":"ImageObject","inLanguage":"pt-BR","@id":"https:\/\/folhapopular.info\/wp-content\/uploads\/2026\/04\/Folha-1.webp","url":"https:\/\/folhapopular.info\/wp-content\/uploads\/2026\/04\/Folha-1.webp","contentUrl":"https:\/\/folhapopular.info\/wp-content\/uploads\/2026\/04\/Folha-1.webp","caption":"Reda\u00e7\u00e3o Folha Popular"},"url":"https:\/\/folhapopular.info\/index.php\/author\/redacao\/"}]}},"jetpack_featured_media_url":"https:\/\/folhapopular.info\/wp-content\/uploads\/2022\/01\/pexels-monstera-5200770-scaled-e1643217883106.jpg","jetpack_sharing_enabled":true,"amp_enabled":true,"_links":{"self":[{"href":"https:\/\/folhapopular.info\/index.php\/wp-json\/wp\/v2\/posts\/97401","targetHints":{"allow":["GET"]}}],"collection":[{"href":"https:\/\/folhapopular.info\/index.php\/wp-json\/wp\/v2\/posts"}],"about":[{"href":"https:\/\/folhapopular.info\/index.php\/wp-json\/wp\/v2\/types\/post"}],"author":[{"embeddable":true,"href":"https:\/\/folhapopular.info\/index.php\/wp-json\/wp\/v2\/users\/8"}],"replies":[{"embeddable":true,"href":"https:\/\/folhapopular.info\/index.php\/wp-json\/wp\/v2\/comments?post=97401"}],"version-history":[{"count":0,"href":"https:\/\/folhapopular.info\/index.php\/wp-json\/wp\/v2\/posts\/97401\/revisions"}],"wp:featuredmedia":[{"embeddable":true,"href":"https:\/\/folhapopular.info\/index.php\/wp-json\/wp\/v2\/media\/97403"}],"wp:attachment":[{"href":"https:\/\/folhapopular.info\/index.php\/wp-json\/wp\/v2\/media?parent=97401"}],"wp:term":[{"taxonomy":"category","embeddable":true,"href":"https:\/\/folhapopular.info\/index.php\/wp-json\/wp\/v2\/categories?post=97401"},{"taxonomy":"post_tag","embeddable":true,"href":"https:\/\/folhapopular.info\/index.php\/wp-json\/wp\/v2\/tags?post=97401"}],"curies":[{"name":"wp","href":"https:\/\/api.w.org\/{rel}","templated":true}]}}