{"id":97503,"date":"2022-01-28T10:44:42","date_gmt":"2022-01-28T13:44:42","guid":{"rendered":"https:\/\/folhapopular.info\/?p=97503"},"modified":"2022-01-28T10:44:46","modified_gmt":"2022-01-28T13:44:46","slug":"ccr-viasul-inicia-obras-das-novas-passarelas-na-br-386","status":"publish","type":"post","link":"https:\/\/folhapopular.info\/index.php\/2022\/01\/28\/ccr-viasul-inicia-obras-das-novas-passarelas-na-br-386\/","title":{"rendered":"CCR ViaSul inicia obras das novas passarelas na BR-386"},"content":{"rendered":"\n<p>Na manh\u00e3 desta sexta-feira (28\/1), a CCR ViaSul realizou o i\u00e7amento da primeira nova passarela na rodovia, na altura do km 325,8, em Marques de Souza.<\/p>\n\n\n\n<p>Para isso, foi preciso bloquear totalmente o tr\u00e1fego nas duas pistas por, aproximadamente, 10 minutos, em duas oportunidades<\/p>\n\n\n\n<p>Al\u00e9m desta nova passarela no km 325, 8, ainda est\u00e3o previstas outras tr\u00eas novas estruturas neste primeiro trecho de duplica\u00e7\u00e3o entre Lajeado e Marques de Souza, sendo uma no km 338, em Forquetinha e duas em Lajeado: uma no km 342,5 nas proximidades do bairro Olaria e outra no km 344,3, pr\u00f3ximo ao Bairro Conventos.<\/p>\n\n\n\n<p>Ao longo de toda a concess\u00e3o da CCR ViaSul ser\u00e3o 32 novos dispositivos, sendo 18 na BR-386 com in\u00edcio nesta sexta-feira (28\/1), 10 na BR-101, onde as obras j\u00e1 acontecem desde o ano passado e quatro na BR-290 (Freeway), com previs\u00e3o de in\u00edcio das obras ainda para este ano.<\/p>\n\n\n\n<p>At\u00e9 o 5\u00ba ano, ser\u00e3o entregues 28 passarelas, garantindo maior seguran\u00e7a e conforto aos usu\u00e1rios.<\/p>\n\n\n\n<p><strong>A estrutura<\/strong><\/p>\n\n\n\n<p>As passarelas contar\u00e3o com tela de prote\u00e7\u00e3o no trecho de travessia sobre a pista para evitar que quaisquer res\u00edduos sejam atirados na pista. As cal\u00e7adas e passeios que d\u00e3o acesso \u00e0 rampa seguir\u00e3o todas as exig\u00eancias que garantem acessibilidade \u00e0s pessoas com defici\u00eancia. Sistemas de drenagem tamb\u00e9m ser\u00e3o instalados em todas as entradas e sa\u00eddas das rampas.<\/p>\n\n\n\n<p>Da mesma forma, ser\u00e3o implantados pontos de parada de \u00f4nibus em todas as passarelas, desde que respeitem uma dist\u00e2ncia m\u00ednima de 3,5 quil\u00f4metros entre eles.<\/p>\n\n\n\n<p>A CCR ViaSul tamb\u00e9m \u00e9 respons\u00e1vel pela instala\u00e7\u00e3o e manuten\u00e7\u00e3o de toda ilumina\u00e7\u00e3o dessas estruturas, bem como das c\u00e2meras que ir\u00e3o monitorar integralmente os locais por meio do Centro de Controle Operacional (CCO) garantindo ainda mais seguran\u00e7a \u00e0 popula\u00e7\u00e3o.<\/p>\n","protected":false},"excerpt":{"rendered":"<p>Na manh\u00e3 desta sexta-feira (28\/1), a CCR ViaSul realizou o i\u00e7amento da primeira nova passarela na rodovia, na altura do km 325,8, em Marques de Souza. Para isso, foi preciso bloquear totalmente o tr\u00e1fego nas duas pistas por, aproximadamente, 10 minutos, em duas oportunidades Al\u00e9m desta nova passarela no km 325, 8, ainda est\u00e3o previstas [&hellip;]<\/p>\n","protected":false},"author":8,"featured_media":58538,"comment_status":"open","ping_status":"open","sticky":false,"template":"","format":"standard","meta":{"pmpro_default_level":"","_jetpack_memberships_contains_paid_content":false,"footnotes":""},"categories":[2,3],"tags":[91,5556,32,8067],"class_list":{"0":"post-97503","1":"post","2":"type-post","3":"status-publish","4":"format-standard","5":"has-post-thumbnail","7":"category-featured","8":"category-geral","9":"tag-br-386","10":"tag-ccr-viasul","11":"tag-obras","12":"tag-passarelas","13":"pmpro-has-access"},"yoast_head":"<!-- This site is optimized with the Yoast SEO plugin v27.5 - https:\/\/yoast.com\/product\/yoast-seo-wordpress\/ -->\n<title>CCR ViaSul inicia obras das novas passarelas na BR-386 - Folha Popular<\/title>\n<meta name=\"robots\" content=\"index, follow, max-snippet:-1, max-image-preview:large, max-video-preview:-1\" \/>\n<link rel=\"canonical\" href=\"https:\/\/folhapopular.info\/index.php\/2022\/01\/28\/ccr-viasul-inicia-obras-das-novas-passarelas-na-br-386\/\" \/>\n<meta property=\"og:locale\" content=\"pt_BR\" \/>\n<meta property=\"og:type\" content=\"article\" \/>\n<meta property=\"og:title\" content=\"CCR ViaSul inicia obras das novas passarelas na BR-386 - Folha Popular\" \/>\n<meta property=\"og:description\" content=\"Na manh\u00e3 desta sexta-feira (28\/1), a CCR ViaSul realizou o i\u00e7amento da primeira nova passarela na rodovia, na altura do km 325,8, em Marques de Souza. Para isso, foi preciso bloquear totalmente o tr\u00e1fego nas duas pistas por, aproximadamente, 10 minutos, em duas oportunidades Al\u00e9m desta nova passarela no km 325, 8, ainda est\u00e3o previstas [&hellip;]\" \/>\n<meta property=\"og:url\" content=\"https:\/\/folhapopular.info\/index.php\/2022\/01\/28\/ccr-viasul-inicia-obras-das-novas-passarelas-na-br-386\/\" \/>\n<meta property=\"og:site_name\" content=\"Folha Popular\" \/>\n<meta property=\"article:published_time\" content=\"2022-01-28T13:44:42+00:00\" \/>\n<meta property=\"article:modified_time\" content=\"2022-01-28T13:44:46+00:00\" \/>\n<meta property=\"og:image\" content=\"http:\/\/folhapopular.info\/wp-content\/uploads\/2019\/09\/Noticias-e1567961441371.jpg\" \/>\n\t<meta property=\"og:image:width\" content=\"800\" \/>\n\t<meta property=\"og:image:height\" content=\"563\" \/>\n\t<meta property=\"og:image:type\" content=\"image\/jpeg\" \/>\n<meta name=\"author\" content=\"Reda\u00e7\u00e3o Folha Popular\" \/>\n<meta name=\"twitter:card\" content=\"summary_large_image\" \/>\n<meta name=\"twitter:label1\" content=\"Escrito por\" \/>\n\t<meta name=\"twitter:data1\" content=\"Reda\u00e7\u00e3o Folha Popular\" \/>\n\t<meta name=\"twitter:label2\" content=\"Est. tempo de leitura\" \/>\n\t<meta name=\"twitter:data2\" content=\"2 minutos\" \/>\n<script type=\"application\/ld+json\" class=\"yoast-schema-graph\">{\"@context\":\"https:\\\/\\\/schema.org\",\"@graph\":[{\"@type\":\"Article\",\"@id\":\"https:\\\/\\\/folhapopular.info\\\/index.php\\\/2022\\\/01\\\/28\\\/ccr-viasul-inicia-obras-das-novas-passarelas-na-br-386\\\/#article\",\"isPartOf\":{\"@id\":\"https:\\\/\\\/folhapopular.info\\\/index.php\\\/2022\\\/01\\\/28\\\/ccr-viasul-inicia-obras-das-novas-passarelas-na-br-386\\\/\"},\"author\":{\"name\":\"Reda\u00e7\u00e3o Folha Popular\",\"@id\":\"https:\\\/\\\/folhapopular.info\\\/#\\\/schema\\\/person\\\/2814e8a0df7643585a9ca38bc6eb9d4b\"},\"headline\":\"CCR ViaSul inicia obras das novas passarelas na BR-386\",\"datePublished\":\"2022-01-28T13:44:42+00:00\",\"dateModified\":\"2022-01-28T13:44:46+00:00\",\"mainEntityOfPage\":{\"@id\":\"https:\\\/\\\/folhapopular.info\\\/index.php\\\/2022\\\/01\\\/28\\\/ccr-viasul-inicia-obras-das-novas-passarelas-na-br-386\\\/\"},\"wordCount\":316,\"commentCount\":0,\"image\":{\"@id\":\"https:\\\/\\\/folhapopular.info\\\/index.php\\\/2022\\\/01\\\/28\\\/ccr-viasul-inicia-obras-das-novas-passarelas-na-br-386\\\/#primaryimage\"},\"thumbnailUrl\":\"https:\\\/\\\/folhapopular.info\\\/wp-content\\\/uploads\\\/2019\\\/09\\\/Noticias-e1567961441371.jpg\",\"keywords\":[\"BR-386\",\"CCR Viasul\",\"Obras\",\"passarelas\"],\"articleSection\":[\"Destaques\",\"Geral\"],\"inLanguage\":\"pt-BR\",\"potentialAction\":[{\"@type\":\"CommentAction\",\"name\":\"Comment\",\"target\":[\"https:\\\/\\\/folhapopular.info\\\/index.php\\\/2022\\\/01\\\/28\\\/ccr-viasul-inicia-obras-das-novas-passarelas-na-br-386\\\/#respond\"]}]},{\"@type\":\"WebPage\",\"@id\":\"https:\\\/\\\/folhapopular.info\\\/index.php\\\/2022\\\/01\\\/28\\\/ccr-viasul-inicia-obras-das-novas-passarelas-na-br-386\\\/\",\"url\":\"https:\\\/\\\/folhapopular.info\\\/index.php\\\/2022\\\/01\\\/28\\\/ccr-viasul-inicia-obras-das-novas-passarelas-na-br-386\\\/\",\"name\":\"CCR ViaSul inicia obras das novas passarelas na BR-386 - Folha Popular\",\"isPartOf\":{\"@id\":\"https:\\\/\\\/folhapopular.info\\\/#website\"},\"primaryImageOfPage\":{\"@id\":\"https:\\\/\\\/folhapopular.info\\\/index.php\\\/2022\\\/01\\\/28\\\/ccr-viasul-inicia-obras-das-novas-passarelas-na-br-386\\\/#primaryimage\"},\"image\":{\"@id\":\"https:\\\/\\\/folhapopular.info\\\/index.php\\\/2022\\\/01\\\/28\\\/ccr-viasul-inicia-obras-das-novas-passarelas-na-br-386\\\/#primaryimage\"},\"thumbnailUrl\":\"https:\\\/\\\/folhapopular.info\\\/wp-content\\\/uploads\\\/2019\\\/09\\\/Noticias-e1567961441371.jpg\",\"datePublished\":\"2022-01-28T13:44:42+00:00\",\"dateModified\":\"2022-01-28T13:44:46+00:00\",\"author\":{\"@id\":\"https:\\\/\\\/folhapopular.info\\\/#\\\/schema\\\/person\\\/2814e8a0df7643585a9ca38bc6eb9d4b\"},\"breadcrumb\":{\"@id\":\"https:\\\/\\\/folhapopular.info\\\/index.php\\\/2022\\\/01\\\/28\\\/ccr-viasul-inicia-obras-das-novas-passarelas-na-br-386\\\/#breadcrumb\"},\"inLanguage\":\"pt-BR\",\"potentialAction\":[{\"@type\":\"ReadAction\",\"target\":[\"https:\\\/\\\/folhapopular.info\\\/index.php\\\/2022\\\/01\\\/28\\\/ccr-viasul-inicia-obras-das-novas-passarelas-na-br-386\\\/\"]}]},{\"@type\":\"ImageObject\",\"inLanguage\":\"pt-BR\",\"@id\":\"https:\\\/\\\/folhapopular.info\\\/index.php\\\/2022\\\/01\\\/28\\\/ccr-viasul-inicia-obras-das-novas-passarelas-na-br-386\\\/#primaryimage\",\"url\":\"https:\\\/\\\/folhapopular.info\\\/wp-content\\\/uploads\\\/2019\\\/09\\\/Noticias-e1567961441371.jpg\",\"contentUrl\":\"https:\\\/\\\/folhapopular.info\\\/wp-content\\\/uploads\\\/2019\\\/09\\\/Noticias-e1567961441371.jpg\",\"width\":800,\"height\":563,\"caption\":\"Cr\u00e9dito da arte: J\u00falia Caroline Geib \\\/ Divulga\u00e7\u00e3o\"},{\"@type\":\"BreadcrumbList\",\"@id\":\"https:\\\/\\\/folhapopular.info\\\/index.php\\\/2022\\\/01\\\/28\\\/ccr-viasul-inicia-obras-das-novas-passarelas-na-br-386\\\/#breadcrumb\",\"itemListElement\":[{\"@type\":\"ListItem\",\"position\":1,\"name\":\"In\u00edcio\",\"item\":\"https:\\\/\\\/folhapopular.info\\\/\"},{\"@type\":\"ListItem\",\"position\":2,\"name\":\"CCR ViaSul inicia obras das novas passarelas na BR-386\"}]},{\"@type\":\"WebSite\",\"@id\":\"https:\\\/\\\/folhapopular.info\\\/#website\",\"url\":\"https:\\\/\\\/folhapopular.info\\\/\",\"name\":\"Folha Popular\",\"description\":\"Onde voc\u00ea tem vez e voz\",\"potentialAction\":[{\"@type\":\"SearchAction\",\"target\":{\"@type\":\"EntryPoint\",\"urlTemplate\":\"https:\\\/\\\/folhapopular.info\\\/?s={search_term_string}\"},\"query-input\":{\"@type\":\"PropertyValueSpecification\",\"valueRequired\":true,\"valueName\":\"search_term_string\"}}],\"inLanguage\":\"pt-BR\"},{\"@type\":\"Person\",\"@id\":\"https:\\\/\\\/folhapopular.info\\\/#\\\/schema\\\/person\\\/2814e8a0df7643585a9ca38bc6eb9d4b\",\"name\":\"Reda\u00e7\u00e3o Folha Popular\",\"image\":{\"@type\":\"ImageObject\",\"inLanguage\":\"pt-BR\",\"@id\":\"https:\\\/\\\/folhapopular.info\\\/wp-content\\\/uploads\\\/2026\\\/04\\\/Folha-1.webp\",\"url\":\"https:\\\/\\\/folhapopular.info\\\/wp-content\\\/uploads\\\/2026\\\/04\\\/Folha-1.webp\",\"contentUrl\":\"https:\\\/\\\/folhapopular.info\\\/wp-content\\\/uploads\\\/2026\\\/04\\\/Folha-1.webp\",\"caption\":\"Reda\u00e7\u00e3o Folha Popular\"},\"url\":\"https:\\\/\\\/folhapopular.info\\\/index.php\\\/author\\\/redacao\\\/\"}]}<\/script>\n<!-- \/ Yoast SEO plugin. -->","yoast_head_json":{"title":"CCR ViaSul inicia obras das novas passarelas na BR-386 - Folha Popular","robots":{"index":"index","follow":"follow","max-snippet":"max-snippet:-1","max-image-preview":"max-image-preview:large","max-video-preview":"max-video-preview:-1"},"canonical":"https:\/\/folhapopular.info\/index.php\/2022\/01\/28\/ccr-viasul-inicia-obras-das-novas-passarelas-na-br-386\/","og_locale":"pt_BR","og_type":"article","og_title":"CCR ViaSul inicia obras das novas passarelas na BR-386 - Folha Popular","og_description":"Na manh\u00e3 desta sexta-feira (28\/1), a CCR ViaSul realizou o i\u00e7amento da primeira nova passarela na rodovia, na altura do km 325,8, em Marques de Souza. Para isso, foi preciso bloquear totalmente o tr\u00e1fego nas duas pistas por, aproximadamente, 10 minutos, em duas oportunidades Al\u00e9m desta nova passarela no km 325, 8, ainda est\u00e3o previstas [&hellip;]","og_url":"https:\/\/folhapopular.info\/index.php\/2022\/01\/28\/ccr-viasul-inicia-obras-das-novas-passarelas-na-br-386\/","og_site_name":"Folha Popular","article_published_time":"2022-01-28T13:44:42+00:00","article_modified_time":"2022-01-28T13:44:46+00:00","og_image":[{"width":800,"height":563,"url":"http:\/\/folhapopular.info\/wp-content\/uploads\/2019\/09\/Noticias-e1567961441371.jpg","type":"image\/jpeg"}],"author":"Reda\u00e7\u00e3o Folha Popular","twitter_card":"summary_large_image","twitter_misc":{"Escrito por":"Reda\u00e7\u00e3o Folha Popular","Est. tempo de leitura":"2 minutos"},"schema":{"@context":"https:\/\/schema.org","@graph":[{"@type":"Article","@id":"https:\/\/folhapopular.info\/index.php\/2022\/01\/28\/ccr-viasul-inicia-obras-das-novas-passarelas-na-br-386\/#article","isPartOf":{"@id":"https:\/\/folhapopular.info\/index.php\/2022\/01\/28\/ccr-viasul-inicia-obras-das-novas-passarelas-na-br-386\/"},"author":{"name":"Reda\u00e7\u00e3o Folha Popular","@id":"https:\/\/folhapopular.info\/#\/schema\/person\/2814e8a0df7643585a9ca38bc6eb9d4b"},"headline":"CCR ViaSul inicia obras das novas passarelas na BR-386","datePublished":"2022-01-28T13:44:42+00:00","dateModified":"2022-01-28T13:44:46+00:00","mainEntityOfPage":{"@id":"https:\/\/folhapopular.info\/index.php\/2022\/01\/28\/ccr-viasul-inicia-obras-das-novas-passarelas-na-br-386\/"},"wordCount":316,"commentCount":0,"image":{"@id":"https:\/\/folhapopular.info\/index.php\/2022\/01\/28\/ccr-viasul-inicia-obras-das-novas-passarelas-na-br-386\/#primaryimage"},"thumbnailUrl":"https:\/\/folhapopular.info\/wp-content\/uploads\/2019\/09\/Noticias-e1567961441371.jpg","keywords":["BR-386","CCR Viasul","Obras","passarelas"],"articleSection":["Destaques","Geral"],"inLanguage":"pt-BR","potentialAction":[{"@type":"CommentAction","name":"Comment","target":["https:\/\/folhapopular.info\/index.php\/2022\/01\/28\/ccr-viasul-inicia-obras-das-novas-passarelas-na-br-386\/#respond"]}]},{"@type":"WebPage","@id":"https:\/\/folhapopular.info\/index.php\/2022\/01\/28\/ccr-viasul-inicia-obras-das-novas-passarelas-na-br-386\/","url":"https:\/\/folhapopular.info\/index.php\/2022\/01\/28\/ccr-viasul-inicia-obras-das-novas-passarelas-na-br-386\/","name":"CCR ViaSul inicia obras das novas passarelas na BR-386 - Folha Popular","isPartOf":{"@id":"https:\/\/folhapopular.info\/#website"},"primaryImageOfPage":{"@id":"https:\/\/folhapopular.info\/index.php\/2022\/01\/28\/ccr-viasul-inicia-obras-das-novas-passarelas-na-br-386\/#primaryimage"},"image":{"@id":"https:\/\/folhapopular.info\/index.php\/2022\/01\/28\/ccr-viasul-inicia-obras-das-novas-passarelas-na-br-386\/#primaryimage"},"thumbnailUrl":"https:\/\/folhapopular.info\/wp-content\/uploads\/2019\/09\/Noticias-e1567961441371.jpg","datePublished":"2022-01-28T13:44:42+00:00","dateModified":"2022-01-28T13:44:46+00:00","author":{"@id":"https:\/\/folhapopular.info\/#\/schema\/person\/2814e8a0df7643585a9ca38bc6eb9d4b"},"breadcrumb":{"@id":"https:\/\/folhapopular.info\/index.php\/2022\/01\/28\/ccr-viasul-inicia-obras-das-novas-passarelas-na-br-386\/#breadcrumb"},"inLanguage":"pt-BR","potentialAction":[{"@type":"ReadAction","target":["https:\/\/folhapopular.info\/index.php\/2022\/01\/28\/ccr-viasul-inicia-obras-das-novas-passarelas-na-br-386\/"]}]},{"@type":"ImageObject","inLanguage":"pt-BR","@id":"https:\/\/folhapopular.info\/index.php\/2022\/01\/28\/ccr-viasul-inicia-obras-das-novas-passarelas-na-br-386\/#primaryimage","url":"https:\/\/folhapopular.info\/wp-content\/uploads\/2019\/09\/Noticias-e1567961441371.jpg","contentUrl":"https:\/\/folhapopular.info\/wp-content\/uploads\/2019\/09\/Noticias-e1567961441371.jpg","width":800,"height":563,"caption":"Cr\u00e9dito da arte: J\u00falia Caroline Geib \/ Divulga\u00e7\u00e3o"},{"@type":"BreadcrumbList","@id":"https:\/\/folhapopular.info\/index.php\/2022\/01\/28\/ccr-viasul-inicia-obras-das-novas-passarelas-na-br-386\/#breadcrumb","itemListElement":[{"@type":"ListItem","position":1,"name":"In\u00edcio","item":"https:\/\/folhapopular.info\/"},{"@type":"ListItem","position":2,"name":"CCR ViaSul inicia obras das novas passarelas na BR-386"}]},{"@type":"WebSite","@id":"https:\/\/folhapopular.info\/#website","url":"https:\/\/folhapopular.info\/","name":"Folha Popular","description":"Onde voc\u00ea tem vez e voz","potentialAction":[{"@type":"SearchAction","target":{"@type":"EntryPoint","urlTemplate":"https:\/\/folhapopular.info\/?s={search_term_string}"},"query-input":{"@type":"PropertyValueSpecification","valueRequired":true,"valueName":"search_term_string"}}],"inLanguage":"pt-BR"},{"@type":"Person","@id":"https:\/\/folhapopular.info\/#\/schema\/person\/2814e8a0df7643585a9ca38bc6eb9d4b","name":"Reda\u00e7\u00e3o Folha Popular","image":{"@type":"ImageObject","inLanguage":"pt-BR","@id":"https:\/\/folhapopular.info\/wp-content\/uploads\/2026\/04\/Folha-1.webp","url":"https:\/\/folhapopular.info\/wp-content\/uploads\/2026\/04\/Folha-1.webp","contentUrl":"https:\/\/folhapopular.info\/wp-content\/uploads\/2026\/04\/Folha-1.webp","caption":"Reda\u00e7\u00e3o Folha Popular"},"url":"https:\/\/folhapopular.info\/index.php\/author\/redacao\/"}]}},"jetpack_featured_media_url":"https:\/\/folhapopular.info\/wp-content\/uploads\/2019\/09\/Noticias-e1567961441371.jpg","jetpack_sharing_enabled":true,"amp_enabled":true,"_links":{"self":[{"href":"https:\/\/folhapopular.info\/index.php\/wp-json\/wp\/v2\/posts\/97503","targetHints":{"allow":["GET"]}}],"collection":[{"href":"https:\/\/folhapopular.info\/index.php\/wp-json\/wp\/v2\/posts"}],"about":[{"href":"https:\/\/folhapopular.info\/index.php\/wp-json\/wp\/v2\/types\/post"}],"author":[{"embeddable":true,"href":"https:\/\/folhapopular.info\/index.php\/wp-json\/wp\/v2\/users\/8"}],"replies":[{"embeddable":true,"href":"https:\/\/folhapopular.info\/index.php\/wp-json\/wp\/v2\/comments?post=97503"}],"version-history":[{"count":0,"href":"https:\/\/folhapopular.info\/index.php\/wp-json\/wp\/v2\/posts\/97503\/revisions"}],"wp:featuredmedia":[{"embeddable":true,"href":"https:\/\/folhapopular.info\/index.php\/wp-json\/wp\/v2\/media\/58538"}],"wp:attachment":[{"href":"https:\/\/folhapopular.info\/index.php\/wp-json\/wp\/v2\/media?parent=97503"}],"wp:term":[{"taxonomy":"category","embeddable":true,"href":"https:\/\/folhapopular.info\/index.php\/wp-json\/wp\/v2\/categories?post=97503"},{"taxonomy":"post_tag","embeddable":true,"href":"https:\/\/folhapopular.info\/index.php\/wp-json\/wp\/v2\/tags?post=97503"}],"curies":[{"name":"wp","href":"https:\/\/api.w.org\/{rel}","templated":true}]}}