{"id":97637,"date":"2022-01-31T09:19:02","date_gmt":"2022-01-31T12:19:02","guid":{"rendered":"https:\/\/folhapopular.info\/?p=97637"},"modified":"2022-01-31T10:56:04","modified_gmt":"2022-01-31T13:56:04","slug":"doacao-de-alimento-vira-desconto-em-parte-tematico-de-canela","status":"publish","type":"post","link":"https:\/\/folhapopular.info\/index.php\/2022\/01\/31\/doacao-de-alimento-vira-desconto-em-parte-tematico-de-canela\/","title":{"rendered":"Doa\u00e7\u00e3o de alimento no CRAS de Po\u00e7o das Antas vira desconto em parque tem\u00e1tico de Canela"},"content":{"rendered":"\n<p>Sin\u00f4nimo de aventura, magia e divers\u00e3o, a Terra M\u00e1gica Florybal \u00e9 um dos parques mais desejados de quem sobe a Serra Ga\u00facha. Localizada em Canela, a atra\u00e7\u00e3o conta com 42 experi\u00eancias em um mundo habitado por magos, duendes, fadas, gnomos e at\u00e9 dinossauros. As paisagens naturais se integram com os cen\u00e1rios tem\u00e1ticos, brinquedos interativos e apresenta\u00e7\u00f5es art\u00edsticas para todas as idades.<\/p>\n\n\n\n<p>Ap\u00f3s completar 10 anos em dezembro, o parque renovou a sua marca, os brinquedos e refor\u00e7ou o seu compromisso com a solidariedade atrav\u00e9s da campanha Ingresso Solid\u00e1rio, que auxilia dezenas de entidades todos os anos: durante a pandemia foram arrecadadas mais de 70 toneladas em todo o Estado.<\/p>\n\n\n\n<p>Moradores de Po\u00e7o das Antas e da regi\u00e3o que desejam participar da iniciativa podem fazer uma doa\u00e7\u00e3o de 2kg de alimento no Centro de Refer\u00eancia de Assist\u00eancia Social (CRAS) Ign\u00e1cio Affonso Schneider, que \u00e9 uma das 36 entidades participantes. Com isso, a pessoa estar\u00e1 habilitada a receber um cupom para realizar uma visita ao Parque Terra M\u00e1gica Florybal at\u00e9 o dia 8 de abril. Atrav\u00e9s da doa\u00e7\u00e3o, o incentivo \u00e9 um desconto de R$ 100,00 no valor do ingresso, passando a ser somente R$ 20,00 por pessoa. As despesas com transporte n\u00e3o est\u00e3o inclusas nesse valor. Em Po\u00e7o das Antas, as doa\u00e7\u00f5es de alimentos ser\u00e3o repassadas \u00e0s fam\u00edlias carentes do Munic\u00edpio.<\/p>\n\n\n\n<p>No dia da visita, inclusive, \u00e9 obrigat\u00f3ria apresenta\u00e7\u00e3o do RG e comprovante de resid\u00eancia junto com o cupom da doa\u00e7\u00e3o. Confira o regulamento completo no site&nbsp;<a href=\"https:\/\/bit.ly\/solidario2022\" target=\"_blank\" rel=\"noreferrer noopener\">bit.ly\/solidario2022<\/a>.<\/p>\n\n\n\n<p><strong>Sobre o parque<\/strong><\/p>\n\n\n\n<p>A Terra M\u00e1gica Florybal \u00e9 um parque tem\u00e1tico localizado em Canela (RS) com mais de 69 mil metros quadrados e 2,5 km de trilha em meio \u00e0 mata nativa. S\u00e3o 42 atra\u00e7\u00f5es em diversos cen\u00e1rios, como o Territ\u00f3rio dos Dinossauros, Espa\u00e7o da F\u00e9, Casa do Mago e o Jardim da Fada. No caminho, o visitante pode aproveitar dezenas de brinquedos para todas as idades e tamanhos, al\u00e9m de apresenta\u00e7\u00f5es art\u00edsticas.<\/p>\n","protected":false},"excerpt":{"rendered":"<p>Sin\u00f4nimo de aventura, magia e divers\u00e3o, a Terra M\u00e1gica Florybal \u00e9 um dos parques mais desejados de quem sobe a Serra Ga\u00facha. Localizada em Canela, a atra\u00e7\u00e3o conta com 42 experi\u00eancias em um mundo habitado por magos, duendes, fadas, gnomos e at\u00e9 dinossauros. As paisagens naturais se integram com os cen\u00e1rios tem\u00e1ticos, brinquedos interativos e [&hellip;]<\/p>\n","protected":false},"author":8,"featured_media":97638,"comment_status":"open","ping_status":"open","sticky":false,"template":"","format":"standard","meta":{"pmpro_default_level":"","_jetpack_memberships_contains_paid_content":false,"footnotes":""},"categories":[2,6],"tags":[8080,8079,40],"class_list":{"0":"post-97637","1":"post","2":"type-post","3":"status-publish","4":"format-standard","5":"has-post-thumbnail","7":"category-featured","8":"category-inclusive","9":"tag-canela","10":"tag-parque-tematico","11":"tag-poco-das-antas","12":"pmpro-has-access"},"yoast_head":"<!-- This site is optimized with the Yoast SEO plugin v27.5 - https:\/\/yoast.com\/product\/yoast-seo-wordpress\/ -->\n<title>Doa\u00e7\u00e3o de alimento no CRAS de Po\u00e7o das Antas vira desconto em parque tem\u00e1tico de Canela - Folha Popular<\/title>\n<meta name=\"robots\" content=\"index, follow, max-snippet:-1, max-image-preview:large, max-video-preview:-1\" \/>\n<link rel=\"canonical\" href=\"https:\/\/folhapopular.info\/index.php\/2022\/01\/31\/doacao-de-alimento-vira-desconto-em-parte-tematico-de-canela\/\" \/>\n<meta property=\"og:locale\" content=\"pt_BR\" \/>\n<meta property=\"og:type\" content=\"article\" \/>\n<meta property=\"og:title\" content=\"Doa\u00e7\u00e3o de alimento no CRAS de Po\u00e7o das Antas vira desconto em parque tem\u00e1tico de Canela - Folha Popular\" \/>\n<meta property=\"og:description\" content=\"Sin\u00f4nimo de aventura, magia e divers\u00e3o, a Terra M\u00e1gica Florybal \u00e9 um dos parques mais desejados de quem sobe a Serra Ga\u00facha. Localizada em Canela, a atra\u00e7\u00e3o conta com 42 experi\u00eancias em um mundo habitado por magos, duendes, fadas, gnomos e at\u00e9 dinossauros. As paisagens naturais se integram com os cen\u00e1rios tem\u00e1ticos, brinquedos interativos e [&hellip;]\" \/>\n<meta property=\"og:url\" content=\"https:\/\/folhapopular.info\/index.php\/2022\/01\/31\/doacao-de-alimento-vira-desconto-em-parte-tematico-de-canela\/\" \/>\n<meta property=\"og:site_name\" content=\"Folha Popular\" \/>\n<meta property=\"article:published_time\" content=\"2022-01-31T12:19:02+00:00\" \/>\n<meta property=\"article:modified_time\" content=\"2022-01-31T13:56:04+00:00\" \/>\n<meta property=\"og:image\" content=\"http:\/\/folhapopular.info\/wp-content\/uploads\/2022\/01\/1-Doacao-de-alimento-vira-desconto-em-parte-tematico-de-Canela-e1643631526627.jpg\" \/>\n\t<meta property=\"og:image:width\" content=\"800\" \/>\n\t<meta property=\"og:image:height\" content=\"533\" \/>\n\t<meta property=\"og:image:type\" content=\"image\/jpeg\" \/>\n<meta name=\"author\" content=\"Reda\u00e7\u00e3o Folha Popular\" \/>\n<meta name=\"twitter:card\" content=\"summary_large_image\" \/>\n<meta name=\"twitter:label1\" content=\"Escrito por\" \/>\n\t<meta name=\"twitter:data1\" content=\"Reda\u00e7\u00e3o Folha Popular\" \/>\n\t<meta name=\"twitter:label2\" content=\"Est. tempo de leitura\" \/>\n\t<meta name=\"twitter:data2\" content=\"2 minutos\" \/>\n<script type=\"application\/ld+json\" class=\"yoast-schema-graph\">{\"@context\":\"https:\\\/\\\/schema.org\",\"@graph\":[{\"@type\":\"Article\",\"@id\":\"https:\\\/\\\/folhapopular.info\\\/index.php\\\/2022\\\/01\\\/31\\\/doacao-de-alimento-vira-desconto-em-parte-tematico-de-canela\\\/#article\",\"isPartOf\":{\"@id\":\"https:\\\/\\\/folhapopular.info\\\/index.php\\\/2022\\\/01\\\/31\\\/doacao-de-alimento-vira-desconto-em-parte-tematico-de-canela\\\/\"},\"author\":{\"name\":\"Reda\u00e7\u00e3o Folha Popular\",\"@id\":\"https:\\\/\\\/folhapopular.info\\\/#\\\/schema\\\/person\\\/2814e8a0df7643585a9ca38bc6eb9d4b\"},\"headline\":\"Doa\u00e7\u00e3o de alimento no CRAS de Po\u00e7o das Antas vira desconto em parque tem\u00e1tico de Canela\",\"datePublished\":\"2022-01-31T12:19:02+00:00\",\"dateModified\":\"2022-01-31T13:56:04+00:00\",\"mainEntityOfPage\":{\"@id\":\"https:\\\/\\\/folhapopular.info\\\/index.php\\\/2022\\\/01\\\/31\\\/doacao-de-alimento-vira-desconto-em-parte-tematico-de-canela\\\/\"},\"wordCount\":370,\"commentCount\":0,\"image\":{\"@id\":\"https:\\\/\\\/folhapopular.info\\\/index.php\\\/2022\\\/01\\\/31\\\/doacao-de-alimento-vira-desconto-em-parte-tematico-de-canela\\\/#primaryimage\"},\"thumbnailUrl\":\"https:\\\/\\\/folhapopular.info\\\/wp-content\\\/uploads\\\/2022\\\/01\\\/1-Doacao-de-alimento-vira-desconto-em-parte-tematico-de-Canela-e1643631526627.jpg\",\"keywords\":[\"Canela\",\"Parque tem\u00e1tico\",\"Po\u00e7o das Antas\"],\"articleSection\":[\"Destaques\",\"Inclusive\"],\"inLanguage\":\"pt-BR\",\"potentialAction\":[{\"@type\":\"CommentAction\",\"name\":\"Comment\",\"target\":[\"https:\\\/\\\/folhapopular.info\\\/index.php\\\/2022\\\/01\\\/31\\\/doacao-de-alimento-vira-desconto-em-parte-tematico-de-canela\\\/#respond\"]}]},{\"@type\":\"WebPage\",\"@id\":\"https:\\\/\\\/folhapopular.info\\\/index.php\\\/2022\\\/01\\\/31\\\/doacao-de-alimento-vira-desconto-em-parte-tematico-de-canela\\\/\",\"url\":\"https:\\\/\\\/folhapopular.info\\\/index.php\\\/2022\\\/01\\\/31\\\/doacao-de-alimento-vira-desconto-em-parte-tematico-de-canela\\\/\",\"name\":\"Doa\u00e7\u00e3o de alimento no CRAS de Po\u00e7o das Antas vira desconto em parque tem\u00e1tico de Canela - Folha Popular\",\"isPartOf\":{\"@id\":\"https:\\\/\\\/folhapopular.info\\\/#website\"},\"primaryImageOfPage\":{\"@id\":\"https:\\\/\\\/folhapopular.info\\\/index.php\\\/2022\\\/01\\\/31\\\/doacao-de-alimento-vira-desconto-em-parte-tematico-de-canela\\\/#primaryimage\"},\"image\":{\"@id\":\"https:\\\/\\\/folhapopular.info\\\/index.php\\\/2022\\\/01\\\/31\\\/doacao-de-alimento-vira-desconto-em-parte-tematico-de-canela\\\/#primaryimage\"},\"thumbnailUrl\":\"https:\\\/\\\/folhapopular.info\\\/wp-content\\\/uploads\\\/2022\\\/01\\\/1-Doacao-de-alimento-vira-desconto-em-parte-tematico-de-Canela-e1643631526627.jpg\",\"datePublished\":\"2022-01-31T12:19:02+00:00\",\"dateModified\":\"2022-01-31T13:56:04+00:00\",\"author\":{\"@id\":\"https:\\\/\\\/folhapopular.info\\\/#\\\/schema\\\/person\\\/2814e8a0df7643585a9ca38bc6eb9d4b\"},\"breadcrumb\":{\"@id\":\"https:\\\/\\\/folhapopular.info\\\/index.php\\\/2022\\\/01\\\/31\\\/doacao-de-alimento-vira-desconto-em-parte-tematico-de-canela\\\/#breadcrumb\"},\"inLanguage\":\"pt-BR\",\"potentialAction\":[{\"@type\":\"ReadAction\",\"target\":[\"https:\\\/\\\/folhapopular.info\\\/index.php\\\/2022\\\/01\\\/31\\\/doacao-de-alimento-vira-desconto-em-parte-tematico-de-canela\\\/\"]}]},{\"@type\":\"ImageObject\",\"inLanguage\":\"pt-BR\",\"@id\":\"https:\\\/\\\/folhapopular.info\\\/index.php\\\/2022\\\/01\\\/31\\\/doacao-de-alimento-vira-desconto-em-parte-tematico-de-canela\\\/#primaryimage\",\"url\":\"https:\\\/\\\/folhapopular.info\\\/wp-content\\\/uploads\\\/2022\\\/01\\\/1-Doacao-de-alimento-vira-desconto-em-parte-tematico-de-Canela-e1643631526627.jpg\",\"contentUrl\":\"https:\\\/\\\/folhapopular.info\\\/wp-content\\\/uploads\\\/2022\\\/01\\\/1-Doacao-de-alimento-vira-desconto-em-parte-tematico-de-Canela-e1643631526627.jpg\",\"width\":800,\"height\":533,\"caption\":\"Parque se localiza em Canela e \u00e9 uma atra\u00e7\u00e3o para todas as idades \\\/ Cr\u00e9dito da foto: Terra M\u00e1gica Florybal \\\/ Divulga\u00e7\u00e3o\"},{\"@type\":\"BreadcrumbList\",\"@id\":\"https:\\\/\\\/folhapopular.info\\\/index.php\\\/2022\\\/01\\\/31\\\/doacao-de-alimento-vira-desconto-em-parte-tematico-de-canela\\\/#breadcrumb\",\"itemListElement\":[{\"@type\":\"ListItem\",\"position\":1,\"name\":\"In\u00edcio\",\"item\":\"https:\\\/\\\/folhapopular.info\\\/\"},{\"@type\":\"ListItem\",\"position\":2,\"name\":\"Doa\u00e7\u00e3o de alimento no CRAS de Po\u00e7o das Antas vira desconto em parque tem\u00e1tico de Canela\"}]},{\"@type\":\"WebSite\",\"@id\":\"https:\\\/\\\/folhapopular.info\\\/#website\",\"url\":\"https:\\\/\\\/folhapopular.info\\\/\",\"name\":\"Folha Popular\",\"description\":\"Onde voc\u00ea tem vez e voz\",\"potentialAction\":[{\"@type\":\"SearchAction\",\"target\":{\"@type\":\"EntryPoint\",\"urlTemplate\":\"https:\\\/\\\/folhapopular.info\\\/?s={search_term_string}\"},\"query-input\":{\"@type\":\"PropertyValueSpecification\",\"valueRequired\":true,\"valueName\":\"search_term_string\"}}],\"inLanguage\":\"pt-BR\"},{\"@type\":\"Person\",\"@id\":\"https:\\\/\\\/folhapopular.info\\\/#\\\/schema\\\/person\\\/2814e8a0df7643585a9ca38bc6eb9d4b\",\"name\":\"Reda\u00e7\u00e3o Folha Popular\",\"image\":{\"@type\":\"ImageObject\",\"inLanguage\":\"pt-BR\",\"@id\":\"https:\\\/\\\/folhapopular.info\\\/wp-content\\\/uploads\\\/2026\\\/04\\\/Folha-1.webp\",\"url\":\"https:\\\/\\\/folhapopular.info\\\/wp-content\\\/uploads\\\/2026\\\/04\\\/Folha-1.webp\",\"contentUrl\":\"https:\\\/\\\/folhapopular.info\\\/wp-content\\\/uploads\\\/2026\\\/04\\\/Folha-1.webp\",\"caption\":\"Reda\u00e7\u00e3o Folha Popular\"},\"url\":\"https:\\\/\\\/folhapopular.info\\\/index.php\\\/author\\\/redacao\\\/\"}]}<\/script>\n<!-- \/ Yoast SEO plugin. -->","yoast_head_json":{"title":"Doa\u00e7\u00e3o de alimento no CRAS de Po\u00e7o das Antas vira desconto em parque tem\u00e1tico de Canela - Folha Popular","robots":{"index":"index","follow":"follow","max-snippet":"max-snippet:-1","max-image-preview":"max-image-preview:large","max-video-preview":"max-video-preview:-1"},"canonical":"https:\/\/folhapopular.info\/index.php\/2022\/01\/31\/doacao-de-alimento-vira-desconto-em-parte-tematico-de-canela\/","og_locale":"pt_BR","og_type":"article","og_title":"Doa\u00e7\u00e3o de alimento no CRAS de Po\u00e7o das Antas vira desconto em parque tem\u00e1tico de Canela - Folha Popular","og_description":"Sin\u00f4nimo de aventura, magia e divers\u00e3o, a Terra M\u00e1gica Florybal \u00e9 um dos parques mais desejados de quem sobe a Serra Ga\u00facha. Localizada em Canela, a atra\u00e7\u00e3o conta com 42 experi\u00eancias em um mundo habitado por magos, duendes, fadas, gnomos e at\u00e9 dinossauros. As paisagens naturais se integram com os cen\u00e1rios tem\u00e1ticos, brinquedos interativos e [&hellip;]","og_url":"https:\/\/folhapopular.info\/index.php\/2022\/01\/31\/doacao-de-alimento-vira-desconto-em-parte-tematico-de-canela\/","og_site_name":"Folha Popular","article_published_time":"2022-01-31T12:19:02+00:00","article_modified_time":"2022-01-31T13:56:04+00:00","og_image":[{"width":800,"height":533,"url":"http:\/\/folhapopular.info\/wp-content\/uploads\/2022\/01\/1-Doacao-de-alimento-vira-desconto-em-parte-tematico-de-Canela-e1643631526627.jpg","type":"image\/jpeg"}],"author":"Reda\u00e7\u00e3o Folha Popular","twitter_card":"summary_large_image","twitter_misc":{"Escrito por":"Reda\u00e7\u00e3o Folha Popular","Est. tempo de leitura":"2 minutos"},"schema":{"@context":"https:\/\/schema.org","@graph":[{"@type":"Article","@id":"https:\/\/folhapopular.info\/index.php\/2022\/01\/31\/doacao-de-alimento-vira-desconto-em-parte-tematico-de-canela\/#article","isPartOf":{"@id":"https:\/\/folhapopular.info\/index.php\/2022\/01\/31\/doacao-de-alimento-vira-desconto-em-parte-tematico-de-canela\/"},"author":{"name":"Reda\u00e7\u00e3o Folha Popular","@id":"https:\/\/folhapopular.info\/#\/schema\/person\/2814e8a0df7643585a9ca38bc6eb9d4b"},"headline":"Doa\u00e7\u00e3o de alimento no CRAS de Po\u00e7o das Antas vira desconto em parque tem\u00e1tico de Canela","datePublished":"2022-01-31T12:19:02+00:00","dateModified":"2022-01-31T13:56:04+00:00","mainEntityOfPage":{"@id":"https:\/\/folhapopular.info\/index.php\/2022\/01\/31\/doacao-de-alimento-vira-desconto-em-parte-tematico-de-canela\/"},"wordCount":370,"commentCount":0,"image":{"@id":"https:\/\/folhapopular.info\/index.php\/2022\/01\/31\/doacao-de-alimento-vira-desconto-em-parte-tematico-de-canela\/#primaryimage"},"thumbnailUrl":"https:\/\/folhapopular.info\/wp-content\/uploads\/2022\/01\/1-Doacao-de-alimento-vira-desconto-em-parte-tematico-de-Canela-e1643631526627.jpg","keywords":["Canela","Parque tem\u00e1tico","Po\u00e7o das Antas"],"articleSection":["Destaques","Inclusive"],"inLanguage":"pt-BR","potentialAction":[{"@type":"CommentAction","name":"Comment","target":["https:\/\/folhapopular.info\/index.php\/2022\/01\/31\/doacao-de-alimento-vira-desconto-em-parte-tematico-de-canela\/#respond"]}]},{"@type":"WebPage","@id":"https:\/\/folhapopular.info\/index.php\/2022\/01\/31\/doacao-de-alimento-vira-desconto-em-parte-tematico-de-canela\/","url":"https:\/\/folhapopular.info\/index.php\/2022\/01\/31\/doacao-de-alimento-vira-desconto-em-parte-tematico-de-canela\/","name":"Doa\u00e7\u00e3o de alimento no CRAS de Po\u00e7o das Antas vira desconto em parque tem\u00e1tico de Canela - Folha Popular","isPartOf":{"@id":"https:\/\/folhapopular.info\/#website"},"primaryImageOfPage":{"@id":"https:\/\/folhapopular.info\/index.php\/2022\/01\/31\/doacao-de-alimento-vira-desconto-em-parte-tematico-de-canela\/#primaryimage"},"image":{"@id":"https:\/\/folhapopular.info\/index.php\/2022\/01\/31\/doacao-de-alimento-vira-desconto-em-parte-tematico-de-canela\/#primaryimage"},"thumbnailUrl":"https:\/\/folhapopular.info\/wp-content\/uploads\/2022\/01\/1-Doacao-de-alimento-vira-desconto-em-parte-tematico-de-Canela-e1643631526627.jpg","datePublished":"2022-01-31T12:19:02+00:00","dateModified":"2022-01-31T13:56:04+00:00","author":{"@id":"https:\/\/folhapopular.info\/#\/schema\/person\/2814e8a0df7643585a9ca38bc6eb9d4b"},"breadcrumb":{"@id":"https:\/\/folhapopular.info\/index.php\/2022\/01\/31\/doacao-de-alimento-vira-desconto-em-parte-tematico-de-canela\/#breadcrumb"},"inLanguage":"pt-BR","potentialAction":[{"@type":"ReadAction","target":["https:\/\/folhapopular.info\/index.php\/2022\/01\/31\/doacao-de-alimento-vira-desconto-em-parte-tematico-de-canela\/"]}]},{"@type":"ImageObject","inLanguage":"pt-BR","@id":"https:\/\/folhapopular.info\/index.php\/2022\/01\/31\/doacao-de-alimento-vira-desconto-em-parte-tematico-de-canela\/#primaryimage","url":"https:\/\/folhapopular.info\/wp-content\/uploads\/2022\/01\/1-Doacao-de-alimento-vira-desconto-em-parte-tematico-de-Canela-e1643631526627.jpg","contentUrl":"https:\/\/folhapopular.info\/wp-content\/uploads\/2022\/01\/1-Doacao-de-alimento-vira-desconto-em-parte-tematico-de-Canela-e1643631526627.jpg","width":800,"height":533,"caption":"Parque se localiza em Canela e \u00e9 uma atra\u00e7\u00e3o para todas as idades \/ Cr\u00e9dito da foto: Terra M\u00e1gica Florybal \/ Divulga\u00e7\u00e3o"},{"@type":"BreadcrumbList","@id":"https:\/\/folhapopular.info\/index.php\/2022\/01\/31\/doacao-de-alimento-vira-desconto-em-parte-tematico-de-canela\/#breadcrumb","itemListElement":[{"@type":"ListItem","position":1,"name":"In\u00edcio","item":"https:\/\/folhapopular.info\/"},{"@type":"ListItem","position":2,"name":"Doa\u00e7\u00e3o de alimento no CRAS de Po\u00e7o das Antas vira desconto em parque tem\u00e1tico de Canela"}]},{"@type":"WebSite","@id":"https:\/\/folhapopular.info\/#website","url":"https:\/\/folhapopular.info\/","name":"Folha Popular","description":"Onde voc\u00ea tem vez e voz","potentialAction":[{"@type":"SearchAction","target":{"@type":"EntryPoint","urlTemplate":"https:\/\/folhapopular.info\/?s={search_term_string}"},"query-input":{"@type":"PropertyValueSpecification","valueRequired":true,"valueName":"search_term_string"}}],"inLanguage":"pt-BR"},{"@type":"Person","@id":"https:\/\/folhapopular.info\/#\/schema\/person\/2814e8a0df7643585a9ca38bc6eb9d4b","name":"Reda\u00e7\u00e3o Folha Popular","image":{"@type":"ImageObject","inLanguage":"pt-BR","@id":"https:\/\/folhapopular.info\/wp-content\/uploads\/2026\/04\/Folha-1.webp","url":"https:\/\/folhapopular.info\/wp-content\/uploads\/2026\/04\/Folha-1.webp","contentUrl":"https:\/\/folhapopular.info\/wp-content\/uploads\/2026\/04\/Folha-1.webp","caption":"Reda\u00e7\u00e3o Folha Popular"},"url":"https:\/\/folhapopular.info\/index.php\/author\/redacao\/"}]}},"jetpack_featured_media_url":"https:\/\/folhapopular.info\/wp-content\/uploads\/2022\/01\/1-Doacao-de-alimento-vira-desconto-em-parte-tematico-de-Canela-e1643631526627.jpg","jetpack_sharing_enabled":true,"amp_enabled":true,"_links":{"self":[{"href":"https:\/\/folhapopular.info\/index.php\/wp-json\/wp\/v2\/posts\/97637","targetHints":{"allow":["GET"]}}],"collection":[{"href":"https:\/\/folhapopular.info\/index.php\/wp-json\/wp\/v2\/posts"}],"about":[{"href":"https:\/\/folhapopular.info\/index.php\/wp-json\/wp\/v2\/types\/post"}],"author":[{"embeddable":true,"href":"https:\/\/folhapopular.info\/index.php\/wp-json\/wp\/v2\/users\/8"}],"replies":[{"embeddable":true,"href":"https:\/\/folhapopular.info\/index.php\/wp-json\/wp\/v2\/comments?post=97637"}],"version-history":[{"count":0,"href":"https:\/\/folhapopular.info\/index.php\/wp-json\/wp\/v2\/posts\/97637\/revisions"}],"wp:featuredmedia":[{"embeddable":true,"href":"https:\/\/folhapopular.info\/index.php\/wp-json\/wp\/v2\/media\/97638"}],"wp:attachment":[{"href":"https:\/\/folhapopular.info\/index.php\/wp-json\/wp\/v2\/media?parent=97637"}],"wp:term":[{"taxonomy":"category","embeddable":true,"href":"https:\/\/folhapopular.info\/index.php\/wp-json\/wp\/v2\/categories?post=97637"},{"taxonomy":"post_tag","embeddable":true,"href":"https:\/\/folhapopular.info\/index.php\/wp-json\/wp\/v2\/tags?post=97637"}],"curies":[{"name":"wp","href":"https:\/\/api.w.org\/{rel}","templated":true}]}}