{"id":97876,"date":"2022-02-03T16:30:00","date_gmt":"2022-02-03T19:30:00","guid":{"rendered":"https:\/\/folhapopular.info\/?p=97876"},"modified":"2022-02-03T14:04:04","modified_gmt":"2022-02-03T17:04:04","slug":"passarela-de-acesso-ao-bairro-esperanca-foi-reformada-em-imigrante","status":"publish","type":"post","link":"https:\/\/folhapopular.info\/index.php\/2022\/02\/03\/passarela-de-acesso-ao-bairro-esperanca-foi-reformada-em-imigrante\/","title":{"rendered":"Passarela de acesso ao Bairro Esperan\u00e7a foi reformada, em Imigrante"},"content":{"rendered":"\n<p>A reforma da Pinguela de acesso ao Bairro Esperan\u00e7a j\u00e1 est\u00e1 pronta, e agora oferece mais seguran\u00e7a aos pedestres que a usam diariamente para acessar ao centro, estudar e trabalhar.<\/p>\n\n\n\n<p>A rampa de acesso que era de madeira foi substitu\u00edda por concreto. Al\u00e9m disso, para evitar que os pedestres pisem no barro em dias de chuva, foi feito foi feita uma cal\u00e7a de concreto at\u00e9 a frente da empresa cal\u00e7adista.<\/p>\n\n\n\n<p>A estrutura met\u00e1lica tamb\u00e9m estava com avarias, e foram substitu\u00eddas as chapas piso e os pain\u00e9is guarda-corpo. Ao final a estrutura foi lava e pintada com as cores do munic\u00edpio (branco, vermelho e amarelo).<\/p>\n","protected":false},"excerpt":{"rendered":"<p>A reforma da Pinguela de acesso ao Bairro Esperan\u00e7a j\u00e1 est\u00e1 pronta, e agora oferece mais seguran\u00e7a aos pedestres que a usam diariamente para acessar ao centro, estudar e trabalhar. A rampa de acesso que era de madeira foi substitu\u00edda por concreto. Al\u00e9m disso, para evitar que os pedestres pisem no barro em dias de [&hellip;]<\/p>\n","protected":false},"author":8,"featured_media":97877,"comment_status":"open","ping_status":"open","sticky":false,"template":"","format":"standard","meta":{"pmpro_default_level":"","_jetpack_memberships_contains_paid_content":false,"footnotes":""},"categories":[2,3],"tags":[34,5613,180],"class_list":{"0":"post-97876","1":"post","2":"type-post","3":"status-publish","4":"format-standard","5":"has-post-thumbnail","7":"category-featured","8":"category-geral","9":"tag-imigrante","10":"tag-investimento","11":"tag-seguranca","12":"pmpro-has-access"},"yoast_head":"<!-- This site is optimized with the Yoast SEO plugin v27.5 - https:\/\/yoast.com\/product\/yoast-seo-wordpress\/ -->\n<title>Passarela de acesso ao Bairro Esperan\u00e7a foi reformada, em Imigrante - Folha Popular<\/title>\n<meta name=\"robots\" content=\"index, follow, max-snippet:-1, max-image-preview:large, max-video-preview:-1\" \/>\n<link rel=\"canonical\" href=\"https:\/\/folhapopular.info\/index.php\/2022\/02\/03\/passarela-de-acesso-ao-bairro-esperanca-foi-reformada-em-imigrante\/\" \/>\n<meta property=\"og:locale\" content=\"pt_BR\" \/>\n<meta property=\"og:type\" content=\"article\" \/>\n<meta property=\"og:title\" content=\"Passarela de acesso ao Bairro Esperan\u00e7a foi reformada, em Imigrante - Folha Popular\" \/>\n<meta property=\"og:description\" content=\"A reforma da Pinguela de acesso ao Bairro Esperan\u00e7a j\u00e1 est\u00e1 pronta, e agora oferece mais seguran\u00e7a aos pedestres que a usam diariamente para acessar ao centro, estudar e trabalhar. A rampa de acesso que era de madeira foi substitu\u00edda por concreto. Al\u00e9m disso, para evitar que os pedestres pisem no barro em dias de [&hellip;]\" \/>\n<meta property=\"og:url\" content=\"https:\/\/folhapopular.info\/index.php\/2022\/02\/03\/passarela-de-acesso-ao-bairro-esperanca-foi-reformada-em-imigrante\/\" \/>\n<meta property=\"og:site_name\" content=\"Folha Popular\" \/>\n<meta property=\"article:published_time\" content=\"2022-02-03T19:30:00+00:00\" \/>\n<meta property=\"og:image\" content=\"https:\/\/folhapopular.info\/wp-content\/uploads\/2022\/02\/CTS_9692-scaled-e1643907585439.jpg\" \/>\n\t<meta property=\"og:image:width\" content=\"800\" \/>\n\t<meta property=\"og:image:height\" content=\"534\" \/>\n\t<meta property=\"og:image:type\" content=\"image\/jpeg\" \/>\n<meta name=\"author\" content=\"Reda\u00e7\u00e3o Folha Popular\" \/>\n<meta name=\"twitter:card\" content=\"summary_large_image\" \/>\n<meta name=\"twitter:label1\" content=\"Escrito por\" \/>\n\t<meta name=\"twitter:data1\" content=\"Reda\u00e7\u00e3o Folha Popular\" \/>\n\t<meta name=\"twitter:label2\" content=\"Est. tempo de leitura\" \/>\n\t<meta name=\"twitter:data2\" content=\"1 minuto\" \/>\n<script type=\"application\/ld+json\" class=\"yoast-schema-graph\">{\"@context\":\"https:\\\/\\\/schema.org\",\"@graph\":[{\"@type\":\"Article\",\"@id\":\"https:\\\/\\\/folhapopular.info\\\/index.php\\\/2022\\\/02\\\/03\\\/passarela-de-acesso-ao-bairro-esperanca-foi-reformada-em-imigrante\\\/#article\",\"isPartOf\":{\"@id\":\"https:\\\/\\\/folhapopular.info\\\/index.php\\\/2022\\\/02\\\/03\\\/passarela-de-acesso-ao-bairro-esperanca-foi-reformada-em-imigrante\\\/\"},\"author\":{\"name\":\"Reda\u00e7\u00e3o Folha Popular\",\"@id\":\"https:\\\/\\\/folhapopular.info\\\/#\\\/schema\\\/person\\\/2814e8a0df7643585a9ca38bc6eb9d4b\"},\"headline\":\"Passarela de acesso ao Bairro Esperan\u00e7a foi reformada, em Imigrante\",\"datePublished\":\"2022-02-03T19:30:00+00:00\",\"mainEntityOfPage\":{\"@id\":\"https:\\\/\\\/folhapopular.info\\\/index.php\\\/2022\\\/02\\\/03\\\/passarela-de-acesso-ao-bairro-esperanca-foi-reformada-em-imigrante\\\/\"},\"wordCount\":126,\"commentCount\":0,\"image\":{\"@id\":\"https:\\\/\\\/folhapopular.info\\\/index.php\\\/2022\\\/02\\\/03\\\/passarela-de-acesso-ao-bairro-esperanca-foi-reformada-em-imigrante\\\/#primaryimage\"},\"thumbnailUrl\":\"https:\\\/\\\/folhapopular.info\\\/wp-content\\\/uploads\\\/2022\\\/02\\\/CTS_9692-scaled-e1643907585439.jpg\",\"keywords\":[\"Imigrante\",\"investimento\",\"Seguran\u00e7a\"],\"articleSection\":[\"Destaques\",\"Geral\"],\"inLanguage\":\"pt-BR\",\"potentialAction\":[{\"@type\":\"CommentAction\",\"name\":\"Comment\",\"target\":[\"https:\\\/\\\/folhapopular.info\\\/index.php\\\/2022\\\/02\\\/03\\\/passarela-de-acesso-ao-bairro-esperanca-foi-reformada-em-imigrante\\\/#respond\"]}]},{\"@type\":\"WebPage\",\"@id\":\"https:\\\/\\\/folhapopular.info\\\/index.php\\\/2022\\\/02\\\/03\\\/passarela-de-acesso-ao-bairro-esperanca-foi-reformada-em-imigrante\\\/\",\"url\":\"https:\\\/\\\/folhapopular.info\\\/index.php\\\/2022\\\/02\\\/03\\\/passarela-de-acesso-ao-bairro-esperanca-foi-reformada-em-imigrante\\\/\",\"name\":\"Passarela de acesso ao Bairro Esperan\u00e7a foi reformada, em Imigrante - Folha Popular\",\"isPartOf\":{\"@id\":\"https:\\\/\\\/folhapopular.info\\\/#website\"},\"primaryImageOfPage\":{\"@id\":\"https:\\\/\\\/folhapopular.info\\\/index.php\\\/2022\\\/02\\\/03\\\/passarela-de-acesso-ao-bairro-esperanca-foi-reformada-em-imigrante\\\/#primaryimage\"},\"image\":{\"@id\":\"https:\\\/\\\/folhapopular.info\\\/index.php\\\/2022\\\/02\\\/03\\\/passarela-de-acesso-ao-bairro-esperanca-foi-reformada-em-imigrante\\\/#primaryimage\"},\"thumbnailUrl\":\"https:\\\/\\\/folhapopular.info\\\/wp-content\\\/uploads\\\/2022\\\/02\\\/CTS_9692-scaled-e1643907585439.jpg\",\"datePublished\":\"2022-02-03T19:30:00+00:00\",\"author\":{\"@id\":\"https:\\\/\\\/folhapopular.info\\\/#\\\/schema\\\/person\\\/2814e8a0df7643585a9ca38bc6eb9d4b\"},\"breadcrumb\":{\"@id\":\"https:\\\/\\\/folhapopular.info\\\/index.php\\\/2022\\\/02\\\/03\\\/passarela-de-acesso-ao-bairro-esperanca-foi-reformada-em-imigrante\\\/#breadcrumb\"},\"inLanguage\":\"pt-BR\",\"potentialAction\":[{\"@type\":\"ReadAction\",\"target\":[\"https:\\\/\\\/folhapopular.info\\\/index.php\\\/2022\\\/02\\\/03\\\/passarela-de-acesso-ao-bairro-esperanca-foi-reformada-em-imigrante\\\/\"]}]},{\"@type\":\"ImageObject\",\"inLanguage\":\"pt-BR\",\"@id\":\"https:\\\/\\\/folhapopular.info\\\/index.php\\\/2022\\\/02\\\/03\\\/passarela-de-acesso-ao-bairro-esperanca-foi-reformada-em-imigrante\\\/#primaryimage\",\"url\":\"https:\\\/\\\/folhapopular.info\\\/wp-content\\\/uploads\\\/2022\\\/02\\\/CTS_9692-scaled-e1643907585439.jpg\",\"contentUrl\":\"https:\\\/\\\/folhapopular.info\\\/wp-content\\\/uploads\\\/2022\\\/02\\\/CTS_9692-scaled-e1643907585439.jpg\",\"width\":800,\"height\":534,\"caption\":\"Cr\u00e9dito: Cris Thom\u00e9\"},{\"@type\":\"BreadcrumbList\",\"@id\":\"https:\\\/\\\/folhapopular.info\\\/index.php\\\/2022\\\/02\\\/03\\\/passarela-de-acesso-ao-bairro-esperanca-foi-reformada-em-imigrante\\\/#breadcrumb\",\"itemListElement\":[{\"@type\":\"ListItem\",\"position\":1,\"name\":\"In\u00edcio\",\"item\":\"https:\\\/\\\/folhapopular.info\\\/\"},{\"@type\":\"ListItem\",\"position\":2,\"name\":\"Passarela de acesso ao Bairro Esperan\u00e7a foi reformada, em Imigrante\"}]},{\"@type\":\"WebSite\",\"@id\":\"https:\\\/\\\/folhapopular.info\\\/#website\",\"url\":\"https:\\\/\\\/folhapopular.info\\\/\",\"name\":\"Folha Popular\",\"description\":\"Onde voc\u00ea tem vez e voz\",\"potentialAction\":[{\"@type\":\"SearchAction\",\"target\":{\"@type\":\"EntryPoint\",\"urlTemplate\":\"https:\\\/\\\/folhapopular.info\\\/?s={search_term_string}\"},\"query-input\":{\"@type\":\"PropertyValueSpecification\",\"valueRequired\":true,\"valueName\":\"search_term_string\"}}],\"inLanguage\":\"pt-BR\"},{\"@type\":\"Person\",\"@id\":\"https:\\\/\\\/folhapopular.info\\\/#\\\/schema\\\/person\\\/2814e8a0df7643585a9ca38bc6eb9d4b\",\"name\":\"Reda\u00e7\u00e3o Folha Popular\",\"image\":{\"@type\":\"ImageObject\",\"inLanguage\":\"pt-BR\",\"@id\":\"https:\\\/\\\/folhapopular.info\\\/wp-content\\\/uploads\\\/2026\\\/04\\\/Folha-1.webp\",\"url\":\"https:\\\/\\\/folhapopular.info\\\/wp-content\\\/uploads\\\/2026\\\/04\\\/Folha-1.webp\",\"contentUrl\":\"https:\\\/\\\/folhapopular.info\\\/wp-content\\\/uploads\\\/2026\\\/04\\\/Folha-1.webp\",\"caption\":\"Reda\u00e7\u00e3o Folha Popular\"},\"url\":\"https:\\\/\\\/folhapopular.info\\\/index.php\\\/author\\\/redacao\\\/\"}]}<\/script>\n<!-- \/ Yoast SEO plugin. -->","yoast_head_json":{"title":"Passarela de acesso ao Bairro Esperan\u00e7a foi reformada, em Imigrante - Folha Popular","robots":{"index":"index","follow":"follow","max-snippet":"max-snippet:-1","max-image-preview":"max-image-preview:large","max-video-preview":"max-video-preview:-1"},"canonical":"https:\/\/folhapopular.info\/index.php\/2022\/02\/03\/passarela-de-acesso-ao-bairro-esperanca-foi-reformada-em-imigrante\/","og_locale":"pt_BR","og_type":"article","og_title":"Passarela de acesso ao Bairro Esperan\u00e7a foi reformada, em Imigrante - Folha Popular","og_description":"A reforma da Pinguela de acesso ao Bairro Esperan\u00e7a j\u00e1 est\u00e1 pronta, e agora oferece mais seguran\u00e7a aos pedestres que a usam diariamente para acessar ao centro, estudar e trabalhar. A rampa de acesso que era de madeira foi substitu\u00edda por concreto. Al\u00e9m disso, para evitar que os pedestres pisem no barro em dias de [&hellip;]","og_url":"https:\/\/folhapopular.info\/index.php\/2022\/02\/03\/passarela-de-acesso-ao-bairro-esperanca-foi-reformada-em-imigrante\/","og_site_name":"Folha Popular","article_published_time":"2022-02-03T19:30:00+00:00","og_image":[{"width":800,"height":534,"url":"https:\/\/folhapopular.info\/wp-content\/uploads\/2022\/02\/CTS_9692-scaled-e1643907585439.jpg","type":"image\/jpeg"}],"author":"Reda\u00e7\u00e3o Folha Popular","twitter_card":"summary_large_image","twitter_misc":{"Escrito por":"Reda\u00e7\u00e3o Folha Popular","Est. tempo de leitura":"1 minuto"},"schema":{"@context":"https:\/\/schema.org","@graph":[{"@type":"Article","@id":"https:\/\/folhapopular.info\/index.php\/2022\/02\/03\/passarela-de-acesso-ao-bairro-esperanca-foi-reformada-em-imigrante\/#article","isPartOf":{"@id":"https:\/\/folhapopular.info\/index.php\/2022\/02\/03\/passarela-de-acesso-ao-bairro-esperanca-foi-reformada-em-imigrante\/"},"author":{"name":"Reda\u00e7\u00e3o Folha Popular","@id":"https:\/\/folhapopular.info\/#\/schema\/person\/2814e8a0df7643585a9ca38bc6eb9d4b"},"headline":"Passarela de acesso ao Bairro Esperan\u00e7a foi reformada, em Imigrante","datePublished":"2022-02-03T19:30:00+00:00","mainEntityOfPage":{"@id":"https:\/\/folhapopular.info\/index.php\/2022\/02\/03\/passarela-de-acesso-ao-bairro-esperanca-foi-reformada-em-imigrante\/"},"wordCount":126,"commentCount":0,"image":{"@id":"https:\/\/folhapopular.info\/index.php\/2022\/02\/03\/passarela-de-acesso-ao-bairro-esperanca-foi-reformada-em-imigrante\/#primaryimage"},"thumbnailUrl":"https:\/\/folhapopular.info\/wp-content\/uploads\/2022\/02\/CTS_9692-scaled-e1643907585439.jpg","keywords":["Imigrante","investimento","Seguran\u00e7a"],"articleSection":["Destaques","Geral"],"inLanguage":"pt-BR","potentialAction":[{"@type":"CommentAction","name":"Comment","target":["https:\/\/folhapopular.info\/index.php\/2022\/02\/03\/passarela-de-acesso-ao-bairro-esperanca-foi-reformada-em-imigrante\/#respond"]}]},{"@type":"WebPage","@id":"https:\/\/folhapopular.info\/index.php\/2022\/02\/03\/passarela-de-acesso-ao-bairro-esperanca-foi-reformada-em-imigrante\/","url":"https:\/\/folhapopular.info\/index.php\/2022\/02\/03\/passarela-de-acesso-ao-bairro-esperanca-foi-reformada-em-imigrante\/","name":"Passarela de acesso ao Bairro Esperan\u00e7a foi reformada, em Imigrante - Folha Popular","isPartOf":{"@id":"https:\/\/folhapopular.info\/#website"},"primaryImageOfPage":{"@id":"https:\/\/folhapopular.info\/index.php\/2022\/02\/03\/passarela-de-acesso-ao-bairro-esperanca-foi-reformada-em-imigrante\/#primaryimage"},"image":{"@id":"https:\/\/folhapopular.info\/index.php\/2022\/02\/03\/passarela-de-acesso-ao-bairro-esperanca-foi-reformada-em-imigrante\/#primaryimage"},"thumbnailUrl":"https:\/\/folhapopular.info\/wp-content\/uploads\/2022\/02\/CTS_9692-scaled-e1643907585439.jpg","datePublished":"2022-02-03T19:30:00+00:00","author":{"@id":"https:\/\/folhapopular.info\/#\/schema\/person\/2814e8a0df7643585a9ca38bc6eb9d4b"},"breadcrumb":{"@id":"https:\/\/folhapopular.info\/index.php\/2022\/02\/03\/passarela-de-acesso-ao-bairro-esperanca-foi-reformada-em-imigrante\/#breadcrumb"},"inLanguage":"pt-BR","potentialAction":[{"@type":"ReadAction","target":["https:\/\/folhapopular.info\/index.php\/2022\/02\/03\/passarela-de-acesso-ao-bairro-esperanca-foi-reformada-em-imigrante\/"]}]},{"@type":"ImageObject","inLanguage":"pt-BR","@id":"https:\/\/folhapopular.info\/index.php\/2022\/02\/03\/passarela-de-acesso-ao-bairro-esperanca-foi-reformada-em-imigrante\/#primaryimage","url":"https:\/\/folhapopular.info\/wp-content\/uploads\/2022\/02\/CTS_9692-scaled-e1643907585439.jpg","contentUrl":"https:\/\/folhapopular.info\/wp-content\/uploads\/2022\/02\/CTS_9692-scaled-e1643907585439.jpg","width":800,"height":534,"caption":"Cr\u00e9dito: Cris Thom\u00e9"},{"@type":"BreadcrumbList","@id":"https:\/\/folhapopular.info\/index.php\/2022\/02\/03\/passarela-de-acesso-ao-bairro-esperanca-foi-reformada-em-imigrante\/#breadcrumb","itemListElement":[{"@type":"ListItem","position":1,"name":"In\u00edcio","item":"https:\/\/folhapopular.info\/"},{"@type":"ListItem","position":2,"name":"Passarela de acesso ao Bairro Esperan\u00e7a foi reformada, em Imigrante"}]},{"@type":"WebSite","@id":"https:\/\/folhapopular.info\/#website","url":"https:\/\/folhapopular.info\/","name":"Folha Popular","description":"Onde voc\u00ea tem vez e voz","potentialAction":[{"@type":"SearchAction","target":{"@type":"EntryPoint","urlTemplate":"https:\/\/folhapopular.info\/?s={search_term_string}"},"query-input":{"@type":"PropertyValueSpecification","valueRequired":true,"valueName":"search_term_string"}}],"inLanguage":"pt-BR"},{"@type":"Person","@id":"https:\/\/folhapopular.info\/#\/schema\/person\/2814e8a0df7643585a9ca38bc6eb9d4b","name":"Reda\u00e7\u00e3o Folha Popular","image":{"@type":"ImageObject","inLanguage":"pt-BR","@id":"https:\/\/folhapopular.info\/wp-content\/uploads\/2026\/04\/Folha-1.webp","url":"https:\/\/folhapopular.info\/wp-content\/uploads\/2026\/04\/Folha-1.webp","contentUrl":"https:\/\/folhapopular.info\/wp-content\/uploads\/2026\/04\/Folha-1.webp","caption":"Reda\u00e7\u00e3o Folha Popular"},"url":"https:\/\/folhapopular.info\/index.php\/author\/redacao\/"}]}},"jetpack_featured_media_url":"https:\/\/folhapopular.info\/wp-content\/uploads\/2022\/02\/CTS_9692-scaled-e1643907585439.jpg","jetpack_sharing_enabled":true,"amp_enabled":true,"_links":{"self":[{"href":"https:\/\/folhapopular.info\/index.php\/wp-json\/wp\/v2\/posts\/97876","targetHints":{"allow":["GET"]}}],"collection":[{"href":"https:\/\/folhapopular.info\/index.php\/wp-json\/wp\/v2\/posts"}],"about":[{"href":"https:\/\/folhapopular.info\/index.php\/wp-json\/wp\/v2\/types\/post"}],"author":[{"embeddable":true,"href":"https:\/\/folhapopular.info\/index.php\/wp-json\/wp\/v2\/users\/8"}],"replies":[{"embeddable":true,"href":"https:\/\/folhapopular.info\/index.php\/wp-json\/wp\/v2\/comments?post=97876"}],"version-history":[{"count":0,"href":"https:\/\/folhapopular.info\/index.php\/wp-json\/wp\/v2\/posts\/97876\/revisions"}],"wp:featuredmedia":[{"embeddable":true,"href":"https:\/\/folhapopular.info\/index.php\/wp-json\/wp\/v2\/media\/97877"}],"wp:attachment":[{"href":"https:\/\/folhapopular.info\/index.php\/wp-json\/wp\/v2\/media?parent=97876"}],"wp:term":[{"taxonomy":"category","embeddable":true,"href":"https:\/\/folhapopular.info\/index.php\/wp-json\/wp\/v2\/categories?post=97876"},{"taxonomy":"post_tag","embeddable":true,"href":"https:\/\/folhapopular.info\/index.php\/wp-json\/wp\/v2\/tags?post=97876"}],"curies":[{"name":"wp","href":"https:\/\/api.w.org\/{rel}","templated":true}]}}