{"id":97985,"date":"2022-02-05T08:45:00","date_gmt":"2022-02-05T11:45:00","guid":{"rendered":"https:\/\/folhapopular.info\/?p=97985"},"modified":"2022-02-05T08:31:44","modified_gmt":"2022-02-05T11:31:44","slug":"vereadores-de-westfalia-alertam-para-falta-de-agua","status":"publish","type":"post","link":"https:\/\/folhapopular.info\/index.php\/2022\/02\/05\/vereadores-de-westfalia-alertam-para-falta-de-agua\/","title":{"rendered":"Vereadores de Westf\u00e1lia alertam para falta de \u00e1gua"},"content":{"rendered":"\n<p>Na sess\u00e3o ordin\u00e1ria de quinta-feira (3\/2), o vereador Renato Gaspar Herbert (PT) falou sobre a estiagem que v\u00eam afetando muitas fam\u00edlias no munic\u00edpio de Westf\u00e1lia. Agradeceu \u00e0 Cooperativa Languiru pela parceria, apoio e por doar em torno de 2.000 cargas de 15 mil litros de \u00e1gua cada, destinada a todos os mun\u00edcipes que necessitam, inclusive a produtores de outras empresas.<\/p>\n\n\n\n<p>Reconheceu tamb\u00e9m o trabalho de todos os funcion\u00e1rios das secretarias de Obras e Agricultura, que n\u00e3o mediram esfor\u00e7os para transportar a \u00e1gua independente do dia. Ainda destacou o andamento das obras de pavimenta\u00e7\u00e3o nas Linhas Frank e Schmidt Fundos. Finalizou lembrando do retorno das aulas, que ser\u00e1 no dia 14 de fevereiro. Solicitou a conscientiza\u00e7\u00e3o e que a popula\u00e7\u00e3o siga \u00e0s orienta\u00e7\u00f5es das secretarias de Sa\u00fade e Educa\u00e7\u00e3o, visando evitar o cont\u00e1gio pelo Coronav\u00edrus.<\/p>\n\n\n\n<p>O vereador Val\u00e9rio da Fonseca (MDB) solicitou o estudo de viabilidade de furar mais um po\u00e7o artesiano na localidade de Paissandu Frente, pois \u201cos moradores est\u00e3o passando por dificuldades com a falta de \u00e1gua\u201d.<\/p>\n\n\n\n<p>Anelise Grimm Horst (MDB) utilizou a tribuna para demonstrar a sua satisfa\u00e7\u00e3o em assumir uma Cadeira Legislativa. Agradeceu ao colega de partido Ren\u00ea Rex, que lhe cedeu espa\u00e7o pois assumiu a Secretaria de Agricultura. Finalizou falando sobre o aumento de casos de Covid19, solicitou que as pessoas que tenham sintomas gripais permane\u00e7am em isolamento mantendo o distanciamento, al\u00e9m de ressaltar a import\u00e2ncia das vacinas para que o resultado seja coletivo. \u201cQuanto mais pessoas aderirem, mais a vacina ser\u00e1 eficaz\u201d, afirmou.<\/p>\n\n\n\n<p>Rejane Eggers (PT) trouxe a not\u00edcia da Secretaria Estadual de Esporte e Lazer, que confirmou a aprova\u00e7\u00e3o do Programa Avan\u00e7ar \u2013 Recupera\u00e7\u00e3o de Espa\u00e7os Esportivos, e Westf\u00e1lia foi agraciada no valor de R$ 300 mil para finalizar o complexo esportivo municipal. Agradeceu ao deputado federal Danrlei, secret\u00e1rio estadual do Esporte, e ao PSD, pela ajuda e presteza.<\/p>\n\n\n\n<p>Destacou a obra realizada na estrada da Linha Schmidt Fundos, com projeto de pavimenta\u00e7\u00e3o, drenagem e sinaliza\u00e7\u00e3o composta por 2.448 metros quadrados &#8211; etapa 2. A obra tem previs\u00e3o de ser conclu\u00edda em torno de 45 dias.<\/p>\n\n\n\n<p>Agradeceu ao Banrisul que atendeu ao seu pedido para instala\u00e7\u00e3o de prote\u00e7\u00e3o solar para melhorar a visibilidade no caixa eletr\u00f4nico e terminou mostrando que foi lan\u00e7ado nesta semana o Guia do guarda respons\u00e1vel, que tem o intuito de trazer informa\u00e7\u00e3o importante sobre a guarda e prote\u00e7\u00e3o dos animais dom\u00e9sticos.<\/p>\n","protected":false},"excerpt":{"rendered":"<p>Na sess\u00e3o ordin\u00e1ria de quinta-feira (3\/2), o vereador Renato Gaspar Herbert (PT) falou sobre a estiagem que v\u00eam afetando muitas fam\u00edlias no munic\u00edpio de Westf\u00e1lia. Agradeceu \u00e0 Cooperativa Languiru pela parceria, apoio e por doar em torno de 2.000 cargas de 15 mil litros de \u00e1gua cada, destinada a todos os mun\u00edcipes que necessitam, inclusive [&hellip;]<\/p>\n","protected":false},"author":8,"featured_media":58538,"comment_status":"open","ping_status":"open","sticky":false,"template":"","format":"standard","meta":{"pmpro_default_level":"","_jetpack_memberships_contains_paid_content":false,"footnotes":""},"categories":[2,3],"tags":[646,6049,1786,25],"class_list":{"0":"post-97985","1":"post","2":"type-post","3":"status-publish","4":"format-standard","5":"has-post-thumbnail","7":"category-featured","8":"category-geral","9":"tag-camara-de-vereadores","10":"tag-falta-de-agua","11":"tag-sessao-ordinaria","12":"tag-westfalia","13":"pmpro-has-access"},"yoast_head":"<!-- This site is optimized with the Yoast SEO plugin v27.5 - https:\/\/yoast.com\/product\/yoast-seo-wordpress\/ -->\n<title>Vereadores de Westf\u00e1lia alertam para falta de \u00e1gua - Folha Popular<\/title>\n<meta name=\"robots\" content=\"index, follow, max-snippet:-1, max-image-preview:large, max-video-preview:-1\" \/>\n<link rel=\"canonical\" href=\"https:\/\/folhapopular.info\/index.php\/2022\/02\/05\/vereadores-de-westfalia-alertam-para-falta-de-agua\/\" \/>\n<meta property=\"og:locale\" content=\"pt_BR\" \/>\n<meta property=\"og:type\" content=\"article\" \/>\n<meta property=\"og:title\" content=\"Vereadores de Westf\u00e1lia alertam para falta de \u00e1gua - Folha Popular\" \/>\n<meta property=\"og:description\" content=\"Na sess\u00e3o ordin\u00e1ria de quinta-feira (3\/2), o vereador Renato Gaspar Herbert (PT) falou sobre a estiagem que v\u00eam afetando muitas fam\u00edlias no munic\u00edpio de Westf\u00e1lia. Agradeceu \u00e0 Cooperativa Languiru pela parceria, apoio e por doar em torno de 2.000 cargas de 15 mil litros de \u00e1gua cada, destinada a todos os mun\u00edcipes que necessitam, inclusive [&hellip;]\" \/>\n<meta property=\"og:url\" content=\"https:\/\/folhapopular.info\/index.php\/2022\/02\/05\/vereadores-de-westfalia-alertam-para-falta-de-agua\/\" \/>\n<meta property=\"og:site_name\" content=\"Folha Popular\" \/>\n<meta property=\"article:published_time\" content=\"2022-02-05T11:45:00+00:00\" \/>\n<meta property=\"og:image\" content=\"https:\/\/folhapopular.info\/wp-content\/uploads\/2019\/09\/Noticias-e1567961441371.jpg\" \/>\n\t<meta property=\"og:image:width\" content=\"800\" \/>\n\t<meta property=\"og:image:height\" content=\"563\" \/>\n\t<meta property=\"og:image:type\" content=\"image\/jpeg\" \/>\n<meta name=\"author\" content=\"Reda\u00e7\u00e3o Folha Popular\" \/>\n<meta name=\"twitter:card\" content=\"summary_large_image\" \/>\n<meta name=\"twitter:label1\" content=\"Escrito por\" \/>\n\t<meta name=\"twitter:data1\" content=\"Reda\u00e7\u00e3o Folha Popular\" \/>\n\t<meta name=\"twitter:label2\" content=\"Est. tempo de leitura\" \/>\n\t<meta name=\"twitter:data2\" content=\"3 minutos\" \/>\n<script type=\"application\/ld+json\" class=\"yoast-schema-graph\">{\"@context\":\"https:\\\/\\\/schema.org\",\"@graph\":[{\"@type\":\"Article\",\"@id\":\"https:\\\/\\\/folhapopular.info\\\/index.php\\\/2022\\\/02\\\/05\\\/vereadores-de-westfalia-alertam-para-falta-de-agua\\\/#article\",\"isPartOf\":{\"@id\":\"https:\\\/\\\/folhapopular.info\\\/index.php\\\/2022\\\/02\\\/05\\\/vereadores-de-westfalia-alertam-para-falta-de-agua\\\/\"},\"author\":{\"name\":\"Reda\u00e7\u00e3o Folha Popular\",\"@id\":\"https:\\\/\\\/folhapopular.info\\\/#\\\/schema\\\/person\\\/2814e8a0df7643585a9ca38bc6eb9d4b\"},\"headline\":\"Vereadores de Westf\u00e1lia alertam para falta de \u00e1gua\",\"datePublished\":\"2022-02-05T11:45:00+00:00\",\"mainEntityOfPage\":{\"@id\":\"https:\\\/\\\/folhapopular.info\\\/index.php\\\/2022\\\/02\\\/05\\\/vereadores-de-westfalia-alertam-para-falta-de-agua\\\/\"},\"wordCount\":436,\"commentCount\":0,\"image\":{\"@id\":\"https:\\\/\\\/folhapopular.info\\\/index.php\\\/2022\\\/02\\\/05\\\/vereadores-de-westfalia-alertam-para-falta-de-agua\\\/#primaryimage\"},\"thumbnailUrl\":\"https:\\\/\\\/folhapopular.info\\\/wp-content\\\/uploads\\\/2019\\\/09\\\/Noticias-e1567961441371.jpg\",\"keywords\":[\"C\u00e2mara de Vereadores\",\"falta de \u00e1gua\",\"Sess\u00e3o Ordin\u00e1ria\",\"Westf\u00e1lia\"],\"articleSection\":[\"Destaques\",\"Geral\"],\"inLanguage\":\"pt-BR\",\"potentialAction\":[{\"@type\":\"CommentAction\",\"name\":\"Comment\",\"target\":[\"https:\\\/\\\/folhapopular.info\\\/index.php\\\/2022\\\/02\\\/05\\\/vereadores-de-westfalia-alertam-para-falta-de-agua\\\/#respond\"]}]},{\"@type\":\"WebPage\",\"@id\":\"https:\\\/\\\/folhapopular.info\\\/index.php\\\/2022\\\/02\\\/05\\\/vereadores-de-westfalia-alertam-para-falta-de-agua\\\/\",\"url\":\"https:\\\/\\\/folhapopular.info\\\/index.php\\\/2022\\\/02\\\/05\\\/vereadores-de-westfalia-alertam-para-falta-de-agua\\\/\",\"name\":\"Vereadores de Westf\u00e1lia alertam para falta de \u00e1gua - Folha Popular\",\"isPartOf\":{\"@id\":\"https:\\\/\\\/folhapopular.info\\\/#website\"},\"primaryImageOfPage\":{\"@id\":\"https:\\\/\\\/folhapopular.info\\\/index.php\\\/2022\\\/02\\\/05\\\/vereadores-de-westfalia-alertam-para-falta-de-agua\\\/#primaryimage\"},\"image\":{\"@id\":\"https:\\\/\\\/folhapopular.info\\\/index.php\\\/2022\\\/02\\\/05\\\/vereadores-de-westfalia-alertam-para-falta-de-agua\\\/#primaryimage\"},\"thumbnailUrl\":\"https:\\\/\\\/folhapopular.info\\\/wp-content\\\/uploads\\\/2019\\\/09\\\/Noticias-e1567961441371.jpg\",\"datePublished\":\"2022-02-05T11:45:00+00:00\",\"author\":{\"@id\":\"https:\\\/\\\/folhapopular.info\\\/#\\\/schema\\\/person\\\/2814e8a0df7643585a9ca38bc6eb9d4b\"},\"breadcrumb\":{\"@id\":\"https:\\\/\\\/folhapopular.info\\\/index.php\\\/2022\\\/02\\\/05\\\/vereadores-de-westfalia-alertam-para-falta-de-agua\\\/#breadcrumb\"},\"inLanguage\":\"pt-BR\",\"potentialAction\":[{\"@type\":\"ReadAction\",\"target\":[\"https:\\\/\\\/folhapopular.info\\\/index.php\\\/2022\\\/02\\\/05\\\/vereadores-de-westfalia-alertam-para-falta-de-agua\\\/\"]}]},{\"@type\":\"ImageObject\",\"inLanguage\":\"pt-BR\",\"@id\":\"https:\\\/\\\/folhapopular.info\\\/index.php\\\/2022\\\/02\\\/05\\\/vereadores-de-westfalia-alertam-para-falta-de-agua\\\/#primaryimage\",\"url\":\"https:\\\/\\\/folhapopular.info\\\/wp-content\\\/uploads\\\/2019\\\/09\\\/Noticias-e1567961441371.jpg\",\"contentUrl\":\"https:\\\/\\\/folhapopular.info\\\/wp-content\\\/uploads\\\/2019\\\/09\\\/Noticias-e1567961441371.jpg\",\"width\":800,\"height\":563,\"caption\":\"Cr\u00e9dito da arte: J\u00falia Caroline Geib \\\/ Divulga\u00e7\u00e3o\"},{\"@type\":\"BreadcrumbList\",\"@id\":\"https:\\\/\\\/folhapopular.info\\\/index.php\\\/2022\\\/02\\\/05\\\/vereadores-de-westfalia-alertam-para-falta-de-agua\\\/#breadcrumb\",\"itemListElement\":[{\"@type\":\"ListItem\",\"position\":1,\"name\":\"In\u00edcio\",\"item\":\"https:\\\/\\\/folhapopular.info\\\/\"},{\"@type\":\"ListItem\",\"position\":2,\"name\":\"Vereadores de Westf\u00e1lia alertam para falta de \u00e1gua\"}]},{\"@type\":\"WebSite\",\"@id\":\"https:\\\/\\\/folhapopular.info\\\/#website\",\"url\":\"https:\\\/\\\/folhapopular.info\\\/\",\"name\":\"Folha Popular\",\"description\":\"Onde voc\u00ea tem vez e voz\",\"potentialAction\":[{\"@type\":\"SearchAction\",\"target\":{\"@type\":\"EntryPoint\",\"urlTemplate\":\"https:\\\/\\\/folhapopular.info\\\/?s={search_term_string}\"},\"query-input\":{\"@type\":\"PropertyValueSpecification\",\"valueRequired\":true,\"valueName\":\"search_term_string\"}}],\"inLanguage\":\"pt-BR\"},{\"@type\":\"Person\",\"@id\":\"https:\\\/\\\/folhapopular.info\\\/#\\\/schema\\\/person\\\/2814e8a0df7643585a9ca38bc6eb9d4b\",\"name\":\"Reda\u00e7\u00e3o Folha Popular\",\"image\":{\"@type\":\"ImageObject\",\"inLanguage\":\"pt-BR\",\"@id\":\"https:\\\/\\\/folhapopular.info\\\/wp-content\\\/uploads\\\/2026\\\/04\\\/Folha-1.webp\",\"url\":\"https:\\\/\\\/folhapopular.info\\\/wp-content\\\/uploads\\\/2026\\\/04\\\/Folha-1.webp\",\"contentUrl\":\"https:\\\/\\\/folhapopular.info\\\/wp-content\\\/uploads\\\/2026\\\/04\\\/Folha-1.webp\",\"caption\":\"Reda\u00e7\u00e3o Folha Popular\"},\"url\":\"https:\\\/\\\/folhapopular.info\\\/index.php\\\/author\\\/redacao\\\/\"}]}<\/script>\n<!-- \/ Yoast SEO plugin. -->","yoast_head_json":{"title":"Vereadores de Westf\u00e1lia alertam para falta de \u00e1gua - Folha Popular","robots":{"index":"index","follow":"follow","max-snippet":"max-snippet:-1","max-image-preview":"max-image-preview:large","max-video-preview":"max-video-preview:-1"},"canonical":"https:\/\/folhapopular.info\/index.php\/2022\/02\/05\/vereadores-de-westfalia-alertam-para-falta-de-agua\/","og_locale":"pt_BR","og_type":"article","og_title":"Vereadores de Westf\u00e1lia alertam para falta de \u00e1gua - Folha Popular","og_description":"Na sess\u00e3o ordin\u00e1ria de quinta-feira (3\/2), o vereador Renato Gaspar Herbert (PT) falou sobre a estiagem que v\u00eam afetando muitas fam\u00edlias no munic\u00edpio de Westf\u00e1lia. Agradeceu \u00e0 Cooperativa Languiru pela parceria, apoio e por doar em torno de 2.000 cargas de 15 mil litros de \u00e1gua cada, destinada a todos os mun\u00edcipes que necessitam, inclusive [&hellip;]","og_url":"https:\/\/folhapopular.info\/index.php\/2022\/02\/05\/vereadores-de-westfalia-alertam-para-falta-de-agua\/","og_site_name":"Folha Popular","article_published_time":"2022-02-05T11:45:00+00:00","og_image":[{"width":800,"height":563,"url":"https:\/\/folhapopular.info\/wp-content\/uploads\/2019\/09\/Noticias-e1567961441371.jpg","type":"image\/jpeg"}],"author":"Reda\u00e7\u00e3o Folha Popular","twitter_card":"summary_large_image","twitter_misc":{"Escrito por":"Reda\u00e7\u00e3o Folha Popular","Est. tempo de leitura":"3 minutos"},"schema":{"@context":"https:\/\/schema.org","@graph":[{"@type":"Article","@id":"https:\/\/folhapopular.info\/index.php\/2022\/02\/05\/vereadores-de-westfalia-alertam-para-falta-de-agua\/#article","isPartOf":{"@id":"https:\/\/folhapopular.info\/index.php\/2022\/02\/05\/vereadores-de-westfalia-alertam-para-falta-de-agua\/"},"author":{"name":"Reda\u00e7\u00e3o Folha Popular","@id":"https:\/\/folhapopular.info\/#\/schema\/person\/2814e8a0df7643585a9ca38bc6eb9d4b"},"headline":"Vereadores de Westf\u00e1lia alertam para falta de \u00e1gua","datePublished":"2022-02-05T11:45:00+00:00","mainEntityOfPage":{"@id":"https:\/\/folhapopular.info\/index.php\/2022\/02\/05\/vereadores-de-westfalia-alertam-para-falta-de-agua\/"},"wordCount":436,"commentCount":0,"image":{"@id":"https:\/\/folhapopular.info\/index.php\/2022\/02\/05\/vereadores-de-westfalia-alertam-para-falta-de-agua\/#primaryimage"},"thumbnailUrl":"https:\/\/folhapopular.info\/wp-content\/uploads\/2019\/09\/Noticias-e1567961441371.jpg","keywords":["C\u00e2mara de Vereadores","falta de \u00e1gua","Sess\u00e3o Ordin\u00e1ria","Westf\u00e1lia"],"articleSection":["Destaques","Geral"],"inLanguage":"pt-BR","potentialAction":[{"@type":"CommentAction","name":"Comment","target":["https:\/\/folhapopular.info\/index.php\/2022\/02\/05\/vereadores-de-westfalia-alertam-para-falta-de-agua\/#respond"]}]},{"@type":"WebPage","@id":"https:\/\/folhapopular.info\/index.php\/2022\/02\/05\/vereadores-de-westfalia-alertam-para-falta-de-agua\/","url":"https:\/\/folhapopular.info\/index.php\/2022\/02\/05\/vereadores-de-westfalia-alertam-para-falta-de-agua\/","name":"Vereadores de Westf\u00e1lia alertam para falta de \u00e1gua - Folha Popular","isPartOf":{"@id":"https:\/\/folhapopular.info\/#website"},"primaryImageOfPage":{"@id":"https:\/\/folhapopular.info\/index.php\/2022\/02\/05\/vereadores-de-westfalia-alertam-para-falta-de-agua\/#primaryimage"},"image":{"@id":"https:\/\/folhapopular.info\/index.php\/2022\/02\/05\/vereadores-de-westfalia-alertam-para-falta-de-agua\/#primaryimage"},"thumbnailUrl":"https:\/\/folhapopular.info\/wp-content\/uploads\/2019\/09\/Noticias-e1567961441371.jpg","datePublished":"2022-02-05T11:45:00+00:00","author":{"@id":"https:\/\/folhapopular.info\/#\/schema\/person\/2814e8a0df7643585a9ca38bc6eb9d4b"},"breadcrumb":{"@id":"https:\/\/folhapopular.info\/index.php\/2022\/02\/05\/vereadores-de-westfalia-alertam-para-falta-de-agua\/#breadcrumb"},"inLanguage":"pt-BR","potentialAction":[{"@type":"ReadAction","target":["https:\/\/folhapopular.info\/index.php\/2022\/02\/05\/vereadores-de-westfalia-alertam-para-falta-de-agua\/"]}]},{"@type":"ImageObject","inLanguage":"pt-BR","@id":"https:\/\/folhapopular.info\/index.php\/2022\/02\/05\/vereadores-de-westfalia-alertam-para-falta-de-agua\/#primaryimage","url":"https:\/\/folhapopular.info\/wp-content\/uploads\/2019\/09\/Noticias-e1567961441371.jpg","contentUrl":"https:\/\/folhapopular.info\/wp-content\/uploads\/2019\/09\/Noticias-e1567961441371.jpg","width":800,"height":563,"caption":"Cr\u00e9dito da arte: J\u00falia Caroline Geib \/ Divulga\u00e7\u00e3o"},{"@type":"BreadcrumbList","@id":"https:\/\/folhapopular.info\/index.php\/2022\/02\/05\/vereadores-de-westfalia-alertam-para-falta-de-agua\/#breadcrumb","itemListElement":[{"@type":"ListItem","position":1,"name":"In\u00edcio","item":"https:\/\/folhapopular.info\/"},{"@type":"ListItem","position":2,"name":"Vereadores de Westf\u00e1lia alertam para falta de \u00e1gua"}]},{"@type":"WebSite","@id":"https:\/\/folhapopular.info\/#website","url":"https:\/\/folhapopular.info\/","name":"Folha Popular","description":"Onde voc\u00ea tem vez e voz","potentialAction":[{"@type":"SearchAction","target":{"@type":"EntryPoint","urlTemplate":"https:\/\/folhapopular.info\/?s={search_term_string}"},"query-input":{"@type":"PropertyValueSpecification","valueRequired":true,"valueName":"search_term_string"}}],"inLanguage":"pt-BR"},{"@type":"Person","@id":"https:\/\/folhapopular.info\/#\/schema\/person\/2814e8a0df7643585a9ca38bc6eb9d4b","name":"Reda\u00e7\u00e3o Folha Popular","image":{"@type":"ImageObject","inLanguage":"pt-BR","@id":"https:\/\/folhapopular.info\/wp-content\/uploads\/2026\/04\/Folha-1.webp","url":"https:\/\/folhapopular.info\/wp-content\/uploads\/2026\/04\/Folha-1.webp","contentUrl":"https:\/\/folhapopular.info\/wp-content\/uploads\/2026\/04\/Folha-1.webp","caption":"Reda\u00e7\u00e3o Folha Popular"},"url":"https:\/\/folhapopular.info\/index.php\/author\/redacao\/"}]}},"jetpack_featured_media_url":"https:\/\/folhapopular.info\/wp-content\/uploads\/2019\/09\/Noticias-e1567961441371.jpg","jetpack_sharing_enabled":true,"amp_enabled":true,"_links":{"self":[{"href":"https:\/\/folhapopular.info\/index.php\/wp-json\/wp\/v2\/posts\/97985","targetHints":{"allow":["GET"]}}],"collection":[{"href":"https:\/\/folhapopular.info\/index.php\/wp-json\/wp\/v2\/posts"}],"about":[{"href":"https:\/\/folhapopular.info\/index.php\/wp-json\/wp\/v2\/types\/post"}],"author":[{"embeddable":true,"href":"https:\/\/folhapopular.info\/index.php\/wp-json\/wp\/v2\/users\/8"}],"replies":[{"embeddable":true,"href":"https:\/\/folhapopular.info\/index.php\/wp-json\/wp\/v2\/comments?post=97985"}],"version-history":[{"count":0,"href":"https:\/\/folhapopular.info\/index.php\/wp-json\/wp\/v2\/posts\/97985\/revisions"}],"wp:featuredmedia":[{"embeddable":true,"href":"https:\/\/folhapopular.info\/index.php\/wp-json\/wp\/v2\/media\/58538"}],"wp:attachment":[{"href":"https:\/\/folhapopular.info\/index.php\/wp-json\/wp\/v2\/media?parent=97985"}],"wp:term":[{"taxonomy":"category","embeddable":true,"href":"https:\/\/folhapopular.info\/index.php\/wp-json\/wp\/v2\/categories?post=97985"},{"taxonomy":"post_tag","embeddable":true,"href":"https:\/\/folhapopular.info\/index.php\/wp-json\/wp\/v2\/tags?post=97985"}],"curies":[{"name":"wp","href":"https:\/\/api.w.org\/{rel}","templated":true}]}}