{"id":98519,"date":"2022-02-14T15:13:52","date_gmt":"2022-02-14T18:13:52","guid":{"rendered":"https:\/\/folhapopular.info\/?p=98519"},"modified":"2022-02-14T17:08:03","modified_gmt":"2022-02-14T20:08:03","slug":"lago-guaiba-sera-palco-do-desafio-praia-das-garcas","status":"publish","type":"post","link":"https:\/\/folhapopular.info\/index.php\/2022\/02\/14\/lago-guaiba-sera-palco-do-desafio-praia-das-garcas\/","title":{"rendered":"Lago Gua\u00edba ser\u00e1 palco do Desafio Praia das Gar\u00e7as"},"content":{"rendered":"\n<p class=\"has-text-align-left\">Um grupo de apaixonados por esportes aqu\u00e1ticos realizar\u00e1 no s\u00e1bado, 19 de fevereiro, o&nbsp;Desafio&nbsp;Praia&nbsp;das&nbsp;Gar\u00e7as, primeiro&nbsp;evento&nbsp;que une&nbsp;nata\u00e7\u00e3o&nbsp;em&nbsp;\u00e1guas&nbsp;abertas,&nbsp;canoagem&nbsp;e&nbsp;Stand&nbsp;Up&nbsp;Paddle&nbsp;no RS. O&nbsp;evento&nbsp;acontecer\u00e1 pela manh\u00e3 na&nbsp;Praia&nbsp;das&nbsp;Gar\u00e7as, bairro Bel\u00e9m Novo, zona sul da capital ga\u00facha,&nbsp;em&nbsp;um local magn\u00edfico bem perto&nbsp;do&nbsp;centro&nbsp;e&nbsp;&#8220;balne\u00e1vel&#8221;.<\/p>\n\n\n\n<p>Cerca de 40 participantes de diversas partes&nbsp;do&nbsp;Rio Grande&nbsp;do&nbsp;Sul percorrer\u00e3o um percurso de quatro quil\u00f4metros pelo&nbsp;Lago&nbsp;Gua\u00edba, at\u00e9 a ilha Chico Manoel. O passeio n\u00e3o visa competi\u00e7\u00e3o, busca valorizar o esporte, o contato com a natureza&nbsp;e&nbsp;a integra\u00e7\u00e3o entre remadores&nbsp;e&nbsp;nadadores.<\/p>\n\n\n\n<p>O ano de 2022&nbsp;ser\u00e1&nbsp;marcado por muitos eventos aqu\u00e1ticos&nbsp;do&nbsp;Projeto Nadando Pelos Cart\u00f5es Postais. J\u00e1 no m\u00eas de maio, nos dias 7&nbsp;e&nbsp;8, acontece no&nbsp;Lago&nbsp;Harmonia, o Adventure Games Teut\u00f4nia, com provas de&nbsp;nata\u00e7\u00e3o&nbsp;em&nbsp;\u00e1guas&nbsp;abertas, aquathlon, mountain bike, corrida uphill&nbsp;e&nbsp;trail run.&nbsp;Em&nbsp;setembro a a\u00e7\u00e3o ambiental #LIMPEOLAGOGUA\u00cdBA.&nbsp;No dia 27 de novembro o&nbsp;Desafio&nbsp;250 anos de Porto Alegre,&nbsp;em&nbsp;Bel\u00e9m Novo, Porto Alegre.<\/p>\n\n\n\n<p>O&nbsp;evento do&nbsp;dia 19, j\u00e1 nasce com um forte parceiro, a rede ASUN de Supermercados. Quem tamb\u00e9m marca presen\u00e7a \u00e9 o&nbsp;Praia&nbsp;das&nbsp;Gar\u00e7as&nbsp;N\u00e1utico Clube, SICREDI Uni\u00e3o Metropolitana Porto Alegre, Sandronnes Imagens, MADEGESSO, Weber Troca de \u00d3leo, Casca Estamparia, Mult Service RS, Subprefeitura Extremo Sul de Porto Alegre&nbsp;e&nbsp;Portal Francisswim.<\/p>\n\n\n\n<p>E&nbsp;permanece a a\u00e7\u00e3o solid\u00e1ria de arrecada\u00e7\u00e3o de alimentos n\u00e3o perec\u00edveis, que ser\u00e3o doados para a Casa de Apoio Madre Ana.<\/p>\n\n\n\n<p>O projeto Nadando Pelos Cart\u00f5es Postais busca unir esporte&nbsp;e&nbsp;a conscientiza\u00e7\u00e3o ecol\u00f3gica com as suas atividades de&nbsp;\u00e1guas&nbsp;abertas. Saiba mais como participar&nbsp;e&nbsp;apoiar este projeto no site&nbsp;<a href=\"http:\/\/francisswim.com.br\/\" target=\"_blank\" rel=\"noreferrer noopener\">francisswim.com.br<\/a>.<\/p>\n","protected":false},"excerpt":{"rendered":"<p>Um grupo de apaixonados por esportes aqu\u00e1ticos realizar\u00e1 no s\u00e1bado, 19 de fevereiro, o&nbsp;Desafio&nbsp;Praia&nbsp;das&nbsp;Gar\u00e7as, primeiro&nbsp;evento&nbsp;que une&nbsp;nata\u00e7\u00e3o&nbsp;em&nbsp;\u00e1guas&nbsp;abertas,&nbsp;canoagem&nbsp;e&nbsp;Stand&nbsp;Up&nbsp;Paddle&nbsp;no RS. O&nbsp;evento&nbsp;acontecer\u00e1 pela manh\u00e3 na&nbsp;Praia&nbsp;das&nbsp;Gar\u00e7as, bairro Bel\u00e9m Novo, zona sul da capital ga\u00facha,&nbsp;em&nbsp;um local magn\u00edfico bem perto&nbsp;do&nbsp;centro&nbsp;e&nbsp;&#8220;balne\u00e1vel&#8221;. Cerca de 40 participantes de diversas partes&nbsp;do&nbsp;Rio Grande&nbsp;do&nbsp;Sul percorrer\u00e3o um percurso de quatro quil\u00f4metros pelo&nbsp;Lago&nbsp;Gua\u00edba, at\u00e9 a ilha Chico Manoel. O passeio [&hellip;]<\/p>\n","protected":false},"author":8,"featured_media":98520,"comment_status":"open","ping_status":"open","sticky":false,"template":"","format":"standard","meta":{"pmpro_default_level":"","_jetpack_memberships_contains_paid_content":false,"footnotes":""},"categories":[2,5],"tags":[3483,8229,1714],"class_list":{"0":"post-98519","1":"post","2":"type-post","3":"status-publish","4":"format-standard","5":"has-post-thumbnail","7":"category-featured","8":"category-esportes","9":"tag-eventos","10":"tag-lagoo-guaiba","11":"tag-rs","12":"pmpro-has-access"},"yoast_head":"<!-- This site is optimized with the Yoast SEO plugin v27.5 - https:\/\/yoast.com\/product\/yoast-seo-wordpress\/ -->\n<title>Lago Gua\u00edba ser\u00e1 palco do Desafio Praia das Gar\u00e7as - Folha Popular<\/title>\n<meta name=\"robots\" content=\"index, follow, max-snippet:-1, max-image-preview:large, max-video-preview:-1\" \/>\n<link rel=\"canonical\" href=\"https:\/\/folhapopular.info\/index.php\/2022\/02\/14\/lago-guaiba-sera-palco-do-desafio-praia-das-garcas\/\" \/>\n<meta property=\"og:locale\" content=\"pt_BR\" \/>\n<meta property=\"og:type\" content=\"article\" \/>\n<meta property=\"og:title\" content=\"Lago Gua\u00edba ser\u00e1 palco do Desafio Praia das Gar\u00e7as - Folha Popular\" \/>\n<meta property=\"og:description\" content=\"Um grupo de apaixonados por esportes aqu\u00e1ticos realizar\u00e1 no s\u00e1bado, 19 de fevereiro, o&nbsp;Desafio&nbsp;Praia&nbsp;das&nbsp;Gar\u00e7as, primeiro&nbsp;evento&nbsp;que une&nbsp;nata\u00e7\u00e3o&nbsp;em&nbsp;\u00e1guas&nbsp;abertas,&nbsp;canoagem&nbsp;e&nbsp;Stand&nbsp;Up&nbsp;Paddle&nbsp;no RS. O&nbsp;evento&nbsp;acontecer\u00e1 pela manh\u00e3 na&nbsp;Praia&nbsp;das&nbsp;Gar\u00e7as, bairro Bel\u00e9m Novo, zona sul da capital ga\u00facha,&nbsp;em&nbsp;um local magn\u00edfico bem perto&nbsp;do&nbsp;centro&nbsp;e&nbsp;&#8220;balne\u00e1vel&#8221;. Cerca de 40 participantes de diversas partes&nbsp;do&nbsp;Rio Grande&nbsp;do&nbsp;Sul percorrer\u00e3o um percurso de quatro quil\u00f4metros pelo&nbsp;Lago&nbsp;Gua\u00edba, at\u00e9 a ilha Chico Manoel. O passeio [&hellip;]\" \/>\n<meta property=\"og:url\" content=\"https:\/\/folhapopular.info\/index.php\/2022\/02\/14\/lago-guaiba-sera-palco-do-desafio-praia-das-garcas\/\" \/>\n<meta property=\"og:site_name\" content=\"Folha Popular\" \/>\n<meta property=\"article:published_time\" content=\"2022-02-14T18:13:52+00:00\" \/>\n<meta property=\"article:modified_time\" content=\"2022-02-14T20:08:03+00:00\" \/>\n<meta property=\"og:image\" content=\"http:\/\/folhapopular.info\/wp-content\/uploads\/2022\/02\/3-imprensa-e1644862355534.jpg\" \/>\n\t<meta property=\"og:image:width\" content=\"800\" \/>\n\t<meta property=\"og:image:height\" content=\"450\" \/>\n\t<meta property=\"og:image:type\" content=\"image\/jpeg\" \/>\n<meta name=\"author\" content=\"Reda\u00e7\u00e3o Folha Popular\" \/>\n<meta name=\"twitter:card\" content=\"summary_large_image\" \/>\n<meta name=\"twitter:label1\" content=\"Escrito por\" \/>\n\t<meta name=\"twitter:data1\" content=\"Reda\u00e7\u00e3o Folha Popular\" \/>\n\t<meta name=\"twitter:label2\" content=\"Est. tempo de leitura\" \/>\n\t<meta name=\"twitter:data2\" content=\"2 minutos\" \/>\n<script type=\"application\/ld+json\" class=\"yoast-schema-graph\">{\"@context\":\"https:\\\/\\\/schema.org\",\"@graph\":[{\"@type\":\"Article\",\"@id\":\"https:\\\/\\\/folhapopular.info\\\/index.php\\\/2022\\\/02\\\/14\\\/lago-guaiba-sera-palco-do-desafio-praia-das-garcas\\\/#article\",\"isPartOf\":{\"@id\":\"https:\\\/\\\/folhapopular.info\\\/index.php\\\/2022\\\/02\\\/14\\\/lago-guaiba-sera-palco-do-desafio-praia-das-garcas\\\/\"},\"author\":{\"name\":\"Reda\u00e7\u00e3o Folha Popular\",\"@id\":\"https:\\\/\\\/folhapopular.info\\\/#\\\/schema\\\/person\\\/2814e8a0df7643585a9ca38bc6eb9d4b\"},\"headline\":\"Lago Gua\u00edba ser\u00e1 palco do Desafio Praia das Gar\u00e7as\",\"datePublished\":\"2022-02-14T18:13:52+00:00\",\"dateModified\":\"2022-02-14T20:08:03+00:00\",\"mainEntityOfPage\":{\"@id\":\"https:\\\/\\\/folhapopular.info\\\/index.php\\\/2022\\\/02\\\/14\\\/lago-guaiba-sera-palco-do-desafio-praia-das-garcas\\\/\"},\"wordCount\":399,\"commentCount\":0,\"image\":{\"@id\":\"https:\\\/\\\/folhapopular.info\\\/index.php\\\/2022\\\/02\\\/14\\\/lago-guaiba-sera-palco-do-desafio-praia-das-garcas\\\/#primaryimage\"},\"thumbnailUrl\":\"https:\\\/\\\/folhapopular.info\\\/wp-content\\\/uploads\\\/2022\\\/02\\\/3-imprensa-e1644862355534.jpg\",\"keywords\":[\"Eventos\",\"Lagoo Gua\u00edba\",\"RS\"],\"articleSection\":[\"Destaques\",\"Esportes\"],\"inLanguage\":\"pt-BR\",\"potentialAction\":[{\"@type\":\"CommentAction\",\"name\":\"Comment\",\"target\":[\"https:\\\/\\\/folhapopular.info\\\/index.php\\\/2022\\\/02\\\/14\\\/lago-guaiba-sera-palco-do-desafio-praia-das-garcas\\\/#respond\"]}]},{\"@type\":\"WebPage\",\"@id\":\"https:\\\/\\\/folhapopular.info\\\/index.php\\\/2022\\\/02\\\/14\\\/lago-guaiba-sera-palco-do-desafio-praia-das-garcas\\\/\",\"url\":\"https:\\\/\\\/folhapopular.info\\\/index.php\\\/2022\\\/02\\\/14\\\/lago-guaiba-sera-palco-do-desafio-praia-das-garcas\\\/\",\"name\":\"Lago Gua\u00edba ser\u00e1 palco do Desafio Praia das Gar\u00e7as - Folha Popular\",\"isPartOf\":{\"@id\":\"https:\\\/\\\/folhapopular.info\\\/#website\"},\"primaryImageOfPage\":{\"@id\":\"https:\\\/\\\/folhapopular.info\\\/index.php\\\/2022\\\/02\\\/14\\\/lago-guaiba-sera-palco-do-desafio-praia-das-garcas\\\/#primaryimage\"},\"image\":{\"@id\":\"https:\\\/\\\/folhapopular.info\\\/index.php\\\/2022\\\/02\\\/14\\\/lago-guaiba-sera-palco-do-desafio-praia-das-garcas\\\/#primaryimage\"},\"thumbnailUrl\":\"https:\\\/\\\/folhapopular.info\\\/wp-content\\\/uploads\\\/2022\\\/02\\\/3-imprensa-e1644862355534.jpg\",\"datePublished\":\"2022-02-14T18:13:52+00:00\",\"dateModified\":\"2022-02-14T20:08:03+00:00\",\"author\":{\"@id\":\"https:\\\/\\\/folhapopular.info\\\/#\\\/schema\\\/person\\\/2814e8a0df7643585a9ca38bc6eb9d4b\"},\"breadcrumb\":{\"@id\":\"https:\\\/\\\/folhapopular.info\\\/index.php\\\/2022\\\/02\\\/14\\\/lago-guaiba-sera-palco-do-desafio-praia-das-garcas\\\/#breadcrumb\"},\"inLanguage\":\"pt-BR\",\"potentialAction\":[{\"@type\":\"ReadAction\",\"target\":[\"https:\\\/\\\/folhapopular.info\\\/index.php\\\/2022\\\/02\\\/14\\\/lago-guaiba-sera-palco-do-desafio-praia-das-garcas\\\/\"]}]},{\"@type\":\"ImageObject\",\"inLanguage\":\"pt-BR\",\"@id\":\"https:\\\/\\\/folhapopular.info\\\/index.php\\\/2022\\\/02\\\/14\\\/lago-guaiba-sera-palco-do-desafio-praia-das-garcas\\\/#primaryimage\",\"url\":\"https:\\\/\\\/folhapopular.info\\\/wp-content\\\/uploads\\\/2022\\\/02\\\/3-imprensa-e1644862355534.jpg\",\"contentUrl\":\"https:\\\/\\\/folhapopular.info\\\/wp-content\\\/uploads\\\/2022\\\/02\\\/3-imprensa-e1644862355534.jpg\",\"width\":800,\"height\":450,\"caption\":\"Cr\u00e9dito: Soraya Siviero \\\/ Divulga\u00e7\u00e3o\"},{\"@type\":\"BreadcrumbList\",\"@id\":\"https:\\\/\\\/folhapopular.info\\\/index.php\\\/2022\\\/02\\\/14\\\/lago-guaiba-sera-palco-do-desafio-praia-das-garcas\\\/#breadcrumb\",\"itemListElement\":[{\"@type\":\"ListItem\",\"position\":1,\"name\":\"In\u00edcio\",\"item\":\"https:\\\/\\\/folhapopular.info\\\/\"},{\"@type\":\"ListItem\",\"position\":2,\"name\":\"Lago Gua\u00edba ser\u00e1 palco do Desafio Praia das Gar\u00e7as\"}]},{\"@type\":\"WebSite\",\"@id\":\"https:\\\/\\\/folhapopular.info\\\/#website\",\"url\":\"https:\\\/\\\/folhapopular.info\\\/\",\"name\":\"Folha Popular\",\"description\":\"Onde voc\u00ea tem vez e voz\",\"potentialAction\":[{\"@type\":\"SearchAction\",\"target\":{\"@type\":\"EntryPoint\",\"urlTemplate\":\"https:\\\/\\\/folhapopular.info\\\/?s={search_term_string}\"},\"query-input\":{\"@type\":\"PropertyValueSpecification\",\"valueRequired\":true,\"valueName\":\"search_term_string\"}}],\"inLanguage\":\"pt-BR\"},{\"@type\":\"Person\",\"@id\":\"https:\\\/\\\/folhapopular.info\\\/#\\\/schema\\\/person\\\/2814e8a0df7643585a9ca38bc6eb9d4b\",\"name\":\"Reda\u00e7\u00e3o Folha Popular\",\"image\":{\"@type\":\"ImageObject\",\"inLanguage\":\"pt-BR\",\"@id\":\"https:\\\/\\\/folhapopular.info\\\/wp-content\\\/uploads\\\/2026\\\/04\\\/Folha-1.webp\",\"url\":\"https:\\\/\\\/folhapopular.info\\\/wp-content\\\/uploads\\\/2026\\\/04\\\/Folha-1.webp\",\"contentUrl\":\"https:\\\/\\\/folhapopular.info\\\/wp-content\\\/uploads\\\/2026\\\/04\\\/Folha-1.webp\",\"caption\":\"Reda\u00e7\u00e3o Folha Popular\"},\"url\":\"https:\\\/\\\/folhapopular.info\\\/index.php\\\/author\\\/redacao\\\/\"}]}<\/script>\n<!-- \/ Yoast SEO plugin. -->","yoast_head_json":{"title":"Lago Gua\u00edba ser\u00e1 palco do Desafio Praia das Gar\u00e7as - Folha Popular","robots":{"index":"index","follow":"follow","max-snippet":"max-snippet:-1","max-image-preview":"max-image-preview:large","max-video-preview":"max-video-preview:-1"},"canonical":"https:\/\/folhapopular.info\/index.php\/2022\/02\/14\/lago-guaiba-sera-palco-do-desafio-praia-das-garcas\/","og_locale":"pt_BR","og_type":"article","og_title":"Lago Gua\u00edba ser\u00e1 palco do Desafio Praia das Gar\u00e7as - Folha Popular","og_description":"Um grupo de apaixonados por esportes aqu\u00e1ticos realizar\u00e1 no s\u00e1bado, 19 de fevereiro, o&nbsp;Desafio&nbsp;Praia&nbsp;das&nbsp;Gar\u00e7as, primeiro&nbsp;evento&nbsp;que une&nbsp;nata\u00e7\u00e3o&nbsp;em&nbsp;\u00e1guas&nbsp;abertas,&nbsp;canoagem&nbsp;e&nbsp;Stand&nbsp;Up&nbsp;Paddle&nbsp;no RS. O&nbsp;evento&nbsp;acontecer\u00e1 pela manh\u00e3 na&nbsp;Praia&nbsp;das&nbsp;Gar\u00e7as, bairro Bel\u00e9m Novo, zona sul da capital ga\u00facha,&nbsp;em&nbsp;um local magn\u00edfico bem perto&nbsp;do&nbsp;centro&nbsp;e&nbsp;&#8220;balne\u00e1vel&#8221;. Cerca de 40 participantes de diversas partes&nbsp;do&nbsp;Rio Grande&nbsp;do&nbsp;Sul percorrer\u00e3o um percurso de quatro quil\u00f4metros pelo&nbsp;Lago&nbsp;Gua\u00edba, at\u00e9 a ilha Chico Manoel. O passeio [&hellip;]","og_url":"https:\/\/folhapopular.info\/index.php\/2022\/02\/14\/lago-guaiba-sera-palco-do-desafio-praia-das-garcas\/","og_site_name":"Folha Popular","article_published_time":"2022-02-14T18:13:52+00:00","article_modified_time":"2022-02-14T20:08:03+00:00","og_image":[{"width":800,"height":450,"url":"http:\/\/folhapopular.info\/wp-content\/uploads\/2022\/02\/3-imprensa-e1644862355534.jpg","type":"image\/jpeg"}],"author":"Reda\u00e7\u00e3o Folha Popular","twitter_card":"summary_large_image","twitter_misc":{"Escrito por":"Reda\u00e7\u00e3o Folha Popular","Est. tempo de leitura":"2 minutos"},"schema":{"@context":"https:\/\/schema.org","@graph":[{"@type":"Article","@id":"https:\/\/folhapopular.info\/index.php\/2022\/02\/14\/lago-guaiba-sera-palco-do-desafio-praia-das-garcas\/#article","isPartOf":{"@id":"https:\/\/folhapopular.info\/index.php\/2022\/02\/14\/lago-guaiba-sera-palco-do-desafio-praia-das-garcas\/"},"author":{"name":"Reda\u00e7\u00e3o Folha Popular","@id":"https:\/\/folhapopular.info\/#\/schema\/person\/2814e8a0df7643585a9ca38bc6eb9d4b"},"headline":"Lago Gua\u00edba ser\u00e1 palco do Desafio Praia das Gar\u00e7as","datePublished":"2022-02-14T18:13:52+00:00","dateModified":"2022-02-14T20:08:03+00:00","mainEntityOfPage":{"@id":"https:\/\/folhapopular.info\/index.php\/2022\/02\/14\/lago-guaiba-sera-palco-do-desafio-praia-das-garcas\/"},"wordCount":399,"commentCount":0,"image":{"@id":"https:\/\/folhapopular.info\/index.php\/2022\/02\/14\/lago-guaiba-sera-palco-do-desafio-praia-das-garcas\/#primaryimage"},"thumbnailUrl":"https:\/\/folhapopular.info\/wp-content\/uploads\/2022\/02\/3-imprensa-e1644862355534.jpg","keywords":["Eventos","Lagoo Gua\u00edba","RS"],"articleSection":["Destaques","Esportes"],"inLanguage":"pt-BR","potentialAction":[{"@type":"CommentAction","name":"Comment","target":["https:\/\/folhapopular.info\/index.php\/2022\/02\/14\/lago-guaiba-sera-palco-do-desafio-praia-das-garcas\/#respond"]}]},{"@type":"WebPage","@id":"https:\/\/folhapopular.info\/index.php\/2022\/02\/14\/lago-guaiba-sera-palco-do-desafio-praia-das-garcas\/","url":"https:\/\/folhapopular.info\/index.php\/2022\/02\/14\/lago-guaiba-sera-palco-do-desafio-praia-das-garcas\/","name":"Lago Gua\u00edba ser\u00e1 palco do Desafio Praia das Gar\u00e7as - Folha Popular","isPartOf":{"@id":"https:\/\/folhapopular.info\/#website"},"primaryImageOfPage":{"@id":"https:\/\/folhapopular.info\/index.php\/2022\/02\/14\/lago-guaiba-sera-palco-do-desafio-praia-das-garcas\/#primaryimage"},"image":{"@id":"https:\/\/folhapopular.info\/index.php\/2022\/02\/14\/lago-guaiba-sera-palco-do-desafio-praia-das-garcas\/#primaryimage"},"thumbnailUrl":"https:\/\/folhapopular.info\/wp-content\/uploads\/2022\/02\/3-imprensa-e1644862355534.jpg","datePublished":"2022-02-14T18:13:52+00:00","dateModified":"2022-02-14T20:08:03+00:00","author":{"@id":"https:\/\/folhapopular.info\/#\/schema\/person\/2814e8a0df7643585a9ca38bc6eb9d4b"},"breadcrumb":{"@id":"https:\/\/folhapopular.info\/index.php\/2022\/02\/14\/lago-guaiba-sera-palco-do-desafio-praia-das-garcas\/#breadcrumb"},"inLanguage":"pt-BR","potentialAction":[{"@type":"ReadAction","target":["https:\/\/folhapopular.info\/index.php\/2022\/02\/14\/lago-guaiba-sera-palco-do-desafio-praia-das-garcas\/"]}]},{"@type":"ImageObject","inLanguage":"pt-BR","@id":"https:\/\/folhapopular.info\/index.php\/2022\/02\/14\/lago-guaiba-sera-palco-do-desafio-praia-das-garcas\/#primaryimage","url":"https:\/\/folhapopular.info\/wp-content\/uploads\/2022\/02\/3-imprensa-e1644862355534.jpg","contentUrl":"https:\/\/folhapopular.info\/wp-content\/uploads\/2022\/02\/3-imprensa-e1644862355534.jpg","width":800,"height":450,"caption":"Cr\u00e9dito: Soraya Siviero \/ Divulga\u00e7\u00e3o"},{"@type":"BreadcrumbList","@id":"https:\/\/folhapopular.info\/index.php\/2022\/02\/14\/lago-guaiba-sera-palco-do-desafio-praia-das-garcas\/#breadcrumb","itemListElement":[{"@type":"ListItem","position":1,"name":"In\u00edcio","item":"https:\/\/folhapopular.info\/"},{"@type":"ListItem","position":2,"name":"Lago Gua\u00edba ser\u00e1 palco do Desafio Praia das Gar\u00e7as"}]},{"@type":"WebSite","@id":"https:\/\/folhapopular.info\/#website","url":"https:\/\/folhapopular.info\/","name":"Folha Popular","description":"Onde voc\u00ea tem vez e voz","potentialAction":[{"@type":"SearchAction","target":{"@type":"EntryPoint","urlTemplate":"https:\/\/folhapopular.info\/?s={search_term_string}"},"query-input":{"@type":"PropertyValueSpecification","valueRequired":true,"valueName":"search_term_string"}}],"inLanguage":"pt-BR"},{"@type":"Person","@id":"https:\/\/folhapopular.info\/#\/schema\/person\/2814e8a0df7643585a9ca38bc6eb9d4b","name":"Reda\u00e7\u00e3o Folha Popular","image":{"@type":"ImageObject","inLanguage":"pt-BR","@id":"https:\/\/folhapopular.info\/wp-content\/uploads\/2026\/04\/Folha-1.webp","url":"https:\/\/folhapopular.info\/wp-content\/uploads\/2026\/04\/Folha-1.webp","contentUrl":"https:\/\/folhapopular.info\/wp-content\/uploads\/2026\/04\/Folha-1.webp","caption":"Reda\u00e7\u00e3o Folha Popular"},"url":"https:\/\/folhapopular.info\/index.php\/author\/redacao\/"}]}},"jetpack_featured_media_url":"https:\/\/folhapopular.info\/wp-content\/uploads\/2022\/02\/3-imprensa-e1644862355534.jpg","jetpack_sharing_enabled":true,"amp_enabled":true,"_links":{"self":[{"href":"https:\/\/folhapopular.info\/index.php\/wp-json\/wp\/v2\/posts\/98519","targetHints":{"allow":["GET"]}}],"collection":[{"href":"https:\/\/folhapopular.info\/index.php\/wp-json\/wp\/v2\/posts"}],"about":[{"href":"https:\/\/folhapopular.info\/index.php\/wp-json\/wp\/v2\/types\/post"}],"author":[{"embeddable":true,"href":"https:\/\/folhapopular.info\/index.php\/wp-json\/wp\/v2\/users\/8"}],"replies":[{"embeddable":true,"href":"https:\/\/folhapopular.info\/index.php\/wp-json\/wp\/v2\/comments?post=98519"}],"version-history":[{"count":0,"href":"https:\/\/folhapopular.info\/index.php\/wp-json\/wp\/v2\/posts\/98519\/revisions"}],"wp:featuredmedia":[{"embeddable":true,"href":"https:\/\/folhapopular.info\/index.php\/wp-json\/wp\/v2\/media\/98520"}],"wp:attachment":[{"href":"https:\/\/folhapopular.info\/index.php\/wp-json\/wp\/v2\/media?parent=98519"}],"wp:term":[{"taxonomy":"category","embeddable":true,"href":"https:\/\/folhapopular.info\/index.php\/wp-json\/wp\/v2\/categories?post=98519"},{"taxonomy":"post_tag","embeddable":true,"href":"https:\/\/folhapopular.info\/index.php\/wp-json\/wp\/v2\/tags?post=98519"}],"curies":[{"name":"wp","href":"https:\/\/api.w.org\/{rel}","templated":true}]}}