{"id":98570,"date":"2022-02-15T09:34:26","date_gmt":"2022-02-15T12:34:26","guid":{"rendered":"https:\/\/folhapopular.info\/?p=98570"},"modified":"2022-02-15T09:34:31","modified_gmt":"2022-02-15T12:34:31","slug":"cabos-de-energia-sao-furtados-proximo-a-ponte-de-ferro-em-arroio-do-meio","status":"publish","type":"post","link":"https:\/\/folhapopular.info\/index.php\/2022\/02\/15\/cabos-de-energia-sao-furtados-proximo-a-ponte-de-ferro-em-arroio-do-meio\/","title":{"rendered":"Cabos de energia s\u00e3o furtados pr\u00f3ximo \u00e0 Ponte de Ferro em Arroio do Meio"},"content":{"rendered":"\n<p>Funcion\u00e1rios do departamento de Servi\u00e7os Urbanos e uma equipe terceirizada realizaram na quinta-feira (10\/2), o restabelecimento da energia el\u00e9trica na Ponte de Ferro, ap\u00f3s o furto de cem metros de fia\u00e7\u00e3o de cobre da rede de ilumina\u00e7\u00e3o p\u00fablica pr\u00f3xima ao local.<\/p>\n\n\n\n<p>Conforme registro feito nesta sexta-feira (11\/2), na Delegacia de Pol\u00edcia, em decorr\u00eancia do furto, cinco l\u00e2mpadas de led da ilumina\u00e7\u00e3o p\u00fablica n\u00e3o estavam funcionando. Os fios estavam instalados a uma altura de mais de cinco metros e foram cortados junto aos postes. Segundo populares, o local estava sem energia desde ter\u00e7a-feira (8\/2)<\/p>\n","protected":false},"excerpt":{"rendered":"<p>Funcion\u00e1rios do departamento de Servi\u00e7os Urbanos e uma equipe terceirizada realizaram na quinta-feira (10\/2), o restabelecimento da energia el\u00e9trica na Ponte de Ferro, ap\u00f3s o furto de cem metros de fia\u00e7\u00e3o de cobre da rede de ilumina\u00e7\u00e3o p\u00fablica pr\u00f3xima ao local. Conforme registro feito nesta sexta-feira (11\/2), na Delegacia de Pol\u00edcia, em decorr\u00eancia do furto, [&hellip;]<\/p>\n","protected":false},"author":8,"featured_media":98571,"comment_status":"open","ping_status":"open","sticky":false,"template":"","format":"standard","meta":{"pmpro_default_level":"","_jetpack_memberships_contains_paid_content":false,"footnotes":""},"categories":[2,3],"tags":[140,8230,6162,2920,71,4401],"class_list":{"0":"post-98570","1":"post","2":"type-post","3":"status-publish","4":"format-standard","5":"has-post-thumbnail","7":"category-featured","8":"category-geral","9":"tag-arroio-do-meio","10":"tag-cabos","11":"tag-delegacia-de-policia","12":"tag-energia","13":"tag-furto","14":"tag-iluminacao-publica","15":"pmpro-has-access"},"yoast_head":"<!-- This site is optimized with the Yoast SEO plugin v27.5 - https:\/\/yoast.com\/product\/yoast-seo-wordpress\/ -->\n<title>Cabos de energia s\u00e3o furtados pr\u00f3ximo \u00e0 Ponte de Ferro em Arroio do Meio - Folha Popular<\/title>\n<meta name=\"robots\" content=\"index, follow, max-snippet:-1, max-image-preview:large, max-video-preview:-1\" \/>\n<link rel=\"canonical\" href=\"https:\/\/folhapopular.info\/index.php\/2022\/02\/15\/cabos-de-energia-sao-furtados-proximo-a-ponte-de-ferro-em-arroio-do-meio\/\" \/>\n<meta property=\"og:locale\" content=\"pt_BR\" \/>\n<meta property=\"og:type\" content=\"article\" \/>\n<meta property=\"og:title\" content=\"Cabos de energia s\u00e3o furtados pr\u00f3ximo \u00e0 Ponte de Ferro em Arroio do Meio - Folha Popular\" \/>\n<meta property=\"og:description\" content=\"Funcion\u00e1rios do departamento de Servi\u00e7os Urbanos e uma equipe terceirizada realizaram na quinta-feira (10\/2), o restabelecimento da energia el\u00e9trica na Ponte de Ferro, ap\u00f3s o furto de cem metros de fia\u00e7\u00e3o de cobre da rede de ilumina\u00e7\u00e3o p\u00fablica pr\u00f3xima ao local. Conforme registro feito nesta sexta-feira (11\/2), na Delegacia de Pol\u00edcia, em decorr\u00eancia do furto, [&hellip;]\" \/>\n<meta property=\"og:url\" content=\"https:\/\/folhapopular.info\/index.php\/2022\/02\/15\/cabos-de-energia-sao-furtados-proximo-a-ponte-de-ferro-em-arroio-do-meio\/\" \/>\n<meta property=\"og:site_name\" content=\"Folha Popular\" \/>\n<meta property=\"article:published_time\" content=\"2022-02-15T12:34:26+00:00\" \/>\n<meta property=\"article:modified_time\" content=\"2022-02-15T12:34:31+00:00\" \/>\n<meta property=\"og:image\" content=\"http:\/\/folhapopular.info\/wp-content\/uploads\/2022\/02\/Iluminacao-Ponte-de-Ferro-e1644927756726.jpg\" \/>\n\t<meta property=\"og:image:width\" content=\"800\" \/>\n\t<meta property=\"og:image:height\" content=\"600\" \/>\n\t<meta property=\"og:image:type\" content=\"image\/jpeg\" \/>\n<meta name=\"author\" content=\"Reda\u00e7\u00e3o Folha Popular\" \/>\n<meta name=\"twitter:card\" content=\"summary_large_image\" \/>\n<meta name=\"twitter:label1\" content=\"Escrito por\" \/>\n\t<meta name=\"twitter:data1\" content=\"Reda\u00e7\u00e3o Folha Popular\" \/>\n\t<meta name=\"twitter:label2\" content=\"Est. tempo de leitura\" \/>\n\t<meta name=\"twitter:data2\" content=\"1 minuto\" \/>\n<script type=\"application\/ld+json\" class=\"yoast-schema-graph\">{\"@context\":\"https:\\\/\\\/schema.org\",\"@graph\":[{\"@type\":\"Article\",\"@id\":\"https:\\\/\\\/folhapopular.info\\\/index.php\\\/2022\\\/02\\\/15\\\/cabos-de-energia-sao-furtados-proximo-a-ponte-de-ferro-em-arroio-do-meio\\\/#article\",\"isPartOf\":{\"@id\":\"https:\\\/\\\/folhapopular.info\\\/index.php\\\/2022\\\/02\\\/15\\\/cabos-de-energia-sao-furtados-proximo-a-ponte-de-ferro-em-arroio-do-meio\\\/\"},\"author\":{\"name\":\"Reda\u00e7\u00e3o Folha Popular\",\"@id\":\"https:\\\/\\\/folhapopular.info\\\/#\\\/schema\\\/person\\\/2814e8a0df7643585a9ca38bc6eb9d4b\"},\"headline\":\"Cabos de energia s\u00e3o furtados pr\u00f3ximo \u00e0 Ponte de Ferro em Arroio do Meio\",\"datePublished\":\"2022-02-15T12:34:26+00:00\",\"dateModified\":\"2022-02-15T12:34:31+00:00\",\"mainEntityOfPage\":{\"@id\":\"https:\\\/\\\/folhapopular.info\\\/index.php\\\/2022\\\/02\\\/15\\\/cabos-de-energia-sao-furtados-proximo-a-ponte-de-ferro-em-arroio-do-meio\\\/\"},\"wordCount\":120,\"commentCount\":0,\"image\":{\"@id\":\"https:\\\/\\\/folhapopular.info\\\/index.php\\\/2022\\\/02\\\/15\\\/cabos-de-energia-sao-furtados-proximo-a-ponte-de-ferro-em-arroio-do-meio\\\/#primaryimage\"},\"thumbnailUrl\":\"https:\\\/\\\/folhapopular.info\\\/wp-content\\\/uploads\\\/2022\\\/02\\\/Iluminacao-Ponte-de-Ferro-e1644927756726.jpg\",\"keywords\":[\"Arroio do Meio\",\"cabos\",\"Delegacia de Pol\u00edcia\",\"Energia\",\"furto\",\"ilumina\u00e7\u00e3o p\u00fablica\"],\"articleSection\":[\"Destaques\",\"Geral\"],\"inLanguage\":\"pt-BR\",\"potentialAction\":[{\"@type\":\"CommentAction\",\"name\":\"Comment\",\"target\":[\"https:\\\/\\\/folhapopular.info\\\/index.php\\\/2022\\\/02\\\/15\\\/cabos-de-energia-sao-furtados-proximo-a-ponte-de-ferro-em-arroio-do-meio\\\/#respond\"]}]},{\"@type\":\"WebPage\",\"@id\":\"https:\\\/\\\/folhapopular.info\\\/index.php\\\/2022\\\/02\\\/15\\\/cabos-de-energia-sao-furtados-proximo-a-ponte-de-ferro-em-arroio-do-meio\\\/\",\"url\":\"https:\\\/\\\/folhapopular.info\\\/index.php\\\/2022\\\/02\\\/15\\\/cabos-de-energia-sao-furtados-proximo-a-ponte-de-ferro-em-arroio-do-meio\\\/\",\"name\":\"Cabos de energia s\u00e3o furtados pr\u00f3ximo \u00e0 Ponte de Ferro em Arroio do Meio - Folha Popular\",\"isPartOf\":{\"@id\":\"https:\\\/\\\/folhapopular.info\\\/#website\"},\"primaryImageOfPage\":{\"@id\":\"https:\\\/\\\/folhapopular.info\\\/index.php\\\/2022\\\/02\\\/15\\\/cabos-de-energia-sao-furtados-proximo-a-ponte-de-ferro-em-arroio-do-meio\\\/#primaryimage\"},\"image\":{\"@id\":\"https:\\\/\\\/folhapopular.info\\\/index.php\\\/2022\\\/02\\\/15\\\/cabos-de-energia-sao-furtados-proximo-a-ponte-de-ferro-em-arroio-do-meio\\\/#primaryimage\"},\"thumbnailUrl\":\"https:\\\/\\\/folhapopular.info\\\/wp-content\\\/uploads\\\/2022\\\/02\\\/Iluminacao-Ponte-de-Ferro-e1644927756726.jpg\",\"datePublished\":\"2022-02-15T12:34:26+00:00\",\"dateModified\":\"2022-02-15T12:34:31+00:00\",\"author\":{\"@id\":\"https:\\\/\\\/folhapopular.info\\\/#\\\/schema\\\/person\\\/2814e8a0df7643585a9ca38bc6eb9d4b\"},\"breadcrumb\":{\"@id\":\"https:\\\/\\\/folhapopular.info\\\/index.php\\\/2022\\\/02\\\/15\\\/cabos-de-energia-sao-furtados-proximo-a-ponte-de-ferro-em-arroio-do-meio\\\/#breadcrumb\"},\"inLanguage\":\"pt-BR\",\"potentialAction\":[{\"@type\":\"ReadAction\",\"target\":[\"https:\\\/\\\/folhapopular.info\\\/index.php\\\/2022\\\/02\\\/15\\\/cabos-de-energia-sao-furtados-proximo-a-ponte-de-ferro-em-arroio-do-meio\\\/\"]}]},{\"@type\":\"ImageObject\",\"inLanguage\":\"pt-BR\",\"@id\":\"https:\\\/\\\/folhapopular.info\\\/index.php\\\/2022\\\/02\\\/15\\\/cabos-de-energia-sao-furtados-proximo-a-ponte-de-ferro-em-arroio-do-meio\\\/#primaryimage\",\"url\":\"https:\\\/\\\/folhapopular.info\\\/wp-content\\\/uploads\\\/2022\\\/02\\\/Iluminacao-Ponte-de-Ferro-e1644927756726.jpg\",\"contentUrl\":\"https:\\\/\\\/folhapopular.info\\\/wp-content\\\/uploads\\\/2022\\\/02\\\/Iluminacao-Ponte-de-Ferro-e1644927756726.jpg\",\"width\":800,\"height\":600,\"caption\":\"Cr\u00e9dito da foto: Divulga\u00e7\u00e3o\"},{\"@type\":\"BreadcrumbList\",\"@id\":\"https:\\\/\\\/folhapopular.info\\\/index.php\\\/2022\\\/02\\\/15\\\/cabos-de-energia-sao-furtados-proximo-a-ponte-de-ferro-em-arroio-do-meio\\\/#breadcrumb\",\"itemListElement\":[{\"@type\":\"ListItem\",\"position\":1,\"name\":\"In\u00edcio\",\"item\":\"https:\\\/\\\/folhapopular.info\\\/\"},{\"@type\":\"ListItem\",\"position\":2,\"name\":\"Cabos de energia s\u00e3o furtados pr\u00f3ximo \u00e0 Ponte de Ferro em Arroio do Meio\"}]},{\"@type\":\"WebSite\",\"@id\":\"https:\\\/\\\/folhapopular.info\\\/#website\",\"url\":\"https:\\\/\\\/folhapopular.info\\\/\",\"name\":\"Folha Popular\",\"description\":\"Onde voc\u00ea tem vez e voz\",\"potentialAction\":[{\"@type\":\"SearchAction\",\"target\":{\"@type\":\"EntryPoint\",\"urlTemplate\":\"https:\\\/\\\/folhapopular.info\\\/?s={search_term_string}\"},\"query-input\":{\"@type\":\"PropertyValueSpecification\",\"valueRequired\":true,\"valueName\":\"search_term_string\"}}],\"inLanguage\":\"pt-BR\"},{\"@type\":\"Person\",\"@id\":\"https:\\\/\\\/folhapopular.info\\\/#\\\/schema\\\/person\\\/2814e8a0df7643585a9ca38bc6eb9d4b\",\"name\":\"Reda\u00e7\u00e3o Folha Popular\",\"image\":{\"@type\":\"ImageObject\",\"inLanguage\":\"pt-BR\",\"@id\":\"https:\\\/\\\/folhapopular.info\\\/wp-content\\\/uploads\\\/2026\\\/04\\\/Folha-1.webp\",\"url\":\"https:\\\/\\\/folhapopular.info\\\/wp-content\\\/uploads\\\/2026\\\/04\\\/Folha-1.webp\",\"contentUrl\":\"https:\\\/\\\/folhapopular.info\\\/wp-content\\\/uploads\\\/2026\\\/04\\\/Folha-1.webp\",\"caption\":\"Reda\u00e7\u00e3o Folha Popular\"},\"url\":\"https:\\\/\\\/folhapopular.info\\\/index.php\\\/author\\\/redacao\\\/\"}]}<\/script>\n<!-- \/ Yoast SEO plugin. -->","yoast_head_json":{"title":"Cabos de energia s\u00e3o furtados pr\u00f3ximo \u00e0 Ponte de Ferro em Arroio do Meio - Folha Popular","robots":{"index":"index","follow":"follow","max-snippet":"max-snippet:-1","max-image-preview":"max-image-preview:large","max-video-preview":"max-video-preview:-1"},"canonical":"https:\/\/folhapopular.info\/index.php\/2022\/02\/15\/cabos-de-energia-sao-furtados-proximo-a-ponte-de-ferro-em-arroio-do-meio\/","og_locale":"pt_BR","og_type":"article","og_title":"Cabos de energia s\u00e3o furtados pr\u00f3ximo \u00e0 Ponte de Ferro em Arroio do Meio - Folha Popular","og_description":"Funcion\u00e1rios do departamento de Servi\u00e7os Urbanos e uma equipe terceirizada realizaram na quinta-feira (10\/2), o restabelecimento da energia el\u00e9trica na Ponte de Ferro, ap\u00f3s o furto de cem metros de fia\u00e7\u00e3o de cobre da rede de ilumina\u00e7\u00e3o p\u00fablica pr\u00f3xima ao local. Conforme registro feito nesta sexta-feira (11\/2), na Delegacia de Pol\u00edcia, em decorr\u00eancia do furto, [&hellip;]","og_url":"https:\/\/folhapopular.info\/index.php\/2022\/02\/15\/cabos-de-energia-sao-furtados-proximo-a-ponte-de-ferro-em-arroio-do-meio\/","og_site_name":"Folha Popular","article_published_time":"2022-02-15T12:34:26+00:00","article_modified_time":"2022-02-15T12:34:31+00:00","og_image":[{"width":800,"height":600,"url":"http:\/\/folhapopular.info\/wp-content\/uploads\/2022\/02\/Iluminacao-Ponte-de-Ferro-e1644927756726.jpg","type":"image\/jpeg"}],"author":"Reda\u00e7\u00e3o Folha Popular","twitter_card":"summary_large_image","twitter_misc":{"Escrito por":"Reda\u00e7\u00e3o Folha Popular","Est. tempo de leitura":"1 minuto"},"schema":{"@context":"https:\/\/schema.org","@graph":[{"@type":"Article","@id":"https:\/\/folhapopular.info\/index.php\/2022\/02\/15\/cabos-de-energia-sao-furtados-proximo-a-ponte-de-ferro-em-arroio-do-meio\/#article","isPartOf":{"@id":"https:\/\/folhapopular.info\/index.php\/2022\/02\/15\/cabos-de-energia-sao-furtados-proximo-a-ponte-de-ferro-em-arroio-do-meio\/"},"author":{"name":"Reda\u00e7\u00e3o Folha Popular","@id":"https:\/\/folhapopular.info\/#\/schema\/person\/2814e8a0df7643585a9ca38bc6eb9d4b"},"headline":"Cabos de energia s\u00e3o furtados pr\u00f3ximo \u00e0 Ponte de Ferro em Arroio do Meio","datePublished":"2022-02-15T12:34:26+00:00","dateModified":"2022-02-15T12:34:31+00:00","mainEntityOfPage":{"@id":"https:\/\/folhapopular.info\/index.php\/2022\/02\/15\/cabos-de-energia-sao-furtados-proximo-a-ponte-de-ferro-em-arroio-do-meio\/"},"wordCount":120,"commentCount":0,"image":{"@id":"https:\/\/folhapopular.info\/index.php\/2022\/02\/15\/cabos-de-energia-sao-furtados-proximo-a-ponte-de-ferro-em-arroio-do-meio\/#primaryimage"},"thumbnailUrl":"https:\/\/folhapopular.info\/wp-content\/uploads\/2022\/02\/Iluminacao-Ponte-de-Ferro-e1644927756726.jpg","keywords":["Arroio do Meio","cabos","Delegacia de Pol\u00edcia","Energia","furto","ilumina\u00e7\u00e3o p\u00fablica"],"articleSection":["Destaques","Geral"],"inLanguage":"pt-BR","potentialAction":[{"@type":"CommentAction","name":"Comment","target":["https:\/\/folhapopular.info\/index.php\/2022\/02\/15\/cabos-de-energia-sao-furtados-proximo-a-ponte-de-ferro-em-arroio-do-meio\/#respond"]}]},{"@type":"WebPage","@id":"https:\/\/folhapopular.info\/index.php\/2022\/02\/15\/cabos-de-energia-sao-furtados-proximo-a-ponte-de-ferro-em-arroio-do-meio\/","url":"https:\/\/folhapopular.info\/index.php\/2022\/02\/15\/cabos-de-energia-sao-furtados-proximo-a-ponte-de-ferro-em-arroio-do-meio\/","name":"Cabos de energia s\u00e3o furtados pr\u00f3ximo \u00e0 Ponte de Ferro em Arroio do Meio - Folha Popular","isPartOf":{"@id":"https:\/\/folhapopular.info\/#website"},"primaryImageOfPage":{"@id":"https:\/\/folhapopular.info\/index.php\/2022\/02\/15\/cabos-de-energia-sao-furtados-proximo-a-ponte-de-ferro-em-arroio-do-meio\/#primaryimage"},"image":{"@id":"https:\/\/folhapopular.info\/index.php\/2022\/02\/15\/cabos-de-energia-sao-furtados-proximo-a-ponte-de-ferro-em-arroio-do-meio\/#primaryimage"},"thumbnailUrl":"https:\/\/folhapopular.info\/wp-content\/uploads\/2022\/02\/Iluminacao-Ponte-de-Ferro-e1644927756726.jpg","datePublished":"2022-02-15T12:34:26+00:00","dateModified":"2022-02-15T12:34:31+00:00","author":{"@id":"https:\/\/folhapopular.info\/#\/schema\/person\/2814e8a0df7643585a9ca38bc6eb9d4b"},"breadcrumb":{"@id":"https:\/\/folhapopular.info\/index.php\/2022\/02\/15\/cabos-de-energia-sao-furtados-proximo-a-ponte-de-ferro-em-arroio-do-meio\/#breadcrumb"},"inLanguage":"pt-BR","potentialAction":[{"@type":"ReadAction","target":["https:\/\/folhapopular.info\/index.php\/2022\/02\/15\/cabos-de-energia-sao-furtados-proximo-a-ponte-de-ferro-em-arroio-do-meio\/"]}]},{"@type":"ImageObject","inLanguage":"pt-BR","@id":"https:\/\/folhapopular.info\/index.php\/2022\/02\/15\/cabos-de-energia-sao-furtados-proximo-a-ponte-de-ferro-em-arroio-do-meio\/#primaryimage","url":"https:\/\/folhapopular.info\/wp-content\/uploads\/2022\/02\/Iluminacao-Ponte-de-Ferro-e1644927756726.jpg","contentUrl":"https:\/\/folhapopular.info\/wp-content\/uploads\/2022\/02\/Iluminacao-Ponte-de-Ferro-e1644927756726.jpg","width":800,"height":600,"caption":"Cr\u00e9dito da foto: Divulga\u00e7\u00e3o"},{"@type":"BreadcrumbList","@id":"https:\/\/folhapopular.info\/index.php\/2022\/02\/15\/cabos-de-energia-sao-furtados-proximo-a-ponte-de-ferro-em-arroio-do-meio\/#breadcrumb","itemListElement":[{"@type":"ListItem","position":1,"name":"In\u00edcio","item":"https:\/\/folhapopular.info\/"},{"@type":"ListItem","position":2,"name":"Cabos de energia s\u00e3o furtados pr\u00f3ximo \u00e0 Ponte de Ferro em Arroio do Meio"}]},{"@type":"WebSite","@id":"https:\/\/folhapopular.info\/#website","url":"https:\/\/folhapopular.info\/","name":"Folha Popular","description":"Onde voc\u00ea tem vez e voz","potentialAction":[{"@type":"SearchAction","target":{"@type":"EntryPoint","urlTemplate":"https:\/\/folhapopular.info\/?s={search_term_string}"},"query-input":{"@type":"PropertyValueSpecification","valueRequired":true,"valueName":"search_term_string"}}],"inLanguage":"pt-BR"},{"@type":"Person","@id":"https:\/\/folhapopular.info\/#\/schema\/person\/2814e8a0df7643585a9ca38bc6eb9d4b","name":"Reda\u00e7\u00e3o Folha Popular","image":{"@type":"ImageObject","inLanguage":"pt-BR","@id":"https:\/\/folhapopular.info\/wp-content\/uploads\/2026\/04\/Folha-1.webp","url":"https:\/\/folhapopular.info\/wp-content\/uploads\/2026\/04\/Folha-1.webp","contentUrl":"https:\/\/folhapopular.info\/wp-content\/uploads\/2026\/04\/Folha-1.webp","caption":"Reda\u00e7\u00e3o Folha Popular"},"url":"https:\/\/folhapopular.info\/index.php\/author\/redacao\/"}]}},"jetpack_featured_media_url":"https:\/\/folhapopular.info\/wp-content\/uploads\/2022\/02\/Iluminacao-Ponte-de-Ferro-e1644927756726.jpg","jetpack_sharing_enabled":true,"amp_enabled":true,"_links":{"self":[{"href":"https:\/\/folhapopular.info\/index.php\/wp-json\/wp\/v2\/posts\/98570","targetHints":{"allow":["GET"]}}],"collection":[{"href":"https:\/\/folhapopular.info\/index.php\/wp-json\/wp\/v2\/posts"}],"about":[{"href":"https:\/\/folhapopular.info\/index.php\/wp-json\/wp\/v2\/types\/post"}],"author":[{"embeddable":true,"href":"https:\/\/folhapopular.info\/index.php\/wp-json\/wp\/v2\/users\/8"}],"replies":[{"embeddable":true,"href":"https:\/\/folhapopular.info\/index.php\/wp-json\/wp\/v2\/comments?post=98570"}],"version-history":[{"count":0,"href":"https:\/\/folhapopular.info\/index.php\/wp-json\/wp\/v2\/posts\/98570\/revisions"}],"wp:featuredmedia":[{"embeddable":true,"href":"https:\/\/folhapopular.info\/index.php\/wp-json\/wp\/v2\/media\/98571"}],"wp:attachment":[{"href":"https:\/\/folhapopular.info\/index.php\/wp-json\/wp\/v2\/media?parent=98570"}],"wp:term":[{"taxonomy":"category","embeddable":true,"href":"https:\/\/folhapopular.info\/index.php\/wp-json\/wp\/v2\/categories?post=98570"},{"taxonomy":"post_tag","embeddable":true,"href":"https:\/\/folhapopular.info\/index.php\/wp-json\/wp\/v2\/tags?post=98570"}],"curies":[{"name":"wp","href":"https:\/\/api.w.org\/{rel}","templated":true}]}}