{"id":98649,"date":"2022-02-16T10:06:12","date_gmt":"2022-02-16T13:06:12","guid":{"rendered":"https:\/\/folhapopular.info\/?p=98649"},"modified":"2022-02-16T10:12:39","modified_gmt":"2022-02-16T13:12:39","slug":"horta-comunitaria-de-teutonia-promove-doacao-de-materiais-escolares","status":"publish","type":"post","link":"https:\/\/folhapopular.info\/index.php\/2022\/02\/16\/horta-comunitaria-de-teutonia-promove-doacao-de-materiais-escolares\/","title":{"rendered":"Horta comunit\u00e1ria de Teut\u00f4nia promove doa\u00e7\u00e3o de materiais escolares"},"content":{"rendered":"\n<p>A volunt\u00e1ria Mirian Magedanz compartilhou, em entrevista ao Espa\u00e7o Aberto da R\u00e1dio Popular, na segunda-feira (14\/2), informa\u00e7\u00f5es a respeito de projeto desenvolvido pela Horta Comunit\u00e1ria e Mercado Solid\u00e1rio que estimula a comunidade a doar materiais escolares para as crian\u00e7as nessa volta \u00e0s aulas.<br>Mirian conta que o projeto passou a ser pensado em janeiro com objetivo de auxiliar fam\u00edlias e crian\u00e7as que n\u00e3o t\u00eam condi\u00e7\u00f5es de comprar todo ou parte do material escolar para in\u00edcio do ano letivo. \u201cA gente pediu para as fam\u00edlias que precisassem desse apoio nos mandassem a lista de material escolar da crian\u00e7a e riscassem os itens que elas n\u00e3o precisavam e a\u00ed fomos montando as mochilas de acordo com as doa\u00e7\u00f5es\u201d. Relata ainda que a ideia inicial era montar 30 mochilas, mas gra\u00e7as ao apoio da comunidade, conclu\u00edram com 45.<br>A volunt\u00e1ria informou tamb\u00e9m que contemplados pelo projeto da horta, assinaram um documento que foi repassado para a prefeitura de Teut\u00f4nia, pois a mesma tamb\u00e9m estava distribuindo materiais escolares. \u201c\u00c9 bom falar para a comunidade n\u00e3o parar de doar material escolar porque vai ser repassado realmente pra quem n\u00e3o tem nada\u201d, destaca.<br>Magedanz comenta que a situa\u00e7\u00e3o das fam\u00edlias \u00e9 assistida juntamente ao Centro de Refer\u00eancia de Assist\u00eancia Social (CRAS), as situa\u00e7\u00f5es s\u00e3o discutidas e acompanhadas por ambas as partes para que o suporte necess\u00e1rio seja dado. \u201cDependendo da fam\u00edlia, uma cesta b\u00e1sica n\u00e3o \u00e9 o suficiente e a gente sabe que a demanda por ajuda no munic\u00edpio aumentou muito, o empobrecimento das pessoas aumentou muito e por isso o CRAS tamb\u00e9m n\u00e3o d\u00e1 conta de tudo\u201d, declara e ressalta ainda a miss\u00e3o da horta comunit\u00e1ria de aumentar a nutri\u00e7\u00e3o das fam\u00edlias, incluindo alimentos n\u00e3o industrializados e ricos em ferro.<\/p>\n\n\n\n<p><strong>Programa\u00e7\u00f5es<\/strong><br>&#8211; A Horta Comunit\u00e1ria ocorre geralmente no s\u00e1bado de manh\u00e3;<br>&#8211; Mercado Solid\u00e1rio ocorre na quarta-feira de manh\u00e3 e quinta \u00e0 tarde, junto com a Secretaria da Comunidade, ao lado da pra\u00e7a no Bairro Teut\u00f4nia.<br>&#8211; Um s\u00e1bado por m\u00eas, na parte da manh\u00e3 ocorre o Brik da Horta, onde ocorre a exposi\u00e7\u00e3o dos produtos que s\u00e3o produzidos nas oficinas e outras pessoas da comunidade que desenvolvem algum produto que seja sustent\u00e1vel ou que seja feito por mulheres que precisam desenvolver sua renda e produto.<\/p>\n\n\n\n<p>Assista \u00e0 entrevista completa no site da <a href=\"https:\/\/popular.fm.br\/index.php\/2022\/02\/14\/horta-comunitaria-mobiliza-comunidade-para-projetos-sociais\/\">R\u00e1dio Popular<\/a><\/p>\n\n\n\n<figure class=\"wp-block-image size-full is-resized is-style-default\"><img loading=\"lazy\" decoding=\"async\" src=\"https:\/\/folhapopular.info\/wp-content\/uploads\/2022\/02\/WhatsApp-Image-2022-02-16-at-10.01.08-1.jpeg\" alt=\"\" class=\"wp-image-98653\" width=\"397\" height=\"218\"\/><figcaption>Mirian Magedanz \/ Cr\u00e9dito: Luciana Brune<\/figcaption><\/figure>\n","protected":false},"excerpt":{"rendered":"<p>A volunt\u00e1ria Mirian Magedanz compartilhou, em entrevista ao Espa\u00e7o Aberto da R\u00e1dio Popular, na segunda-feira (14\/2), informa\u00e7\u00f5es a respeito de projeto desenvolvido pela Horta Comunit\u00e1ria e Mercado Solid\u00e1rio que estimula a comunidade a doar materiais escolares para as crian\u00e7as nessa volta \u00e0s aulas.Mirian conta que o projeto passou a ser pensado em janeiro com objetivo [&hellip;]<\/p>\n","protected":false},"author":8,"featured_media":58538,"comment_status":"open","ping_status":"open","sticky":false,"template":"","format":"standard","meta":{"pmpro_default_level":"","_jetpack_memberships_contains_paid_content":false,"footnotes":""},"categories":[2,3],"tags":[130,4188,4250,26,2236],"class_list":{"0":"post-98649","1":"post","2":"type-post","3":"status-publish","4":"format-standard","5":"has-post-thumbnail","7":"category-featured","8":"category-geral","9":"tag-doacao","10":"tag-horta-comunitaria","11":"tag-materiais-escolares","12":"tag-teutonia","13":"tag-volta-as-aulas","14":"pmpro-has-access"},"yoast_head":"<!-- This site is optimized with the Yoast SEO plugin v27.5 - https:\/\/yoast.com\/product\/yoast-seo-wordpress\/ -->\n<title>Horta comunit\u00e1ria de Teut\u00f4nia promove doa\u00e7\u00e3o de materiais escolares - Folha Popular<\/title>\n<meta name=\"robots\" content=\"index, follow, max-snippet:-1, max-image-preview:large, max-video-preview:-1\" \/>\n<link rel=\"canonical\" href=\"https:\/\/folhapopular.info\/index.php\/2022\/02\/16\/horta-comunitaria-de-teutonia-promove-doacao-de-materiais-escolares\/\" \/>\n<meta property=\"og:locale\" content=\"pt_BR\" \/>\n<meta property=\"og:type\" content=\"article\" \/>\n<meta property=\"og:title\" content=\"Horta comunit\u00e1ria de Teut\u00f4nia promove doa\u00e7\u00e3o de materiais escolares - Folha Popular\" \/>\n<meta property=\"og:description\" content=\"A volunt\u00e1ria Mirian Magedanz compartilhou, em entrevista ao Espa\u00e7o Aberto da R\u00e1dio Popular, na segunda-feira (14\/2), informa\u00e7\u00f5es a respeito de projeto desenvolvido pela Horta Comunit\u00e1ria e Mercado Solid\u00e1rio que estimula a comunidade a doar materiais escolares para as crian\u00e7as nessa volta \u00e0s aulas.Mirian conta que o projeto passou a ser pensado em janeiro com objetivo [&hellip;]\" \/>\n<meta property=\"og:url\" content=\"https:\/\/folhapopular.info\/index.php\/2022\/02\/16\/horta-comunitaria-de-teutonia-promove-doacao-de-materiais-escolares\/\" \/>\n<meta property=\"og:site_name\" content=\"Folha Popular\" \/>\n<meta property=\"article:published_time\" content=\"2022-02-16T13:06:12+00:00\" \/>\n<meta property=\"article:modified_time\" content=\"2022-02-16T13:12:39+00:00\" \/>\n<meta property=\"og:image\" content=\"http:\/\/folhapopular.info\/wp-content\/uploads\/2019\/09\/Noticias-e1567961441371.jpg\" \/>\n\t<meta property=\"og:image:width\" content=\"800\" \/>\n\t<meta property=\"og:image:height\" content=\"563\" \/>\n\t<meta property=\"og:image:type\" content=\"image\/jpeg\" \/>\n<meta name=\"author\" content=\"Reda\u00e7\u00e3o Folha Popular\" \/>\n<meta name=\"twitter:card\" content=\"summary_large_image\" \/>\n<meta name=\"twitter:label1\" content=\"Escrito por\" \/>\n\t<meta name=\"twitter:data1\" content=\"Reda\u00e7\u00e3o Folha Popular\" \/>\n\t<meta name=\"twitter:label2\" content=\"Est. tempo de leitura\" \/>\n\t<meta name=\"twitter:data2\" content=\"3 minutos\" \/>\n<script type=\"application\/ld+json\" class=\"yoast-schema-graph\">{\"@context\":\"https:\\\/\\\/schema.org\",\"@graph\":[{\"@type\":\"Article\",\"@id\":\"https:\\\/\\\/folhapopular.info\\\/index.php\\\/2022\\\/02\\\/16\\\/horta-comunitaria-de-teutonia-promove-doacao-de-materiais-escolares\\\/#article\",\"isPartOf\":{\"@id\":\"https:\\\/\\\/folhapopular.info\\\/index.php\\\/2022\\\/02\\\/16\\\/horta-comunitaria-de-teutonia-promove-doacao-de-materiais-escolares\\\/\"},\"author\":{\"name\":\"Reda\u00e7\u00e3o Folha Popular\",\"@id\":\"https:\\\/\\\/folhapopular.info\\\/#\\\/schema\\\/person\\\/2814e8a0df7643585a9ca38bc6eb9d4b\"},\"headline\":\"Horta comunit\u00e1ria de Teut\u00f4nia promove doa\u00e7\u00e3o de materiais escolares\",\"datePublished\":\"2022-02-16T13:06:12+00:00\",\"dateModified\":\"2022-02-16T13:12:39+00:00\",\"mainEntityOfPage\":{\"@id\":\"https:\\\/\\\/folhapopular.info\\\/index.php\\\/2022\\\/02\\\/16\\\/horta-comunitaria-de-teutonia-promove-doacao-de-materiais-escolares\\\/\"},\"wordCount\":445,\"commentCount\":0,\"image\":{\"@id\":\"https:\\\/\\\/folhapopular.info\\\/index.php\\\/2022\\\/02\\\/16\\\/horta-comunitaria-de-teutonia-promove-doacao-de-materiais-escolares\\\/#primaryimage\"},\"thumbnailUrl\":\"https:\\\/\\\/folhapopular.info\\\/wp-content\\\/uploads\\\/2019\\\/09\\\/Noticias-e1567961441371.jpg\",\"keywords\":[\"doa\u00e7\u00e3o\",\"Horta comunit\u00e1ria\",\"materiais escolares\",\"Teut\u00f4nia\",\"Volta \u00e0s Aulas\"],\"articleSection\":[\"Destaques\",\"Geral\"],\"inLanguage\":\"pt-BR\",\"potentialAction\":[{\"@type\":\"CommentAction\",\"name\":\"Comment\",\"target\":[\"https:\\\/\\\/folhapopular.info\\\/index.php\\\/2022\\\/02\\\/16\\\/horta-comunitaria-de-teutonia-promove-doacao-de-materiais-escolares\\\/#respond\"]}]},{\"@type\":\"WebPage\",\"@id\":\"https:\\\/\\\/folhapopular.info\\\/index.php\\\/2022\\\/02\\\/16\\\/horta-comunitaria-de-teutonia-promove-doacao-de-materiais-escolares\\\/\",\"url\":\"https:\\\/\\\/folhapopular.info\\\/index.php\\\/2022\\\/02\\\/16\\\/horta-comunitaria-de-teutonia-promove-doacao-de-materiais-escolares\\\/\",\"name\":\"Horta comunit\u00e1ria de Teut\u00f4nia promove doa\u00e7\u00e3o de materiais escolares - Folha Popular\",\"isPartOf\":{\"@id\":\"https:\\\/\\\/folhapopular.info\\\/#website\"},\"primaryImageOfPage\":{\"@id\":\"https:\\\/\\\/folhapopular.info\\\/index.php\\\/2022\\\/02\\\/16\\\/horta-comunitaria-de-teutonia-promove-doacao-de-materiais-escolares\\\/#primaryimage\"},\"image\":{\"@id\":\"https:\\\/\\\/folhapopular.info\\\/index.php\\\/2022\\\/02\\\/16\\\/horta-comunitaria-de-teutonia-promove-doacao-de-materiais-escolares\\\/#primaryimage\"},\"thumbnailUrl\":\"https:\\\/\\\/folhapopular.info\\\/wp-content\\\/uploads\\\/2019\\\/09\\\/Noticias-e1567961441371.jpg\",\"datePublished\":\"2022-02-16T13:06:12+00:00\",\"dateModified\":\"2022-02-16T13:12:39+00:00\",\"author\":{\"@id\":\"https:\\\/\\\/folhapopular.info\\\/#\\\/schema\\\/person\\\/2814e8a0df7643585a9ca38bc6eb9d4b\"},\"breadcrumb\":{\"@id\":\"https:\\\/\\\/folhapopular.info\\\/index.php\\\/2022\\\/02\\\/16\\\/horta-comunitaria-de-teutonia-promove-doacao-de-materiais-escolares\\\/#breadcrumb\"},\"inLanguage\":\"pt-BR\",\"potentialAction\":[{\"@type\":\"ReadAction\",\"target\":[\"https:\\\/\\\/folhapopular.info\\\/index.php\\\/2022\\\/02\\\/16\\\/horta-comunitaria-de-teutonia-promove-doacao-de-materiais-escolares\\\/\"]}]},{\"@type\":\"ImageObject\",\"inLanguage\":\"pt-BR\",\"@id\":\"https:\\\/\\\/folhapopular.info\\\/index.php\\\/2022\\\/02\\\/16\\\/horta-comunitaria-de-teutonia-promove-doacao-de-materiais-escolares\\\/#primaryimage\",\"url\":\"https:\\\/\\\/folhapopular.info\\\/wp-content\\\/uploads\\\/2019\\\/09\\\/Noticias-e1567961441371.jpg\",\"contentUrl\":\"https:\\\/\\\/folhapopular.info\\\/wp-content\\\/uploads\\\/2019\\\/09\\\/Noticias-e1567961441371.jpg\",\"width\":800,\"height\":563,\"caption\":\"Cr\u00e9dito da arte: J\u00falia Caroline Geib \\\/ Divulga\u00e7\u00e3o\"},{\"@type\":\"BreadcrumbList\",\"@id\":\"https:\\\/\\\/folhapopular.info\\\/index.php\\\/2022\\\/02\\\/16\\\/horta-comunitaria-de-teutonia-promove-doacao-de-materiais-escolares\\\/#breadcrumb\",\"itemListElement\":[{\"@type\":\"ListItem\",\"position\":1,\"name\":\"In\u00edcio\",\"item\":\"https:\\\/\\\/folhapopular.info\\\/\"},{\"@type\":\"ListItem\",\"position\":2,\"name\":\"Horta comunit\u00e1ria de Teut\u00f4nia promove doa\u00e7\u00e3o de materiais escolares\"}]},{\"@type\":\"WebSite\",\"@id\":\"https:\\\/\\\/folhapopular.info\\\/#website\",\"url\":\"https:\\\/\\\/folhapopular.info\\\/\",\"name\":\"Folha Popular\",\"description\":\"Onde voc\u00ea tem vez e voz\",\"potentialAction\":[{\"@type\":\"SearchAction\",\"target\":{\"@type\":\"EntryPoint\",\"urlTemplate\":\"https:\\\/\\\/folhapopular.info\\\/?s={search_term_string}\"},\"query-input\":{\"@type\":\"PropertyValueSpecification\",\"valueRequired\":true,\"valueName\":\"search_term_string\"}}],\"inLanguage\":\"pt-BR\"},{\"@type\":\"Person\",\"@id\":\"https:\\\/\\\/folhapopular.info\\\/#\\\/schema\\\/person\\\/2814e8a0df7643585a9ca38bc6eb9d4b\",\"name\":\"Reda\u00e7\u00e3o Folha Popular\",\"image\":{\"@type\":\"ImageObject\",\"inLanguage\":\"pt-BR\",\"@id\":\"https:\\\/\\\/folhapopular.info\\\/wp-content\\\/uploads\\\/2026\\\/04\\\/Folha-1.webp\",\"url\":\"https:\\\/\\\/folhapopular.info\\\/wp-content\\\/uploads\\\/2026\\\/04\\\/Folha-1.webp\",\"contentUrl\":\"https:\\\/\\\/folhapopular.info\\\/wp-content\\\/uploads\\\/2026\\\/04\\\/Folha-1.webp\",\"caption\":\"Reda\u00e7\u00e3o Folha Popular\"},\"url\":\"https:\\\/\\\/folhapopular.info\\\/index.php\\\/author\\\/redacao\\\/\"}]}<\/script>\n<!-- \/ Yoast SEO plugin. -->","yoast_head_json":{"title":"Horta comunit\u00e1ria de Teut\u00f4nia promove doa\u00e7\u00e3o de materiais escolares - Folha Popular","robots":{"index":"index","follow":"follow","max-snippet":"max-snippet:-1","max-image-preview":"max-image-preview:large","max-video-preview":"max-video-preview:-1"},"canonical":"https:\/\/folhapopular.info\/index.php\/2022\/02\/16\/horta-comunitaria-de-teutonia-promove-doacao-de-materiais-escolares\/","og_locale":"pt_BR","og_type":"article","og_title":"Horta comunit\u00e1ria de Teut\u00f4nia promove doa\u00e7\u00e3o de materiais escolares - Folha Popular","og_description":"A volunt\u00e1ria Mirian Magedanz compartilhou, em entrevista ao Espa\u00e7o Aberto da R\u00e1dio Popular, na segunda-feira (14\/2), informa\u00e7\u00f5es a respeito de projeto desenvolvido pela Horta Comunit\u00e1ria e Mercado Solid\u00e1rio que estimula a comunidade a doar materiais escolares para as crian\u00e7as nessa volta \u00e0s aulas.Mirian conta que o projeto passou a ser pensado em janeiro com objetivo [&hellip;]","og_url":"https:\/\/folhapopular.info\/index.php\/2022\/02\/16\/horta-comunitaria-de-teutonia-promove-doacao-de-materiais-escolares\/","og_site_name":"Folha Popular","article_published_time":"2022-02-16T13:06:12+00:00","article_modified_time":"2022-02-16T13:12:39+00:00","og_image":[{"width":800,"height":563,"url":"http:\/\/folhapopular.info\/wp-content\/uploads\/2019\/09\/Noticias-e1567961441371.jpg","type":"image\/jpeg"}],"author":"Reda\u00e7\u00e3o Folha Popular","twitter_card":"summary_large_image","twitter_misc":{"Escrito por":"Reda\u00e7\u00e3o Folha Popular","Est. tempo de leitura":"3 minutos"},"schema":{"@context":"https:\/\/schema.org","@graph":[{"@type":"Article","@id":"https:\/\/folhapopular.info\/index.php\/2022\/02\/16\/horta-comunitaria-de-teutonia-promove-doacao-de-materiais-escolares\/#article","isPartOf":{"@id":"https:\/\/folhapopular.info\/index.php\/2022\/02\/16\/horta-comunitaria-de-teutonia-promove-doacao-de-materiais-escolares\/"},"author":{"name":"Reda\u00e7\u00e3o Folha Popular","@id":"https:\/\/folhapopular.info\/#\/schema\/person\/2814e8a0df7643585a9ca38bc6eb9d4b"},"headline":"Horta comunit\u00e1ria de Teut\u00f4nia promove doa\u00e7\u00e3o de materiais escolares","datePublished":"2022-02-16T13:06:12+00:00","dateModified":"2022-02-16T13:12:39+00:00","mainEntityOfPage":{"@id":"https:\/\/folhapopular.info\/index.php\/2022\/02\/16\/horta-comunitaria-de-teutonia-promove-doacao-de-materiais-escolares\/"},"wordCount":445,"commentCount":0,"image":{"@id":"https:\/\/folhapopular.info\/index.php\/2022\/02\/16\/horta-comunitaria-de-teutonia-promove-doacao-de-materiais-escolares\/#primaryimage"},"thumbnailUrl":"https:\/\/folhapopular.info\/wp-content\/uploads\/2019\/09\/Noticias-e1567961441371.jpg","keywords":["doa\u00e7\u00e3o","Horta comunit\u00e1ria","materiais escolares","Teut\u00f4nia","Volta \u00e0s Aulas"],"articleSection":["Destaques","Geral"],"inLanguage":"pt-BR","potentialAction":[{"@type":"CommentAction","name":"Comment","target":["https:\/\/folhapopular.info\/index.php\/2022\/02\/16\/horta-comunitaria-de-teutonia-promove-doacao-de-materiais-escolares\/#respond"]}]},{"@type":"WebPage","@id":"https:\/\/folhapopular.info\/index.php\/2022\/02\/16\/horta-comunitaria-de-teutonia-promove-doacao-de-materiais-escolares\/","url":"https:\/\/folhapopular.info\/index.php\/2022\/02\/16\/horta-comunitaria-de-teutonia-promove-doacao-de-materiais-escolares\/","name":"Horta comunit\u00e1ria de Teut\u00f4nia promove doa\u00e7\u00e3o de materiais escolares - Folha Popular","isPartOf":{"@id":"https:\/\/folhapopular.info\/#website"},"primaryImageOfPage":{"@id":"https:\/\/folhapopular.info\/index.php\/2022\/02\/16\/horta-comunitaria-de-teutonia-promove-doacao-de-materiais-escolares\/#primaryimage"},"image":{"@id":"https:\/\/folhapopular.info\/index.php\/2022\/02\/16\/horta-comunitaria-de-teutonia-promove-doacao-de-materiais-escolares\/#primaryimage"},"thumbnailUrl":"https:\/\/folhapopular.info\/wp-content\/uploads\/2019\/09\/Noticias-e1567961441371.jpg","datePublished":"2022-02-16T13:06:12+00:00","dateModified":"2022-02-16T13:12:39+00:00","author":{"@id":"https:\/\/folhapopular.info\/#\/schema\/person\/2814e8a0df7643585a9ca38bc6eb9d4b"},"breadcrumb":{"@id":"https:\/\/folhapopular.info\/index.php\/2022\/02\/16\/horta-comunitaria-de-teutonia-promove-doacao-de-materiais-escolares\/#breadcrumb"},"inLanguage":"pt-BR","potentialAction":[{"@type":"ReadAction","target":["https:\/\/folhapopular.info\/index.php\/2022\/02\/16\/horta-comunitaria-de-teutonia-promove-doacao-de-materiais-escolares\/"]}]},{"@type":"ImageObject","inLanguage":"pt-BR","@id":"https:\/\/folhapopular.info\/index.php\/2022\/02\/16\/horta-comunitaria-de-teutonia-promove-doacao-de-materiais-escolares\/#primaryimage","url":"https:\/\/folhapopular.info\/wp-content\/uploads\/2019\/09\/Noticias-e1567961441371.jpg","contentUrl":"https:\/\/folhapopular.info\/wp-content\/uploads\/2019\/09\/Noticias-e1567961441371.jpg","width":800,"height":563,"caption":"Cr\u00e9dito da arte: J\u00falia Caroline Geib \/ Divulga\u00e7\u00e3o"},{"@type":"BreadcrumbList","@id":"https:\/\/folhapopular.info\/index.php\/2022\/02\/16\/horta-comunitaria-de-teutonia-promove-doacao-de-materiais-escolares\/#breadcrumb","itemListElement":[{"@type":"ListItem","position":1,"name":"In\u00edcio","item":"https:\/\/folhapopular.info\/"},{"@type":"ListItem","position":2,"name":"Horta comunit\u00e1ria de Teut\u00f4nia promove doa\u00e7\u00e3o de materiais escolares"}]},{"@type":"WebSite","@id":"https:\/\/folhapopular.info\/#website","url":"https:\/\/folhapopular.info\/","name":"Folha Popular","description":"Onde voc\u00ea tem vez e voz","potentialAction":[{"@type":"SearchAction","target":{"@type":"EntryPoint","urlTemplate":"https:\/\/folhapopular.info\/?s={search_term_string}"},"query-input":{"@type":"PropertyValueSpecification","valueRequired":true,"valueName":"search_term_string"}}],"inLanguage":"pt-BR"},{"@type":"Person","@id":"https:\/\/folhapopular.info\/#\/schema\/person\/2814e8a0df7643585a9ca38bc6eb9d4b","name":"Reda\u00e7\u00e3o Folha Popular","image":{"@type":"ImageObject","inLanguage":"pt-BR","@id":"https:\/\/folhapopular.info\/wp-content\/uploads\/2026\/04\/Folha-1.webp","url":"https:\/\/folhapopular.info\/wp-content\/uploads\/2026\/04\/Folha-1.webp","contentUrl":"https:\/\/folhapopular.info\/wp-content\/uploads\/2026\/04\/Folha-1.webp","caption":"Reda\u00e7\u00e3o Folha Popular"},"url":"https:\/\/folhapopular.info\/index.php\/author\/redacao\/"}]}},"jetpack_featured_media_url":"https:\/\/folhapopular.info\/wp-content\/uploads\/2019\/09\/Noticias-e1567961441371.jpg","jetpack_sharing_enabled":true,"amp_enabled":true,"_links":{"self":[{"href":"https:\/\/folhapopular.info\/index.php\/wp-json\/wp\/v2\/posts\/98649","targetHints":{"allow":["GET"]}}],"collection":[{"href":"https:\/\/folhapopular.info\/index.php\/wp-json\/wp\/v2\/posts"}],"about":[{"href":"https:\/\/folhapopular.info\/index.php\/wp-json\/wp\/v2\/types\/post"}],"author":[{"embeddable":true,"href":"https:\/\/folhapopular.info\/index.php\/wp-json\/wp\/v2\/users\/8"}],"replies":[{"embeddable":true,"href":"https:\/\/folhapopular.info\/index.php\/wp-json\/wp\/v2\/comments?post=98649"}],"version-history":[{"count":0,"href":"https:\/\/folhapopular.info\/index.php\/wp-json\/wp\/v2\/posts\/98649\/revisions"}],"wp:featuredmedia":[{"embeddable":true,"href":"https:\/\/folhapopular.info\/index.php\/wp-json\/wp\/v2\/media\/58538"}],"wp:attachment":[{"href":"https:\/\/folhapopular.info\/index.php\/wp-json\/wp\/v2\/media?parent=98649"}],"wp:term":[{"taxonomy":"category","embeddable":true,"href":"https:\/\/folhapopular.info\/index.php\/wp-json\/wp\/v2\/categories?post=98649"},{"taxonomy":"post_tag","embeddable":true,"href":"https:\/\/folhapopular.info\/index.php\/wp-json\/wp\/v2\/tags?post=98649"}],"curies":[{"name":"wp","href":"https:\/\/api.w.org\/{rel}","templated":true}]}}