{"id":98678,"date":"2022-02-16T15:30:00","date_gmt":"2022-02-16T18:30:00","guid":{"rendered":"https:\/\/folhapopular.info\/?p=98678"},"modified":"2022-02-16T15:19:31","modified_gmt":"2022-02-16T18:19:31","slug":"4a-edicao-do-projeto-sabado-do-bem-sera-neste-sabado-em-teutonia","status":"publish","type":"post","link":"https:\/\/folhapopular.info\/index.php\/2022\/02\/16\/4a-edicao-do-projeto-sabado-do-bem-sera-neste-sabado-em-teutonia\/","title":{"rendered":"4\u00aa Edi\u00e7\u00e3o do Projeto S\u00e1bado do Bem ser\u00e1 neste s\u00e1bado em Teut\u00f4nia"},"content":{"rendered":"\n<p>A Administra\u00e7\u00e3o Municipal de Teut\u00f4nia, atrav\u00e9s das Secretarias de Administra\u00e7\u00e3o, Sa\u00fade e de Assist\u00eancia Social e Habita\u00e7\u00e3o promover\u00e3o neste s\u00e1bado (19\/2), a 4\u00aa Edi\u00e7\u00e3o do Projeto S\u00e1bado do Bem. A a\u00e7\u00e3o ocorrer\u00e1 no turno da manh\u00e3, das 7h30 \u00e0s 11h30, no Centro Administrativo Municipal.<\/p>\n\n\n\n<p>O projeto consiste em ofertar os servi\u00e7os de confec\u00e7\u00e3o de Carteira de Identidade (RG), mediante agendamento pr\u00e9vio, cadastro e atualiza\u00e7\u00e3o do Cart\u00e3o do SUS (Sistema \u00danico de Sa\u00fade) e Cad\u00danico. Na edi\u00e7\u00e3o deste s\u00e1bado (19\/2), os profissionais da Assist\u00eancia Social realizar\u00e3o o Varal Solid\u00e1rio, aux\u00edlio na confec\u00e7\u00e3o de curr\u00edculos e na realiza\u00e7\u00e3o de cadastro nos aplicativos dos programas sociais do Governo Federal.<\/p>\n\n\n\n<p>O projeto tem o objetivo de facilitar o acesso a estes servi\u00e7os essenciais, oportunizando um hor\u00e1rio diferenciado para atendimento, al\u00e9m da realiza\u00e7\u00e3o de a\u00e7\u00f5es que v\u00eam de encontro \u00e0s necessidades da popula\u00e7\u00e3o.<\/p>\n","protected":false},"excerpt":{"rendered":"<p>A Administra\u00e7\u00e3o Municipal de Teut\u00f4nia, atrav\u00e9s das Secretarias de Administra\u00e7\u00e3o, Sa\u00fade e de Assist\u00eancia Social e Habita\u00e7\u00e3o promover\u00e3o neste s\u00e1bado (19\/2), a 4\u00aa Edi\u00e7\u00e3o do Projeto S\u00e1bado do Bem. A a\u00e7\u00e3o ocorrer\u00e1 no turno da manh\u00e3, das 7h30 \u00e0s 11h30, no Centro Administrativo Municipal. O projeto consiste em ofertar os servi\u00e7os de confec\u00e7\u00e3o de Carteira [&hellip;]<\/p>\n","protected":false},"author":8,"featured_media":98679,"comment_status":"open","ping_status":"open","sticky":false,"template":"","format":"standard","meta":{"pmpro_default_level":"","_jetpack_memberships_contains_paid_content":false,"footnotes":""},"categories":[2,3],"tags":[4073,5543,1454,1712,7291,26],"class_list":{"0":"post-98678","1":"post","2":"type-post","3":"status-publish","4":"format-standard","5":"has-post-thumbnail","7":"category-featured","8":"category-geral","9":"tag-cadunico","10":"tag-cartao-do-sus","11":"tag-carteira-de-identidade","12":"tag-projeto","13":"tag-sabado-do-bem","14":"tag-teutonia","15":"pmpro-has-access"},"yoast_head":"<!-- This site is optimized with the Yoast SEO plugin v27.5 - https:\/\/yoast.com\/product\/yoast-seo-wordpress\/ -->\n<title>4\u00aa Edi\u00e7\u00e3o do Projeto S\u00e1bado do Bem ser\u00e1 neste s\u00e1bado em Teut\u00f4nia - Folha Popular<\/title>\n<meta name=\"robots\" content=\"index, follow, max-snippet:-1, max-image-preview:large, max-video-preview:-1\" \/>\n<link rel=\"canonical\" href=\"https:\/\/folhapopular.info\/index.php\/2022\/02\/16\/4a-edicao-do-projeto-sabado-do-bem-sera-neste-sabado-em-teutonia\/\" \/>\n<meta property=\"og:locale\" content=\"pt_BR\" \/>\n<meta property=\"og:type\" content=\"article\" \/>\n<meta property=\"og:title\" content=\"4\u00aa Edi\u00e7\u00e3o do Projeto S\u00e1bado do Bem ser\u00e1 neste s\u00e1bado em Teut\u00f4nia - Folha Popular\" \/>\n<meta property=\"og:description\" content=\"A Administra\u00e7\u00e3o Municipal de Teut\u00f4nia, atrav\u00e9s das Secretarias de Administra\u00e7\u00e3o, Sa\u00fade e de Assist\u00eancia Social e Habita\u00e7\u00e3o promover\u00e3o neste s\u00e1bado (19\/2), a 4\u00aa Edi\u00e7\u00e3o do Projeto S\u00e1bado do Bem. A a\u00e7\u00e3o ocorrer\u00e1 no turno da manh\u00e3, das 7h30 \u00e0s 11h30, no Centro Administrativo Municipal. O projeto consiste em ofertar os servi\u00e7os de confec\u00e7\u00e3o de Carteira [&hellip;]\" \/>\n<meta property=\"og:url\" content=\"https:\/\/folhapopular.info\/index.php\/2022\/02\/16\/4a-edicao-do-projeto-sabado-do-bem-sera-neste-sabado-em-teutonia\/\" \/>\n<meta property=\"og:site_name\" content=\"Folha Popular\" \/>\n<meta property=\"article:published_time\" content=\"2022-02-16T18:30:00+00:00\" \/>\n<meta property=\"og:image\" content=\"https:\/\/folhapopular.info\/wp-content\/uploads\/2022\/02\/4a-Edicao-do-Projeto-Sabado-do-Bem-sera-no-dia-19-de-fevereirocredito-Diego-Silva-e1645034499220.jpg\" \/>\n\t<meta property=\"og:image:width\" content=\"800\" \/>\n\t<meta property=\"og:image:height\" content=\"600\" \/>\n\t<meta property=\"og:image:type\" content=\"image\/jpeg\" \/>\n<meta name=\"author\" content=\"Reda\u00e7\u00e3o Folha Popular\" \/>\n<meta name=\"twitter:card\" content=\"summary_large_image\" \/>\n<meta name=\"twitter:label1\" content=\"Escrito por\" \/>\n\t<meta name=\"twitter:data1\" content=\"Reda\u00e7\u00e3o Folha Popular\" \/>\n\t<meta name=\"twitter:label2\" content=\"Est. tempo de leitura\" \/>\n\t<meta name=\"twitter:data2\" content=\"1 minuto\" \/>\n<script type=\"application\/ld+json\" class=\"yoast-schema-graph\">{\"@context\":\"https:\\\/\\\/schema.org\",\"@graph\":[{\"@type\":\"Article\",\"@id\":\"https:\\\/\\\/folhapopular.info\\\/index.php\\\/2022\\\/02\\\/16\\\/4a-edicao-do-projeto-sabado-do-bem-sera-neste-sabado-em-teutonia\\\/#article\",\"isPartOf\":{\"@id\":\"https:\\\/\\\/folhapopular.info\\\/index.php\\\/2022\\\/02\\\/16\\\/4a-edicao-do-projeto-sabado-do-bem-sera-neste-sabado-em-teutonia\\\/\"},\"author\":{\"name\":\"Reda\u00e7\u00e3o Folha Popular\",\"@id\":\"https:\\\/\\\/folhapopular.info\\\/#\\\/schema\\\/person\\\/2814e8a0df7643585a9ca38bc6eb9d4b\"},\"headline\":\"4\u00aa Edi\u00e7\u00e3o do Projeto S\u00e1bado do Bem ser\u00e1 neste s\u00e1bado em Teut\u00f4nia\",\"datePublished\":\"2022-02-16T18:30:00+00:00\",\"mainEntityOfPage\":{\"@id\":\"https:\\\/\\\/folhapopular.info\\\/index.php\\\/2022\\\/02\\\/16\\\/4a-edicao-do-projeto-sabado-do-bem-sera-neste-sabado-em-teutonia\\\/\"},\"wordCount\":185,\"commentCount\":0,\"image\":{\"@id\":\"https:\\\/\\\/folhapopular.info\\\/index.php\\\/2022\\\/02\\\/16\\\/4a-edicao-do-projeto-sabado-do-bem-sera-neste-sabado-em-teutonia\\\/#primaryimage\"},\"thumbnailUrl\":\"https:\\\/\\\/folhapopular.info\\\/wp-content\\\/uploads\\\/2022\\\/02\\\/4a-Edicao-do-Projeto-Sabado-do-Bem-sera-no-dia-19-de-fevereirocredito-Diego-Silva-e1645034499220.jpg\",\"keywords\":[\"Cad\u00danico\",\"Cart\u00e3o do SUS\",\"Carteira de Identidade\",\"Projeto\",\"S\u00e1bado do Bem\",\"Teut\u00f4nia\"],\"articleSection\":[\"Destaques\",\"Geral\"],\"inLanguage\":\"pt-BR\",\"potentialAction\":[{\"@type\":\"CommentAction\",\"name\":\"Comment\",\"target\":[\"https:\\\/\\\/folhapopular.info\\\/index.php\\\/2022\\\/02\\\/16\\\/4a-edicao-do-projeto-sabado-do-bem-sera-neste-sabado-em-teutonia\\\/#respond\"]}]},{\"@type\":\"WebPage\",\"@id\":\"https:\\\/\\\/folhapopular.info\\\/index.php\\\/2022\\\/02\\\/16\\\/4a-edicao-do-projeto-sabado-do-bem-sera-neste-sabado-em-teutonia\\\/\",\"url\":\"https:\\\/\\\/folhapopular.info\\\/index.php\\\/2022\\\/02\\\/16\\\/4a-edicao-do-projeto-sabado-do-bem-sera-neste-sabado-em-teutonia\\\/\",\"name\":\"4\u00aa Edi\u00e7\u00e3o do Projeto S\u00e1bado do Bem ser\u00e1 neste s\u00e1bado em Teut\u00f4nia - Folha Popular\",\"isPartOf\":{\"@id\":\"https:\\\/\\\/folhapopular.info\\\/#website\"},\"primaryImageOfPage\":{\"@id\":\"https:\\\/\\\/folhapopular.info\\\/index.php\\\/2022\\\/02\\\/16\\\/4a-edicao-do-projeto-sabado-do-bem-sera-neste-sabado-em-teutonia\\\/#primaryimage\"},\"image\":{\"@id\":\"https:\\\/\\\/folhapopular.info\\\/index.php\\\/2022\\\/02\\\/16\\\/4a-edicao-do-projeto-sabado-do-bem-sera-neste-sabado-em-teutonia\\\/#primaryimage\"},\"thumbnailUrl\":\"https:\\\/\\\/folhapopular.info\\\/wp-content\\\/uploads\\\/2022\\\/02\\\/4a-Edicao-do-Projeto-Sabado-do-Bem-sera-no-dia-19-de-fevereirocredito-Diego-Silva-e1645034499220.jpg\",\"datePublished\":\"2022-02-16T18:30:00+00:00\",\"author\":{\"@id\":\"https:\\\/\\\/folhapopular.info\\\/#\\\/schema\\\/person\\\/2814e8a0df7643585a9ca38bc6eb9d4b\"},\"breadcrumb\":{\"@id\":\"https:\\\/\\\/folhapopular.info\\\/index.php\\\/2022\\\/02\\\/16\\\/4a-edicao-do-projeto-sabado-do-bem-sera-neste-sabado-em-teutonia\\\/#breadcrumb\"},\"inLanguage\":\"pt-BR\",\"potentialAction\":[{\"@type\":\"ReadAction\",\"target\":[\"https:\\\/\\\/folhapopular.info\\\/index.php\\\/2022\\\/02\\\/16\\\/4a-edicao-do-projeto-sabado-do-bem-sera-neste-sabado-em-teutonia\\\/\"]}]},{\"@type\":\"ImageObject\",\"inLanguage\":\"pt-BR\",\"@id\":\"https:\\\/\\\/folhapopular.info\\\/index.php\\\/2022\\\/02\\\/16\\\/4a-edicao-do-projeto-sabado-do-bem-sera-neste-sabado-em-teutonia\\\/#primaryimage\",\"url\":\"https:\\\/\\\/folhapopular.info\\\/wp-content\\\/uploads\\\/2022\\\/02\\\/4a-Edicao-do-Projeto-Sabado-do-Bem-sera-no-dia-19-de-fevereirocredito-Diego-Silva-e1645034499220.jpg\",\"contentUrl\":\"https:\\\/\\\/folhapopular.info\\\/wp-content\\\/uploads\\\/2022\\\/02\\\/4a-Edicao-do-Projeto-Sabado-do-Bem-sera-no-dia-19-de-fevereirocredito-Diego-Silva-e1645034499220.jpg\",\"width\":800,\"height\":600,\"caption\":\"Cr\u00e9dito da foto: Eduarda Altmann Kr\u00fctzmann e Diego Silva \\\/ Divulga\u00e7\u00e3o\"},{\"@type\":\"BreadcrumbList\",\"@id\":\"https:\\\/\\\/folhapopular.info\\\/index.php\\\/2022\\\/02\\\/16\\\/4a-edicao-do-projeto-sabado-do-bem-sera-neste-sabado-em-teutonia\\\/#breadcrumb\",\"itemListElement\":[{\"@type\":\"ListItem\",\"position\":1,\"name\":\"In\u00edcio\",\"item\":\"https:\\\/\\\/folhapopular.info\\\/\"},{\"@type\":\"ListItem\",\"position\":2,\"name\":\"4\u00aa Edi\u00e7\u00e3o do Projeto S\u00e1bado do Bem ser\u00e1 neste s\u00e1bado em Teut\u00f4nia\"}]},{\"@type\":\"WebSite\",\"@id\":\"https:\\\/\\\/folhapopular.info\\\/#website\",\"url\":\"https:\\\/\\\/folhapopular.info\\\/\",\"name\":\"Folha Popular\",\"description\":\"Onde voc\u00ea tem vez e voz\",\"potentialAction\":[{\"@type\":\"SearchAction\",\"target\":{\"@type\":\"EntryPoint\",\"urlTemplate\":\"https:\\\/\\\/folhapopular.info\\\/?s={search_term_string}\"},\"query-input\":{\"@type\":\"PropertyValueSpecification\",\"valueRequired\":true,\"valueName\":\"search_term_string\"}}],\"inLanguage\":\"pt-BR\"},{\"@type\":\"Person\",\"@id\":\"https:\\\/\\\/folhapopular.info\\\/#\\\/schema\\\/person\\\/2814e8a0df7643585a9ca38bc6eb9d4b\",\"name\":\"Reda\u00e7\u00e3o Folha Popular\",\"image\":{\"@type\":\"ImageObject\",\"inLanguage\":\"pt-BR\",\"@id\":\"https:\\\/\\\/folhapopular.info\\\/wp-content\\\/uploads\\\/2026\\\/04\\\/Folha-1.webp\",\"url\":\"https:\\\/\\\/folhapopular.info\\\/wp-content\\\/uploads\\\/2026\\\/04\\\/Folha-1.webp\",\"contentUrl\":\"https:\\\/\\\/folhapopular.info\\\/wp-content\\\/uploads\\\/2026\\\/04\\\/Folha-1.webp\",\"caption\":\"Reda\u00e7\u00e3o Folha Popular\"},\"url\":\"https:\\\/\\\/folhapopular.info\\\/index.php\\\/author\\\/redacao\\\/\"}]}<\/script>\n<!-- \/ Yoast SEO plugin. -->","yoast_head_json":{"title":"4\u00aa Edi\u00e7\u00e3o do Projeto S\u00e1bado do Bem ser\u00e1 neste s\u00e1bado em Teut\u00f4nia - Folha Popular","robots":{"index":"index","follow":"follow","max-snippet":"max-snippet:-1","max-image-preview":"max-image-preview:large","max-video-preview":"max-video-preview:-1"},"canonical":"https:\/\/folhapopular.info\/index.php\/2022\/02\/16\/4a-edicao-do-projeto-sabado-do-bem-sera-neste-sabado-em-teutonia\/","og_locale":"pt_BR","og_type":"article","og_title":"4\u00aa Edi\u00e7\u00e3o do Projeto S\u00e1bado do Bem ser\u00e1 neste s\u00e1bado em Teut\u00f4nia - Folha Popular","og_description":"A Administra\u00e7\u00e3o Municipal de Teut\u00f4nia, atrav\u00e9s das Secretarias de Administra\u00e7\u00e3o, Sa\u00fade e de Assist\u00eancia Social e Habita\u00e7\u00e3o promover\u00e3o neste s\u00e1bado (19\/2), a 4\u00aa Edi\u00e7\u00e3o do Projeto S\u00e1bado do Bem. A a\u00e7\u00e3o ocorrer\u00e1 no turno da manh\u00e3, das 7h30 \u00e0s 11h30, no Centro Administrativo Municipal. O projeto consiste em ofertar os servi\u00e7os de confec\u00e7\u00e3o de Carteira [&hellip;]","og_url":"https:\/\/folhapopular.info\/index.php\/2022\/02\/16\/4a-edicao-do-projeto-sabado-do-bem-sera-neste-sabado-em-teutonia\/","og_site_name":"Folha Popular","article_published_time":"2022-02-16T18:30:00+00:00","og_image":[{"width":800,"height":600,"url":"https:\/\/folhapopular.info\/wp-content\/uploads\/2022\/02\/4a-Edicao-do-Projeto-Sabado-do-Bem-sera-no-dia-19-de-fevereirocredito-Diego-Silva-e1645034499220.jpg","type":"image\/jpeg"}],"author":"Reda\u00e7\u00e3o Folha Popular","twitter_card":"summary_large_image","twitter_misc":{"Escrito por":"Reda\u00e7\u00e3o Folha Popular","Est. tempo de leitura":"1 minuto"},"schema":{"@context":"https:\/\/schema.org","@graph":[{"@type":"Article","@id":"https:\/\/folhapopular.info\/index.php\/2022\/02\/16\/4a-edicao-do-projeto-sabado-do-bem-sera-neste-sabado-em-teutonia\/#article","isPartOf":{"@id":"https:\/\/folhapopular.info\/index.php\/2022\/02\/16\/4a-edicao-do-projeto-sabado-do-bem-sera-neste-sabado-em-teutonia\/"},"author":{"name":"Reda\u00e7\u00e3o Folha Popular","@id":"https:\/\/folhapopular.info\/#\/schema\/person\/2814e8a0df7643585a9ca38bc6eb9d4b"},"headline":"4\u00aa Edi\u00e7\u00e3o do Projeto S\u00e1bado do Bem ser\u00e1 neste s\u00e1bado em Teut\u00f4nia","datePublished":"2022-02-16T18:30:00+00:00","mainEntityOfPage":{"@id":"https:\/\/folhapopular.info\/index.php\/2022\/02\/16\/4a-edicao-do-projeto-sabado-do-bem-sera-neste-sabado-em-teutonia\/"},"wordCount":185,"commentCount":0,"image":{"@id":"https:\/\/folhapopular.info\/index.php\/2022\/02\/16\/4a-edicao-do-projeto-sabado-do-bem-sera-neste-sabado-em-teutonia\/#primaryimage"},"thumbnailUrl":"https:\/\/folhapopular.info\/wp-content\/uploads\/2022\/02\/4a-Edicao-do-Projeto-Sabado-do-Bem-sera-no-dia-19-de-fevereirocredito-Diego-Silva-e1645034499220.jpg","keywords":["Cad\u00danico","Cart\u00e3o do SUS","Carteira de Identidade","Projeto","S\u00e1bado do Bem","Teut\u00f4nia"],"articleSection":["Destaques","Geral"],"inLanguage":"pt-BR","potentialAction":[{"@type":"CommentAction","name":"Comment","target":["https:\/\/folhapopular.info\/index.php\/2022\/02\/16\/4a-edicao-do-projeto-sabado-do-bem-sera-neste-sabado-em-teutonia\/#respond"]}]},{"@type":"WebPage","@id":"https:\/\/folhapopular.info\/index.php\/2022\/02\/16\/4a-edicao-do-projeto-sabado-do-bem-sera-neste-sabado-em-teutonia\/","url":"https:\/\/folhapopular.info\/index.php\/2022\/02\/16\/4a-edicao-do-projeto-sabado-do-bem-sera-neste-sabado-em-teutonia\/","name":"4\u00aa Edi\u00e7\u00e3o do Projeto S\u00e1bado do Bem ser\u00e1 neste s\u00e1bado em Teut\u00f4nia - Folha Popular","isPartOf":{"@id":"https:\/\/folhapopular.info\/#website"},"primaryImageOfPage":{"@id":"https:\/\/folhapopular.info\/index.php\/2022\/02\/16\/4a-edicao-do-projeto-sabado-do-bem-sera-neste-sabado-em-teutonia\/#primaryimage"},"image":{"@id":"https:\/\/folhapopular.info\/index.php\/2022\/02\/16\/4a-edicao-do-projeto-sabado-do-bem-sera-neste-sabado-em-teutonia\/#primaryimage"},"thumbnailUrl":"https:\/\/folhapopular.info\/wp-content\/uploads\/2022\/02\/4a-Edicao-do-Projeto-Sabado-do-Bem-sera-no-dia-19-de-fevereirocredito-Diego-Silva-e1645034499220.jpg","datePublished":"2022-02-16T18:30:00+00:00","author":{"@id":"https:\/\/folhapopular.info\/#\/schema\/person\/2814e8a0df7643585a9ca38bc6eb9d4b"},"breadcrumb":{"@id":"https:\/\/folhapopular.info\/index.php\/2022\/02\/16\/4a-edicao-do-projeto-sabado-do-bem-sera-neste-sabado-em-teutonia\/#breadcrumb"},"inLanguage":"pt-BR","potentialAction":[{"@type":"ReadAction","target":["https:\/\/folhapopular.info\/index.php\/2022\/02\/16\/4a-edicao-do-projeto-sabado-do-bem-sera-neste-sabado-em-teutonia\/"]}]},{"@type":"ImageObject","inLanguage":"pt-BR","@id":"https:\/\/folhapopular.info\/index.php\/2022\/02\/16\/4a-edicao-do-projeto-sabado-do-bem-sera-neste-sabado-em-teutonia\/#primaryimage","url":"https:\/\/folhapopular.info\/wp-content\/uploads\/2022\/02\/4a-Edicao-do-Projeto-Sabado-do-Bem-sera-no-dia-19-de-fevereirocredito-Diego-Silva-e1645034499220.jpg","contentUrl":"https:\/\/folhapopular.info\/wp-content\/uploads\/2022\/02\/4a-Edicao-do-Projeto-Sabado-do-Bem-sera-no-dia-19-de-fevereirocredito-Diego-Silva-e1645034499220.jpg","width":800,"height":600,"caption":"Cr\u00e9dito da foto: Eduarda Altmann Kr\u00fctzmann e Diego Silva \/ Divulga\u00e7\u00e3o"},{"@type":"BreadcrumbList","@id":"https:\/\/folhapopular.info\/index.php\/2022\/02\/16\/4a-edicao-do-projeto-sabado-do-bem-sera-neste-sabado-em-teutonia\/#breadcrumb","itemListElement":[{"@type":"ListItem","position":1,"name":"In\u00edcio","item":"https:\/\/folhapopular.info\/"},{"@type":"ListItem","position":2,"name":"4\u00aa Edi\u00e7\u00e3o do Projeto S\u00e1bado do Bem ser\u00e1 neste s\u00e1bado em Teut\u00f4nia"}]},{"@type":"WebSite","@id":"https:\/\/folhapopular.info\/#website","url":"https:\/\/folhapopular.info\/","name":"Folha Popular","description":"Onde voc\u00ea tem vez e voz","potentialAction":[{"@type":"SearchAction","target":{"@type":"EntryPoint","urlTemplate":"https:\/\/folhapopular.info\/?s={search_term_string}"},"query-input":{"@type":"PropertyValueSpecification","valueRequired":true,"valueName":"search_term_string"}}],"inLanguage":"pt-BR"},{"@type":"Person","@id":"https:\/\/folhapopular.info\/#\/schema\/person\/2814e8a0df7643585a9ca38bc6eb9d4b","name":"Reda\u00e7\u00e3o Folha Popular","image":{"@type":"ImageObject","inLanguage":"pt-BR","@id":"https:\/\/folhapopular.info\/wp-content\/uploads\/2026\/04\/Folha-1.webp","url":"https:\/\/folhapopular.info\/wp-content\/uploads\/2026\/04\/Folha-1.webp","contentUrl":"https:\/\/folhapopular.info\/wp-content\/uploads\/2026\/04\/Folha-1.webp","caption":"Reda\u00e7\u00e3o Folha Popular"},"url":"https:\/\/folhapopular.info\/index.php\/author\/redacao\/"}]}},"jetpack_featured_media_url":"https:\/\/folhapopular.info\/wp-content\/uploads\/2022\/02\/4a-Edicao-do-Projeto-Sabado-do-Bem-sera-no-dia-19-de-fevereirocredito-Diego-Silva-e1645034499220.jpg","jetpack_sharing_enabled":true,"amp_enabled":true,"_links":{"self":[{"href":"https:\/\/folhapopular.info\/index.php\/wp-json\/wp\/v2\/posts\/98678","targetHints":{"allow":["GET"]}}],"collection":[{"href":"https:\/\/folhapopular.info\/index.php\/wp-json\/wp\/v2\/posts"}],"about":[{"href":"https:\/\/folhapopular.info\/index.php\/wp-json\/wp\/v2\/types\/post"}],"author":[{"embeddable":true,"href":"https:\/\/folhapopular.info\/index.php\/wp-json\/wp\/v2\/users\/8"}],"replies":[{"embeddable":true,"href":"https:\/\/folhapopular.info\/index.php\/wp-json\/wp\/v2\/comments?post=98678"}],"version-history":[{"count":0,"href":"https:\/\/folhapopular.info\/index.php\/wp-json\/wp\/v2\/posts\/98678\/revisions"}],"wp:featuredmedia":[{"embeddable":true,"href":"https:\/\/folhapopular.info\/index.php\/wp-json\/wp\/v2\/media\/98679"}],"wp:attachment":[{"href":"https:\/\/folhapopular.info\/index.php\/wp-json\/wp\/v2\/media?parent=98678"}],"wp:term":[{"taxonomy":"category","embeddable":true,"href":"https:\/\/folhapopular.info\/index.php\/wp-json\/wp\/v2\/categories?post=98678"},{"taxonomy":"post_tag","embeddable":true,"href":"https:\/\/folhapopular.info\/index.php\/wp-json\/wp\/v2\/tags?post=98678"}],"curies":[{"name":"wp","href":"https:\/\/api.w.org\/{rel}","templated":true}]}}